{"id":185609,"date":"2024-12-19T02:24:30","date_gmt":"2024-12-19T07:24:30","guid":{"rendered":"https:\/\/news.canadamotorjobs.com\/?p=185609"},"modified":"2024-12-19T02:30:28","modified_gmt":"2024-12-19T07:30:28","slug":"retour-confirme-pour-la-honda-prelude-en-2025","status":"publish","type":"post","link":"https:\/\/news.canadamotorjobs.com\/fr\/retour-confirme-pour-la-honda-prelude-en-2025\/","title":{"rendered":"Retour confirm\u00e9 pour la Honda Prelude en 2025"},"content":{"rendered":"<\/p>\n<p>On se doutait bien que l\u2019annonce officielle concernant le retour de la Honda Prelude en Am\u00e9rique du Nord n\u2019\u00e9tait qu\u2019une formalit\u00e9, consid\u00e9rant que le mod\u00e8le nous a d\u00e9j\u00e0 \u00e9t\u00e9 montr\u00e9 lors de salons automobiles.<\/p>\n<p>Cette semaine, Honda a confirm\u00e9 le retour de la voiture dans sa gamme nord-am\u00e9ricaine vers la fin de l\u2019ann\u00e9e 2025, assur\u00e9ment comme mod\u00e8le 2026.<\/p>\n<p>Le coup\u00e9 sera propos\u00e9 en configuration hybride, comme on avait pu le voir avec le concept qui avait fait sa premi\u00e8re apparition au Salon de Tokyo en 2023.<\/p>\n<h2>Design de la Honda Prelude 2026<\/h2>\n<p>Quant au style du mod\u00e8le, les versions aper\u00e7ues \u00e0 l\u2019essai montrent que l\u2019apparence de la version de production sera tr\u00e8s semblable \u00e0 celle du concept montr\u00e9 lors des salons. C\u2019est la norme chez Honda, alors que les \u00e9tudes que l\u2019on voit dans les salons sont souvent tr\u00e8s pr\u00e8s de la production.<\/p>\n<p>C\u2019est donc le retour d\u2019un nom mythique au sein de la famille du constructeur japonais. C\u2019est en effet en 1978 que la premi\u00e8re Prelude est apparue au Japon. En tout, cinq g\u00e9n\u00e9rations se sont succ\u00e9d\u00e9.<\/p>\n<p><\/p>\n<figure><img decoding=\"async\" src=\"https:\/\/news.canadamotorjobs.com\/wp-content\/uploads\/2024\/12\/honda-prelude-concept_9-5.jpg\" alt=\"Le concept Honda Prelude, au Salon de l&#039;auto de Los Angeles 2023\" \/><figcaption>Le concept Honda Prelude, au Salon de l&#8217;auto de Los Angeles 2023 | Auto123.com<\/figcaption><\/figure>\n<h2>Motorisation de la Honda Prelude 2026<\/h2>\n<p>\u00c0 moins d\u2019une grande surprise, le groupe motopropulseur attendu sous le capot de la prochaine Prelude sera une variante du syst\u00e8me hybride \u00e0 deux moteurs de Honda, le m\u00eame que celui de la derni\u00e8re Civic hybride qui a \u00e9t\u00e9 introduite cette ann\u00e9e. Sous le capot de la populaire berline compacte de Honda, il d\u00e9veloppe 220 chevaux, fruit du travail d\u2019une m\u00e9canique 4-cylindres de 2,0 litres.<\/p>\n<p>Une bo\u00eete \u00e0 variation continue devrait faire le lien avec les roues avant.<\/p>\n<p>Ce que le mod\u00e8le risque de proposer de diff\u00e9rent, c\u2019est une fonction qui prendrait le nom de Honda S+ Shift, un mode de conduite suppos\u00e9 offrir une simulation de changements de rapports susceptible de transmettre plus d\u2019\u00e9motion au conducteur. Ce sera \u00e0 voir.<\/p>\n<p>Ce qui va manquer au mod\u00e8le, et qui va faire en sorte que plusieurs acheteurs vont lui tourner le dos, c\u2019est qu\u2019il ne pourra pas \u00eatre livr\u00e9 avec une bo\u00eete de vitesses manuelle. Voil\u00e0 une grave erreur, \u00e0 notre humble avis.<\/p>\n<p>Et oui, le mariage entre le syst\u00e8me hybride et la bo\u00eete manuelle est possible. Honda l\u2019avait prouv\u00e9 en 2011 avec sa CR-Z, qui proposait une bo\u00eete m\u00e9canique \u00e0 six rapports.<\/p>\n<p>Nous vous reviendrons avec plus de d\u00e9tails concernant la prochaine Honda Prelude lorsque le mod\u00e8le sera sur le point de d\u00e9barquer sur notre continent.<\/p>\n<p><\/p>\n<figure><img decoding=\"async\" src=\"https:\/\/news.canadamotorjobs.com\/wp-content\/uploads\/2024\/12\/honda-prelude-concept_5-1.jpg\" alt=\"Le concept Honda Prelude, arri\u00e8re\" \/><figcaption>Le concept Honda Prelude, arri\u00e8re | Auto123.com<\/figcaption><\/figure>\n<p style=\"padding-top: 15px\">Contenu original de <a href=\"https:\/\/www.auto123.com\/fr\/actualites\/honda-prelude-2026-retour-amerique\/72202\/\">auto123<\/a>.<\/p>\n<p>Le texte <a rel=\"nofollow\" href=\"https:\/\/annuelauto.ca\/retour-confirme-pour-la-honda-prelude-en-2025\/\">Retour confirm\u00e9 pour la Honda Prelude en 2025<\/a> provient de <a rel=\"nofollow\" href=\"https:\/\/annuelauto.ca\">L&#8217;annuel de l&#8217;automobile &#8211; Actualit\u00e9 automobile<\/a><\/p>\n<p><\/p>\n","protected":false},"excerpt":{"rendered":"<p>On se doutait bien que l\u2019annonce officielle concernant le retour de la Honda Prelude en Am\u00e9rique du Nord n\u2019\u00e9tait qu\u2019une formalit\u00e9, consid\u00e9rant que le mod\u00e8le nous a d\u00e9j\u00e0 \u00e9t\u00e9 montr\u00e9 lors de salons automobiles. Cette semaine, Honda a confirm\u00e9 le retour de la voiture dans sa gamme nord-am\u00e9ricaine vers la fin de l\u2019ann\u00e9e 2025, assur\u00e9ment [&hellip;]<\/p>\n","protected":false},"author":8,"featured_media":185611,"comment_status":"close","ping_status":"closed","sticky":false,"template":"","format":"standard","meta":{"_monsterinsights_skip_tracking":false,"_monsterinsights_sitenote_active":false,"_monsterinsights_sitenote_note":"","_monsterinsights_sitenote_category":0,"footnotes":""},"categories":[101],"tags":[],"yoast_head":"<!-- This site is optimized with the Yoast SEO plugin v23.2 - https:\/\/yoast.com\/wordpress\/plugins\/seo\/ -->\n<title>Retour confirm\u00e9 pour la Honda Prelude en 2025 - CanadaMotorJobs.com<\/title>\n<meta name=\"description\" content=\"Retour confirm\u00e9 pour la Honda Prelude en 2025 - Benoit Charette - Annuel automobile - CanadaMotorJobs.com.\" \/>\n<meta name=\"robots\" content=\"index, follow, max-snippet:-1, max-image-preview:large, max-video-preview:-1\" \/>\n<meta property=\"og:locale\" content=\"fr_CA\" \/>\n<meta property=\"og:type\" content=\"article\" \/>\n<meta property=\"og:title\" content=\"Retour confirm\u00e9 pour la Honda Prelude en 2025 - CanadaMotorJobs.com\" \/>\n<meta property=\"og:description\" content=\"Retour confirm\u00e9 pour la Honda Prelude en 2025 - Benoit Charette - Annuel automobile - CanadaMotorJobs.com.\" \/>\n<meta property=\"og:url\" content=\"https:\/\/news.canadamotorjobs.com\/fr\/retour-confirme-pour-la-honda-prelude-en-2025\/\" \/>\n<meta property=\"og:site_name\" content=\"CanadaMotorJobs.com\" \/>\n<meta property=\"article:publisher\" content=\"https:\/\/www.facebook.com\/canadamotorjobs\/\" \/>\n<meta property=\"article:published_time\" content=\"2024-12-19T07:24:30+00:00\" \/>\n<meta property=\"article:modified_time\" content=\"2024-12-19T07:30:28+00:00\" \/>\n<meta property=\"og:image\" content=\"https:\/\/news.canadamotorjobs.com\/wp-content\/uploads\/2024\/12\/honda-prelude-concept_9.jpg\" \/>\n\t<meta property=\"og:image:width\" content=\"1200\" \/>\n\t<meta property=\"og:image:height\" content=\"800\" \/>\n\t<meta property=\"og:image:type\" content=\"image\/jpeg\" \/>\n<meta name=\"author\" content=\"Benoit Charette\" \/>\n<meta name=\"twitter:card\" content=\"summary_large_image\" \/>\n<meta name=\"twitter:creator\" content=\"@canadamotorjobs\" \/>\n<meta name=\"twitter:site\" content=\"@canadamotorjobs\" \/>\n<meta name=\"twitter:label1\" content=\"\u00c9crit par\" \/>\n\t<meta name=\"twitter:data1\" content=\"Benoit Charette\" \/>\n\t<meta name=\"twitter:label2\" content=\"Estimation du temps de lecture\" \/>\n\t<meta name=\"twitter:data2\" content=\"2 minutes\" \/>\n<!-- \/ Yoast SEO plugin. -->","yoast_head_json":{"title":"Retour confirm\u00e9 pour la Honda Prelude en 2025 - CanadaMotorJobs.com","description":"Retour confirm\u00e9 pour la Honda Prelude en 2025 - Benoit Charette - Annuel automobile - CanadaMotorJobs.com.","robots":{"index":"index","follow":"follow","max-snippet":"max-snippet:-1","max-image-preview":"max-image-preview:large","max-video-preview":"max-video-preview:-1"},"og_locale":"fr_CA","og_type":"article","og_title":"Retour confirm\u00e9 pour la Honda Prelude en 2025 - CanadaMotorJobs.com","og_description":"Retour confirm\u00e9 pour la Honda Prelude en 2025 - Benoit Charette - Annuel automobile - CanadaMotorJobs.com.","og_url":"https:\/\/news.canadamotorjobs.com\/fr\/retour-confirme-pour-la-honda-prelude-en-2025\/","og_site_name":"CanadaMotorJobs.com","article_publisher":"https:\/\/www.facebook.com\/canadamotorjobs\/","article_published_time":"2024-12-19T07:24:30+00:00","article_modified_time":"2024-12-19T07:30:28+00:00","og_image":[{"width":1200,"height":800,"url":"https:\/\/news.canadamotorjobs.com\/wp-content\/uploads\/2024\/12\/honda-prelude-concept_9.jpg","type":"image\/jpeg"}],"author":"Benoit Charette","twitter_card":"summary_large_image","twitter_creator":"@canadamotorjobs","twitter_site":"@canadamotorjobs","twitter_misc":{"\u00c9crit par":"Benoit Charette","Estimation du temps de lecture":"2 minutes"},"schema":{"@context":"https:\/\/schema.org","@graph":[{"@type":"Article","@id":"https:\/\/news.canadamotorjobs.com\/fr\/retour-confirme-pour-la-honda-prelude-en-2025\/#article","isPartOf":{"@id":"https:\/\/news.canadamotorjobs.com\/fr\/retour-confirme-pour-la-honda-prelude-en-2025\/"},"author":{"name":"Benoit Charette","@id":"https:\/\/news.canadamotorjobs.com\/#\/schema\/person\/51793d1f87d44011d7bcc2ed99269a90"},"headline":"Retour confirm\u00e9 pour la Honda Prelude en 2025","datePublished":"2024-12-19T07:24:30+00:00","dateModified":"2024-12-19T07:30:28+00:00","mainEntityOfPage":{"@id":"https:\/\/news.canadamotorjobs.com\/fr\/retour-confirme-pour-la-honda-prelude-en-2025\/"},"wordCount":489,"publisher":{"@id":"https:\/\/news.canadamotorjobs.com\/#organization"},"image":{"@id":"https:\/\/news.canadamotorjobs.com\/fr\/retour-confirme-pour-la-honda-prelude-en-2025\/#primaryimage"},"thumbnailUrl":"https:\/\/news.canadamotorjobs.com\/wp-content\/uploads\/2024\/12\/honda-prelude-concept_9.jpg","articleSection":["Annuel automobile"],"inLanguage":"fr-CA"},{"@type":"WebPage","@id":"https:\/\/news.canadamotorjobs.com\/fr\/retour-confirme-pour-la-honda-prelude-en-2025\/","url":"https:\/\/news.canadamotorjobs.com\/fr\/retour-confirme-pour-la-honda-prelude-en-2025\/","name":"Retour confirm\u00e9 pour la Honda Prelude en 2025 - CanadaMotorJobs.com","isPartOf":{"@id":"https:\/\/news.canadamotorjobs.com\/#website"},"primaryImageOfPage":{"@id":"https:\/\/news.canadamotorjobs.com\/fr\/retour-confirme-pour-la-honda-prelude-en-2025\/#primaryimage"},"image":{"@id":"https:\/\/news.canadamotorjobs.com\/fr\/retour-confirme-pour-la-honda-prelude-en-2025\/#primaryimage"},"thumbnailUrl":"https:\/\/news.canadamotorjobs.com\/wp-content\/uploads\/2024\/12\/honda-prelude-concept_9.jpg","datePublished":"2024-12-19T07:24:30+00:00","dateModified":"2024-12-19T07:30:28+00:00","description":"Retour confirm\u00e9 pour la Honda Prelude en 2025 - Benoit Charette - Annuel automobile - CanadaMotorJobs.com.","breadcrumb":{"@id":"https:\/\/news.canadamotorjobs.com\/fr\/retour-confirme-pour-la-honda-prelude-en-2025\/#breadcrumb"},"inLanguage":"fr-CA","potentialAction":[{"@type":"ReadAction","target":["https:\/\/news.canadamotorjobs.com\/fr\/retour-confirme-pour-la-honda-prelude-en-2025\/"]}]},{"@type":"ImageObject","inLanguage":"fr-CA","@id":"https:\/\/news.canadamotorjobs.com\/fr\/retour-confirme-pour-la-honda-prelude-en-2025\/#primaryimage","url":"https:\/\/news.canadamotorjobs.com\/wp-content\/uploads\/2024\/12\/honda-prelude-concept_9.jpg","contentUrl":"https:\/\/news.canadamotorjobs.com\/wp-content\/uploads\/2024\/12\/honda-prelude-concept_9.jpg","width":1200,"height":800},{"@type":"BreadcrumbList","@id":"https:\/\/news.canadamotorjobs.com\/fr\/retour-confirme-pour-la-honda-prelude-en-2025\/#breadcrumb","itemListElement":[{"@type":"ListItem","position":1,"name":"Home","item":"https:\/\/news.canadamotorjobs.com\/fr\/blog\/"},{"@type":"ListItem","position":2,"name":"Retour confirm\u00e9 pour la Honda Prelude en 2025"}]},{"@type":"WebSite","@id":"https:\/\/news.canadamotorjobs.com\/#website","url":"https:\/\/news.canadamotorjobs.com\/","name":"CanadaMotorJobs.com","description":"Automotive Jobs","publisher":{"@id":"https:\/\/news.canadamotorjobs.com\/#organization"},"potentialAction":[{"@type":"SearchAction","target":{"@type":"EntryPoint","urlTemplate":"https:\/\/news.canadamotorjobs.com\/?s={search_term_string}"},"query-input":"required name=search_term_string"}],"inLanguage":"fr-CA"},{"@type":"Organization","@id":"https:\/\/news.canadamotorjobs.com\/#organization","name":"Canada Motor Jobs","url":"https:\/\/news.canadamotorjobs.com\/","logo":{"@type":"ImageObject","inLanguage":"fr-CA","@id":"https:\/\/news.canadamotorjobs.com\/#\/schema\/logo\/image\/","url":"https:\/\/news.canadamotorjobs.com\/wp-content\/uploads\/2022\/10\/logo-canada-motor-jobs-1.png","contentUrl":"https:\/\/news.canadamotorjobs.com\/wp-content\/uploads\/2022\/10\/logo-canada-motor-jobs-1.png","width":800,"height":400,"caption":"Canada Motor Jobs"},"image":{"@id":"https:\/\/news.canadamotorjobs.com\/#\/schema\/logo\/image\/"},"sameAs":["https:\/\/www.facebook.com\/canadamotorjobs\/","https:\/\/x.com\/canadamotorjobs","https:\/\/www.instagram.com\/canadamotorjobs\/","https:\/\/www.linkedin.com\/company\/canadamotorjobs"]},{"@type":"Person","@id":"https:\/\/news.canadamotorjobs.com\/#\/schema\/person\/51793d1f87d44011d7bcc2ed99269a90","name":"Benoit Charette","image":{"@type":"ImageObject","inLanguage":"fr-CA","@id":"https:\/\/news.canadamotorjobs.com\/#\/schema\/person\/image\/","url":"https:\/\/secure.gravatar.com\/avatar\/45f3d2eebcccd909668d7ce7ea7267b6?s=96&d=mm&r=g","contentUrl":"https:\/\/secure.gravatar.com\/avatar\/45f3d2eebcccd909668d7ce7ea7267b6?s=96&d=mm&r=g","caption":"Benoit Charette"},"description":"Benoit Charette \/ Propri\u00e9taire et r\u00e9dacteur en chef Benoit Charette pratique le journalisme automobile depuis bient\u00f4t 30 ans. Il a fait ses classes au c\u00f4t\u00e9 de Daniel H\u00e9raud et au Carnet de route de 1992 \u00e0 2001. Il est fondateur, copropri\u00e9taire et r\u00e9dacteur en chef de L\u2019Annuel de l\u2019automobile, qu\u2019il publie depuis 2001. Il a anim\u00e9 les \u00e9missions RPM et RPM+ sur V et les L\u00e9gendes de la route sur Historia. \u00c0 la radio depuis 1986, il reprend l\u2019antenne cette ann\u00e9e sur les ondes de Cogeco et participe pour la deuxi\u00e8me ann\u00e9e \u00e0 l\u2019\u00e9mission Passion Auto sur RDS en plus de mettre en ligne le site Web officiel de L\u2019Annuel de l\u2019automobile sur annuelauto.ca.","sameAs":["https:\/\/annuelauto.ca\/"],"url":"https:\/\/news.canadamotorjobs.com\/fr\/author\/benoit-charette\/"}]}},"_links":{"self":[{"href":"https:\/\/news.canadamotorjobs.com\/fr\/wp-json\/wp\/v2\/posts\/185609"}],"collection":[{"href":"https:\/\/news.canadamotorjobs.com\/fr\/wp-json\/wp\/v2\/posts"}],"about":[{"href":"https:\/\/news.canadamotorjobs.com\/fr\/wp-json\/wp\/v2\/types\/post"}],"author":[{"embeddable":true,"href":"https:\/\/news.canadamotorjobs.com\/fr\/wp-json\/wp\/v2\/users\/8"}],"replies":[{"embeddable":true,"href":"https:\/\/news.canadamotorjobs.com\/fr\/wp-json\/wp\/v2\/comments?post=185609"}],"version-history":[{"count":3,"href":"https:\/\/news.canadamotorjobs.com\/fr\/wp-json\/wp\/v2\/posts\/185609\/revisions"}],"predecessor-version":[{"id":185640,"href":"https:\/\/news.canadamotorjobs.com\/fr\/wp-json\/wp\/v2\/posts\/185609\/revisions\/185640"}],"wp:featuredmedia":[{"embeddable":true,"href":"https:\/\/news.canadamotorjobs.com\/fr\/wp-json\/wp\/v2\/media\/185611"}],"wp:attachment":[{"href":"https:\/\/news.canadamotorjobs.com\/fr\/wp-json\/wp\/v2\/media?parent=185609"}],"wp:term":[{"taxonomy":"category","embeddable":true,"href":"https:\/\/news.canadamotorjobs.com\/fr\/wp-json\/wp\/v2\/categories?post=185609"},{"taxonomy":"post_tag","embeddable":true,"href":"https:\/\/news.canadamotorjobs.com\/fr\/wp-json\/wp\/v2\/tags?post=185609"}],"curies":[{"name":"wp","href":"https:\/\/api.w.org\/{rel}","templated":true}]}}