{"id":185577,"date":"2024-12-19T02:24:31","date_gmt":"2024-12-19T07:24:31","guid":{"rendered":"https:\/\/news.canadamotorjobs.com\/?p=185577"},"modified":"2024-12-19T02:30:13","modified_gmt":"2024-12-19T07:30:13","slug":"les-ventes-automobiles-au-canada-depassent-deja-celles-de-2023","status":"publish","type":"post","link":"https:\/\/news.canadamotorjobs.com\/fr\/les-ventes-automobiles-au-canada-depassent-deja-celles-de-2023\/","title":{"rendered":"Les ventes automobiles au Canada d\u00e9passent d\u00e9j\u00e0 celles de 2023"},"content":{"rendered":"<\/p>\n<p>Malgr\u00e9 un contexte \u00e9conomique incertain, les ventes de v\u00e9hicules neufs au Canada sont en hausse en 2024. Comme le rapporte la branche canadienne du site Automotive News, selon DesRosiers Automotive Consultants (DAC), les ventes cumul\u00e9es des 11 premiers mois de l\u2019ann\u00e9e atteignent 1,72 million d\u2019unit\u00e9s, d\u00e9passant ainsi les 1,705 million vendues en 2023.<\/p>\n<p>Les pr\u00e9visions des analystes se confirment : AutoForecast Solutions table sur 1,89 million de v\u00e9hicules vendus d\u2019ici la fin de l\u2019ann\u00e9e, tandis que Scotiabank pr\u00e9voit environ 1,78 million d\u2019unit\u00e9s. L\u2019\u00e9conomiste John Fanjoy estime m\u00eame que ce chiffre pourrait \u00eatre d\u00e9pass\u00e9.<\/p>\n<p><strong>Retour aux niveaux d\u2019avant la pand\u00e9mie ?<\/strong><\/p>\n<p>Les ventes de novembre, estim\u00e9es \u00e0 156 000 v\u00e9hicules, marquent le meilleur r\u00e9sultat pour ce mois depuis 2017. \u00c0 l\u2019\u00e9poque, le march\u00e9 avait atteint un record de 2,04 millions d\u2019unit\u00e9s vendues sur l\u2019ann\u00e9e.<\/p>\n<p>La cha\u00eene d\u2019approvisionnement s\u2019\u00e9tant stabilis\u00e9e, les concessionnaires b\u00e9n\u00e9ficient d\u2019un stock plus cons\u00e9quent. Selon J.D. Power Canada, le d\u00e9lai moyen pour vendre un v\u00e9hicule neuf est pass\u00e9 de 37 jours en novembre 2023 \u00e0 45 jours cette ann\u00e9e. Les camionnettes pleine grandeur, par exemple, prennent d\u00e9sormais 69 jours pour trouver preneur.<\/p>\n<p><\/p>\n<figure><img decoding=\"async\" src=\"https:\/\/news.canadamotorjobs.com\/wp-content\/uploads\/2024\/12\/DSCF4515-5.jpg\" alt=\"Le Hyundai Santa Fe\" \/><figcaption>Le Hyundai Santa Fe | Auto123.com<\/figcaption><\/figure>\n<p><strong>Les prix stagnent malgr\u00e9 des choix plus \u00e9conomiques<\/strong><\/p>\n<p>Le prix moyen des paiements mensuels, incluant le financement et la location, s\u2019\u00e9tablit \u00e0 847 $ en novembre, soit 870 $ pour les financements et 797 $ pour les locations. Malgr\u00e9 un l\u00e9ger recul par rapport \u00e0 2023, Robert Karwel de J.D. Power souligne que les consommateurs ach\u00e8tent d\u00e9sormais des v\u00e9hicules moins co\u00fbteux pour r\u00e9duire leur charge financi\u00e8re :<\/p>\n<p>\u00ab Les indicateurs financiers se d\u00e9gradent lentement, comme la valeur de reprise et les ratios pr\u00eat\/valeur, ce qui maintient les paiements \u00e9lev\u00e9s. \u00bb<\/p>\n<p><strong>Performances des marques : Honda brille, Toyota en recul<\/strong><\/p>\n<p><strong>Honda est en t\u00eate des marques qui progressent en novembre :<\/strong><\/p>\n<p>\u2022\u00a0\u00a0\u00a0 Ventes totales : +24 % avec 12 332 v\u00e9hicules vendus.<\/p>\n<p>\u2022\u00a0\u00a0\u00a0 Le VUS Passport a bondi de 74 % (216 unit\u00e9s) et l\u2019Odyssey a progress\u00e9 de 45 % (376 unit\u00e9s).<\/p>\n<p><strong>Hyundai et Genesis en croissance :<\/strong><\/p>\n<p>\u2022\u00a0\u00a0\u00a0 Hyundai : +21,8 % \u00e0 11 521 v\u00e9hicules.<\/p>\n<p>\u2022\u00a0\u00a0\u00a0 Genesis : +16,9 % \u00e0 633 v\u00e9hicules.<\/p>\n<p><strong>Toyota en difficult\u00e9 :<\/strong><\/p>\n<p>\u2022\u00a0\u00a0\u00a0 Ventes totales : -7,9 % \u00e0 19 069 v\u00e9hicules.<\/p>\n<p>\u2022\u00a0\u00a0\u00a0 La Corolla a chut\u00e9 de 31 % et la Camry de 51 %.<\/p>\n<p>\u2022\u00a0\u00a0\u00a0 Toutefois, la fourgonnette Sienna a explos\u00e9 de 98 % (1174 unit\u00e9s), et le RAV4 a progress\u00e9 de 3 %.<\/p>\n<p><\/p>\n<figure><img decoding=\"async\" src=\"https:\/\/news.canadamotorjobs.com\/wp-content\/uploads\/2024\/12\/PXL_20241106_164617975-1.jpg\" alt=\"Le Toyota Crown Signia\" \/><figcaption>Le Toyota Crown Signia | Auto123.com<\/figcaption><\/figure>\n<p><strong>Le mot de la fin<\/strong><\/p>\n<p>Malgr\u00e9 des d\u00e9fis persistants, les ventes sur le march\u00e9 automobile canadien surpassent celles de 2023, bien que les niveaux records d\u2019avant-pand\u00e9mie demeurent hors d\u2019atteinte. La stabilisation des cha\u00eenes d\u2019approvisionnement et la demande soutenue pour des mod\u00e8les pr\u00e9cis, notamment chez Honda et Hyundai, donnent de l\u2019\u00e9lan \u00e0 ce secteur.<\/p>\n<p><\/p>\n<p style=\"padding-top: 15px\">Contenu original de <a href=\"https:\/\/www.auto123.com\/fr\/actualites\/ventes-vehicules-neufs-canada-2024\/72201\/\">auto123<\/a>.<\/p>\n<p>Le texte <a rel=\"nofollow\" href=\"https:\/\/annuelauto.ca\/les-ventes-automobiles-au-canada-depassent-deja-celles-de-2023\/\">Les ventes automobiles au Canada d\u00e9passent d\u00e9j\u00e0 celles de 2023<\/a> provient de <a rel=\"nofollow\" href=\"https:\/\/annuelauto.ca\">L&#8217;annuel de l&#8217;automobile &#8211; Actualit\u00e9 automobile<\/a><\/p>\n<p><\/p>\n","protected":false},"excerpt":{"rendered":"<p>Malgr\u00e9 un contexte \u00e9conomique incertain, les ventes de v\u00e9hicules neufs au Canada sont en hausse en 2024. Comme le rapporte la branche canadienne du site Automotive News, selon DesRosiers Automotive Consultants (DAC), les ventes cumul\u00e9es des 11 premiers mois de l\u2019ann\u00e9e atteignent 1,72 million d\u2019unit\u00e9s, d\u00e9passant ainsi les 1,705 million vendues en 2023. Les pr\u00e9visions [&hellip;]<\/p>\n","protected":false},"author":8,"featured_media":185579,"comment_status":"close","ping_status":"closed","sticky":false,"template":"","format":"standard","meta":{"_monsterinsights_skip_tracking":false,"_monsterinsights_sitenote_active":false,"_monsterinsights_sitenote_note":"","_monsterinsights_sitenote_category":0,"footnotes":""},"categories":[101],"tags":[],"yoast_head":"<!-- This site is optimized with the Yoast SEO plugin v23.2 - https:\/\/yoast.com\/wordpress\/plugins\/seo\/ -->\n<title>Les ventes automobiles au Canada d\u00e9passent d\u00e9j\u00e0 celles de 2023 - CanadaMotorJobs.com<\/title>\n<meta name=\"description\" content=\"Les ventes automobiles au Canada d\u00e9passent d\u00e9j\u00e0 celles de 2023 - Benoit Charette - Annuel automobile - CanadaMotorJobs.com.\" \/>\n<meta name=\"robots\" content=\"index, follow, max-snippet:-1, max-image-preview:large, max-video-preview:-1\" \/>\n<meta property=\"og:locale\" content=\"fr_CA\" \/>\n<meta property=\"og:type\" content=\"article\" \/>\n<meta property=\"og:title\" content=\"Les ventes automobiles au Canada d\u00e9passent d\u00e9j\u00e0 celles de 2023 - CanadaMotorJobs.com\" \/>\n<meta property=\"og:description\" content=\"Les ventes automobiles au Canada d\u00e9passent d\u00e9j\u00e0 celles de 2023 - Benoit Charette - Annuel automobile - CanadaMotorJobs.com.\" \/>\n<meta property=\"og:url\" content=\"https:\/\/news.canadamotorjobs.com\/fr\/les-ventes-automobiles-au-canada-depassent-deja-celles-de-2023\/\" \/>\n<meta property=\"og:site_name\" content=\"CanadaMotorJobs.com\" \/>\n<meta property=\"article:publisher\" content=\"https:\/\/www.facebook.com\/canadamotorjobs\/\" \/>\n<meta property=\"article:published_time\" content=\"2024-12-19T07:24:31+00:00\" \/>\n<meta property=\"article:modified_time\" content=\"2024-12-19T07:30:13+00:00\" \/>\n<meta property=\"og:image\" content=\"https:\/\/news.canadamotorjobs.com\/wp-content\/uploads\/2024\/12\/DSCF4515.jpg\" \/>\n\t<meta property=\"og:image:width\" content=\"1200\" \/>\n\t<meta property=\"og:image:height\" content=\"800\" \/>\n\t<meta property=\"og:image:type\" content=\"image\/jpeg\" \/>\n<meta name=\"author\" content=\"Benoit Charette\" \/>\n<meta name=\"twitter:card\" content=\"summary_large_image\" \/>\n<meta name=\"twitter:creator\" content=\"@canadamotorjobs\" \/>\n<meta name=\"twitter:site\" content=\"@canadamotorjobs\" \/>\n<meta name=\"twitter:label1\" content=\"\u00c9crit par\" \/>\n\t<meta name=\"twitter:data1\" content=\"Benoit Charette\" \/>\n\t<meta name=\"twitter:label2\" content=\"Estimation du temps de lecture\" \/>\n\t<meta name=\"twitter:data2\" content=\"2 minutes\" \/>\n<!-- \/ Yoast SEO plugin. -->","yoast_head_json":{"title":"Les ventes automobiles au Canada d\u00e9passent d\u00e9j\u00e0 celles de 2023 - CanadaMotorJobs.com","description":"Les ventes automobiles au Canada d\u00e9passent d\u00e9j\u00e0 celles de 2023 - Benoit Charette - Annuel automobile - CanadaMotorJobs.com.","robots":{"index":"index","follow":"follow","max-snippet":"max-snippet:-1","max-image-preview":"max-image-preview:large","max-video-preview":"max-video-preview:-1"},"og_locale":"fr_CA","og_type":"article","og_title":"Les ventes automobiles au Canada d\u00e9passent d\u00e9j\u00e0 celles de 2023 - CanadaMotorJobs.com","og_description":"Les ventes automobiles au Canada d\u00e9passent d\u00e9j\u00e0 celles de 2023 - Benoit Charette - Annuel automobile - CanadaMotorJobs.com.","og_url":"https:\/\/news.canadamotorjobs.com\/fr\/les-ventes-automobiles-au-canada-depassent-deja-celles-de-2023\/","og_site_name":"CanadaMotorJobs.com","article_publisher":"https:\/\/www.facebook.com\/canadamotorjobs\/","article_published_time":"2024-12-19T07:24:31+00:00","article_modified_time":"2024-12-19T07:30:13+00:00","og_image":[{"width":1200,"height":800,"url":"https:\/\/news.canadamotorjobs.com\/wp-content\/uploads\/2024\/12\/DSCF4515.jpg","type":"image\/jpeg"}],"author":"Benoit Charette","twitter_card":"summary_large_image","twitter_creator":"@canadamotorjobs","twitter_site":"@canadamotorjobs","twitter_misc":{"\u00c9crit par":"Benoit Charette","Estimation du temps de lecture":"2 minutes"},"schema":{"@context":"https:\/\/schema.org","@graph":[{"@type":"Article","@id":"https:\/\/news.canadamotorjobs.com\/fr\/les-ventes-automobiles-au-canada-depassent-deja-celles-de-2023\/#article","isPartOf":{"@id":"https:\/\/news.canadamotorjobs.com\/fr\/les-ventes-automobiles-au-canada-depassent-deja-celles-de-2023\/"},"author":{"name":"Benoit Charette","@id":"https:\/\/news.canadamotorjobs.com\/#\/schema\/person\/51793d1f87d44011d7bcc2ed99269a90"},"headline":"Les ventes automobiles au Canada d\u00e9passent d\u00e9j\u00e0 celles de 2023","datePublished":"2024-12-19T07:24:31+00:00","dateModified":"2024-12-19T07:30:13+00:00","mainEntityOfPage":{"@id":"https:\/\/news.canadamotorjobs.com\/fr\/les-ventes-automobiles-au-canada-depassent-deja-celles-de-2023\/"},"wordCount":489,"publisher":{"@id":"https:\/\/news.canadamotorjobs.com\/#organization"},"image":{"@id":"https:\/\/news.canadamotorjobs.com\/fr\/les-ventes-automobiles-au-canada-depassent-deja-celles-de-2023\/#primaryimage"},"thumbnailUrl":"https:\/\/news.canadamotorjobs.com\/wp-content\/uploads\/2024\/12\/DSCF4515.jpg","articleSection":["Annuel automobile"],"inLanguage":"fr-CA"},{"@type":"WebPage","@id":"https:\/\/news.canadamotorjobs.com\/fr\/les-ventes-automobiles-au-canada-depassent-deja-celles-de-2023\/","url":"https:\/\/news.canadamotorjobs.com\/fr\/les-ventes-automobiles-au-canada-depassent-deja-celles-de-2023\/","name":"Les ventes automobiles au Canada d\u00e9passent d\u00e9j\u00e0 celles de 2023 - CanadaMotorJobs.com","isPartOf":{"@id":"https:\/\/news.canadamotorjobs.com\/#website"},"primaryImageOfPage":{"@id":"https:\/\/news.canadamotorjobs.com\/fr\/les-ventes-automobiles-au-canada-depassent-deja-celles-de-2023\/#primaryimage"},"image":{"@id":"https:\/\/news.canadamotorjobs.com\/fr\/les-ventes-automobiles-au-canada-depassent-deja-celles-de-2023\/#primaryimage"},"thumbnailUrl":"https:\/\/news.canadamotorjobs.com\/wp-content\/uploads\/2024\/12\/DSCF4515.jpg","datePublished":"2024-12-19T07:24:31+00:00","dateModified":"2024-12-19T07:30:13+00:00","description":"Les ventes automobiles au Canada d\u00e9passent d\u00e9j\u00e0 celles de 2023 - Benoit Charette - Annuel automobile - CanadaMotorJobs.com.","breadcrumb":{"@id":"https:\/\/news.canadamotorjobs.com\/fr\/les-ventes-automobiles-au-canada-depassent-deja-celles-de-2023\/#breadcrumb"},"inLanguage":"fr-CA","potentialAction":[{"@type":"ReadAction","target":["https:\/\/news.canadamotorjobs.com\/fr\/les-ventes-automobiles-au-canada-depassent-deja-celles-de-2023\/"]}]},{"@type":"ImageObject","inLanguage":"fr-CA","@id":"https:\/\/news.canadamotorjobs.com\/fr\/les-ventes-automobiles-au-canada-depassent-deja-celles-de-2023\/#primaryimage","url":"https:\/\/news.canadamotorjobs.com\/wp-content\/uploads\/2024\/12\/DSCF4515.jpg","contentUrl":"https:\/\/news.canadamotorjobs.com\/wp-content\/uploads\/2024\/12\/DSCF4515.jpg","width":1200,"height":800},{"@type":"BreadcrumbList","@id":"https:\/\/news.canadamotorjobs.com\/fr\/les-ventes-automobiles-au-canada-depassent-deja-celles-de-2023\/#breadcrumb","itemListElement":[{"@type":"ListItem","position":1,"name":"Home","item":"https:\/\/news.canadamotorjobs.com\/fr\/blog\/"},{"@type":"ListItem","position":2,"name":"Les ventes automobiles au Canada d\u00e9passent d\u00e9j\u00e0 celles de 2023"}]},{"@type":"WebSite","@id":"https:\/\/news.canadamotorjobs.com\/#website","url":"https:\/\/news.canadamotorjobs.com\/","name":"CanadaMotorJobs.com","description":"Automotive Jobs","publisher":{"@id":"https:\/\/news.canadamotorjobs.com\/#organization"},"potentialAction":[{"@type":"SearchAction","target":{"@type":"EntryPoint","urlTemplate":"https:\/\/news.canadamotorjobs.com\/?s={search_term_string}"},"query-input":"required name=search_term_string"}],"inLanguage":"fr-CA"},{"@type":"Organization","@id":"https:\/\/news.canadamotorjobs.com\/#organization","name":"Canada Motor Jobs","url":"https:\/\/news.canadamotorjobs.com\/","logo":{"@type":"ImageObject","inLanguage":"fr-CA","@id":"https:\/\/news.canadamotorjobs.com\/#\/schema\/logo\/image\/","url":"https:\/\/news.canadamotorjobs.com\/wp-content\/uploads\/2022\/10\/logo-canada-motor-jobs-1.png","contentUrl":"https:\/\/news.canadamotorjobs.com\/wp-content\/uploads\/2022\/10\/logo-canada-motor-jobs-1.png","width":800,"height":400,"caption":"Canada Motor Jobs"},"image":{"@id":"https:\/\/news.canadamotorjobs.com\/#\/schema\/logo\/image\/"},"sameAs":["https:\/\/www.facebook.com\/canadamotorjobs\/","https:\/\/x.com\/canadamotorjobs","https:\/\/www.instagram.com\/canadamotorjobs\/","https:\/\/www.linkedin.com\/company\/canadamotorjobs"]},{"@type":"Person","@id":"https:\/\/news.canadamotorjobs.com\/#\/schema\/person\/51793d1f87d44011d7bcc2ed99269a90","name":"Benoit Charette","image":{"@type":"ImageObject","inLanguage":"fr-CA","@id":"https:\/\/news.canadamotorjobs.com\/#\/schema\/person\/image\/","url":"https:\/\/secure.gravatar.com\/avatar\/45f3d2eebcccd909668d7ce7ea7267b6?s=96&d=mm&r=g","contentUrl":"https:\/\/secure.gravatar.com\/avatar\/45f3d2eebcccd909668d7ce7ea7267b6?s=96&d=mm&r=g","caption":"Benoit Charette"},"description":"Benoit Charette \/ Propri\u00e9taire et r\u00e9dacteur en chef Benoit Charette pratique le journalisme automobile depuis bient\u00f4t 30 ans. Il a fait ses classes au c\u00f4t\u00e9 de Daniel H\u00e9raud et au Carnet de route de 1992 \u00e0 2001. Il est fondateur, copropri\u00e9taire et r\u00e9dacteur en chef de L\u2019Annuel de l\u2019automobile, qu\u2019il publie depuis 2001. Il a anim\u00e9 les \u00e9missions RPM et RPM+ sur V et les L\u00e9gendes de la route sur Historia. \u00c0 la radio depuis 1986, il reprend l\u2019antenne cette ann\u00e9e sur les ondes de Cogeco et participe pour la deuxi\u00e8me ann\u00e9e \u00e0 l\u2019\u00e9mission Passion Auto sur RDS en plus de mettre en ligne le site Web officiel de L\u2019Annuel de l\u2019automobile sur annuelauto.ca.","sameAs":["https:\/\/annuelauto.ca\/"],"url":"https:\/\/news.canadamotorjobs.com\/fr\/author\/benoit-charette\/"}]}},"_links":{"self":[{"href":"https:\/\/news.canadamotorjobs.com\/fr\/wp-json\/wp\/v2\/posts\/185577"}],"collection":[{"href":"https:\/\/news.canadamotorjobs.com\/fr\/wp-json\/wp\/v2\/posts"}],"about":[{"href":"https:\/\/news.canadamotorjobs.com\/fr\/wp-json\/wp\/v2\/types\/post"}],"author":[{"embeddable":true,"href":"https:\/\/news.canadamotorjobs.com\/fr\/wp-json\/wp\/v2\/users\/8"}],"replies":[{"embeddable":true,"href":"https:\/\/news.canadamotorjobs.com\/fr\/wp-json\/wp\/v2\/comments?post=185577"}],"version-history":[{"count":3,"href":"https:\/\/news.canadamotorjobs.com\/fr\/wp-json\/wp\/v2\/posts\/185577\/revisions"}],"predecessor-version":[{"id":185608,"href":"https:\/\/news.canadamotorjobs.com\/fr\/wp-json\/wp\/v2\/posts\/185577\/revisions\/185608"}],"wp:featuredmedia":[{"embeddable":true,"href":"https:\/\/news.canadamotorjobs.com\/fr\/wp-json\/wp\/v2\/media\/185579"}],"wp:attachment":[{"href":"https:\/\/news.canadamotorjobs.com\/fr\/wp-json\/wp\/v2\/media?parent=185577"}],"wp:term":[{"taxonomy":"category","embeddable":true,"href":"https:\/\/news.canadamotorjobs.com\/fr\/wp-json\/wp\/v2\/categories?post=185577"},{"taxonomy":"post_tag","embeddable":true,"href":"https:\/\/news.canadamotorjobs.com\/fr\/wp-json\/wp\/v2\/tags?post=185577"}],"curies":[{"name":"wp","href":"https:\/\/api.w.org\/{rel}","templated":true}]}}