{"id":185541,"date":"2024-12-19T02:24:32","date_gmt":"2024-12-19T07:24:32","guid":{"rendered":"https:\/\/news.canadamotorjobs.com\/?p=185541"},"modified":"2024-12-19T02:29:58","modified_gmt":"2024-12-19T07:29:58","slug":"les-ventes-de-vehicules-electriques-sont-en-hausse-aux-etats-unis","status":"publish","type":"post","link":"https:\/\/news.canadamotorjobs.com\/fr\/les-ventes-de-vehicules-electriques-sont-en-hausse-aux-etats-unis\/","title":{"rendered":"Les ventes de v\u00e9hicules \u00e9lectriques sont en hausse aux \u00c9tats-Unis"},"content":{"rendered":"<\/p>\n<p><strong>\u2022\u00a0\u00a0\u00a0 Les ventes de v\u00e9hicules \u00e9lectriques sont en hausse aux \u00c9tats-Unis en 2024.<\/strong><\/p>\n<p>La question des ventes de mod\u00e8les \u00e9lectriques fait souvent la manchette depuis quelques mois. On entend toutes sortes de choses. La r\u00e9alit\u00e9, c\u2019est que la situation diff\u00e8re selon les march\u00e9s, ce qui fait qu\u2019il faut \u00e9viter les g\u00e9n\u00e9ralit\u00e9s.<\/p>\n<p>Et l\u2019autre nuance qu\u2019il est important d\u2019apporter, ce que nous faisons constamment chez Auto123, c\u2019est de faire la diff\u00e9rence entre un ralentissement des ventes et un ralentissement de la croissance anticip\u00e9e des ventes. Un ralentissement signifie que les ventes baissent. Un ralentissement de la croissance anticip\u00e9e veut dire que les ventes montent, mais moins rapidement que pr\u00e9vu.<\/p>\n<p>C\u2019est cette r\u00e9alit\u00e9 qui pr\u00e9vaut lorsqu\u2019on analyse la situation \u00e0 travers la plan\u00e8te. Les constructeurs avaient pr\u00e9vu une certaine croissance et cette derni\u00e8re est plus faible qu\u2019anticip\u00e9e, ce qui les force \u00e0 revoir leurs plans.<\/p>\n<p>Cependant, en chiffres absolus, les ventes de v\u00e9hicules \u00e9lectriques progressent.<\/p>\n<p><\/p>\n<figure><img decoding=\"async\" src=\"https:\/\/news.canadamotorjobs.com\/wp-content\/uploads\/2024\/12\/acura-zdx-type-s-2024_51_-_Copy-5.jpg\" alt=\"Acura ZDX Type S 2024\" \/><figcaption>Acura ZDX Type S 2024 | Auto123.com<\/figcaption><\/figure>\n<p>Au Canada, la croissance se poursuit. Et les derni\u00e8res nouvelles en provenance des \u00c9tats-Unis montrent que c\u2019est aussi le cas l\u00e0-bas. Au mois d\u2019octobre, les Am\u00e9ricains ont achet\u00e9 plus de v\u00e9hicules pour cette p\u00e9riode cette ann\u00e9e que lors de la m\u00eame l\u2019ann\u00e9e derni\u00e8re.<\/p>\n<p>De fait, les immatriculations de v\u00e9hicules \u00e9lectriques ont augment\u00e9 de 5 % en octobre par rapport au m\u00eame mois en 2023. En tout, on parle de 101 403 unit\u00e9s, selon les donn\u00e9es de S&amp;P (Standard and Poor\u2019s) Global Mobility.<\/p>\n<p>Et ce n\u2019est pas Tesla qui est \u00e0 l\u2019origine de cette croissance, mais les constructeurs automobiles traditionnels.<\/p>\n<p><strong>Et lesquels, en particulier ?<\/strong><\/p>\n<p>Chez Chevrolet, les ventes de mod\u00e8les \u00e9lectriques ont cr\u00fb de 38 %, propuls\u00e9es par les Blazer EV et Equinox EV, sans oublier le Silverado EV. Chez Cadillac, les immatriculations du Lyriq ont tripl\u00e9 pour atteindre 2489 unit\u00e9s. M\u00eame GMC a vu son Hummer \u00eatre quatre fois plus populaire en octobre 2024 qu\u2019en octobre 2023.<\/p>\n<p>D\u2019autres mod\u00e8les ont contribu\u00e9 \u00e0 cette hausse, des produits qui n\u2019\u00e9taient pas offerts en 2023, comme le Honda Prologue, qui a convaincu 4168 acheteurs en octobre. Le Hyundai Ioniq 5 a aussi connu une belle progression, voyant ses r\u00e9sultats passer de 3555 \u00e0 4485 unit\u00e9s vendues.<\/p>\n<p>Tout n\u2019est pas rose pour tous les produits, cependant. Ford a vu son Mustang Mach-E reculer (3949 \u00e0 3479), tout comme Rivian a vu les ventes de son VUS R1S passer \u00e0 2456 unit\u00e9s, en baisse de 500.<\/p>\n<p><\/p>\n<figure><img decoding=\"async\" src=\"https:\/\/news.canadamotorjobs.com\/wp-content\/uploads\/2024\/12\/PXL_20240630_212854323-7.jpg\" alt=\"Le Tesla Cybertruck\" \/><figcaption>Le Tesla Cybertruck | Auto123.com<\/figcaption><\/figure>\n<p><strong>Le cas Tesla<\/strong><\/p>\n<p>Chez Tesla, on peut choisir de voir la situation de deux fa\u00e7ons. Avec la hausse des ventes de v\u00e9hicules provenant de constructeurs traditionnels, il est normal de voir la firme am\u00e9ricaine en recul (1,8 %). Tesla demeure cependant ma\u00eetre incontest\u00e9 des ventes de V\u00c9 en chiffres absolus. \u00c0 titre d\u2019exemple, malgr\u00e9 un recul de quelque 3000 unit\u00e9s, il s\u2019est quand m\u00eame vendu un peu moins de 22 000 Model Y en octobre.<\/p>\n<p>En fait, les ventes de Tesla sont six fois plus importantes que celles de la deuxi\u00e8me marque la plus vendue.<\/p>\n<p>Note int\u00e9ressante, en oubliant le recul de Tesla, la croissance des ventes de mod\u00e8les \u00e9lectriques en octobre aux \u00c9tats-Unis aurait \u00e9t\u00e9 de 11 %, plut\u00f4t que de 5 %.<\/p>\n<p>Autre point \u00e0 consid\u00e9rer. En octobre, l\u2019\u00e9lection am\u00e9ricaine n\u2019avait pas eu lieu, si bien que les consommateurs ne savaient pas si Donald Trump allait retourner \u00e0 la Maison-Blanche, lui qui pourrait tr\u00e8s bien \u00e9liminer les cr\u00e9dits \u00e0 l\u2019achat de mod\u00e8les \u00e9lectriques lors de son entr\u00e9e en poste le 20 janvier prochain.<\/p>\n<p>Une hausse des ventes de mod\u00e8les \u00e9lectriques est anticip\u00e9e d\u2019ici la fin de l\u2019ann\u00e9e aux \u00c9tats-Unis (tout comme au Canada). Si les rabais sont \u00e9limin\u00e9s chez nos voisins en 2025, la situation pourrait \u00eatre diff\u00e9rente dans un an.<\/p>\n<p><\/p>\n<figure><img decoding=\"async\" src=\"https:\/\/news.canadamotorjobs.com\/wp-content\/uploads\/2024\/12\/Chevrolet-Equinox-EV-2024-31-1.jpg\" alt=\"Le Chevrolet Equinox EV\" \/><figcaption>Le Chevrolet Equinox EV | Auto123.com<\/figcaption><\/figure>\n<p style=\"padding-top: 15px\">Contenu original de <a href=\"https:\/\/www.auto123.com\/fr\/actualites\/ventes-vehicules-electriques-hausse-etats-unis-2024\/72200\/\">auto123<\/a>.<\/p>\n<p>Le texte <a rel=\"nofollow\" href=\"https:\/\/annuelauto.ca\/les-ventes-de-vehicules-electriques-sont-en-hausse-aux-etats-unis\/\">Les ventes de v\u00e9hicules \u00e9lectriques sont en hausse aux \u00c9tats-Unis<\/a> provient de <a rel=\"nofollow\" href=\"https:\/\/annuelauto.ca\">L&#8217;annuel de l&#8217;automobile &#8211; Actualit\u00e9 automobile<\/a><\/p>\n<p><\/p>\n","protected":false},"excerpt":{"rendered":"<p>\u2022\u00a0\u00a0\u00a0 Les ventes de v\u00e9hicules \u00e9lectriques sont en hausse aux \u00c9tats-Unis en 2024. La question des ventes de mod\u00e8les \u00e9lectriques fait souvent la manchette depuis quelques mois. On entend toutes sortes de choses. La r\u00e9alit\u00e9, c\u2019est que la situation diff\u00e8re selon les march\u00e9s, ce qui fait qu\u2019il faut \u00e9viter les g\u00e9n\u00e9ralit\u00e9s. Et l\u2019autre nuance qu\u2019il [&hellip;]<\/p>\n","protected":false},"author":8,"featured_media":185543,"comment_status":"close","ping_status":"closed","sticky":false,"template":"","format":"standard","meta":{"_monsterinsights_skip_tracking":false,"_monsterinsights_sitenote_active":false,"_monsterinsights_sitenote_note":"","_monsterinsights_sitenote_category":0,"footnotes":""},"categories":[101],"tags":[],"yoast_head":"<!-- This site is optimized with the Yoast SEO plugin v23.2 - https:\/\/yoast.com\/wordpress\/plugins\/seo\/ -->\n<title>Les ventes de v\u00e9hicules \u00e9lectriques sont en hausse aux \u00c9tats-Unis - CanadaMotorJobs.com<\/title>\n<meta name=\"description\" content=\"Les ventes de v\u00e9hicules \u00e9lectriques sont en hausse aux \u00c9tats-Unis - Benoit Charette - Annuel automobile - CanadaMotorJobs.com.\" \/>\n<meta name=\"robots\" content=\"index, follow, max-snippet:-1, max-image-preview:large, max-video-preview:-1\" \/>\n<meta property=\"og:locale\" content=\"fr_CA\" \/>\n<meta property=\"og:type\" content=\"article\" \/>\n<meta property=\"og:title\" content=\"Les ventes de v\u00e9hicules \u00e9lectriques sont en hausse aux \u00c9tats-Unis - CanadaMotorJobs.com\" \/>\n<meta property=\"og:description\" content=\"Les ventes de v\u00e9hicules \u00e9lectriques sont en hausse aux \u00c9tats-Unis - Benoit Charette - Annuel automobile - CanadaMotorJobs.com.\" \/>\n<meta property=\"og:url\" content=\"https:\/\/news.canadamotorjobs.com\/fr\/les-ventes-de-vehicules-electriques-sont-en-hausse-aux-etats-unis\/\" \/>\n<meta property=\"og:site_name\" content=\"CanadaMotorJobs.com\" \/>\n<meta property=\"article:publisher\" content=\"https:\/\/www.facebook.com\/canadamotorjobs\/\" \/>\n<meta property=\"article:published_time\" content=\"2024-12-19T07:24:32+00:00\" \/>\n<meta property=\"article:modified_time\" content=\"2024-12-19T07:29:58+00:00\" \/>\n<meta property=\"og:image\" content=\"https:\/\/news.canadamotorjobs.com\/wp-content\/uploads\/2024\/12\/acura-zdx-type-s-2024_51_-_Copy.jpg\" \/>\n\t<meta property=\"og:image:width\" content=\"1200\" \/>\n\t<meta property=\"og:image:height\" content=\"800\" \/>\n\t<meta property=\"og:image:type\" content=\"image\/jpeg\" \/>\n<meta name=\"author\" content=\"Benoit Charette\" \/>\n<meta name=\"twitter:card\" content=\"summary_large_image\" \/>\n<meta name=\"twitter:creator\" content=\"@canadamotorjobs\" \/>\n<meta name=\"twitter:site\" content=\"@canadamotorjobs\" \/>\n<meta name=\"twitter:label1\" content=\"\u00c9crit par\" \/>\n\t<meta name=\"twitter:data1\" content=\"Benoit Charette\" \/>\n\t<meta name=\"twitter:label2\" content=\"Estimation du temps de lecture\" \/>\n\t<meta name=\"twitter:data2\" content=\"3 minutes\" \/>\n<!-- \/ Yoast SEO plugin. -->","yoast_head_json":{"title":"Les ventes de v\u00e9hicules \u00e9lectriques sont en hausse aux \u00c9tats-Unis - CanadaMotorJobs.com","description":"Les ventes de v\u00e9hicules \u00e9lectriques sont en hausse aux \u00c9tats-Unis - Benoit Charette - Annuel automobile - CanadaMotorJobs.com.","robots":{"index":"index","follow":"follow","max-snippet":"max-snippet:-1","max-image-preview":"max-image-preview:large","max-video-preview":"max-video-preview:-1"},"og_locale":"fr_CA","og_type":"article","og_title":"Les ventes de v\u00e9hicules \u00e9lectriques sont en hausse aux \u00c9tats-Unis - CanadaMotorJobs.com","og_description":"Les ventes de v\u00e9hicules \u00e9lectriques sont en hausse aux \u00c9tats-Unis - Benoit Charette - Annuel automobile - CanadaMotorJobs.com.","og_url":"https:\/\/news.canadamotorjobs.com\/fr\/les-ventes-de-vehicules-electriques-sont-en-hausse-aux-etats-unis\/","og_site_name":"CanadaMotorJobs.com","article_publisher":"https:\/\/www.facebook.com\/canadamotorjobs\/","article_published_time":"2024-12-19T07:24:32+00:00","article_modified_time":"2024-12-19T07:29:58+00:00","og_image":[{"width":1200,"height":800,"url":"https:\/\/news.canadamotorjobs.com\/wp-content\/uploads\/2024\/12\/acura-zdx-type-s-2024_51_-_Copy.jpg","type":"image\/jpeg"}],"author":"Benoit Charette","twitter_card":"summary_large_image","twitter_creator":"@canadamotorjobs","twitter_site":"@canadamotorjobs","twitter_misc":{"\u00c9crit par":"Benoit Charette","Estimation du temps de lecture":"3 minutes"},"schema":{"@context":"https:\/\/schema.org","@graph":[{"@type":"Article","@id":"https:\/\/news.canadamotorjobs.com\/fr\/les-ventes-de-vehicules-electriques-sont-en-hausse-aux-etats-unis\/#article","isPartOf":{"@id":"https:\/\/news.canadamotorjobs.com\/fr\/les-ventes-de-vehicules-electriques-sont-en-hausse-aux-etats-unis\/"},"author":{"name":"Benoit Charette","@id":"https:\/\/news.canadamotorjobs.com\/#\/schema\/person\/51793d1f87d44011d7bcc2ed99269a90"},"headline":"Les ventes de v\u00e9hicules \u00e9lectriques sont en hausse aux \u00c9tats-Unis","datePublished":"2024-12-19T07:24:32+00:00","dateModified":"2024-12-19T07:29:58+00:00","mainEntityOfPage":{"@id":"https:\/\/news.canadamotorjobs.com\/fr\/les-ventes-de-vehicules-electriques-sont-en-hausse-aux-etats-unis\/"},"wordCount":709,"publisher":{"@id":"https:\/\/news.canadamotorjobs.com\/#organization"},"image":{"@id":"https:\/\/news.canadamotorjobs.com\/fr\/les-ventes-de-vehicules-electriques-sont-en-hausse-aux-etats-unis\/#primaryimage"},"thumbnailUrl":"https:\/\/news.canadamotorjobs.com\/wp-content\/uploads\/2024\/12\/acura-zdx-type-s-2024_51_-_Copy.jpg","articleSection":["Annuel automobile"],"inLanguage":"fr-CA"},{"@type":"WebPage","@id":"https:\/\/news.canadamotorjobs.com\/fr\/les-ventes-de-vehicules-electriques-sont-en-hausse-aux-etats-unis\/","url":"https:\/\/news.canadamotorjobs.com\/fr\/les-ventes-de-vehicules-electriques-sont-en-hausse-aux-etats-unis\/","name":"Les ventes de v\u00e9hicules \u00e9lectriques sont en hausse aux \u00c9tats-Unis - CanadaMotorJobs.com","isPartOf":{"@id":"https:\/\/news.canadamotorjobs.com\/#website"},"primaryImageOfPage":{"@id":"https:\/\/news.canadamotorjobs.com\/fr\/les-ventes-de-vehicules-electriques-sont-en-hausse-aux-etats-unis\/#primaryimage"},"image":{"@id":"https:\/\/news.canadamotorjobs.com\/fr\/les-ventes-de-vehicules-electriques-sont-en-hausse-aux-etats-unis\/#primaryimage"},"thumbnailUrl":"https:\/\/news.canadamotorjobs.com\/wp-content\/uploads\/2024\/12\/acura-zdx-type-s-2024_51_-_Copy.jpg","datePublished":"2024-12-19T07:24:32+00:00","dateModified":"2024-12-19T07:29:58+00:00","description":"Les ventes de v\u00e9hicules \u00e9lectriques sont en hausse aux \u00c9tats-Unis - Benoit Charette - Annuel automobile - CanadaMotorJobs.com.","breadcrumb":{"@id":"https:\/\/news.canadamotorjobs.com\/fr\/les-ventes-de-vehicules-electriques-sont-en-hausse-aux-etats-unis\/#breadcrumb"},"inLanguage":"fr-CA","potentialAction":[{"@type":"ReadAction","target":["https:\/\/news.canadamotorjobs.com\/fr\/les-ventes-de-vehicules-electriques-sont-en-hausse-aux-etats-unis\/"]}]},{"@type":"ImageObject","inLanguage":"fr-CA","@id":"https:\/\/news.canadamotorjobs.com\/fr\/les-ventes-de-vehicules-electriques-sont-en-hausse-aux-etats-unis\/#primaryimage","url":"https:\/\/news.canadamotorjobs.com\/wp-content\/uploads\/2024\/12\/acura-zdx-type-s-2024_51_-_Copy.jpg","contentUrl":"https:\/\/news.canadamotorjobs.com\/wp-content\/uploads\/2024\/12\/acura-zdx-type-s-2024_51_-_Copy.jpg","width":1200,"height":800},{"@type":"BreadcrumbList","@id":"https:\/\/news.canadamotorjobs.com\/fr\/les-ventes-de-vehicules-electriques-sont-en-hausse-aux-etats-unis\/#breadcrumb","itemListElement":[{"@type":"ListItem","position":1,"name":"Home","item":"https:\/\/news.canadamotorjobs.com\/fr\/blog\/"},{"@type":"ListItem","position":2,"name":"Les ventes de v\u00e9hicules \u00e9lectriques sont en hausse aux \u00c9tats-Unis"}]},{"@type":"WebSite","@id":"https:\/\/news.canadamotorjobs.com\/#website","url":"https:\/\/news.canadamotorjobs.com\/","name":"CanadaMotorJobs.com","description":"Automotive Jobs","publisher":{"@id":"https:\/\/news.canadamotorjobs.com\/#organization"},"potentialAction":[{"@type":"SearchAction","target":{"@type":"EntryPoint","urlTemplate":"https:\/\/news.canadamotorjobs.com\/?s={search_term_string}"},"query-input":"required name=search_term_string"}],"inLanguage":"fr-CA"},{"@type":"Organization","@id":"https:\/\/news.canadamotorjobs.com\/#organization","name":"Canada Motor Jobs","url":"https:\/\/news.canadamotorjobs.com\/","logo":{"@type":"ImageObject","inLanguage":"fr-CA","@id":"https:\/\/news.canadamotorjobs.com\/#\/schema\/logo\/image\/","url":"https:\/\/news.canadamotorjobs.com\/wp-content\/uploads\/2022\/10\/logo-canada-motor-jobs-1.png","contentUrl":"https:\/\/news.canadamotorjobs.com\/wp-content\/uploads\/2022\/10\/logo-canada-motor-jobs-1.png","width":800,"height":400,"caption":"Canada Motor Jobs"},"image":{"@id":"https:\/\/news.canadamotorjobs.com\/#\/schema\/logo\/image\/"},"sameAs":["https:\/\/www.facebook.com\/canadamotorjobs\/","https:\/\/x.com\/canadamotorjobs","https:\/\/www.instagram.com\/canadamotorjobs\/","https:\/\/www.linkedin.com\/company\/canadamotorjobs"]},{"@type":"Person","@id":"https:\/\/news.canadamotorjobs.com\/#\/schema\/person\/51793d1f87d44011d7bcc2ed99269a90","name":"Benoit Charette","image":{"@type":"ImageObject","inLanguage":"fr-CA","@id":"https:\/\/news.canadamotorjobs.com\/#\/schema\/person\/image\/","url":"https:\/\/secure.gravatar.com\/avatar\/45f3d2eebcccd909668d7ce7ea7267b6?s=96&d=mm&r=g","contentUrl":"https:\/\/secure.gravatar.com\/avatar\/45f3d2eebcccd909668d7ce7ea7267b6?s=96&d=mm&r=g","caption":"Benoit Charette"},"description":"Benoit Charette \/ Propri\u00e9taire et r\u00e9dacteur en chef Benoit Charette pratique le journalisme automobile depuis bient\u00f4t 30 ans. Il a fait ses classes au c\u00f4t\u00e9 de Daniel H\u00e9raud et au Carnet de route de 1992 \u00e0 2001. Il est fondateur, copropri\u00e9taire et r\u00e9dacteur en chef de L\u2019Annuel de l\u2019automobile, qu\u2019il publie depuis 2001. Il a anim\u00e9 les \u00e9missions RPM et RPM+ sur V et les L\u00e9gendes de la route sur Historia. \u00c0 la radio depuis 1986, il reprend l\u2019antenne cette ann\u00e9e sur les ondes de Cogeco et participe pour la deuxi\u00e8me ann\u00e9e \u00e0 l\u2019\u00e9mission Passion Auto sur RDS en plus de mettre en ligne le site Web officiel de L\u2019Annuel de l\u2019automobile sur annuelauto.ca.","sameAs":["https:\/\/annuelauto.ca\/"],"url":"https:\/\/news.canadamotorjobs.com\/fr\/author\/benoit-charette\/"}]}},"_links":{"self":[{"href":"https:\/\/news.canadamotorjobs.com\/fr\/wp-json\/wp\/v2\/posts\/185541"}],"collection":[{"href":"https:\/\/news.canadamotorjobs.com\/fr\/wp-json\/wp\/v2\/posts"}],"about":[{"href":"https:\/\/news.canadamotorjobs.com\/fr\/wp-json\/wp\/v2\/types\/post"}],"author":[{"embeddable":true,"href":"https:\/\/news.canadamotorjobs.com\/fr\/wp-json\/wp\/v2\/users\/8"}],"replies":[{"embeddable":true,"href":"https:\/\/news.canadamotorjobs.com\/fr\/wp-json\/wp\/v2\/comments?post=185541"}],"version-history":[{"count":3,"href":"https:\/\/news.canadamotorjobs.com\/fr\/wp-json\/wp\/v2\/posts\/185541\/revisions"}],"predecessor-version":[{"id":185576,"href":"https:\/\/news.canadamotorjobs.com\/fr\/wp-json\/wp\/v2\/posts\/185541\/revisions\/185576"}],"wp:featuredmedia":[{"embeddable":true,"href":"https:\/\/news.canadamotorjobs.com\/fr\/wp-json\/wp\/v2\/media\/185543"}],"wp:attachment":[{"href":"https:\/\/news.canadamotorjobs.com\/fr\/wp-json\/wp\/v2\/media?parent=185541"}],"wp:term":[{"taxonomy":"category","embeddable":true,"href":"https:\/\/news.canadamotorjobs.com\/fr\/wp-json\/wp\/v2\/categories?post=185541"},{"taxonomy":"post_tag","embeddable":true,"href":"https:\/\/news.canadamotorjobs.com\/fr\/wp-json\/wp\/v2\/tags?post=185541"}],"curies":[{"name":"wp","href":"https:\/\/api.w.org\/{rel}","templated":true}]}}