{"id":185509,"date":"2024-12-19T02:24:32","date_gmt":"2024-12-19T07:24:32","guid":{"rendered":"https:\/\/news.canadamotorjobs.com\/?p=185509"},"modified":"2024-12-19T02:29:42","modified_gmt":"2024-12-19T07:29:42","slug":"le-lancement-du-lamborghini-lanzador-ev-repousse","status":"publish","type":"post","link":"https:\/\/news.canadamotorjobs.com\/fr\/le-lancement-du-lamborghini-lanzador-ev-repousse\/","title":{"rendered":"Le lancement du Lamborghini Lanzador EV repouss\u00e9"},"content":{"rendered":"<\/p>\n<p>Lamborghini, qui est c\u00e9l\u00e8bre pour ses voitures de luxe et de performance, a annonc\u00e9 qu\u2019elle reportait \u00e0 2029 le lancement de son premier v\u00e9hicule \u00e9lectrique, le Lanzador EV. En repoussant ainsi le mod\u00e8le qui \u00e9tait initialement pr\u00e9vu pour 2028, la marque italienne rejoint d\u2019autres constructeurs comme Lotus, Bentley, Toyota, Ford, Ram et Buick, qui ont \u00e9galement report\u00e9 leurs projets d\u2019\u00e9lectrification.<\/p>\n<p><strong>Pourquoi attendre 2029 ?<\/strong><\/p>\n<p>Le chef de la direction, Stephan Winkelmann, a justifi\u00e9 ce d\u00e9lai en invoquant l\u2019incertitude du march\u00e9 :<\/p>\n<p>\u00ab Nous ne pensons pas que 2029 soit tard pour lancer une voiture \u00e9lectrique. Dans notre segment, le march\u00e9 ne sera pas pr\u00eat avant 2025 ou 2026. \u00bb<\/p>\n<p>Lamborghini surveille \u00e9galement la r\u00e9vision pr\u00e9vue pour 2026 concernant l\u2019interdiction des moteurs thermiques en 2035 impos\u00e9e par l\u2019Union europ\u00e9enne. Si cette r\u00e9glementation venait \u00e0 \u00eatre assouplie, il ne serait pas exclu que Lamborghini abandonne son projet de v\u00e9hicule \u00e9lectrique.<\/p>\n<p><\/p>\n<figure><img decoding=\"async\" src=\"https:\/\/news.canadamotorjobs.com\/wp-content\/uploads\/2024\/12\/lamborghini-lanzador-002-5.jpg\" alt=\"La Lamborghini Lanzador, de profil\" \/><figcaption>La Lamborghini Lanzador, de profil | Auto123.com<\/figcaption><\/figure>\n<p><strong>Les carburants synth\u00e9tiques : une solution de rechange possible<\/strong><\/p>\n<p>Malgr\u00e9 ce retard, Lamborghini n\u2019\u00e9carte pas les solutions de rechange aux moteurs thermiques traditionnels. Stephan Winkelmann s\u2019est montr\u00e9 optimiste quant aux carburants synth\u00e9tiques, qui pourraient offrir une solution viable pour l\u2019avenir. Il a d\u00e9clar\u00e9 que \u00ab les carburants synth\u00e9tiques repr\u00e9sentent une opportunit\u00e9 pour des voitures comme les n\u00f4tres. \u00bb<\/p>\n<p>D\u2019autres constructeurs comme Porsche investissent d\u00e9j\u00e0 massivement dans cette technologie. Porsche a notamment test\u00e9 ses carburants synth\u00e9tiques (eFuels) lors d\u2019un championnat de course cette ann\u00e9e, en partenariat avec Mobil 1.<\/p>\n<p><strong>Ferrari avance \u00e0 plein r\u00e9gime sur l\u2019\u00e9lectrique<\/strong><\/p>\n<p>Pendant que Lamborghini temporise, Ferrari poursuit activement son projet de v\u00e9hicule \u00e9lectrique. La marque italienne a construit une nouvelle usine consacr\u00e9e \u00e0 la production de v\u00e9hicules \u00e9lectriques. Le premier mod\u00e8le Ferrari tout \u00e9lectrique devrait \u00eatre d\u00e9voil\u00e9 en 2025 et commercialis\u00e9 en 2026, avec un prix estim\u00e9 autour de 550 000 $.<\/p>\n<p>Reste \u00e0 voir si Ferrari maintiendra cet \u00e9ch\u00e9ancier ou suivra l\u2019exemple de Lamborghini. Pour l\u2019instant, la marque au cheval cabr\u00e9 semble d\u00e9termin\u00e9e \u00e0 devancer ses concurrents.<\/p>\n<p><\/p>\n<figure><img decoding=\"async\" src=\"https:\/\/news.canadamotorjobs.com\/wp-content\/uploads\/2024\/12\/lamborghini-lanzador-003-1.jpg\" alt=\"La Lamborghini Lanzador, avant et arri\u00e8re\" \/><figcaption>La Lamborghini Lanzador, avant et arri\u00e8re | Auto123.com<\/figcaption><\/figure>\n<p style=\"padding-top: 15px\">Contenu original de <a href=\"https:\/\/www.auto123.com\/fr\/actualites\/lamborghini-repousse-lanzador-ev-2029\/72197\/\">auto123<\/a>.<\/p>\n<p>Le texte <a rel=\"nofollow\" href=\"https:\/\/annuelauto.ca\/le-lancement-du-lamborghini-lanzador-ev-repousse\/\">Le lancement du Lamborghini Lanzador EV repouss\u00e9<\/a> provient de <a rel=\"nofollow\" href=\"https:\/\/annuelauto.ca\">L&#8217;annuel de l&#8217;automobile &#8211; Actualit\u00e9 automobile<\/a><\/p>\n<p><\/p>\n","protected":false},"excerpt":{"rendered":"<p>Lamborghini, qui est c\u00e9l\u00e8bre pour ses voitures de luxe et de performance, a annonc\u00e9 qu\u2019elle reportait \u00e0 2029 le lancement de son premier v\u00e9hicule \u00e9lectrique, le Lanzador EV. En repoussant ainsi le mod\u00e8le qui \u00e9tait initialement pr\u00e9vu pour 2028, la marque italienne rejoint d\u2019autres constructeurs comme Lotus, Bentley, Toyota, Ford, Ram et Buick, qui ont [&hellip;]<\/p>\n","protected":false},"author":8,"featured_media":185511,"comment_status":"close","ping_status":"closed","sticky":false,"template":"","format":"standard","meta":{"_monsterinsights_skip_tracking":false,"_monsterinsights_sitenote_active":false,"_monsterinsights_sitenote_note":"","_monsterinsights_sitenote_category":0,"footnotes":""},"categories":[101],"tags":[],"yoast_head":"<!-- This site is optimized with the Yoast SEO plugin v23.2 - https:\/\/yoast.com\/wordpress\/plugins\/seo\/ -->\n<title>Le lancement du Lamborghini Lanzador EV repouss\u00e9 - CanadaMotorJobs.com<\/title>\n<meta name=\"description\" content=\"Le lancement du Lamborghini Lanzador EV repouss\u00e9 - Benoit Charette - Annuel automobile - CanadaMotorJobs.com.\" \/>\n<meta name=\"robots\" content=\"index, follow, max-snippet:-1, max-image-preview:large, max-video-preview:-1\" \/>\n<meta property=\"og:locale\" content=\"fr_CA\" \/>\n<meta property=\"og:type\" content=\"article\" \/>\n<meta property=\"og:title\" content=\"Le lancement du Lamborghini Lanzador EV repouss\u00e9 - CanadaMotorJobs.com\" \/>\n<meta property=\"og:description\" content=\"Le lancement du Lamborghini Lanzador EV repouss\u00e9 - Benoit Charette - Annuel automobile - CanadaMotorJobs.com.\" \/>\n<meta property=\"og:url\" content=\"https:\/\/news.canadamotorjobs.com\/fr\/le-lancement-du-lamborghini-lanzador-ev-repousse\/\" \/>\n<meta property=\"og:site_name\" content=\"CanadaMotorJobs.com\" \/>\n<meta property=\"article:publisher\" content=\"https:\/\/www.facebook.com\/canadamotorjobs\/\" \/>\n<meta property=\"article:published_time\" content=\"2024-12-19T07:24:32+00:00\" \/>\n<meta property=\"article:modified_time\" content=\"2024-12-19T07:29:42+00:00\" \/>\n<meta property=\"og:image\" content=\"https:\/\/news.canadamotorjobs.com\/wp-content\/uploads\/2024\/12\/lamborghini-lanzador-002.jpg\" \/>\n\t<meta property=\"og:image:width\" content=\"1200\" \/>\n\t<meta property=\"og:image:height\" content=\"584\" \/>\n\t<meta property=\"og:image:type\" content=\"image\/jpeg\" \/>\n<meta name=\"author\" content=\"Benoit Charette\" \/>\n<meta name=\"twitter:card\" content=\"summary_large_image\" \/>\n<meta name=\"twitter:creator\" content=\"@canadamotorjobs\" \/>\n<meta name=\"twitter:site\" content=\"@canadamotorjobs\" \/>\n<meta name=\"twitter:label1\" content=\"\u00c9crit par\" \/>\n\t<meta name=\"twitter:data1\" content=\"Benoit Charette\" \/>\n\t<meta name=\"twitter:label2\" content=\"Estimation du temps de lecture\" \/>\n\t<meta name=\"twitter:data2\" content=\"2 minutes\" \/>\n<!-- \/ Yoast SEO plugin. -->","yoast_head_json":{"title":"Le lancement du Lamborghini Lanzador EV repouss\u00e9 - CanadaMotorJobs.com","description":"Le lancement du Lamborghini Lanzador EV repouss\u00e9 - Benoit Charette - Annuel automobile - CanadaMotorJobs.com.","robots":{"index":"index","follow":"follow","max-snippet":"max-snippet:-1","max-image-preview":"max-image-preview:large","max-video-preview":"max-video-preview:-1"},"og_locale":"fr_CA","og_type":"article","og_title":"Le lancement du Lamborghini Lanzador EV repouss\u00e9 - CanadaMotorJobs.com","og_description":"Le lancement du Lamborghini Lanzador EV repouss\u00e9 - Benoit Charette - Annuel automobile - CanadaMotorJobs.com.","og_url":"https:\/\/news.canadamotorjobs.com\/fr\/le-lancement-du-lamborghini-lanzador-ev-repousse\/","og_site_name":"CanadaMotorJobs.com","article_publisher":"https:\/\/www.facebook.com\/canadamotorjobs\/","article_published_time":"2024-12-19T07:24:32+00:00","article_modified_time":"2024-12-19T07:29:42+00:00","og_image":[{"width":1200,"height":584,"url":"https:\/\/news.canadamotorjobs.com\/wp-content\/uploads\/2024\/12\/lamborghini-lanzador-002.jpg","type":"image\/jpeg"}],"author":"Benoit Charette","twitter_card":"summary_large_image","twitter_creator":"@canadamotorjobs","twitter_site":"@canadamotorjobs","twitter_misc":{"\u00c9crit par":"Benoit Charette","Estimation du temps de lecture":"2 minutes"},"schema":{"@context":"https:\/\/schema.org","@graph":[{"@type":"Article","@id":"https:\/\/news.canadamotorjobs.com\/fr\/le-lancement-du-lamborghini-lanzador-ev-repousse\/#article","isPartOf":{"@id":"https:\/\/news.canadamotorjobs.com\/fr\/le-lancement-du-lamborghini-lanzador-ev-repousse\/"},"author":{"name":"Benoit Charette","@id":"https:\/\/news.canadamotorjobs.com\/#\/schema\/person\/51793d1f87d44011d7bcc2ed99269a90"},"headline":"Le lancement du Lamborghini Lanzador EV repouss\u00e9","datePublished":"2024-12-19T07:24:32+00:00","dateModified":"2024-12-19T07:29:42+00:00","mainEntityOfPage":{"@id":"https:\/\/news.canadamotorjobs.com\/fr\/le-lancement-du-lamborghini-lanzador-ev-repousse\/"},"wordCount":384,"publisher":{"@id":"https:\/\/news.canadamotorjobs.com\/#organization"},"image":{"@id":"https:\/\/news.canadamotorjobs.com\/fr\/le-lancement-du-lamborghini-lanzador-ev-repousse\/#primaryimage"},"thumbnailUrl":"https:\/\/news.canadamotorjobs.com\/wp-content\/uploads\/2024\/12\/lamborghini-lanzador-002.jpg","articleSection":["Annuel automobile"],"inLanguage":"fr-CA"},{"@type":"WebPage","@id":"https:\/\/news.canadamotorjobs.com\/fr\/le-lancement-du-lamborghini-lanzador-ev-repousse\/","url":"https:\/\/news.canadamotorjobs.com\/fr\/le-lancement-du-lamborghini-lanzador-ev-repousse\/","name":"Le lancement du Lamborghini Lanzador EV repouss\u00e9 - CanadaMotorJobs.com","isPartOf":{"@id":"https:\/\/news.canadamotorjobs.com\/#website"},"primaryImageOfPage":{"@id":"https:\/\/news.canadamotorjobs.com\/fr\/le-lancement-du-lamborghini-lanzador-ev-repousse\/#primaryimage"},"image":{"@id":"https:\/\/news.canadamotorjobs.com\/fr\/le-lancement-du-lamborghini-lanzador-ev-repousse\/#primaryimage"},"thumbnailUrl":"https:\/\/news.canadamotorjobs.com\/wp-content\/uploads\/2024\/12\/lamborghini-lanzador-002.jpg","datePublished":"2024-12-19T07:24:32+00:00","dateModified":"2024-12-19T07:29:42+00:00","description":"Le lancement du Lamborghini Lanzador EV repouss\u00e9 - Benoit Charette - Annuel automobile - CanadaMotorJobs.com.","breadcrumb":{"@id":"https:\/\/news.canadamotorjobs.com\/fr\/le-lancement-du-lamborghini-lanzador-ev-repousse\/#breadcrumb"},"inLanguage":"fr-CA","potentialAction":[{"@type":"ReadAction","target":["https:\/\/news.canadamotorjobs.com\/fr\/le-lancement-du-lamborghini-lanzador-ev-repousse\/"]}]},{"@type":"ImageObject","inLanguage":"fr-CA","@id":"https:\/\/news.canadamotorjobs.com\/fr\/le-lancement-du-lamborghini-lanzador-ev-repousse\/#primaryimage","url":"https:\/\/news.canadamotorjobs.com\/wp-content\/uploads\/2024\/12\/lamborghini-lanzador-002.jpg","contentUrl":"https:\/\/news.canadamotorjobs.com\/wp-content\/uploads\/2024\/12\/lamborghini-lanzador-002.jpg","width":1200,"height":584},{"@type":"BreadcrumbList","@id":"https:\/\/news.canadamotorjobs.com\/fr\/le-lancement-du-lamborghini-lanzador-ev-repousse\/#breadcrumb","itemListElement":[{"@type":"ListItem","position":1,"name":"Home","item":"https:\/\/news.canadamotorjobs.com\/fr\/blog\/"},{"@type":"ListItem","position":2,"name":"Le lancement du Lamborghini Lanzador EV repouss\u00e9"}]},{"@type":"WebSite","@id":"https:\/\/news.canadamotorjobs.com\/#website","url":"https:\/\/news.canadamotorjobs.com\/","name":"CanadaMotorJobs.com","description":"Automotive Jobs","publisher":{"@id":"https:\/\/news.canadamotorjobs.com\/#organization"},"potentialAction":[{"@type":"SearchAction","target":{"@type":"EntryPoint","urlTemplate":"https:\/\/news.canadamotorjobs.com\/?s={search_term_string}"},"query-input":"required name=search_term_string"}],"inLanguage":"fr-CA"},{"@type":"Organization","@id":"https:\/\/news.canadamotorjobs.com\/#organization","name":"Canada Motor Jobs","url":"https:\/\/news.canadamotorjobs.com\/","logo":{"@type":"ImageObject","inLanguage":"fr-CA","@id":"https:\/\/news.canadamotorjobs.com\/#\/schema\/logo\/image\/","url":"https:\/\/news.canadamotorjobs.com\/wp-content\/uploads\/2022\/10\/logo-canada-motor-jobs-1.png","contentUrl":"https:\/\/news.canadamotorjobs.com\/wp-content\/uploads\/2022\/10\/logo-canada-motor-jobs-1.png","width":800,"height":400,"caption":"Canada Motor Jobs"},"image":{"@id":"https:\/\/news.canadamotorjobs.com\/#\/schema\/logo\/image\/"},"sameAs":["https:\/\/www.facebook.com\/canadamotorjobs\/","https:\/\/x.com\/canadamotorjobs","https:\/\/www.instagram.com\/canadamotorjobs\/","https:\/\/www.linkedin.com\/company\/canadamotorjobs"]},{"@type":"Person","@id":"https:\/\/news.canadamotorjobs.com\/#\/schema\/person\/51793d1f87d44011d7bcc2ed99269a90","name":"Benoit Charette","image":{"@type":"ImageObject","inLanguage":"fr-CA","@id":"https:\/\/news.canadamotorjobs.com\/#\/schema\/person\/image\/","url":"https:\/\/secure.gravatar.com\/avatar\/45f3d2eebcccd909668d7ce7ea7267b6?s=96&d=mm&r=g","contentUrl":"https:\/\/secure.gravatar.com\/avatar\/45f3d2eebcccd909668d7ce7ea7267b6?s=96&d=mm&r=g","caption":"Benoit Charette"},"description":"Benoit Charette \/ Propri\u00e9taire et r\u00e9dacteur en chef Benoit Charette pratique le journalisme automobile depuis bient\u00f4t 30 ans. Il a fait ses classes au c\u00f4t\u00e9 de Daniel H\u00e9raud et au Carnet de route de 1992 \u00e0 2001. Il est fondateur, copropri\u00e9taire et r\u00e9dacteur en chef de L\u2019Annuel de l\u2019automobile, qu\u2019il publie depuis 2001. Il a anim\u00e9 les \u00e9missions RPM et RPM+ sur V et les L\u00e9gendes de la route sur Historia. \u00c0 la radio depuis 1986, il reprend l\u2019antenne cette ann\u00e9e sur les ondes de Cogeco et participe pour la deuxi\u00e8me ann\u00e9e \u00e0 l\u2019\u00e9mission Passion Auto sur RDS en plus de mettre en ligne le site Web officiel de L\u2019Annuel de l\u2019automobile sur annuelauto.ca.","sameAs":["https:\/\/annuelauto.ca\/"],"url":"https:\/\/news.canadamotorjobs.com\/fr\/author\/benoit-charette\/"}]}},"_links":{"self":[{"href":"https:\/\/news.canadamotorjobs.com\/fr\/wp-json\/wp\/v2\/posts\/185509"}],"collection":[{"href":"https:\/\/news.canadamotorjobs.com\/fr\/wp-json\/wp\/v2\/posts"}],"about":[{"href":"https:\/\/news.canadamotorjobs.com\/fr\/wp-json\/wp\/v2\/types\/post"}],"author":[{"embeddable":true,"href":"https:\/\/news.canadamotorjobs.com\/fr\/wp-json\/wp\/v2\/users\/8"}],"replies":[{"embeddable":true,"href":"https:\/\/news.canadamotorjobs.com\/fr\/wp-json\/wp\/v2\/comments?post=185509"}],"version-history":[{"count":3,"href":"https:\/\/news.canadamotorjobs.com\/fr\/wp-json\/wp\/v2\/posts\/185509\/revisions"}],"predecessor-version":[{"id":185540,"href":"https:\/\/news.canadamotorjobs.com\/fr\/wp-json\/wp\/v2\/posts\/185509\/revisions\/185540"}],"wp:featuredmedia":[{"embeddable":true,"href":"https:\/\/news.canadamotorjobs.com\/fr\/wp-json\/wp\/v2\/media\/185511"}],"wp:attachment":[{"href":"https:\/\/news.canadamotorjobs.com\/fr\/wp-json\/wp\/v2\/media?parent=185509"}],"wp:term":[{"taxonomy":"category","embeddable":true,"href":"https:\/\/news.canadamotorjobs.com\/fr\/wp-json\/wp\/v2\/categories?post=185509"},{"taxonomy":"post_tag","embeddable":true,"href":"https:\/\/news.canadamotorjobs.com\/fr\/wp-json\/wp\/v2\/tags?post=185509"}],"curies":[{"name":"wp","href":"https:\/\/api.w.org\/{rel}","templated":true}]}}