{"id":185481,"date":"2024-12-19T02:24:32","date_gmt":"2024-12-19T07:24:32","guid":{"rendered":"https:\/\/news.canadamotorjobs.com\/?p=185481"},"modified":"2024-12-19T02:29:30","modified_gmt":"2024-12-19T07:29:30","slug":"la-camionnette-kia-tasman-ne-sera-pas-vendue-en-amerique-du-nord","status":"publish","type":"post","link":"https:\/\/news.canadamotorjobs.com\/fr\/la-camionnette-kia-tasman-ne-sera-pas-vendue-en-amerique-du-nord\/","title":{"rendered":"La camionnette Kia Tasman ne sera pas vendue en Am\u00e9rique du Nord"},"content":{"rendered":"<\/p>\n<p>En octobre dernier, Kia d\u00e9voilait sa premi\u00e8re camionnette. Le <a href=\"https:\/\/www.auto123.com\/fr\/actualites\/kia-tasman-2025-camionnette-intermediaire\/72002\/\">Kia Tasman<\/a>, \u00e0 l\u2019instar de tous les autres de la famille Kia, propose un design audacieux, distinctif.<\/p>\n<p>Apr\u00e8s la pr\u00e9sentation du v\u00e9hicule, la question concernant sa possible commercialisation chez nous s\u2019est retrouv\u00e9e sur toutes les l\u00e8vres. La r\u00e9ponse est tomb\u00e9e ces derniers jours et comme on le craignait un peu, la r\u00e9ponse est non. Ce qui a brouill\u00e9 les cartes un peu, c\u2019est que des mod\u00e8les ont \u00e9t\u00e9 vus \u00e0 l\u2019essai en Californie.<\/p>\n<p>Un repr\u00e9sentant de Kia a cependant confirm\u00e9 au magazine Car And Driver que m\u00eame s\u2019il est logique de proposer une camionnette sur le march\u00e9 am\u00e9ricain, ce n\u2019est pas le bon moment pour la Tasman.<\/p>\n<p>Ce qu\u2019il faut comprendre, c\u2019est que puisque le mod\u00e8le est construit ailleurs qu\u2019aux \u00c9tats-Unis, il est soumis \u00e0 la c\u00e9l\u00e8bre \u00ab Chicken Tax \u00bb, un tarif de 25 % qui est impos\u00e9 sur les camionnettes (notamment) qui ne sont pas assembl\u00e9es en sol am\u00e9ricain. Cette derni\u00e8re est en vigueur depuis 1964.<\/p>\n<p>O\u00f9 sera commercialis\u00e9 le mod\u00e8le, alors ? Il sera en fait lanc\u00e9 dans sa terre natale, la Cor\u00e9e du Sud, avant d\u2019\u00eatre export\u00e9 vers les r\u00e9gions du Moyen-Orient et de l\u2019Afrique, ainsi que vers l\u2019Australie.<\/p>\n<p><\/p>\n<figure><img decoding=\"async\" src=\"https:\/\/news.canadamotorjobs.com\/wp-content\/uploads\/2024\/12\/2025-kia-tasma_1-5.jpg\" alt=\"Le Kia Tasman, au Salon de l&#039;auto de Busan en 2024\" \/><figcaption>Le Kia Tasman, au Salon de l&#8217;auto de Busan en 2024 | Auto123.com<\/figcaption><\/figure>\n<p>La camionnette Tasman profite d\u2019une plateforme de camion, c\u2019est-\u00e0-dire un ch\u00e2ssis en \u00e9chelle, et elle peut recevoir des moteurs \u00e0 essence fonctionnant au gazole (Diesel). Une version enti\u00e8rement \u00e9lectrique est en cours de d\u00e9veloppement.<\/p>\n<p>Kia va aussi proposer une version tout-terrain qui va profiter d\u2019une garde au sol et d\u2019une suspension relev\u00e9es, de pneus tout-terrain et d\u2019un diff\u00e9rentiel arri\u00e8re \u00e0 verrouillage \u00e9lectronique.<\/p>\n<p>Kia affirme que sa Tasman peut remorquer jusqu\u2019\u00e0 7716 livres, ce qui est sup\u00e9rieur \u00e0 tout ce que les pick-up de taille interm\u00e9diaire vendus ici sont capables de faire dans cette cat\u00e9gorie. Le duo Chevrolet Colorado\/GMC Canyon est tout pr\u00e8s \u00e0 7700 livres.<\/p>\n<p>\u00c0 bord, la pr\u00e9sentation est plus conventionnelle, et en lien avec ce que les camionnettes proposent g\u00e9n\u00e9ralement, soit des boutons et des commandes faciles \u00e0 manipuler. Pour le reste, on reconna\u00eet la signature de la marque, y compris un grand \u00e9cran \u00e0 la planche de bord.<\/p>\n<p>Ce qui sera int\u00e9ressant \u00e0 surveiller, c\u2019est la r\u00e9action de la client\u00e8le vis-\u00e0-vis ce mod\u00e8le. Si ce dernier est un succ\u00e8s, Kia pourrait alors envisager de le construire quelque part aux \u00c9tats-Unis. On est encore loin de la coupe, cependant, et il ne faut pas s\u2019attendre \u00e0 ce que l\u2019administration Trump \u00e9limine le tarif de 25 %, ce qui pourrait permettre au mod\u00e8le de rentrer aux \u00c9tats-Unis.<\/p>\n<p><\/p>\n<p style=\"padding-top: 15px\">Contenu original de <a href=\"https:\/\/www.auto123.com\/fr\/actualites\/kia-tasman-camionnette-pas-en-amerique\/72198\/\">auto123<\/a>.<\/p>\n<p>Le texte <a rel=\"nofollow\" href=\"https:\/\/annuelauto.ca\/la-camionnette-kia-tasman-ne-sera-pas-vendue-en-amerique-du-nord\/\">La camionnette Kia Tasman ne sera pas vendue en Am\u00e9rique du Nord<\/a> provient de <a rel=\"nofollow\" href=\"https:\/\/annuelauto.ca\">L&#8217;annuel de l&#8217;automobile &#8211; Actualit\u00e9 automobile<\/a><\/p>\n<p><\/p>\n","protected":false},"excerpt":{"rendered":"<p>En octobre dernier, Kia d\u00e9voilait sa premi\u00e8re camionnette. Le Kia Tasman, \u00e0 l\u2019instar de tous les autres de la famille Kia, propose un design audacieux, distinctif. Apr\u00e8s la pr\u00e9sentation du v\u00e9hicule, la question concernant sa possible commercialisation chez nous s\u2019est retrouv\u00e9e sur toutes les l\u00e8vres. La r\u00e9ponse est tomb\u00e9e ces derniers jours et comme on [&hellip;]<\/p>\n","protected":false},"author":8,"featured_media":185483,"comment_status":"close","ping_status":"closed","sticky":false,"template":"","format":"standard","meta":{"_monsterinsights_skip_tracking":false,"_monsterinsights_sitenote_active":false,"_monsterinsights_sitenote_note":"","_monsterinsights_sitenote_category":0,"footnotes":""},"categories":[101],"tags":[],"yoast_head":"<!-- This site is optimized with the Yoast SEO plugin v23.2 - https:\/\/yoast.com\/wordpress\/plugins\/seo\/ -->\n<title>La camionnette Kia Tasman ne sera pas vendue en Am\u00e9rique du Nord - CanadaMotorJobs.com<\/title>\n<meta name=\"description\" content=\"La camionnette Kia Tasman ne sera pas vendue en Am\u00e9rique du Nord - Benoit Charette - Annuel automobile - CanadaMotorJobs.com.\" \/>\n<meta name=\"robots\" content=\"index, follow, max-snippet:-1, max-image-preview:large, max-video-preview:-1\" \/>\n<meta property=\"og:locale\" content=\"fr_CA\" \/>\n<meta property=\"og:type\" content=\"article\" \/>\n<meta property=\"og:title\" content=\"La camionnette Kia Tasman ne sera pas vendue en Am\u00e9rique du Nord - CanadaMotorJobs.com\" \/>\n<meta property=\"og:description\" content=\"La camionnette Kia Tasman ne sera pas vendue en Am\u00e9rique du Nord - Benoit Charette - Annuel automobile - CanadaMotorJobs.com.\" \/>\n<meta property=\"og:url\" content=\"https:\/\/news.canadamotorjobs.com\/fr\/la-camionnette-kia-tasman-ne-sera-pas-vendue-en-amerique-du-nord\/\" \/>\n<meta property=\"og:site_name\" content=\"CanadaMotorJobs.com\" \/>\n<meta property=\"article:publisher\" content=\"https:\/\/www.facebook.com\/canadamotorjobs\/\" \/>\n<meta property=\"article:published_time\" content=\"2024-12-19T07:24:32+00:00\" \/>\n<meta property=\"article:modified_time\" content=\"2024-12-19T07:29:30+00:00\" \/>\n<meta property=\"og:image\" content=\"https:\/\/news.canadamotorjobs.com\/wp-content\/uploads\/2024\/12\/2025-kia-tasma_1.jpg\" \/>\n\t<meta property=\"og:image:width\" content=\"1200\" \/>\n\t<meta property=\"og:image:height\" content=\"801\" \/>\n\t<meta property=\"og:image:type\" content=\"image\/jpeg\" \/>\n<meta name=\"author\" content=\"Benoit Charette\" \/>\n<meta name=\"twitter:card\" content=\"summary_large_image\" \/>\n<meta name=\"twitter:creator\" content=\"@canadamotorjobs\" \/>\n<meta name=\"twitter:site\" content=\"@canadamotorjobs\" \/>\n<meta name=\"twitter:label1\" content=\"\u00c9crit par\" \/>\n\t<meta name=\"twitter:data1\" content=\"Benoit Charette\" \/>\n\t<meta name=\"twitter:label2\" content=\"Estimation du temps de lecture\" \/>\n\t<meta name=\"twitter:data2\" content=\"3 minutes\" \/>\n<!-- \/ Yoast SEO plugin. -->","yoast_head_json":{"title":"La camionnette Kia Tasman ne sera pas vendue en Am\u00e9rique du Nord - CanadaMotorJobs.com","description":"La camionnette Kia Tasman ne sera pas vendue en Am\u00e9rique du Nord - Benoit Charette - Annuel automobile - CanadaMotorJobs.com.","robots":{"index":"index","follow":"follow","max-snippet":"max-snippet:-1","max-image-preview":"max-image-preview:large","max-video-preview":"max-video-preview:-1"},"og_locale":"fr_CA","og_type":"article","og_title":"La camionnette Kia Tasman ne sera pas vendue en Am\u00e9rique du Nord - CanadaMotorJobs.com","og_description":"La camionnette Kia Tasman ne sera pas vendue en Am\u00e9rique du Nord - Benoit Charette - Annuel automobile - CanadaMotorJobs.com.","og_url":"https:\/\/news.canadamotorjobs.com\/fr\/la-camionnette-kia-tasman-ne-sera-pas-vendue-en-amerique-du-nord\/","og_site_name":"CanadaMotorJobs.com","article_publisher":"https:\/\/www.facebook.com\/canadamotorjobs\/","article_published_time":"2024-12-19T07:24:32+00:00","article_modified_time":"2024-12-19T07:29:30+00:00","og_image":[{"width":1200,"height":801,"url":"https:\/\/news.canadamotorjobs.com\/wp-content\/uploads\/2024\/12\/2025-kia-tasma_1.jpg","type":"image\/jpeg"}],"author":"Benoit Charette","twitter_card":"summary_large_image","twitter_creator":"@canadamotorjobs","twitter_site":"@canadamotorjobs","twitter_misc":{"\u00c9crit par":"Benoit Charette","Estimation du temps de lecture":"3 minutes"},"schema":{"@context":"https:\/\/schema.org","@graph":[{"@type":"Article","@id":"https:\/\/news.canadamotorjobs.com\/fr\/la-camionnette-kia-tasman-ne-sera-pas-vendue-en-amerique-du-nord\/#article","isPartOf":{"@id":"https:\/\/news.canadamotorjobs.com\/fr\/la-camionnette-kia-tasman-ne-sera-pas-vendue-en-amerique-du-nord\/"},"author":{"name":"Benoit Charette","@id":"https:\/\/news.canadamotorjobs.com\/#\/schema\/person\/51793d1f87d44011d7bcc2ed99269a90"},"headline":"La camionnette Kia Tasman ne sera pas vendue en Am\u00e9rique du Nord","datePublished":"2024-12-19T07:24:32+00:00","dateModified":"2024-12-19T07:29:30+00:00","mainEntityOfPage":{"@id":"https:\/\/news.canadamotorjobs.com\/fr\/la-camionnette-kia-tasman-ne-sera-pas-vendue-en-amerique-du-nord\/"},"wordCount":519,"publisher":{"@id":"https:\/\/news.canadamotorjobs.com\/#organization"},"image":{"@id":"https:\/\/news.canadamotorjobs.com\/fr\/la-camionnette-kia-tasman-ne-sera-pas-vendue-en-amerique-du-nord\/#primaryimage"},"thumbnailUrl":"https:\/\/news.canadamotorjobs.com\/wp-content\/uploads\/2024\/12\/2025-kia-tasma_1.jpg","articleSection":["Annuel automobile"],"inLanguage":"fr-CA"},{"@type":"WebPage","@id":"https:\/\/news.canadamotorjobs.com\/fr\/la-camionnette-kia-tasman-ne-sera-pas-vendue-en-amerique-du-nord\/","url":"https:\/\/news.canadamotorjobs.com\/fr\/la-camionnette-kia-tasman-ne-sera-pas-vendue-en-amerique-du-nord\/","name":"La camionnette Kia Tasman ne sera pas vendue en Am\u00e9rique du Nord - CanadaMotorJobs.com","isPartOf":{"@id":"https:\/\/news.canadamotorjobs.com\/#website"},"primaryImageOfPage":{"@id":"https:\/\/news.canadamotorjobs.com\/fr\/la-camionnette-kia-tasman-ne-sera-pas-vendue-en-amerique-du-nord\/#primaryimage"},"image":{"@id":"https:\/\/news.canadamotorjobs.com\/fr\/la-camionnette-kia-tasman-ne-sera-pas-vendue-en-amerique-du-nord\/#primaryimage"},"thumbnailUrl":"https:\/\/news.canadamotorjobs.com\/wp-content\/uploads\/2024\/12\/2025-kia-tasma_1.jpg","datePublished":"2024-12-19T07:24:32+00:00","dateModified":"2024-12-19T07:29:30+00:00","description":"La camionnette Kia Tasman ne sera pas vendue en Am\u00e9rique du Nord - Benoit Charette - Annuel automobile - CanadaMotorJobs.com.","breadcrumb":{"@id":"https:\/\/news.canadamotorjobs.com\/fr\/la-camionnette-kia-tasman-ne-sera-pas-vendue-en-amerique-du-nord\/#breadcrumb"},"inLanguage":"fr-CA","potentialAction":[{"@type":"ReadAction","target":["https:\/\/news.canadamotorjobs.com\/fr\/la-camionnette-kia-tasman-ne-sera-pas-vendue-en-amerique-du-nord\/"]}]},{"@type":"ImageObject","inLanguage":"fr-CA","@id":"https:\/\/news.canadamotorjobs.com\/fr\/la-camionnette-kia-tasman-ne-sera-pas-vendue-en-amerique-du-nord\/#primaryimage","url":"https:\/\/news.canadamotorjobs.com\/wp-content\/uploads\/2024\/12\/2025-kia-tasma_1.jpg","contentUrl":"https:\/\/news.canadamotorjobs.com\/wp-content\/uploads\/2024\/12\/2025-kia-tasma_1.jpg","width":1200,"height":801},{"@type":"BreadcrumbList","@id":"https:\/\/news.canadamotorjobs.com\/fr\/la-camionnette-kia-tasman-ne-sera-pas-vendue-en-amerique-du-nord\/#breadcrumb","itemListElement":[{"@type":"ListItem","position":1,"name":"Home","item":"https:\/\/news.canadamotorjobs.com\/fr\/blog\/"},{"@type":"ListItem","position":2,"name":"La camionnette Kia Tasman ne sera pas vendue en Am\u00e9rique du Nord"}]},{"@type":"WebSite","@id":"https:\/\/news.canadamotorjobs.com\/#website","url":"https:\/\/news.canadamotorjobs.com\/","name":"CanadaMotorJobs.com","description":"Automotive Jobs","publisher":{"@id":"https:\/\/news.canadamotorjobs.com\/#organization"},"potentialAction":[{"@type":"SearchAction","target":{"@type":"EntryPoint","urlTemplate":"https:\/\/news.canadamotorjobs.com\/?s={search_term_string}"},"query-input":"required name=search_term_string"}],"inLanguage":"fr-CA"},{"@type":"Organization","@id":"https:\/\/news.canadamotorjobs.com\/#organization","name":"Canada Motor Jobs","url":"https:\/\/news.canadamotorjobs.com\/","logo":{"@type":"ImageObject","inLanguage":"fr-CA","@id":"https:\/\/news.canadamotorjobs.com\/#\/schema\/logo\/image\/","url":"https:\/\/news.canadamotorjobs.com\/wp-content\/uploads\/2022\/10\/logo-canada-motor-jobs-1.png","contentUrl":"https:\/\/news.canadamotorjobs.com\/wp-content\/uploads\/2022\/10\/logo-canada-motor-jobs-1.png","width":800,"height":400,"caption":"Canada Motor Jobs"},"image":{"@id":"https:\/\/news.canadamotorjobs.com\/#\/schema\/logo\/image\/"},"sameAs":["https:\/\/www.facebook.com\/canadamotorjobs\/","https:\/\/x.com\/canadamotorjobs","https:\/\/www.instagram.com\/canadamotorjobs\/","https:\/\/www.linkedin.com\/company\/canadamotorjobs"]},{"@type":"Person","@id":"https:\/\/news.canadamotorjobs.com\/#\/schema\/person\/51793d1f87d44011d7bcc2ed99269a90","name":"Benoit Charette","image":{"@type":"ImageObject","inLanguage":"fr-CA","@id":"https:\/\/news.canadamotorjobs.com\/#\/schema\/person\/image\/","url":"https:\/\/secure.gravatar.com\/avatar\/45f3d2eebcccd909668d7ce7ea7267b6?s=96&d=mm&r=g","contentUrl":"https:\/\/secure.gravatar.com\/avatar\/45f3d2eebcccd909668d7ce7ea7267b6?s=96&d=mm&r=g","caption":"Benoit Charette"},"description":"Benoit Charette \/ Propri\u00e9taire et r\u00e9dacteur en chef Benoit Charette pratique le journalisme automobile depuis bient\u00f4t 30 ans. Il a fait ses classes au c\u00f4t\u00e9 de Daniel H\u00e9raud et au Carnet de route de 1992 \u00e0 2001. Il est fondateur, copropri\u00e9taire et r\u00e9dacteur en chef de L\u2019Annuel de l\u2019automobile, qu\u2019il publie depuis 2001. Il a anim\u00e9 les \u00e9missions RPM et RPM+ sur V et les L\u00e9gendes de la route sur Historia. \u00c0 la radio depuis 1986, il reprend l\u2019antenne cette ann\u00e9e sur les ondes de Cogeco et participe pour la deuxi\u00e8me ann\u00e9e \u00e0 l\u2019\u00e9mission Passion Auto sur RDS en plus de mettre en ligne le site Web officiel de L\u2019Annuel de l\u2019automobile sur annuelauto.ca.","sameAs":["https:\/\/annuelauto.ca\/"],"url":"https:\/\/news.canadamotorjobs.com\/fr\/author\/benoit-charette\/"}]}},"_links":{"self":[{"href":"https:\/\/news.canadamotorjobs.com\/fr\/wp-json\/wp\/v2\/posts\/185481"}],"collection":[{"href":"https:\/\/news.canadamotorjobs.com\/fr\/wp-json\/wp\/v2\/posts"}],"about":[{"href":"https:\/\/news.canadamotorjobs.com\/fr\/wp-json\/wp\/v2\/types\/post"}],"author":[{"embeddable":true,"href":"https:\/\/news.canadamotorjobs.com\/fr\/wp-json\/wp\/v2\/users\/8"}],"replies":[{"embeddable":true,"href":"https:\/\/news.canadamotorjobs.com\/fr\/wp-json\/wp\/v2\/comments?post=185481"}],"version-history":[{"count":3,"href":"https:\/\/news.canadamotorjobs.com\/fr\/wp-json\/wp\/v2\/posts\/185481\/revisions"}],"predecessor-version":[{"id":185508,"href":"https:\/\/news.canadamotorjobs.com\/fr\/wp-json\/wp\/v2\/posts\/185481\/revisions\/185508"}],"wp:featuredmedia":[{"embeddable":true,"href":"https:\/\/news.canadamotorjobs.com\/fr\/wp-json\/wp\/v2\/media\/185483"}],"wp:attachment":[{"href":"https:\/\/news.canadamotorjobs.com\/fr\/wp-json\/wp\/v2\/media?parent=185481"}],"wp:term":[{"taxonomy":"category","embeddable":true,"href":"https:\/\/news.canadamotorjobs.com\/fr\/wp-json\/wp\/v2\/categories?post=185481"},{"taxonomy":"post_tag","embeddable":true,"href":"https:\/\/news.canadamotorjobs.com\/fr\/wp-json\/wp\/v2\/tags?post=185481"}],"curies":[{"name":"wp","href":"https:\/\/api.w.org\/{rel}","templated":true}]}}