{"id":185462,"date":"2024-12-18T21:23:26","date_gmt":"2024-12-19T02:23:26","guid":{"rendered":"https:\/\/news.canadamotorjobs.com\/?p=185462"},"modified":"2024-12-18T22:29:14","modified_gmt":"2024-12-19T03:29:14","slug":"gmc-souligne-les-25-ans-de-ses-versions-denali","status":"publish","type":"post","link":"https:\/\/news.canadamotorjobs.com\/fr\/gmc-souligne-les-25-ans-de-ses-versions-denali\/","title":{"rendered":"GMC souligne les 25 ans de ses versions Denali"},"content":{"rendered":"<\/p>\n<p>La marque <a href=\"https:\/\/annuelauto.ca\/rappel-camions-gm-hayon-2024\/\" target=\"_blank\" rel=\"noopener noreferrer\">GMC<\/a> c\u00e9l\u00e8bre aujourd\u2019hui le 25e anniversaire de ses versions <a href=\"https:\/\/annuelauto.ca\/gmc-sierra-denali-ultimate-et-at4x\/\" target=\"_blank\" rel=\"noopener noreferrer\">Denali<\/a>. Pour souligner le succ\u00e8s de ces versions qui dure depuis un quart de si\u00e8cle, une version comm\u00e9morative sera offerte \u00e0 la client\u00e8le.<\/p>\n<p>Au sein d\u2019une marque, certains mod\u00e8les font bonne figure plus que d\u2019autres, naturellement. Cependant, il est rare qu\u2019une variante d\u2019un mod\u00e8le devienne tr\u00e8s populaire et, surtout, qu\u2019elle perdure au fil des ans. C\u2019est le cas des versions Denali que GMC offre aujourd\u2019hui pour tous les mod\u00e8les de sa gamme.<\/p>\n<p>Depuis l\u2019introduction de ce vocable qui servait initialement \u00e0 d\u00e9signer la version haut de gamme du <a href=\"https:\/\/annuelauto.ca\/gmc-yukon-denali-un-nouveau-depart\/\" target=\"_blank\" rel=\"noopener noreferrer\">Yukon<\/a> 1999, l\u2019attrait des Denali aupr\u00e8s des consommateurs et la valeur commerciale de ce nom pour le constructeur n\u2019ont cess\u00e9 de cro\u00eetre.<\/p>\n<h3><strong>Popularit\u00e9 croissante<\/strong><\/h3>\n<p>\nEn 2010, les gens de General Motors du Canada nous apprenaient que les versions Denali repr\u00e9sentaient environ 15\u00a0% de l\u2019ensemble des ventes des produits GMC. Cinq ans plus tard, ce pourcentage fr\u00f4lait les 25\u00a0%.<\/p>\n<p>Or, ce pourcentage n\u2019a cess\u00e9 d\u2019augmenter. Un communiqu\u00e9 publi\u00e9 aujourd\u2019hui par GM aux \u00c9tats-Unis nous apprend que plus de deux millions de Denali ont \u00e9t\u00e9 vendus au sud de la fronti\u00e8re depuis 1999. De plus, cette ann\u00e9e, \u00e0 elles seules, ces versions ont g\u00e9n\u00e9r\u00e9 plus de 30 % des ventes de GMC.<\/p>\n<p>Au Canada, la proportion serait l\u00e9g\u00e8rement inf\u00e9rieure si l\u2019on se fie \u00e0 une entrevue accord\u00e9e par Shane Peever, le vice-pr\u00e9sident Ventes, Service et Marketing de GM\u00a0Canada, au mensuel <em>Automotive News Canada<\/em> en juillet dernier. En effet, il affirmait que ces versions repr\u00e9sentent d\u00e9sormais plus du quart des ventes de l\u2019ensemble des mod\u00e8les de la marque, et plus encore lorsqu\u2019on consid\u00e8re uniquement les camionnettes.<\/p>\n<h3><strong>Vocable d\u2019abord r\u00e9serv\u00e9 au Yukon<\/strong><\/h3>\n<p>\nEmprunt\u00e9 \u00e0 la plus haute montagne d\u2019Am\u00e9rique du Nord, qui se trouve en Alaska, ce nom a d\u2019abord servi \u00e0 d\u00e9signer le GMC\u00a0Yukon 1999 le plus cossu; un v\u00e9hicule qui \u00e9tait en quelque sorte le pendant d\u2019un Cadillac Escalade.<\/p>\n<p>Le succ\u00e8s remport\u00e9 par cette variante du Yukon combin\u00e9 \u00e0 l\u2019engouement croissant des consommateurs \u00e0 l\u2019\u00e9gard des camionnettes de grand format, au d\u00e9but du 21e\u00a0si\u00e8cle, a pouss\u00e9 les gurus du marketing de GMC \u00e0 cr\u00e9er pour la Sierra 2002 une premi\u00e8re version Denali.<\/p>\n<p>Puis, ce genre d\u2019habillage s\u2019est progressivement r\u00e9pandu \u00e0 l\u2019ensemble de la gamme : pour le GMC Envoy (2005-2009), l\u2019<a href=\"https:\/\/annuelauto.ca\/gmc-acadia-2024\/\" target=\"_blank\" rel=\"noopener noreferrer\">Acadia<\/a> (2011 \u00e0 aujourd\u2019hui), la Sierra HD (2011 \u00e0 aujourd\u2019hui), le Terrain (2013 \u00e0 aujourd\u2019hui) et, plus r\u00e9cemment, la camionnette de taille moyenne <a href=\"https:\/\/annuelauto.ca\/gmc-canyon-une-petite-camionnette-ca-nexiste-pas\/\" target=\"_blank\" rel=\"noopener noreferrer\">Canyon<\/a> (2017 \u00e0 aujourd\u2019hui). Naturellement, la <a href=\"https:\/\/annuelauto.ca\/gmc-sierra-denali-ev-2025\/\" target=\"_blank\" rel=\"noopener noreferrer\">camionnette \u00e9lectrique Sierra EV<\/a> apparue sur le march\u00e9 r\u00e9cemment a suivi la m\u00eame r\u00e8gle.<\/p>\n<p>Curieusement, <a href=\"https:\/\/annuelauto.ca\/gmc-hummer-ev-vus\/\" target=\"_blank\" rel=\"noopener noreferrer\">les Hummer \u00e9lectriques<\/a> ont fait exception \u00e0 cette r\u00e8gles jusqu&#8217;ici. Les fourgons Savana aussi&#8230; tr\u00e8s logiquement, d\u2019ailleurs\u00a0!<\/p>\n<h3><strong>Vocable bient\u00f4t mondial<\/strong><\/h3>\n<p>\n\u00c0 l\u2019origine, les versions Denali \u00e9taient r\u00e9serv\u00e9es aux automobilistes des \u00c9tats-Unis et du Canada. R\u00e9cemment, elles ont fait leur apparition au sein du catalogue de produits offerts dans quelques autres pays\u00a0: la Cor\u00e9e du Sud, le Mexique et le Moyen-Orient. En 2025, ce nom fera son entr\u00e9e sur trois nouveaux march\u00e9s\u00a0: la Chine, l\u2019Australie et la Nouvelle-Z\u00e9lande o\u00f9 le Yukon Denali sera lanc\u00e9.<\/p>\n<h3><strong>Version anniversaire \u00e0 venir<br \/>\n<\/strong><\/h3>\n<p>\nEntre-temps, pour souligner le 25e anniversaire des versions Denali, GMC offrira un habillage comm\u00e9moratif pour les GMC Yukon Denali et Denali Ultimate\u00a02025.<\/p>\n<p>On les reconna\u00eetra \u00e0 quelques attributs de couleur noire\u00a0: les roues de 24\u00a0po, la grille de la calandre et son embl\u00e8me lumineux de la marque, quelques autres \u00e9cussons, de m\u00eame que les bo\u00eetiers des r\u00e9troviseurs. Des broutilles, quoi\u2026<\/p>\n<p>GMC produira tout juste 3\u00a0000 exemplaires de cette version comm\u00e9morative pour le march\u00e9 mondial. Le constructeur n\u2019a cependant pas pr\u00e9cis\u00e9 combien d\u2019entre elles aboutiront au Canada.<\/p>\n<p><em>Photos : General Motors<\/em><\/p>\n<p>Le texte <a rel=\"nofollow\" href=\"https:\/\/annuelauto.ca\/gmc-souligne-le-25e-anniversaire-de-ses-versions-denali\/\">GMC souligne les 25 ans de ses versions Denali<\/a> provient de <a rel=\"nofollow\" href=\"https:\/\/annuelauto.ca\">L&#8217;annuel de l&#8217;automobile &#8211; Actualit\u00e9 automobile<\/a><\/p>\n<p><\/p>\n","protected":false},"excerpt":{"rendered":"<p>La marque GMC c\u00e9l\u00e8bre aujourd\u2019hui le 25e anniversaire de ses versions Denali. Pour souligner le succ\u00e8s de ces versions qui dure depuis un quart de si\u00e8cle, une version comm\u00e9morative sera offerte \u00e0 la client\u00e8le. Au sein d\u2019une marque, certains mod\u00e8les font bonne figure plus que d\u2019autres, naturellement. Cependant, il est rare qu\u2019une variante d\u2019un mod\u00e8le [&hellip;]<\/p>\n","protected":false},"author":8,"featured_media":185464,"comment_status":"close","ping_status":"closed","sticky":false,"template":"","format":"standard","meta":{"_monsterinsights_skip_tracking":false,"_monsterinsights_sitenote_active":false,"_monsterinsights_sitenote_note":"","_monsterinsights_sitenote_category":0,"footnotes":""},"categories":[101],"tags":[],"yoast_head":"<!-- This site is optimized with the Yoast SEO plugin v23.2 - https:\/\/yoast.com\/wordpress\/plugins\/seo\/ -->\n<title>GMC souligne les 25 ans de ses versions Denali - CanadaMotorJobs.com<\/title>\n<meta name=\"description\" content=\"GMC souligne les 25 ans de ses versions Denali - Benoit Charette - Annuel automobile - CanadaMotorJobs.com.\" \/>\n<meta name=\"robots\" content=\"index, follow, max-snippet:-1, max-image-preview:large, max-video-preview:-1\" \/>\n<meta property=\"og:locale\" content=\"fr_CA\" \/>\n<meta property=\"og:type\" content=\"article\" \/>\n<meta property=\"og:title\" content=\"GMC souligne les 25 ans de ses versions Denali - CanadaMotorJobs.com\" \/>\n<meta property=\"og:description\" content=\"GMC souligne les 25 ans de ses versions Denali - Benoit Charette - Annuel automobile - CanadaMotorJobs.com.\" \/>\n<meta property=\"og:url\" content=\"https:\/\/news.canadamotorjobs.com\/fr\/gmc-souligne-les-25-ans-de-ses-versions-denali\/\" \/>\n<meta property=\"og:site_name\" content=\"CanadaMotorJobs.com\" \/>\n<meta property=\"article:publisher\" content=\"https:\/\/www.facebook.com\/canadamotorjobs\/\" \/>\n<meta property=\"article:published_time\" content=\"2024-12-19T02:23:26+00:00\" \/>\n<meta property=\"article:modified_time\" content=\"2024-12-19T03:29:14+00:00\" \/>\n<meta property=\"og:image\" content=\"https:\/\/news.canadamotorjobs.com\/wp-content\/uploads\/2024\/12\/GMC-Yukon-XL-Denali-2015.jpg\" \/>\n\t<meta property=\"og:image:width\" content=\"1024\" \/>\n\t<meta property=\"og:image:height\" content=\"683\" \/>\n\t<meta property=\"og:image:type\" content=\"image\/jpeg\" \/>\n<meta name=\"author\" content=\"Benoit Charette\" \/>\n<meta name=\"twitter:card\" content=\"summary_large_image\" \/>\n<meta name=\"twitter:creator\" content=\"@canadamotorjobs\" \/>\n<meta name=\"twitter:site\" content=\"@canadamotorjobs\" \/>\n<meta name=\"twitter:label1\" content=\"\u00c9crit par\" \/>\n\t<meta name=\"twitter:data1\" content=\"Benoit Charette\" \/>\n\t<meta name=\"twitter:label2\" content=\"Estimation du temps de lecture\" \/>\n\t<meta name=\"twitter:data2\" content=\"3 minutes\" \/>\n<!-- \/ Yoast SEO plugin. -->","yoast_head_json":{"title":"GMC souligne les 25 ans de ses versions Denali - CanadaMotorJobs.com","description":"GMC souligne les 25 ans de ses versions Denali - Benoit Charette - Annuel automobile - CanadaMotorJobs.com.","robots":{"index":"index","follow":"follow","max-snippet":"max-snippet:-1","max-image-preview":"max-image-preview:large","max-video-preview":"max-video-preview:-1"},"og_locale":"fr_CA","og_type":"article","og_title":"GMC souligne les 25 ans de ses versions Denali - CanadaMotorJobs.com","og_description":"GMC souligne les 25 ans de ses versions Denali - Benoit Charette - Annuel automobile - CanadaMotorJobs.com.","og_url":"https:\/\/news.canadamotorjobs.com\/fr\/gmc-souligne-les-25-ans-de-ses-versions-denali\/","og_site_name":"CanadaMotorJobs.com","article_publisher":"https:\/\/www.facebook.com\/canadamotorjobs\/","article_published_time":"2024-12-19T02:23:26+00:00","article_modified_time":"2024-12-19T03:29:14+00:00","og_image":[{"width":1024,"height":683,"url":"https:\/\/news.canadamotorjobs.com\/wp-content\/uploads\/2024\/12\/GMC-Yukon-XL-Denali-2015.jpg","type":"image\/jpeg"}],"author":"Benoit Charette","twitter_card":"summary_large_image","twitter_creator":"@canadamotorjobs","twitter_site":"@canadamotorjobs","twitter_misc":{"\u00c9crit par":"Benoit Charette","Estimation du temps de lecture":"3 minutes"},"schema":{"@context":"https:\/\/schema.org","@graph":[{"@type":"Article","@id":"https:\/\/news.canadamotorjobs.com\/fr\/gmc-souligne-les-25-ans-de-ses-versions-denali\/#article","isPartOf":{"@id":"https:\/\/news.canadamotorjobs.com\/fr\/gmc-souligne-les-25-ans-de-ses-versions-denali\/"},"author":{"name":"Benoit Charette","@id":"https:\/\/news.canadamotorjobs.com\/#\/schema\/person\/51793d1f87d44011d7bcc2ed99269a90"},"headline":"GMC souligne les 25 ans de ses versions Denali","datePublished":"2024-12-19T02:23:26+00:00","dateModified":"2024-12-19T03:29:14+00:00","mainEntityOfPage":{"@id":"https:\/\/news.canadamotorjobs.com\/fr\/gmc-souligne-les-25-ans-de-ses-versions-denali\/"},"wordCount":692,"publisher":{"@id":"https:\/\/news.canadamotorjobs.com\/#organization"},"image":{"@id":"https:\/\/news.canadamotorjobs.com\/fr\/gmc-souligne-les-25-ans-de-ses-versions-denali\/#primaryimage"},"thumbnailUrl":"https:\/\/news.canadamotorjobs.com\/wp-content\/uploads\/2024\/12\/GMC-Yukon-XL-Denali-2015.jpg","articleSection":["Annuel automobile"],"inLanguage":"fr-CA"},{"@type":"WebPage","@id":"https:\/\/news.canadamotorjobs.com\/fr\/gmc-souligne-les-25-ans-de-ses-versions-denali\/","url":"https:\/\/news.canadamotorjobs.com\/fr\/gmc-souligne-les-25-ans-de-ses-versions-denali\/","name":"GMC souligne les 25 ans de ses versions Denali - CanadaMotorJobs.com","isPartOf":{"@id":"https:\/\/news.canadamotorjobs.com\/#website"},"primaryImageOfPage":{"@id":"https:\/\/news.canadamotorjobs.com\/fr\/gmc-souligne-les-25-ans-de-ses-versions-denali\/#primaryimage"},"image":{"@id":"https:\/\/news.canadamotorjobs.com\/fr\/gmc-souligne-les-25-ans-de-ses-versions-denali\/#primaryimage"},"thumbnailUrl":"https:\/\/news.canadamotorjobs.com\/wp-content\/uploads\/2024\/12\/GMC-Yukon-XL-Denali-2015.jpg","datePublished":"2024-12-19T02:23:26+00:00","dateModified":"2024-12-19T03:29:14+00:00","description":"GMC souligne les 25 ans de ses versions Denali - Benoit Charette - Annuel automobile - CanadaMotorJobs.com.","breadcrumb":{"@id":"https:\/\/news.canadamotorjobs.com\/fr\/gmc-souligne-les-25-ans-de-ses-versions-denali\/#breadcrumb"},"inLanguage":"fr-CA","potentialAction":[{"@type":"ReadAction","target":["https:\/\/news.canadamotorjobs.com\/fr\/gmc-souligne-les-25-ans-de-ses-versions-denali\/"]}]},{"@type":"ImageObject","inLanguage":"fr-CA","@id":"https:\/\/news.canadamotorjobs.com\/fr\/gmc-souligne-les-25-ans-de-ses-versions-denali\/#primaryimage","url":"https:\/\/news.canadamotorjobs.com\/wp-content\/uploads\/2024\/12\/GMC-Yukon-XL-Denali-2015.jpg","contentUrl":"https:\/\/news.canadamotorjobs.com\/wp-content\/uploads\/2024\/12\/GMC-Yukon-XL-Denali-2015.jpg","width":1024,"height":683},{"@type":"BreadcrumbList","@id":"https:\/\/news.canadamotorjobs.com\/fr\/gmc-souligne-les-25-ans-de-ses-versions-denali\/#breadcrumb","itemListElement":[{"@type":"ListItem","position":1,"name":"Home","item":"https:\/\/news.canadamotorjobs.com\/fr\/blog\/"},{"@type":"ListItem","position":2,"name":"GMC souligne les 25 ans de ses versions Denali"}]},{"@type":"WebSite","@id":"https:\/\/news.canadamotorjobs.com\/#website","url":"https:\/\/news.canadamotorjobs.com\/","name":"CanadaMotorJobs.com","description":"Automotive Jobs","publisher":{"@id":"https:\/\/news.canadamotorjobs.com\/#organization"},"potentialAction":[{"@type":"SearchAction","target":{"@type":"EntryPoint","urlTemplate":"https:\/\/news.canadamotorjobs.com\/?s={search_term_string}"},"query-input":"required name=search_term_string"}],"inLanguage":"fr-CA"},{"@type":"Organization","@id":"https:\/\/news.canadamotorjobs.com\/#organization","name":"Canada Motor Jobs","url":"https:\/\/news.canadamotorjobs.com\/","logo":{"@type":"ImageObject","inLanguage":"fr-CA","@id":"https:\/\/news.canadamotorjobs.com\/#\/schema\/logo\/image\/","url":"https:\/\/news.canadamotorjobs.com\/wp-content\/uploads\/2022\/10\/logo-canada-motor-jobs-1.png","contentUrl":"https:\/\/news.canadamotorjobs.com\/wp-content\/uploads\/2022\/10\/logo-canada-motor-jobs-1.png","width":800,"height":400,"caption":"Canada Motor Jobs"},"image":{"@id":"https:\/\/news.canadamotorjobs.com\/#\/schema\/logo\/image\/"},"sameAs":["https:\/\/www.facebook.com\/canadamotorjobs\/","https:\/\/x.com\/canadamotorjobs","https:\/\/www.instagram.com\/canadamotorjobs\/","https:\/\/www.linkedin.com\/company\/canadamotorjobs"]},{"@type":"Person","@id":"https:\/\/news.canadamotorjobs.com\/#\/schema\/person\/51793d1f87d44011d7bcc2ed99269a90","name":"Benoit Charette","image":{"@type":"ImageObject","inLanguage":"fr-CA","@id":"https:\/\/news.canadamotorjobs.com\/#\/schema\/person\/image\/","url":"https:\/\/secure.gravatar.com\/avatar\/45f3d2eebcccd909668d7ce7ea7267b6?s=96&d=mm&r=g","contentUrl":"https:\/\/secure.gravatar.com\/avatar\/45f3d2eebcccd909668d7ce7ea7267b6?s=96&d=mm&r=g","caption":"Benoit Charette"},"description":"Benoit Charette \/ Propri\u00e9taire et r\u00e9dacteur en chef Benoit Charette pratique le journalisme automobile depuis bient\u00f4t 30 ans. Il a fait ses classes au c\u00f4t\u00e9 de Daniel H\u00e9raud et au Carnet de route de 1992 \u00e0 2001. Il est fondateur, copropri\u00e9taire et r\u00e9dacteur en chef de L\u2019Annuel de l\u2019automobile, qu\u2019il publie depuis 2001. Il a anim\u00e9 les \u00e9missions RPM et RPM+ sur V et les L\u00e9gendes de la route sur Historia. \u00c0 la radio depuis 1986, il reprend l\u2019antenne cette ann\u00e9e sur les ondes de Cogeco et participe pour la deuxi\u00e8me ann\u00e9e \u00e0 l\u2019\u00e9mission Passion Auto sur RDS en plus de mettre en ligne le site Web officiel de L\u2019Annuel de l\u2019automobile sur annuelauto.ca.","sameAs":["https:\/\/annuelauto.ca\/"],"url":"https:\/\/news.canadamotorjobs.com\/fr\/author\/benoit-charette\/"}]}},"_links":{"self":[{"href":"https:\/\/news.canadamotorjobs.com\/fr\/wp-json\/wp\/v2\/posts\/185462"}],"collection":[{"href":"https:\/\/news.canadamotorjobs.com\/fr\/wp-json\/wp\/v2\/posts"}],"about":[{"href":"https:\/\/news.canadamotorjobs.com\/fr\/wp-json\/wp\/v2\/types\/post"}],"author":[{"embeddable":true,"href":"https:\/\/news.canadamotorjobs.com\/fr\/wp-json\/wp\/v2\/users\/8"}],"replies":[{"embeddable":true,"href":"https:\/\/news.canadamotorjobs.com\/fr\/wp-json\/wp\/v2\/comments?post=185462"}],"version-history":[{"count":2,"href":"https:\/\/news.canadamotorjobs.com\/fr\/wp-json\/wp\/v2\/posts\/185462\/revisions"}],"predecessor-version":[{"id":185466,"href":"https:\/\/news.canadamotorjobs.com\/fr\/wp-json\/wp\/v2\/posts\/185462\/revisions\/185466"}],"wp:featuredmedia":[{"embeddable":true,"href":"https:\/\/news.canadamotorjobs.com\/fr\/wp-json\/wp\/v2\/media\/185464"}],"wp:attachment":[{"href":"https:\/\/news.canadamotorjobs.com\/fr\/wp-json\/wp\/v2\/media?parent=185462"}],"wp:term":[{"taxonomy":"category","embeddable":true,"href":"https:\/\/news.canadamotorjobs.com\/fr\/wp-json\/wp\/v2\/categories?post=185462"},{"taxonomy":"post_tag","embeddable":true,"href":"https:\/\/news.canadamotorjobs.com\/fr\/wp-json\/wp\/v2\/tags?post=185462"}],"curies":[{"name":"wp","href":"https:\/\/api.w.org\/{rel}","templated":true}]}}