{"id":185342,"date":"2024-12-18T08:45:50","date_gmt":"2024-12-18T13:45:50","guid":{"rendered":"https:\/\/news.canadamotorjobs.com\/?p=185342"},"modified":"2024-12-18T08:58:44","modified_gmt":"2024-12-18T13:58:44","slug":"avertisseurs-de-ceinture-de-securite-obligatoires-a-larriere-des-2027","status":"publish","type":"post","link":"https:\/\/news.canadamotorjobs.com\/fr\/avertisseurs-de-ceinture-de-securite-obligatoires-a-larriere-des-2027\/","title":{"rendered":"Avertisseurs de Ceinture de S\u00e9curit\u00e9 Obligatoires \u00e0 l\u2019Arri\u00e8re d\u00e8s 2027"},"content":{"rendered":"<\/p>\n<p>\u00c0 partir de septembre 2027, tous les nouveaux v\u00e9hicules de tourisme vendus aux \u00c9tats-Unis (et probablement au Canada) devront \u00eatre \u00e9quip\u00e9s d&#8217;<strong>avertisseurs sonores et visuels pour les ceintures de s\u00e9curit\u00e9 arri\u00e8re<\/strong>, selon une annonce de la National Highway Traffic Safety Administration (NHTSA).<\/p>\n<h3><strong>Une Extension des Syst\u00e8mes Actuels<\/strong><\/h3>\n<p>\nCette nouvelle r\u00e9glementation vise les voitures de tourisme, camions, bus (hors bus scolaires) et v\u00e9hicules utilitaires pesant jusqu&#8217;\u00e0 10 000 livres. Elle \u00e9largit les syst\u00e8mes d\u2019avertissement existants, auparavant r\u00e9serv\u00e9s au conducteur, \u00e0 tous les passagers. Les v\u00e9hicules devront \u00e9galement \u00e9mettre des alertes pour les passagers des <strong>si\u00e8ges avant ext\u00e9rieurs<\/strong> qui ne bouclent pas leur ceinture. Cependant, les si\u00e8ges centraux avant ne seront pas concern\u00e9s, la NHTSA ayant jug\u00e9 cette mesure peu rentable. Les avertisseurs pour les si\u00e8ges avant entreront en vigueur un an plus t\u00f4t, le <strong>1er septembre 2026<\/strong>. Les syst\u00e8mes actuels pour les ceintures des conducteurs devront \u00e9galement \u00eatre prolong\u00e9s dans le temps.<\/p>\n<h3><strong>Pourquoi Cette Nouvelle R\u00e8gle ?<\/strong><\/h3>\n<p>\nSelon les donn\u00e9es de la NHTSA, les passagers arri\u00e8re utilisent moins souvent leur ceinture de s\u00e9curit\u00e9 que ceux \u00e0 l\u2019avant. En 2022, <strong>92 % des passagers avant<\/strong> bouclaient leur ceinture, contre seulement <strong>82 % \u00e0 l\u2019arri\u00e8re<\/strong>. De plus, environ la moiti\u00e9 des passagers d\u00e9c\u00e9d\u00e9s dans des accidents cette ann\u00e9e-l\u00e0 ne portaient pas leur ceinture. La NHTSA estime que cette nouvelle r\u00e8gle pourrait <strong>sauver 50 vies par an<\/strong> et pr\u00e9venir <strong>500 blessures<\/strong> une fois pleinement mise en \u0153uvre.<\/p>\n<h3><strong>Une Nouvelle \u00c8re pour la S\u00e9curit\u00e9 Automobile<\/strong><\/h3>\n<p>\nCe r\u00e8glement s\u2019inscrit dans une s\u00e9rie de mesures r\u00e9centes visant \u00e0 am\u00e9liorer la s\u00e9curit\u00e9 routi\u00e8re. En novembre, la NHTSA a mis \u00e0 jour son syst\u00e8me de notation des v\u00e9hicules (cinq \u00e9toiles) pour inclure des technologies d\u2019assistance \u00e0 la conduite et des normes de protection des pi\u00e9tons. Des d\u00e9fenseurs de la s\u00e9curit\u00e9, comme Cathy Chase, pr\u00e9sidente des Advocates for Highway and Auto Safety, appellent le D\u00e9partement des Transports \u00e0 adopter d\u2019autres r\u00e8glements avant la fin du mandat du pr\u00e9sident Joe Biden. Parmi les priorit\u00e9s figurent l\u2019introduction de <strong>freins automatiques d\u2019urgence pour les poids lourds<\/strong> et des technologies pour pr\u00e9venir la conduite en \u00e9tat d\u2019ivresse.<\/p>\n<p>Avec des renseignements de Motor Illustrated<\/p>\n<p>\u00a0<\/p>\n<p>Le texte <a rel=\"nofollow\" href=\"https:\/\/annuelauto.ca\/reglementation-ceinture-securite-arriere-2027\/\">Avertisseurs de Ceinture de S\u00e9curit\u00e9 Obligatoires \u00e0 l\u2019Arri\u00e8re d\u00e8s 2027<\/a> provient de <a rel=\"nofollow\" href=\"https:\/\/annuelauto.ca\">L&#8217;annuel de l&#8217;automobile &#8211; Actualit\u00e9 automobile<\/a><\/p>\n<p><\/p>\n","protected":false},"excerpt":{"rendered":"<p>\u00c0 partir de septembre 2027, tous les nouveaux v\u00e9hicules de tourisme vendus aux \u00c9tats-Unis (et probablement au Canada) devront \u00eatre \u00e9quip\u00e9s d&#8217;avertisseurs sonores et visuels pour les ceintures de s\u00e9curit\u00e9 arri\u00e8re, selon une annonce de la National Highway Traffic Safety Administration (NHTSA). Une Extension des Syst\u00e8mes Actuels Cette nouvelle r\u00e9glementation vise les voitures de tourisme, [&hellip;]<\/p>\n","protected":false},"author":8,"featured_media":185344,"comment_status":"close","ping_status":"closed","sticky":false,"template":"","format":"standard","meta":{"_monsterinsights_skip_tracking":false,"_monsterinsights_sitenote_active":false,"_monsterinsights_sitenote_note":"","_monsterinsights_sitenote_category":0,"footnotes":""},"categories":[101],"tags":[],"yoast_head":"<!-- This site is optimized with the Yoast SEO plugin v23.2 - https:\/\/yoast.com\/wordpress\/plugins\/seo\/ -->\n<title>Avertisseurs de Ceinture de S\u00e9curit\u00e9 Obligatoires \u00e0 l\u2019Arri\u00e8re d\u00e8s 2027 - CanadaMotorJobs.com<\/title>\n<meta name=\"description\" content=\"Avertisseurs de Ceinture de S\u00e9curit\u00e9 Obligatoires \u00e0 l\u2019Arri\u00e8re d\u00e8s 2027 - Benoit Charette - Annuel automobile - CanadaMotorJobs.com.\" \/>\n<meta name=\"robots\" content=\"index, follow, max-snippet:-1, max-image-preview:large, max-video-preview:-1\" \/>\n<meta property=\"og:locale\" content=\"fr_CA\" \/>\n<meta property=\"og:type\" content=\"article\" \/>\n<meta property=\"og:title\" content=\"Avertisseurs de Ceinture de S\u00e9curit\u00e9 Obligatoires \u00e0 l\u2019Arri\u00e8re d\u00e8s 2027 - CanadaMotorJobs.com\" \/>\n<meta property=\"og:description\" content=\"Avertisseurs de Ceinture de S\u00e9curit\u00e9 Obligatoires \u00e0 l\u2019Arri\u00e8re d\u00e8s 2027 - Benoit Charette - Annuel automobile - CanadaMotorJobs.com.\" \/>\n<meta property=\"og:url\" content=\"https:\/\/news.canadamotorjobs.com\/fr\/avertisseurs-de-ceinture-de-securite-obligatoires-a-larriere-des-2027\/\" \/>\n<meta property=\"og:site_name\" content=\"CanadaMotorJobs.com\" \/>\n<meta property=\"article:publisher\" content=\"https:\/\/www.facebook.com\/canadamotorjobs\/\" \/>\n<meta property=\"article:published_time\" content=\"2024-12-18T13:45:50+00:00\" \/>\n<meta property=\"article:modified_time\" content=\"2024-12-18T13:58:44+00:00\" \/>\n<meta property=\"og:image\" content=\"https:\/\/news.canadamotorjobs.com\/wp-content\/uploads\/2024\/12\/Rear-seat-seatbelts.jpg\" \/>\n\t<meta property=\"og:image:width\" content=\"764\" \/>\n\t<meta property=\"og:image:height\" content=\"435\" \/>\n\t<meta property=\"og:image:type\" content=\"image\/jpeg\" \/>\n<meta name=\"author\" content=\"Benoit Charette\" \/>\n<meta name=\"twitter:card\" content=\"summary_large_image\" \/>\n<meta name=\"twitter:creator\" content=\"@canadamotorjobs\" \/>\n<meta name=\"twitter:site\" content=\"@canadamotorjobs\" \/>\n<meta name=\"twitter:label1\" content=\"\u00c9crit par\" \/>\n\t<meta name=\"twitter:data1\" content=\"Benoit Charette\" \/>\n\t<meta name=\"twitter:label2\" content=\"Estimation du temps de lecture\" \/>\n\t<meta name=\"twitter:data2\" content=\"2 minutes\" \/>\n<!-- \/ Yoast SEO plugin. -->","yoast_head_json":{"title":"Avertisseurs de Ceinture de S\u00e9curit\u00e9 Obligatoires \u00e0 l\u2019Arri\u00e8re d\u00e8s 2027 - CanadaMotorJobs.com","description":"Avertisseurs de Ceinture de S\u00e9curit\u00e9 Obligatoires \u00e0 l\u2019Arri\u00e8re d\u00e8s 2027 - Benoit Charette - Annuel automobile - CanadaMotorJobs.com.","robots":{"index":"index","follow":"follow","max-snippet":"max-snippet:-1","max-image-preview":"max-image-preview:large","max-video-preview":"max-video-preview:-1"},"og_locale":"fr_CA","og_type":"article","og_title":"Avertisseurs de Ceinture de S\u00e9curit\u00e9 Obligatoires \u00e0 l\u2019Arri\u00e8re d\u00e8s 2027 - CanadaMotorJobs.com","og_description":"Avertisseurs de Ceinture de S\u00e9curit\u00e9 Obligatoires \u00e0 l\u2019Arri\u00e8re d\u00e8s 2027 - Benoit Charette - Annuel automobile - CanadaMotorJobs.com.","og_url":"https:\/\/news.canadamotorjobs.com\/fr\/avertisseurs-de-ceinture-de-securite-obligatoires-a-larriere-des-2027\/","og_site_name":"CanadaMotorJobs.com","article_publisher":"https:\/\/www.facebook.com\/canadamotorjobs\/","article_published_time":"2024-12-18T13:45:50+00:00","article_modified_time":"2024-12-18T13:58:44+00:00","og_image":[{"width":764,"height":435,"url":"https:\/\/news.canadamotorjobs.com\/wp-content\/uploads\/2024\/12\/Rear-seat-seatbelts.jpg","type":"image\/jpeg"}],"author":"Benoit Charette","twitter_card":"summary_large_image","twitter_creator":"@canadamotorjobs","twitter_site":"@canadamotorjobs","twitter_misc":{"\u00c9crit par":"Benoit Charette","Estimation du temps de lecture":"2 minutes"},"schema":{"@context":"https:\/\/schema.org","@graph":[{"@type":"Article","@id":"https:\/\/news.canadamotorjobs.com\/fr\/avertisseurs-de-ceinture-de-securite-obligatoires-a-larriere-des-2027\/#article","isPartOf":{"@id":"https:\/\/news.canadamotorjobs.com\/fr\/avertisseurs-de-ceinture-de-securite-obligatoires-a-larriere-des-2027\/"},"author":{"name":"Benoit Charette","@id":"https:\/\/news.canadamotorjobs.com\/#\/schema\/person\/51793d1f87d44011d7bcc2ed99269a90"},"headline":"Avertisseurs de Ceinture de S\u00e9curit\u00e9 Obligatoires \u00e0 l\u2019Arri\u00e8re d\u00e8s 2027","datePublished":"2024-12-18T13:45:50+00:00","dateModified":"2024-12-18T13:58:44+00:00","mainEntityOfPage":{"@id":"https:\/\/news.canadamotorjobs.com\/fr\/avertisseurs-de-ceinture-de-securite-obligatoires-a-larriere-des-2027\/"},"wordCount":423,"publisher":{"@id":"https:\/\/news.canadamotorjobs.com\/#organization"},"image":{"@id":"https:\/\/news.canadamotorjobs.com\/fr\/avertisseurs-de-ceinture-de-securite-obligatoires-a-larriere-des-2027\/#primaryimage"},"thumbnailUrl":"https:\/\/news.canadamotorjobs.com\/wp-content\/uploads\/2024\/12\/Rear-seat-seatbelts.jpg","articleSection":["Annuel automobile"],"inLanguage":"fr-CA"},{"@type":"WebPage","@id":"https:\/\/news.canadamotorjobs.com\/fr\/avertisseurs-de-ceinture-de-securite-obligatoires-a-larriere-des-2027\/","url":"https:\/\/news.canadamotorjobs.com\/fr\/avertisseurs-de-ceinture-de-securite-obligatoires-a-larriere-des-2027\/","name":"Avertisseurs de Ceinture de S\u00e9curit\u00e9 Obligatoires \u00e0 l\u2019Arri\u00e8re d\u00e8s 2027 - CanadaMotorJobs.com","isPartOf":{"@id":"https:\/\/news.canadamotorjobs.com\/#website"},"primaryImageOfPage":{"@id":"https:\/\/news.canadamotorjobs.com\/fr\/avertisseurs-de-ceinture-de-securite-obligatoires-a-larriere-des-2027\/#primaryimage"},"image":{"@id":"https:\/\/news.canadamotorjobs.com\/fr\/avertisseurs-de-ceinture-de-securite-obligatoires-a-larriere-des-2027\/#primaryimage"},"thumbnailUrl":"https:\/\/news.canadamotorjobs.com\/wp-content\/uploads\/2024\/12\/Rear-seat-seatbelts.jpg","datePublished":"2024-12-18T13:45:50+00:00","dateModified":"2024-12-18T13:58:44+00:00","description":"Avertisseurs de Ceinture de S\u00e9curit\u00e9 Obligatoires \u00e0 l\u2019Arri\u00e8re d\u00e8s 2027 - Benoit Charette - Annuel automobile - CanadaMotorJobs.com.","breadcrumb":{"@id":"https:\/\/news.canadamotorjobs.com\/fr\/avertisseurs-de-ceinture-de-securite-obligatoires-a-larriere-des-2027\/#breadcrumb"},"inLanguage":"fr-CA","potentialAction":[{"@type":"ReadAction","target":["https:\/\/news.canadamotorjobs.com\/fr\/avertisseurs-de-ceinture-de-securite-obligatoires-a-larriere-des-2027\/"]}]},{"@type":"ImageObject","inLanguage":"fr-CA","@id":"https:\/\/news.canadamotorjobs.com\/fr\/avertisseurs-de-ceinture-de-securite-obligatoires-a-larriere-des-2027\/#primaryimage","url":"https:\/\/news.canadamotorjobs.com\/wp-content\/uploads\/2024\/12\/Rear-seat-seatbelts.jpg","contentUrl":"https:\/\/news.canadamotorjobs.com\/wp-content\/uploads\/2024\/12\/Rear-seat-seatbelts.jpg","width":764,"height":435},{"@type":"BreadcrumbList","@id":"https:\/\/news.canadamotorjobs.com\/fr\/avertisseurs-de-ceinture-de-securite-obligatoires-a-larriere-des-2027\/#breadcrumb","itemListElement":[{"@type":"ListItem","position":1,"name":"Home","item":"https:\/\/news.canadamotorjobs.com\/fr\/blog\/"},{"@type":"ListItem","position":2,"name":"Avertisseurs de Ceinture de S\u00e9curit\u00e9 Obligatoires \u00e0 l\u2019Arri\u00e8re d\u00e8s 2027"}]},{"@type":"WebSite","@id":"https:\/\/news.canadamotorjobs.com\/#website","url":"https:\/\/news.canadamotorjobs.com\/","name":"CanadaMotorJobs.com","description":"Automotive Jobs","publisher":{"@id":"https:\/\/news.canadamotorjobs.com\/#organization"},"potentialAction":[{"@type":"SearchAction","target":{"@type":"EntryPoint","urlTemplate":"https:\/\/news.canadamotorjobs.com\/?s={search_term_string}"},"query-input":"required name=search_term_string"}],"inLanguage":"fr-CA"},{"@type":"Organization","@id":"https:\/\/news.canadamotorjobs.com\/#organization","name":"Canada Motor Jobs","url":"https:\/\/news.canadamotorjobs.com\/","logo":{"@type":"ImageObject","inLanguage":"fr-CA","@id":"https:\/\/news.canadamotorjobs.com\/#\/schema\/logo\/image\/","url":"https:\/\/news.canadamotorjobs.com\/wp-content\/uploads\/2022\/10\/logo-canada-motor-jobs-1.png","contentUrl":"https:\/\/news.canadamotorjobs.com\/wp-content\/uploads\/2022\/10\/logo-canada-motor-jobs-1.png","width":800,"height":400,"caption":"Canada Motor Jobs"},"image":{"@id":"https:\/\/news.canadamotorjobs.com\/#\/schema\/logo\/image\/"},"sameAs":["https:\/\/www.facebook.com\/canadamotorjobs\/","https:\/\/x.com\/canadamotorjobs","https:\/\/www.instagram.com\/canadamotorjobs\/","https:\/\/www.linkedin.com\/company\/canadamotorjobs"]},{"@type":"Person","@id":"https:\/\/news.canadamotorjobs.com\/#\/schema\/person\/51793d1f87d44011d7bcc2ed99269a90","name":"Benoit Charette","image":{"@type":"ImageObject","inLanguage":"fr-CA","@id":"https:\/\/news.canadamotorjobs.com\/#\/schema\/person\/image\/","url":"https:\/\/secure.gravatar.com\/avatar\/45f3d2eebcccd909668d7ce7ea7267b6?s=96&d=mm&r=g","contentUrl":"https:\/\/secure.gravatar.com\/avatar\/45f3d2eebcccd909668d7ce7ea7267b6?s=96&d=mm&r=g","caption":"Benoit Charette"},"description":"Benoit Charette \/ Propri\u00e9taire et r\u00e9dacteur en chef Benoit Charette pratique le journalisme automobile depuis bient\u00f4t 30 ans. Il a fait ses classes au c\u00f4t\u00e9 de Daniel H\u00e9raud et au Carnet de route de 1992 \u00e0 2001. Il est fondateur, copropri\u00e9taire et r\u00e9dacteur en chef de L\u2019Annuel de l\u2019automobile, qu\u2019il publie depuis 2001. Il a anim\u00e9 les \u00e9missions RPM et RPM+ sur V et les L\u00e9gendes de la route sur Historia. \u00c0 la radio depuis 1986, il reprend l\u2019antenne cette ann\u00e9e sur les ondes de Cogeco et participe pour la deuxi\u00e8me ann\u00e9e \u00e0 l\u2019\u00e9mission Passion Auto sur RDS en plus de mettre en ligne le site Web officiel de L\u2019Annuel de l\u2019automobile sur annuelauto.ca.","sameAs":["https:\/\/annuelauto.ca\/"],"url":"https:\/\/news.canadamotorjobs.com\/fr\/author\/benoit-charette\/"}]}},"_links":{"self":[{"href":"https:\/\/news.canadamotorjobs.com\/fr\/wp-json\/wp\/v2\/posts\/185342"}],"collection":[{"href":"https:\/\/news.canadamotorjobs.com\/fr\/wp-json\/wp\/v2\/posts"}],"about":[{"href":"https:\/\/news.canadamotorjobs.com\/fr\/wp-json\/wp\/v2\/types\/post"}],"author":[{"embeddable":true,"href":"https:\/\/news.canadamotorjobs.com\/fr\/wp-json\/wp\/v2\/users\/8"}],"replies":[{"embeddable":true,"href":"https:\/\/news.canadamotorjobs.com\/fr\/wp-json\/wp\/v2\/comments?post=185342"}],"version-history":[{"count":2,"href":"https:\/\/news.canadamotorjobs.com\/fr\/wp-json\/wp\/v2\/posts\/185342\/revisions"}],"predecessor-version":[{"id":185346,"href":"https:\/\/news.canadamotorjobs.com\/fr\/wp-json\/wp\/v2\/posts\/185342\/revisions\/185346"}],"wp:featuredmedia":[{"embeddable":true,"href":"https:\/\/news.canadamotorjobs.com\/fr\/wp-json\/wp\/v2\/media\/185344"}],"wp:attachment":[{"href":"https:\/\/news.canadamotorjobs.com\/fr\/wp-json\/wp\/v2\/media?parent=185342"}],"wp:term":[{"taxonomy":"category","embeddable":true,"href":"https:\/\/news.canadamotorjobs.com\/fr\/wp-json\/wp\/v2\/categories?post=185342"},{"taxonomy":"post_tag","embeddable":true,"href":"https:\/\/news.canadamotorjobs.com\/fr\/wp-json\/wp\/v2\/tags?post=185342"}],"curies":[{"name":"wp","href":"https:\/\/api.w.org\/{rel}","templated":true}]}}