{"id":185323,"date":"2024-12-18T07:10:22","date_gmt":"2024-12-18T12:10:22","guid":{"rendered":"https:\/\/news.canadamotorjobs.com\/?p=185323"},"modified":"2024-12-18T07:14:30","modified_gmt":"2024-12-18T12:14:30","slug":"le-retour-de-la-honda-prelude-pour-la-fin-2025","status":"publish","type":"post","link":"https:\/\/news.canadamotorjobs.com\/fr\/le-retour-de-la-honda-prelude-pour-la-fin-2025\/","title":{"rendered":"Le retour de la Honda Prelude pour la fin 2025"},"content":{"rendered":"<\/p>\n<p>Apr\u00e8s une absence prolong\u00e9e, la <strong>Honda Prelude<\/strong> fera son retour sur le march\u00e9 am\u00e9ricain \u00e0 la fin de 2025. Cette sixi\u00e8me g\u00e9n\u00e9ration du coup\u00e9 sportif adoptera un syst\u00e8me hybride-\u00e9lectrique \u00e0 deux moteurs et introduira le nouveau mode de conduite <strong>S+ Shift<\/strong>, con\u00e7u pour simuler des changements de vitesse dynamiques.<\/p>\n<h3>Des performances hybrides avec des ambitions sportives<\/h3>\n<p>\nSous sa carrosserie, la nouvelle Prelude reposera probablement sur la plateforme partag\u00e9e avec la Civic, mais b\u00e9n\u00e9ficiera d\u2019un ch\u00e2ssis affin\u00e9 pour un comportement plus sportif. La motorisation hybride e:HEV combine un moteur essence quatre cylindres de 2,0 litres \u00e0 deux moteurs \u00e9lectriques, l\u2019un entra\u00eenant directement les roues avant. Honda promet que le mode <strong>S+ Shift<\/strong> offrira une exp\u00e9rience de conduite plus immersive gr\u00e2ce \u00e0 une gestion pr\u00e9cise des r\u00e9gimes moteur en fonction des conditions de conduite. Ce mode active \u00e9galement des sons artificiels pour renforcer les sensations au volant.<\/p>\n<h3>Qu\u2019est-ce que le mode S+ Shift ?<\/h3>\n<p>\nLe mode <strong>S+ Shift<\/strong> repr\u00e9sente une \u00e9volution du syst\u00e8me <strong>Linear Shift Control<\/strong>, d\u00e9j\u00e0 pr\u00e9sent sur d\u2019autres hybrides Honda. Il simule des changements de vitesse pour imiter une transmission classique, tout en ajoutant des r\u00e9ponses plus directes et un contr\u00f4le sonore actif. Un bouton d\u00e9di\u00e9 sur la console centrale permettra d\u2019activer ce mode, donnant une impression de conduite sportive gr\u00e2ce \u00e0 des palettes derri\u00e8re le volant. Ces innovations visent \u00e0 offrir une exp\u00e9rience sensorielle riche, synchronisant le conducteur et le v\u00e9hicule.<\/p>\n<h3>Un h\u00e9ritage \u00e0 perp\u00e9tuer<\/h3>\n<p>\nLa Prelude a marqu\u00e9 l\u2019histoire de Honda depuis son lancement en 1978, avant d\u2019\u00eatre abandonn\u00e9e apr\u00e8s cinq g\u00e9n\u00e9rations en 2001. Cette nouvelle version esp\u00e8re raviver cet h\u00e9ritage, en se positionnant comme une alternative coup\u00e9 \u00e0 la Civic. Les prototypes r\u00e9cemment aper\u00e7us laissent penser que le design final sera tr\u00e8s proche du concept pr\u00e9sent\u00e9 en 2023, avec une silhouette \u00e9l\u00e9gante et moderne.<\/p>\n<h3>Honda et l\u2019avenir \u00e9lectrifi\u00e9<\/h3>\n<p>\nCe lancement s\u2019inscrit dans une strat\u00e9gie plus large de Honda, qui f\u00eate cette ann\u00e9e les <strong>25 ans de ses ventes hybrides<\/strong> aux \u00c9tats-Unis. Les hybrides repr\u00e9sentent d\u00e9sormais plus d\u2019un quart des ventes de Honda en Am\u00e9rique du Nord. En parall\u00e8le, Honda pr\u00e9pare un futur \u00e9lectrique ambitieux avec le crossover <strong>Prologue<\/strong>, bient\u00f4t rejoint par la berline \u00e9lectrique <strong>Honda 0 Series<\/strong> pr\u00e9vue pour 2026. La marque pr\u00e9voit \u00e9galement sept mod\u00e8les \u00e9lectriques d\u2019ici 2030 et vise une neutralit\u00e9 carbone compl\u00e8te d\u2019ici 2050.<\/p>\n<h3>Conclusion<\/h3>\n<p>\nBien qu\u2019elle ne soit ni une NSX ni une S2000, la nouvelle Prelude est une proposition rafra\u00eechissante dans un march\u00e9 satur\u00e9 de VUS. Avec son style sportif et ses innovations hybrides, elle offre une alternative bienvenue aux amateurs de coup\u00e9s.<\/p>\n<p>Avec des renseignements de Carscoops<\/p>\n<p>Le texte <a rel=\"nofollow\" href=\"https:\/\/annuelauto.ca\/le-retour-de-la-honda-prelude-pour-la-fin-2025\/\">Le retour de la Honda Prelude pour la fin 2025<\/a> provient de <a rel=\"nofollow\" href=\"https:\/\/annuelauto.ca\">L&#8217;annuel de l&#8217;automobile &#8211; Actualit\u00e9 automobile<\/a><\/p>\n<p><\/p>\n","protected":false},"excerpt":{"rendered":"<p>Apr\u00e8s une absence prolong\u00e9e, la Honda Prelude fera son retour sur le march\u00e9 am\u00e9ricain \u00e0 la fin de 2025. Cette sixi\u00e8me g\u00e9n\u00e9ration du coup\u00e9 sportif adoptera un syst\u00e8me hybride-\u00e9lectrique \u00e0 deux moteurs et introduira le nouveau mode de conduite S+ Shift, con\u00e7u pour simuler des changements de vitesse dynamiques. Des performances hybrides avec des ambitions [&hellip;]<\/p>\n","protected":false},"author":8,"featured_media":185325,"comment_status":"close","ping_status":"closed","sticky":false,"template":"","format":"standard","meta":{"_monsterinsights_skip_tracking":false,"_monsterinsights_sitenote_active":false,"_monsterinsights_sitenote_note":"","_monsterinsights_sitenote_category":0,"footnotes":""},"categories":[101],"tags":[],"yoast_head":"<!-- This site is optimized with the Yoast SEO plugin v23.2 - https:\/\/yoast.com\/wordpress\/plugins\/seo\/ -->\n<title>Le retour de la Honda Prelude pour la fin 2025 - CanadaMotorJobs.com<\/title>\n<meta name=\"description\" content=\"Le retour de la Honda Prelude pour la fin 2025 - Benoit Charette - Annuel automobile - CanadaMotorJobs.com.\" \/>\n<meta name=\"robots\" content=\"index, follow, max-snippet:-1, max-image-preview:large, max-video-preview:-1\" \/>\n<meta property=\"og:locale\" content=\"fr_CA\" \/>\n<meta property=\"og:type\" content=\"article\" \/>\n<meta property=\"og:title\" content=\"Le retour de la Honda Prelude pour la fin 2025 - CanadaMotorJobs.com\" \/>\n<meta property=\"og:description\" content=\"Le retour de la Honda Prelude pour la fin 2025 - Benoit Charette - Annuel automobile - CanadaMotorJobs.com.\" \/>\n<meta property=\"og:url\" content=\"https:\/\/news.canadamotorjobs.com\/fr\/le-retour-de-la-honda-prelude-pour-la-fin-2025\/\" \/>\n<meta property=\"og:site_name\" content=\"CanadaMotorJobs.com\" \/>\n<meta property=\"article:publisher\" content=\"https:\/\/www.facebook.com\/canadamotorjobs\/\" \/>\n<meta property=\"article:published_time\" content=\"2024-12-18T12:10:22+00:00\" \/>\n<meta property=\"article:modified_time\" content=\"2024-12-18T12:14:30+00:00\" \/>\n<meta property=\"og:image\" content=\"https:\/\/news.canadamotorjobs.com\/wp-content\/uploads\/2024\/12\/Honda-Prelude-2026-1024x576-1.jpeg\" \/>\n\t<meta property=\"og:image:width\" content=\"1024\" \/>\n\t<meta property=\"og:image:height\" content=\"576\" \/>\n\t<meta property=\"og:image:type\" content=\"image\/jpeg\" \/>\n<meta name=\"author\" content=\"Benoit Charette\" \/>\n<meta name=\"twitter:card\" content=\"summary_large_image\" \/>\n<meta name=\"twitter:creator\" content=\"@canadamotorjobs\" \/>\n<meta name=\"twitter:site\" content=\"@canadamotorjobs\" \/>\n<meta name=\"twitter:label1\" content=\"\u00c9crit par\" \/>\n\t<meta name=\"twitter:data1\" content=\"Benoit Charette\" \/>\n\t<meta name=\"twitter:label2\" content=\"Estimation du temps de lecture\" \/>\n\t<meta name=\"twitter:data2\" content=\"2 minutes\" \/>\n<!-- \/ Yoast SEO plugin. -->","yoast_head_json":{"title":"Le retour de la Honda Prelude pour la fin 2025 - CanadaMotorJobs.com","description":"Le retour de la Honda Prelude pour la fin 2025 - Benoit Charette - Annuel automobile - CanadaMotorJobs.com.","robots":{"index":"index","follow":"follow","max-snippet":"max-snippet:-1","max-image-preview":"max-image-preview:large","max-video-preview":"max-video-preview:-1"},"og_locale":"fr_CA","og_type":"article","og_title":"Le retour de la Honda Prelude pour la fin 2025 - CanadaMotorJobs.com","og_description":"Le retour de la Honda Prelude pour la fin 2025 - Benoit Charette - Annuel automobile - CanadaMotorJobs.com.","og_url":"https:\/\/news.canadamotorjobs.com\/fr\/le-retour-de-la-honda-prelude-pour-la-fin-2025\/","og_site_name":"CanadaMotorJobs.com","article_publisher":"https:\/\/www.facebook.com\/canadamotorjobs\/","article_published_time":"2024-12-18T12:10:22+00:00","article_modified_time":"2024-12-18T12:14:30+00:00","og_image":[{"width":1024,"height":576,"url":"https:\/\/news.canadamotorjobs.com\/wp-content\/uploads\/2024\/12\/Honda-Prelude-2026-1024x576-1.jpeg","type":"image\/jpeg"}],"author":"Benoit Charette","twitter_card":"summary_large_image","twitter_creator":"@canadamotorjobs","twitter_site":"@canadamotorjobs","twitter_misc":{"\u00c9crit par":"Benoit Charette","Estimation du temps de lecture":"2 minutes"},"schema":{"@context":"https:\/\/schema.org","@graph":[{"@type":"Article","@id":"https:\/\/news.canadamotorjobs.com\/fr\/le-retour-de-la-honda-prelude-pour-la-fin-2025\/#article","isPartOf":{"@id":"https:\/\/news.canadamotorjobs.com\/fr\/le-retour-de-la-honda-prelude-pour-la-fin-2025\/"},"author":{"name":"Benoit Charette","@id":"https:\/\/news.canadamotorjobs.com\/#\/schema\/person\/51793d1f87d44011d7bcc2ed99269a90"},"headline":"Le retour de la Honda Prelude pour la fin 2025","datePublished":"2024-12-18T12:10:22+00:00","dateModified":"2024-12-18T12:14:30+00:00","mainEntityOfPage":{"@id":"https:\/\/news.canadamotorjobs.com\/fr\/le-retour-de-la-honda-prelude-pour-la-fin-2025\/"},"wordCount":507,"publisher":{"@id":"https:\/\/news.canadamotorjobs.com\/#organization"},"image":{"@id":"https:\/\/news.canadamotorjobs.com\/fr\/le-retour-de-la-honda-prelude-pour-la-fin-2025\/#primaryimage"},"thumbnailUrl":"https:\/\/news.canadamotorjobs.com\/wp-content\/uploads\/2024\/12\/Honda-Prelude-2026-1024x576-1.jpeg","articleSection":["Annuel automobile"],"inLanguage":"fr-CA"},{"@type":"WebPage","@id":"https:\/\/news.canadamotorjobs.com\/fr\/le-retour-de-la-honda-prelude-pour-la-fin-2025\/","url":"https:\/\/news.canadamotorjobs.com\/fr\/le-retour-de-la-honda-prelude-pour-la-fin-2025\/","name":"Le retour de la Honda Prelude pour la fin 2025 - CanadaMotorJobs.com","isPartOf":{"@id":"https:\/\/news.canadamotorjobs.com\/#website"},"primaryImageOfPage":{"@id":"https:\/\/news.canadamotorjobs.com\/fr\/le-retour-de-la-honda-prelude-pour-la-fin-2025\/#primaryimage"},"image":{"@id":"https:\/\/news.canadamotorjobs.com\/fr\/le-retour-de-la-honda-prelude-pour-la-fin-2025\/#primaryimage"},"thumbnailUrl":"https:\/\/news.canadamotorjobs.com\/wp-content\/uploads\/2024\/12\/Honda-Prelude-2026-1024x576-1.jpeg","datePublished":"2024-12-18T12:10:22+00:00","dateModified":"2024-12-18T12:14:30+00:00","description":"Le retour de la Honda Prelude pour la fin 2025 - Benoit Charette - Annuel automobile - CanadaMotorJobs.com.","breadcrumb":{"@id":"https:\/\/news.canadamotorjobs.com\/fr\/le-retour-de-la-honda-prelude-pour-la-fin-2025\/#breadcrumb"},"inLanguage":"fr-CA","potentialAction":[{"@type":"ReadAction","target":["https:\/\/news.canadamotorjobs.com\/fr\/le-retour-de-la-honda-prelude-pour-la-fin-2025\/"]}]},{"@type":"ImageObject","inLanguage":"fr-CA","@id":"https:\/\/news.canadamotorjobs.com\/fr\/le-retour-de-la-honda-prelude-pour-la-fin-2025\/#primaryimage","url":"https:\/\/news.canadamotorjobs.com\/wp-content\/uploads\/2024\/12\/Honda-Prelude-2026-1024x576-1.jpeg","contentUrl":"https:\/\/news.canadamotorjobs.com\/wp-content\/uploads\/2024\/12\/Honda-Prelude-2026-1024x576-1.jpeg","width":1024,"height":576},{"@type":"BreadcrumbList","@id":"https:\/\/news.canadamotorjobs.com\/fr\/le-retour-de-la-honda-prelude-pour-la-fin-2025\/#breadcrumb","itemListElement":[{"@type":"ListItem","position":1,"name":"Home","item":"https:\/\/news.canadamotorjobs.com\/fr\/blog\/"},{"@type":"ListItem","position":2,"name":"Le retour de la Honda Prelude pour la fin 2025"}]},{"@type":"WebSite","@id":"https:\/\/news.canadamotorjobs.com\/#website","url":"https:\/\/news.canadamotorjobs.com\/","name":"CanadaMotorJobs.com","description":"Automotive Jobs","publisher":{"@id":"https:\/\/news.canadamotorjobs.com\/#organization"},"potentialAction":[{"@type":"SearchAction","target":{"@type":"EntryPoint","urlTemplate":"https:\/\/news.canadamotorjobs.com\/?s={search_term_string}"},"query-input":"required name=search_term_string"}],"inLanguage":"fr-CA"},{"@type":"Organization","@id":"https:\/\/news.canadamotorjobs.com\/#organization","name":"Canada Motor Jobs","url":"https:\/\/news.canadamotorjobs.com\/","logo":{"@type":"ImageObject","inLanguage":"fr-CA","@id":"https:\/\/news.canadamotorjobs.com\/#\/schema\/logo\/image\/","url":"https:\/\/news.canadamotorjobs.com\/wp-content\/uploads\/2022\/10\/logo-canada-motor-jobs-1.png","contentUrl":"https:\/\/news.canadamotorjobs.com\/wp-content\/uploads\/2022\/10\/logo-canada-motor-jobs-1.png","width":800,"height":400,"caption":"Canada Motor Jobs"},"image":{"@id":"https:\/\/news.canadamotorjobs.com\/#\/schema\/logo\/image\/"},"sameAs":["https:\/\/www.facebook.com\/canadamotorjobs\/","https:\/\/x.com\/canadamotorjobs","https:\/\/www.instagram.com\/canadamotorjobs\/","https:\/\/www.linkedin.com\/company\/canadamotorjobs"]},{"@type":"Person","@id":"https:\/\/news.canadamotorjobs.com\/#\/schema\/person\/51793d1f87d44011d7bcc2ed99269a90","name":"Benoit Charette","image":{"@type":"ImageObject","inLanguage":"fr-CA","@id":"https:\/\/news.canadamotorjobs.com\/#\/schema\/person\/image\/","url":"https:\/\/secure.gravatar.com\/avatar\/45f3d2eebcccd909668d7ce7ea7267b6?s=96&d=mm&r=g","contentUrl":"https:\/\/secure.gravatar.com\/avatar\/45f3d2eebcccd909668d7ce7ea7267b6?s=96&d=mm&r=g","caption":"Benoit Charette"},"description":"Benoit Charette \/ Propri\u00e9taire et r\u00e9dacteur en chef Benoit Charette pratique le journalisme automobile depuis bient\u00f4t 30 ans. Il a fait ses classes au c\u00f4t\u00e9 de Daniel H\u00e9raud et au Carnet de route de 1992 \u00e0 2001. Il est fondateur, copropri\u00e9taire et r\u00e9dacteur en chef de L\u2019Annuel de l\u2019automobile, qu\u2019il publie depuis 2001. Il a anim\u00e9 les \u00e9missions RPM et RPM+ sur V et les L\u00e9gendes de la route sur Historia. \u00c0 la radio depuis 1986, il reprend l\u2019antenne cette ann\u00e9e sur les ondes de Cogeco et participe pour la deuxi\u00e8me ann\u00e9e \u00e0 l\u2019\u00e9mission Passion Auto sur RDS en plus de mettre en ligne le site Web officiel de L\u2019Annuel de l\u2019automobile sur annuelauto.ca.","sameAs":["https:\/\/annuelauto.ca\/"],"url":"https:\/\/news.canadamotorjobs.com\/fr\/author\/benoit-charette\/"}]}},"_links":{"self":[{"href":"https:\/\/news.canadamotorjobs.com\/fr\/wp-json\/wp\/v2\/posts\/185323"}],"collection":[{"href":"https:\/\/news.canadamotorjobs.com\/fr\/wp-json\/wp\/v2\/posts"}],"about":[{"href":"https:\/\/news.canadamotorjobs.com\/fr\/wp-json\/wp\/v2\/types\/post"}],"author":[{"embeddable":true,"href":"https:\/\/news.canadamotorjobs.com\/fr\/wp-json\/wp\/v2\/users\/8"}],"replies":[{"embeddable":true,"href":"https:\/\/news.canadamotorjobs.com\/fr\/wp-json\/wp\/v2\/comments?post=185323"}],"version-history":[{"count":2,"href":"https:\/\/news.canadamotorjobs.com\/fr\/wp-json\/wp\/v2\/posts\/185323\/revisions"}],"predecessor-version":[{"id":185327,"href":"https:\/\/news.canadamotorjobs.com\/fr\/wp-json\/wp\/v2\/posts\/185323\/revisions\/185327"}],"wp:featuredmedia":[{"embeddable":true,"href":"https:\/\/news.canadamotorjobs.com\/fr\/wp-json\/wp\/v2\/media\/185325"}],"wp:attachment":[{"href":"https:\/\/news.canadamotorjobs.com\/fr\/wp-json\/wp\/v2\/media?parent=185323"}],"wp:term":[{"taxonomy":"category","embeddable":true,"href":"https:\/\/news.canadamotorjobs.com\/fr\/wp-json\/wp\/v2\/categories?post=185323"},{"taxonomy":"post_tag","embeddable":true,"href":"https:\/\/news.canadamotorjobs.com\/fr\/wp-json\/wp\/v2\/tags?post=185323"}],"curies":[{"name":"wp","href":"https:\/\/api.w.org\/{rel}","templated":true}]}}