{"id":185264,"date":"2024-12-18T02:24:57","date_gmt":"2024-12-18T07:24:57","guid":{"rendered":"https:\/\/news.canadamotorjobs.com\/?p=185264"},"modified":"2024-12-18T02:29:46","modified_gmt":"2024-12-18T07:29:46","slug":"andretti-racing-devient-cadillac-formula-racing","status":"publish","type":"post","link":"https:\/\/news.canadamotorjobs.com\/fr\/andretti-racing-devient-cadillac-formula-racing\/","title":{"rendered":"Andretti Racing devient Cadillac Formula Racing"},"content":{"rendered":"<\/p>\n<p>Le 11 d\u00e9cembre dernier, Andretti Racing a officiellement chang\u00e9 de nom pour devenir Cadillac Formula Racing, marquant une \u00e9tape importante dans les pr\u00e9paratifs de General Motors (GM) pour rejoindre la Formule 1 en 2026. Ce changement efface les derni\u00e8res r\u00e9f\u00e9rences au nom Andretti dans le cadre du projet de GM en F1.<\/p>\n<p>Cadillac Formula Racing, qui est bas\u00e9 au Royaume-Uni, est d\u00e9sormais le centre op\u00e9rationnel de l\u2019\u00e9quipe Cadillac en F1. Cette structure appartient \u00e0 TWG Global, l\u2019entreprise m\u00e8re d\u2019Andretti Global, et se concentre sur la cr\u00e9ation de partenariats techniques, le renforcement des infrastructures et le recrutement de talents cl\u00e9s pour une entr\u00e9e r\u00e9ussie en tant que 11\u1d49 \u00e9quipe de la grille de F1.<\/p>\n<p><strong>Un engagement pour la comp\u00e9tition mondiale<\/strong><\/p>\n<p>Dans un communiqu\u00e9, l\u2019\u00e9quipe Cadillac F1 a soulign\u00e9 que \u00ab ce changement repr\u00e9sente une \u00e9tape cl\u00e9 dans notre objectif de positionner Cadillac comme une force majeure dans le sport automobile mondial. Il refl\u00e8te nos ambitions et pr\u00e9pare le terrain pour une entr\u00e9e r\u00e9ussie en Formule 1. \u00bb<\/p>\n<p>Bien que le nouveau nom refl\u00e8te ces ambitions, Cadillac reste soumis au processus d\u2019approbation r\u00e9glementaire de la FIA (F\u00e9d\u00e9ration Internationale de l\u2019Automobile) et de la F1.<\/p>\n<p><strong>Transition strat\u00e9gique pour Cadillac<\/strong><\/p>\n<p>Initialement, GM pr\u00e9voyait d\u2019entrer en F1 en partenariat avec Andretti Global, dont la candidature avait \u00e9t\u00e9 accept\u00e9e par la FIA en 2023, mais rejet\u00e9e par Liberty Media, propri\u00e9taire de la F1, en janvier suivant. \u00c0 la suite de ce rejet, Michael Andretti s\u2019est mis en retrait, laissant GM prendre un r\u00f4le plus dominant dans le projet. En novembre 2024, un accord de principe entre GM et Liberty Media a ouvert la voie \u00e0 l\u2019arriv\u00e9e de l\u2019\u00e9quipe Cadillac en 2026.<\/p>\n<p><\/p>\n<figure><img decoding=\"async\" src=\"https:\/\/news.canadamotorjobs.com\/wp-content\/uploads\/2024\/12\/cadillac-f1-car-002-5.jpg\" alt=\"Le logo Cadillac sur la future voiture Formule 1\" \/><figcaption>Le logo Cadillac sur la future voiture Formule 1 | Auto123.com<\/figcaption><\/figure>\n<p><strong>Des moteurs Ferrari pour commencer<\/strong><\/p>\n<p>Conform\u00e9ment aux r\u00e8gles de la FIA, GM, qui a d\u00e9pos\u00e9 sa candidature en tant que fournisseur de groupes motopropulseurs en 2023, ne pourra utiliser ses propres moteurs F1 avant 2028. En attendant, Cadillac s\u2019appuiera sur des moteurs fournis par Ferrari, gr\u00e2ce \u00e0 un accord conclu r\u00e9cemment entre les deux constructeurs.<\/p>\n<p><strong>Cadillac et les nouveaux r\u00e8glements de 2026<\/strong><\/p>\n<p>L\u2019entr\u00e9e de Cadillac en F1 co\u00efncidera avec l\u2019introduction de nouveaux r\u00e8glements techniques, notamment pour les groupes motopropulseurs. \u00c0 partir de 2026, les moteurs resteront des V6 turbo hybrides de 1,6 litre, mais avec une puissance r\u00e9duite provenant du moteur thermique et une d\u00e9pendance accrue au syst\u00e8me hybride. De plus, ces moteurs devront fonctionner avec un carburant enti\u00e8rement durable, alignant ainsi la F1 sur ses ambitions \u00e9cologiques.<\/p>\n<p><strong>Un avenir concurrentiel<\/strong><\/p>\n<p>Cadillac ne sera pas seule \u00e0 faire son entr\u00e9e en 2026. Audi rejoindra \u00e9galement la F1 avec sa propre \u00e9quipe et son groupe motopropulseur apr\u00e8s avoir rachet\u00e9 l\u2019\u00e9quipe Sauber, qui sera remise aux couleurs d\u2019Audi.<\/p>\n<p>Parall\u00e8lement, Ford fera son retour en tant que partenaire technique de Red Bull Racing.<\/p>\n<p><\/p>\n<p style=\"padding-top: 15px\">Contenu original de <a href=\"https:\/\/www.auto123.com\/fr\/actualites\/cadillac-formula-racing-debuts-f1-2026\/72196\/\">auto123<\/a>.<\/p>\n<p>Le texte <a rel=\"nofollow\" href=\"https:\/\/annuelauto.ca\/andretti-racing-devient-cadillac-formula-racing\/\">Andretti Racing devient Cadillac Formula Racing<\/a> provient de <a rel=\"nofollow\" href=\"https:\/\/annuelauto.ca\">L&#8217;annuel de l&#8217;automobile &#8211; Actualit\u00e9 automobile<\/a><\/p>\n<p><\/p>\n","protected":false},"excerpt":{"rendered":"<p>Le 11 d\u00e9cembre dernier, Andretti Racing a officiellement chang\u00e9 de nom pour devenir Cadillac Formula Racing, marquant une \u00e9tape importante dans les pr\u00e9paratifs de General Motors (GM) pour rejoindre la Formule 1 en 2026. Ce changement efface les derni\u00e8res r\u00e9f\u00e9rences au nom Andretti dans le cadre du projet de GM en F1. Cadillac Formula Racing, [&hellip;]<\/p>\n","protected":false},"author":8,"featured_media":185266,"comment_status":"close","ping_status":"closed","sticky":false,"template":"","format":"standard","meta":{"_monsterinsights_skip_tracking":false,"_monsterinsights_sitenote_active":false,"_monsterinsights_sitenote_note":"","_monsterinsights_sitenote_category":0,"footnotes":""},"categories":[101],"tags":[],"yoast_head":"<!-- This site is optimized with the Yoast SEO plugin v23.2 - https:\/\/yoast.com\/wordpress\/plugins\/seo\/ -->\n<title>Andretti Racing devient Cadillac Formula Racing - CanadaMotorJobs.com<\/title>\n<meta name=\"description\" content=\"Andretti Racing devient Cadillac Formula Racing - Benoit Charette - Annuel automobile - CanadaMotorJobs.com.\" \/>\n<meta name=\"robots\" content=\"index, follow, max-snippet:-1, max-image-preview:large, max-video-preview:-1\" \/>\n<meta property=\"og:locale\" content=\"fr_CA\" \/>\n<meta property=\"og:type\" content=\"article\" \/>\n<meta property=\"og:title\" content=\"Andretti Racing devient Cadillac Formula Racing - CanadaMotorJobs.com\" \/>\n<meta property=\"og:description\" content=\"Andretti Racing devient Cadillac Formula Racing - Benoit Charette - Annuel automobile - CanadaMotorJobs.com.\" \/>\n<meta property=\"og:url\" content=\"https:\/\/news.canadamotorjobs.com\/fr\/andretti-racing-devient-cadillac-formula-racing\/\" \/>\n<meta property=\"og:site_name\" content=\"CanadaMotorJobs.com\" \/>\n<meta property=\"article:publisher\" content=\"https:\/\/www.facebook.com\/canadamotorjobs\/\" \/>\n<meta property=\"article:published_time\" content=\"2024-12-18T07:24:57+00:00\" \/>\n<meta property=\"article:modified_time\" content=\"2024-12-18T07:29:46+00:00\" \/>\n<meta property=\"og:image\" content=\"https:\/\/news.canadamotorjobs.com\/wp-content\/uploads\/2024\/12\/cadillac-f1-car-002.jpg\" \/>\n\t<meta property=\"og:image:width\" content=\"1200\" \/>\n\t<meta property=\"og:image:height\" content=\"670\" \/>\n\t<meta property=\"og:image:type\" content=\"image\/jpeg\" \/>\n<meta name=\"author\" content=\"Benoit Charette\" \/>\n<meta name=\"twitter:card\" content=\"summary_large_image\" \/>\n<meta name=\"twitter:creator\" content=\"@canadamotorjobs\" \/>\n<meta name=\"twitter:site\" content=\"@canadamotorjobs\" \/>\n<meta name=\"twitter:label1\" content=\"\u00c9crit par\" \/>\n\t<meta name=\"twitter:data1\" content=\"Benoit Charette\" \/>\n\t<meta name=\"twitter:label2\" content=\"Estimation du temps de lecture\" \/>\n\t<meta name=\"twitter:data2\" content=\"3 minutes\" \/>\n<!-- \/ Yoast SEO plugin. -->","yoast_head_json":{"title":"Andretti Racing devient Cadillac Formula Racing - CanadaMotorJobs.com","description":"Andretti Racing devient Cadillac Formula Racing - Benoit Charette - Annuel automobile - CanadaMotorJobs.com.","robots":{"index":"index","follow":"follow","max-snippet":"max-snippet:-1","max-image-preview":"max-image-preview:large","max-video-preview":"max-video-preview:-1"},"og_locale":"fr_CA","og_type":"article","og_title":"Andretti Racing devient Cadillac Formula Racing - CanadaMotorJobs.com","og_description":"Andretti Racing devient Cadillac Formula Racing - Benoit Charette - Annuel automobile - CanadaMotorJobs.com.","og_url":"https:\/\/news.canadamotorjobs.com\/fr\/andretti-racing-devient-cadillac-formula-racing\/","og_site_name":"CanadaMotorJobs.com","article_publisher":"https:\/\/www.facebook.com\/canadamotorjobs\/","article_published_time":"2024-12-18T07:24:57+00:00","article_modified_time":"2024-12-18T07:29:46+00:00","og_image":[{"width":1200,"height":670,"url":"https:\/\/news.canadamotorjobs.com\/wp-content\/uploads\/2024\/12\/cadillac-f1-car-002.jpg","type":"image\/jpeg"}],"author":"Benoit Charette","twitter_card":"summary_large_image","twitter_creator":"@canadamotorjobs","twitter_site":"@canadamotorjobs","twitter_misc":{"\u00c9crit par":"Benoit Charette","Estimation du temps de lecture":"3 minutes"},"schema":{"@context":"https:\/\/schema.org","@graph":[{"@type":"Article","@id":"https:\/\/news.canadamotorjobs.com\/fr\/andretti-racing-devient-cadillac-formula-racing\/#article","isPartOf":{"@id":"https:\/\/news.canadamotorjobs.com\/fr\/andretti-racing-devient-cadillac-formula-racing\/"},"author":{"name":"Benoit Charette","@id":"https:\/\/news.canadamotorjobs.com\/#\/schema\/person\/51793d1f87d44011d7bcc2ed99269a90"},"headline":"Andretti Racing devient Cadillac Formula Racing","datePublished":"2024-12-18T07:24:57+00:00","dateModified":"2024-12-18T07:29:46+00:00","mainEntityOfPage":{"@id":"https:\/\/news.canadamotorjobs.com\/fr\/andretti-racing-devient-cadillac-formula-racing\/"},"wordCount":531,"publisher":{"@id":"https:\/\/news.canadamotorjobs.com\/#organization"},"image":{"@id":"https:\/\/news.canadamotorjobs.com\/fr\/andretti-racing-devient-cadillac-formula-racing\/#primaryimage"},"thumbnailUrl":"https:\/\/news.canadamotorjobs.com\/wp-content\/uploads\/2024\/12\/cadillac-f1-car-002.jpg","articleSection":["Annuel automobile"],"inLanguage":"fr-CA"},{"@type":"WebPage","@id":"https:\/\/news.canadamotorjobs.com\/fr\/andretti-racing-devient-cadillac-formula-racing\/","url":"https:\/\/news.canadamotorjobs.com\/fr\/andretti-racing-devient-cadillac-formula-racing\/","name":"Andretti Racing devient Cadillac Formula Racing - CanadaMotorJobs.com","isPartOf":{"@id":"https:\/\/news.canadamotorjobs.com\/#website"},"primaryImageOfPage":{"@id":"https:\/\/news.canadamotorjobs.com\/fr\/andretti-racing-devient-cadillac-formula-racing\/#primaryimage"},"image":{"@id":"https:\/\/news.canadamotorjobs.com\/fr\/andretti-racing-devient-cadillac-formula-racing\/#primaryimage"},"thumbnailUrl":"https:\/\/news.canadamotorjobs.com\/wp-content\/uploads\/2024\/12\/cadillac-f1-car-002.jpg","datePublished":"2024-12-18T07:24:57+00:00","dateModified":"2024-12-18T07:29:46+00:00","description":"Andretti Racing devient Cadillac Formula Racing - Benoit Charette - Annuel automobile - CanadaMotorJobs.com.","breadcrumb":{"@id":"https:\/\/news.canadamotorjobs.com\/fr\/andretti-racing-devient-cadillac-formula-racing\/#breadcrumb"},"inLanguage":"fr-CA","potentialAction":[{"@type":"ReadAction","target":["https:\/\/news.canadamotorjobs.com\/fr\/andretti-racing-devient-cadillac-formula-racing\/"]}]},{"@type":"ImageObject","inLanguage":"fr-CA","@id":"https:\/\/news.canadamotorjobs.com\/fr\/andretti-racing-devient-cadillac-formula-racing\/#primaryimage","url":"https:\/\/news.canadamotorjobs.com\/wp-content\/uploads\/2024\/12\/cadillac-f1-car-002.jpg","contentUrl":"https:\/\/news.canadamotorjobs.com\/wp-content\/uploads\/2024\/12\/cadillac-f1-car-002.jpg","width":1200,"height":670},{"@type":"BreadcrumbList","@id":"https:\/\/news.canadamotorjobs.com\/fr\/andretti-racing-devient-cadillac-formula-racing\/#breadcrumb","itemListElement":[{"@type":"ListItem","position":1,"name":"Home","item":"https:\/\/news.canadamotorjobs.com\/fr\/blog\/"},{"@type":"ListItem","position":2,"name":"Andretti Racing devient Cadillac Formula Racing"}]},{"@type":"WebSite","@id":"https:\/\/news.canadamotorjobs.com\/#website","url":"https:\/\/news.canadamotorjobs.com\/","name":"CanadaMotorJobs.com","description":"Automotive Jobs","publisher":{"@id":"https:\/\/news.canadamotorjobs.com\/#organization"},"potentialAction":[{"@type":"SearchAction","target":{"@type":"EntryPoint","urlTemplate":"https:\/\/news.canadamotorjobs.com\/?s={search_term_string}"},"query-input":"required name=search_term_string"}],"inLanguage":"fr-CA"},{"@type":"Organization","@id":"https:\/\/news.canadamotorjobs.com\/#organization","name":"Canada Motor Jobs","url":"https:\/\/news.canadamotorjobs.com\/","logo":{"@type":"ImageObject","inLanguage":"fr-CA","@id":"https:\/\/news.canadamotorjobs.com\/#\/schema\/logo\/image\/","url":"https:\/\/news.canadamotorjobs.com\/wp-content\/uploads\/2022\/10\/logo-canada-motor-jobs-1.png","contentUrl":"https:\/\/news.canadamotorjobs.com\/wp-content\/uploads\/2022\/10\/logo-canada-motor-jobs-1.png","width":800,"height":400,"caption":"Canada Motor Jobs"},"image":{"@id":"https:\/\/news.canadamotorjobs.com\/#\/schema\/logo\/image\/"},"sameAs":["https:\/\/www.facebook.com\/canadamotorjobs\/","https:\/\/x.com\/canadamotorjobs","https:\/\/www.instagram.com\/canadamotorjobs\/","https:\/\/www.linkedin.com\/company\/canadamotorjobs"]},{"@type":"Person","@id":"https:\/\/news.canadamotorjobs.com\/#\/schema\/person\/51793d1f87d44011d7bcc2ed99269a90","name":"Benoit Charette","image":{"@type":"ImageObject","inLanguage":"fr-CA","@id":"https:\/\/news.canadamotorjobs.com\/#\/schema\/person\/image\/","url":"https:\/\/secure.gravatar.com\/avatar\/45f3d2eebcccd909668d7ce7ea7267b6?s=96&d=mm&r=g","contentUrl":"https:\/\/secure.gravatar.com\/avatar\/45f3d2eebcccd909668d7ce7ea7267b6?s=96&d=mm&r=g","caption":"Benoit Charette"},"description":"Benoit Charette \/ Propri\u00e9taire et r\u00e9dacteur en chef Benoit Charette pratique le journalisme automobile depuis bient\u00f4t 30 ans. Il a fait ses classes au c\u00f4t\u00e9 de Daniel H\u00e9raud et au Carnet de route de 1992 \u00e0 2001. Il est fondateur, copropri\u00e9taire et r\u00e9dacteur en chef de L\u2019Annuel de l\u2019automobile, qu\u2019il publie depuis 2001. Il a anim\u00e9 les \u00e9missions RPM et RPM+ sur V et les L\u00e9gendes de la route sur Historia. \u00c0 la radio depuis 1986, il reprend l\u2019antenne cette ann\u00e9e sur les ondes de Cogeco et participe pour la deuxi\u00e8me ann\u00e9e \u00e0 l\u2019\u00e9mission Passion Auto sur RDS en plus de mettre en ligne le site Web officiel de L\u2019Annuel de l\u2019automobile sur annuelauto.ca.","sameAs":["https:\/\/annuelauto.ca\/"],"url":"https:\/\/news.canadamotorjobs.com\/fr\/author\/benoit-charette\/"}]}},"_links":{"self":[{"href":"https:\/\/news.canadamotorjobs.com\/fr\/wp-json\/wp\/v2\/posts\/185264"}],"collection":[{"href":"https:\/\/news.canadamotorjobs.com\/fr\/wp-json\/wp\/v2\/posts"}],"about":[{"href":"https:\/\/news.canadamotorjobs.com\/fr\/wp-json\/wp\/v2\/types\/post"}],"author":[{"embeddable":true,"href":"https:\/\/news.canadamotorjobs.com\/fr\/wp-json\/wp\/v2\/users\/8"}],"replies":[{"embeddable":true,"href":"https:\/\/news.canadamotorjobs.com\/fr\/wp-json\/wp\/v2\/comments?post=185264"}],"version-history":[{"count":3,"href":"https:\/\/news.canadamotorjobs.com\/fr\/wp-json\/wp\/v2\/posts\/185264\/revisions"}],"predecessor-version":[{"id":185291,"href":"https:\/\/news.canadamotorjobs.com\/fr\/wp-json\/wp\/v2\/posts\/185264\/revisions\/185291"}],"wp:featuredmedia":[{"embeddable":true,"href":"https:\/\/news.canadamotorjobs.com\/fr\/wp-json\/wp\/v2\/media\/185266"}],"wp:attachment":[{"href":"https:\/\/news.canadamotorjobs.com\/fr\/wp-json\/wp\/v2\/media?parent=185264"}],"wp:term":[{"taxonomy":"category","embeddable":true,"href":"https:\/\/news.canadamotorjobs.com\/fr\/wp-json\/wp\/v2\/categories?post=185264"},{"taxonomy":"post_tag","embeddable":true,"href":"https:\/\/news.canadamotorjobs.com\/fr\/wp-json\/wp\/v2\/tags?post=185264"}],"curies":[{"name":"wp","href":"https:\/\/api.w.org\/{rel}","templated":true}]}}