{"id":185236,"date":"2024-12-18T02:24:57","date_gmt":"2024-12-18T07:24:57","guid":{"rendered":"https:\/\/news.canadamotorjobs.com\/?p=185236"},"modified":"2024-12-18T02:29:36","modified_gmt":"2024-12-18T07:29:36","slug":"suspension-temporaire-du-programme-roulez-vert-au-quebec","status":"publish","type":"post","link":"https:\/\/news.canadamotorjobs.com\/fr\/suspension-temporaire-du-programme-roulez-vert-au-quebec\/","title":{"rendered":"Suspension temporaire du programme Roulez vert au Qu\u00e9bec"},"content":{"rendered":"<\/p>\n<p>Une surprise attendait l\u2019industrie automobile au Qu\u00e9bec hier alors que le minist\u00e8re de l\u2019Environnement, de la Lutte contre les changements climatiques, de la Faune et des Parcs du Qu\u00e9bec annon\u00e7ait qu\u2019il va suspendre le programme Roulez vert qui offre un rabais \u00e0 l\u2019achat d\u2019un v\u00e9hicule \u00e9lectrique.<\/p>\n<p>On savait que les rabais applicables au Qu\u00e9bec allaient diminuer \u00e0 compter du 1er janvier 2025. Le montant total de 7000 $ va passer \u00e0 4000 $. Pour un v\u00e9hicule hybride rechargeable dot\u00e9 d\u2019une batterie de plus de 15 kWh, le rabais va passer de 5000 $ \u00e0 2000 $. Pour le m\u00eame type de mod\u00e8le, mais avec une batterie de moins de 15 kWh, l\u2019incitatif va passer de 2500 $ \u00e0 1000 $.<\/p>\n<p>Avec l\u2019annonce d\u2019hier, ils seront inexistants \u00e0 partir du 1er f\u00e9vrier 2025. En bref, la raison est que le programme a \u00e9t\u00e9 victime de son propre succ\u00e8s. La baisse des rabais annonc\u00e9e pour le 1er janvier a fait en sorte que plusieurs consommateurs ont d\u00e9cid\u00e9 d\u2019agir plus rapidement pour se procurer un v\u00e9hicule \u00e9lectrique, et il ne reste tout simplement pas d&#8217;argent dans la caisse.<\/p>\n<p>En date du 30 septembre 2024, on retrouvait 335 000 v\u00e9hicules \u00e9lectriques en circulation au Qu\u00e9bec, soit le tiers de tous les mod\u00e8les immatricul\u00e9s au Canada.<\/p>\n<p><\/p>\n<figure><img decoding=\"async\" src=\"https:\/\/news.canadamotorjobs.com\/wp-content\/uploads\/2024\/12\/Logo_Roulez_vert_mod-5.jpg\" alt=\"Le programme Roulez vert sera suspendu le 1er f\u00e9vrier\" \/><figcaption>Le programme Roulez vert sera suspendu le 1er f\u00e9vrier | Auto123.com<\/figcaption><\/figure>\n<p><strong>Une mesure temporaire<\/strong><\/p>\n<p>Le minist\u00e8re explique que la mesure est temporaire. Certains affirment que \u00e7a pourrait \u00eatre jusqu\u2019au d\u00e9p\u00f4t du prochain budget au printemps, mais \u00e7a pourrait aussi \u00eatre plus long.<\/p>\n<p>On s\u2019attendait \u00e0 ce qu\u2019il y ait un impact sur les ventes de mod\u00e8les \u00e9lectriques d\u00e8s le 1er janvier 2025 en raison de la baisse des rabais. Avec l\u2019\u00e9limination de ces derniers pour un certain temps, il est clair que l\u2019impact sera plus grand.<\/p>\n<p>Il est \u00e0 noter que les consommateurs pourront toujours compter sur le rabais de 5000 $ du gouvernement f\u00e9d\u00e9ral sur les v\u00e9hicules admissibles.<\/p>\n<p>Certains concessionnaires, d\u00e9sormais avec des stocks de v\u00e9hicules \u00e9lectriques, devront \u00e9couler leurs mod\u00e8les sans l\u2019aide du programme sur lequel ils comptaient. Les consommateurs pourraient avoir droit \u00e0 des rabais \u00ab d\u00e9tourn\u00e9s \u00bb.<\/p>\n<p><strong>Le temps presse<\/strong><\/p>\n<p>Il est important de rappeler que pour profiter du rabais de 7000 $ pr\u00e9sentement disponible via le programme Roulez vert, le v\u00e9hicule acquis doit \u00eatre plaqu\u00e9 d\u2019ici le 31 d\u00e9cembre 2024. Ensuite, pour profiter du rabais r\u00e9duit de 4000 $, le v\u00e9hicule doit \u00eatre immatricul\u00e9 avant la suspension du programme, le 1er f\u00e9vrier 2025.<\/p>\n<p><\/p>\n<p style=\"padding-top: 15px\">Contenu original de <a href=\"https:\/\/www.auto123.com\/fr\/actualites\/programme-roulez-vert-quebec-suspension-temporaire\/72195\/\">auto123<\/a>.<\/p>\n<p>Le texte <a rel=\"nofollow\" href=\"https:\/\/annuelauto.ca\/suspension-temporaire-du-programme-roulez-vert-au-quebec\/\">Suspension temporaire du programme Roulez vert au Qu\u00e9bec<\/a> provient de <a rel=\"nofollow\" href=\"https:\/\/annuelauto.ca\">L&#8217;annuel de l&#8217;automobile &#8211; Actualit\u00e9 automobile<\/a><\/p>\n<p><\/p>\n","protected":false},"excerpt":{"rendered":"<p>Une surprise attendait l\u2019industrie automobile au Qu\u00e9bec hier alors que le minist\u00e8re de l\u2019Environnement, de la Lutte contre les changements climatiques, de la Faune et des Parcs du Qu\u00e9bec annon\u00e7ait qu\u2019il va suspendre le programme Roulez vert qui offre un rabais \u00e0 l\u2019achat d\u2019un v\u00e9hicule \u00e9lectrique. On savait que les rabais applicables au Qu\u00e9bec allaient [&hellip;]<\/p>\n","protected":false},"author":8,"featured_media":185238,"comment_status":"close","ping_status":"closed","sticky":false,"template":"","format":"standard","meta":{"_monsterinsights_skip_tracking":false,"_monsterinsights_sitenote_active":false,"_monsterinsights_sitenote_note":"","_monsterinsights_sitenote_category":0,"footnotes":""},"categories":[101],"tags":[],"yoast_head":"<!-- This site is optimized with the Yoast SEO plugin v23.2 - https:\/\/yoast.com\/wordpress\/plugins\/seo\/ -->\n<title>Suspension temporaire du programme Roulez vert au Qu\u00e9bec - CanadaMotorJobs.com<\/title>\n<meta name=\"description\" content=\"Suspension temporaire du programme Roulez vert au Qu\u00e9bec - Benoit Charette - Annuel automobile - CanadaMotorJobs.com.\" \/>\n<meta name=\"robots\" content=\"index, follow, max-snippet:-1, max-image-preview:large, max-video-preview:-1\" \/>\n<meta property=\"og:locale\" content=\"fr_CA\" \/>\n<meta property=\"og:type\" content=\"article\" \/>\n<meta property=\"og:title\" content=\"Suspension temporaire du programme Roulez vert au Qu\u00e9bec - CanadaMotorJobs.com\" \/>\n<meta property=\"og:description\" content=\"Suspension temporaire du programme Roulez vert au Qu\u00e9bec - Benoit Charette - Annuel automobile - CanadaMotorJobs.com.\" \/>\n<meta property=\"og:url\" content=\"https:\/\/news.canadamotorjobs.com\/fr\/suspension-temporaire-du-programme-roulez-vert-au-quebec\/\" \/>\n<meta property=\"og:site_name\" content=\"CanadaMotorJobs.com\" \/>\n<meta property=\"article:publisher\" content=\"https:\/\/www.facebook.com\/canadamotorjobs\/\" \/>\n<meta property=\"article:published_time\" content=\"2024-12-18T07:24:57+00:00\" \/>\n<meta property=\"article:modified_time\" content=\"2024-12-18T07:29:36+00:00\" \/>\n<meta property=\"og:image\" content=\"https:\/\/news.canadamotorjobs.com\/wp-content\/uploads\/2024\/12\/Logo_Roulez_vert_mod.jpg\" \/>\n\t<meta property=\"og:image:width\" content=\"1200\" \/>\n\t<meta property=\"og:image:height\" content=\"477\" \/>\n\t<meta property=\"og:image:type\" content=\"image\/jpeg\" \/>\n<meta name=\"author\" content=\"Benoit Charette\" \/>\n<meta name=\"twitter:card\" content=\"summary_large_image\" \/>\n<meta name=\"twitter:creator\" content=\"@canadamotorjobs\" \/>\n<meta name=\"twitter:site\" content=\"@canadamotorjobs\" \/>\n<meta name=\"twitter:label1\" content=\"\u00c9crit par\" \/>\n\t<meta name=\"twitter:data1\" content=\"Benoit Charette\" \/>\n\t<meta name=\"twitter:label2\" content=\"Estimation du temps de lecture\" \/>\n\t<meta name=\"twitter:data2\" content=\"2 minutes\" \/>\n<!-- \/ Yoast SEO plugin. -->","yoast_head_json":{"title":"Suspension temporaire du programme Roulez vert au Qu\u00e9bec - CanadaMotorJobs.com","description":"Suspension temporaire du programme Roulez vert au Qu\u00e9bec - Benoit Charette - Annuel automobile - CanadaMotorJobs.com.","robots":{"index":"index","follow":"follow","max-snippet":"max-snippet:-1","max-image-preview":"max-image-preview:large","max-video-preview":"max-video-preview:-1"},"og_locale":"fr_CA","og_type":"article","og_title":"Suspension temporaire du programme Roulez vert au Qu\u00e9bec - CanadaMotorJobs.com","og_description":"Suspension temporaire du programme Roulez vert au Qu\u00e9bec - Benoit Charette - Annuel automobile - CanadaMotorJobs.com.","og_url":"https:\/\/news.canadamotorjobs.com\/fr\/suspension-temporaire-du-programme-roulez-vert-au-quebec\/","og_site_name":"CanadaMotorJobs.com","article_publisher":"https:\/\/www.facebook.com\/canadamotorjobs\/","article_published_time":"2024-12-18T07:24:57+00:00","article_modified_time":"2024-12-18T07:29:36+00:00","og_image":[{"width":1200,"height":477,"url":"https:\/\/news.canadamotorjobs.com\/wp-content\/uploads\/2024\/12\/Logo_Roulez_vert_mod.jpg","type":"image\/jpeg"}],"author":"Benoit Charette","twitter_card":"summary_large_image","twitter_creator":"@canadamotorjobs","twitter_site":"@canadamotorjobs","twitter_misc":{"\u00c9crit par":"Benoit Charette","Estimation du temps de lecture":"2 minutes"},"schema":{"@context":"https:\/\/schema.org","@graph":[{"@type":"Article","@id":"https:\/\/news.canadamotorjobs.com\/fr\/suspension-temporaire-du-programme-roulez-vert-au-quebec\/#article","isPartOf":{"@id":"https:\/\/news.canadamotorjobs.com\/fr\/suspension-temporaire-du-programme-roulez-vert-au-quebec\/"},"author":{"name":"Benoit Charette","@id":"https:\/\/news.canadamotorjobs.com\/#\/schema\/person\/51793d1f87d44011d7bcc2ed99269a90"},"headline":"Suspension temporaire du programme Roulez vert au Qu\u00e9bec","datePublished":"2024-12-18T07:24:57+00:00","dateModified":"2024-12-18T07:29:36+00:00","mainEntityOfPage":{"@id":"https:\/\/news.canadamotorjobs.com\/fr\/suspension-temporaire-du-programme-roulez-vert-au-quebec\/"},"wordCount":458,"publisher":{"@id":"https:\/\/news.canadamotorjobs.com\/#organization"},"image":{"@id":"https:\/\/news.canadamotorjobs.com\/fr\/suspension-temporaire-du-programme-roulez-vert-au-quebec\/#primaryimage"},"thumbnailUrl":"https:\/\/news.canadamotorjobs.com\/wp-content\/uploads\/2024\/12\/Logo_Roulez_vert_mod.jpg","articleSection":["Annuel automobile"],"inLanguage":"fr-CA"},{"@type":"WebPage","@id":"https:\/\/news.canadamotorjobs.com\/fr\/suspension-temporaire-du-programme-roulez-vert-au-quebec\/","url":"https:\/\/news.canadamotorjobs.com\/fr\/suspension-temporaire-du-programme-roulez-vert-au-quebec\/","name":"Suspension temporaire du programme Roulez vert au Qu\u00e9bec - CanadaMotorJobs.com","isPartOf":{"@id":"https:\/\/news.canadamotorjobs.com\/#website"},"primaryImageOfPage":{"@id":"https:\/\/news.canadamotorjobs.com\/fr\/suspension-temporaire-du-programme-roulez-vert-au-quebec\/#primaryimage"},"image":{"@id":"https:\/\/news.canadamotorjobs.com\/fr\/suspension-temporaire-du-programme-roulez-vert-au-quebec\/#primaryimage"},"thumbnailUrl":"https:\/\/news.canadamotorjobs.com\/wp-content\/uploads\/2024\/12\/Logo_Roulez_vert_mod.jpg","datePublished":"2024-12-18T07:24:57+00:00","dateModified":"2024-12-18T07:29:36+00:00","description":"Suspension temporaire du programme Roulez vert au Qu\u00e9bec - Benoit Charette - Annuel automobile - CanadaMotorJobs.com.","breadcrumb":{"@id":"https:\/\/news.canadamotorjobs.com\/fr\/suspension-temporaire-du-programme-roulez-vert-au-quebec\/#breadcrumb"},"inLanguage":"fr-CA","potentialAction":[{"@type":"ReadAction","target":["https:\/\/news.canadamotorjobs.com\/fr\/suspension-temporaire-du-programme-roulez-vert-au-quebec\/"]}]},{"@type":"ImageObject","inLanguage":"fr-CA","@id":"https:\/\/news.canadamotorjobs.com\/fr\/suspension-temporaire-du-programme-roulez-vert-au-quebec\/#primaryimage","url":"https:\/\/news.canadamotorjobs.com\/wp-content\/uploads\/2024\/12\/Logo_Roulez_vert_mod.jpg","contentUrl":"https:\/\/news.canadamotorjobs.com\/wp-content\/uploads\/2024\/12\/Logo_Roulez_vert_mod.jpg","width":1200,"height":477},{"@type":"BreadcrumbList","@id":"https:\/\/news.canadamotorjobs.com\/fr\/suspension-temporaire-du-programme-roulez-vert-au-quebec\/#breadcrumb","itemListElement":[{"@type":"ListItem","position":1,"name":"Home","item":"https:\/\/news.canadamotorjobs.com\/fr\/blog\/"},{"@type":"ListItem","position":2,"name":"Suspension temporaire du programme Roulez vert au Qu\u00e9bec"}]},{"@type":"WebSite","@id":"https:\/\/news.canadamotorjobs.com\/#website","url":"https:\/\/news.canadamotorjobs.com\/","name":"CanadaMotorJobs.com","description":"Automotive Jobs","publisher":{"@id":"https:\/\/news.canadamotorjobs.com\/#organization"},"potentialAction":[{"@type":"SearchAction","target":{"@type":"EntryPoint","urlTemplate":"https:\/\/news.canadamotorjobs.com\/?s={search_term_string}"},"query-input":"required name=search_term_string"}],"inLanguage":"fr-CA"},{"@type":"Organization","@id":"https:\/\/news.canadamotorjobs.com\/#organization","name":"Canada Motor Jobs","url":"https:\/\/news.canadamotorjobs.com\/","logo":{"@type":"ImageObject","inLanguage":"fr-CA","@id":"https:\/\/news.canadamotorjobs.com\/#\/schema\/logo\/image\/","url":"https:\/\/news.canadamotorjobs.com\/wp-content\/uploads\/2022\/10\/logo-canada-motor-jobs-1.png","contentUrl":"https:\/\/news.canadamotorjobs.com\/wp-content\/uploads\/2022\/10\/logo-canada-motor-jobs-1.png","width":800,"height":400,"caption":"Canada Motor Jobs"},"image":{"@id":"https:\/\/news.canadamotorjobs.com\/#\/schema\/logo\/image\/"},"sameAs":["https:\/\/www.facebook.com\/canadamotorjobs\/","https:\/\/x.com\/canadamotorjobs","https:\/\/www.instagram.com\/canadamotorjobs\/","https:\/\/www.linkedin.com\/company\/canadamotorjobs"]},{"@type":"Person","@id":"https:\/\/news.canadamotorjobs.com\/#\/schema\/person\/51793d1f87d44011d7bcc2ed99269a90","name":"Benoit Charette","image":{"@type":"ImageObject","inLanguage":"fr-CA","@id":"https:\/\/news.canadamotorjobs.com\/#\/schema\/person\/image\/","url":"https:\/\/secure.gravatar.com\/avatar\/45f3d2eebcccd909668d7ce7ea7267b6?s=96&d=mm&r=g","contentUrl":"https:\/\/secure.gravatar.com\/avatar\/45f3d2eebcccd909668d7ce7ea7267b6?s=96&d=mm&r=g","caption":"Benoit Charette"},"description":"Benoit Charette \/ Propri\u00e9taire et r\u00e9dacteur en chef Benoit Charette pratique le journalisme automobile depuis bient\u00f4t 30 ans. Il a fait ses classes au c\u00f4t\u00e9 de Daniel H\u00e9raud et au Carnet de route de 1992 \u00e0 2001. Il est fondateur, copropri\u00e9taire et r\u00e9dacteur en chef de L\u2019Annuel de l\u2019automobile, qu\u2019il publie depuis 2001. Il a anim\u00e9 les \u00e9missions RPM et RPM+ sur V et les L\u00e9gendes de la route sur Historia. \u00c0 la radio depuis 1986, il reprend l\u2019antenne cette ann\u00e9e sur les ondes de Cogeco et participe pour la deuxi\u00e8me ann\u00e9e \u00e0 l\u2019\u00e9mission Passion Auto sur RDS en plus de mettre en ligne le site Web officiel de L\u2019Annuel de l\u2019automobile sur annuelauto.ca.","sameAs":["https:\/\/annuelauto.ca\/"],"url":"https:\/\/news.canadamotorjobs.com\/fr\/author\/benoit-charette\/"}]}},"_links":{"self":[{"href":"https:\/\/news.canadamotorjobs.com\/fr\/wp-json\/wp\/v2\/posts\/185236"}],"collection":[{"href":"https:\/\/news.canadamotorjobs.com\/fr\/wp-json\/wp\/v2\/posts"}],"about":[{"href":"https:\/\/news.canadamotorjobs.com\/fr\/wp-json\/wp\/v2\/types\/post"}],"author":[{"embeddable":true,"href":"https:\/\/news.canadamotorjobs.com\/fr\/wp-json\/wp\/v2\/users\/8"}],"replies":[{"embeddable":true,"href":"https:\/\/news.canadamotorjobs.com\/fr\/wp-json\/wp\/v2\/comments?post=185236"}],"version-history":[{"count":3,"href":"https:\/\/news.canadamotorjobs.com\/fr\/wp-json\/wp\/v2\/posts\/185236\/revisions"}],"predecessor-version":[{"id":185263,"href":"https:\/\/news.canadamotorjobs.com\/fr\/wp-json\/wp\/v2\/posts\/185236\/revisions\/185263"}],"wp:featuredmedia":[{"embeddable":true,"href":"https:\/\/news.canadamotorjobs.com\/fr\/wp-json\/wp\/v2\/media\/185238"}],"wp:attachment":[{"href":"https:\/\/news.canadamotorjobs.com\/fr\/wp-json\/wp\/v2\/media?parent=185236"}],"wp:term":[{"taxonomy":"category","embeddable":true,"href":"https:\/\/news.canadamotorjobs.com\/fr\/wp-json\/wp\/v2\/categories?post=185236"},{"taxonomy":"post_tag","embeddable":true,"href":"https:\/\/news.canadamotorjobs.com\/fr\/wp-json\/wp\/v2\/tags?post=185236"}],"curies":[{"name":"wp","href":"https:\/\/api.w.org\/{rel}","templated":true}]}}