{"id":185208,"date":"2024-12-18T02:24:58","date_gmt":"2024-12-18T07:24:58","guid":{"rendered":"https:\/\/news.canadamotorjobs.com\/?p=185208"},"modified":"2024-12-18T02:29:28","modified_gmt":"2024-12-18T07:29:28","slug":"audi-ferme-lusine-qui-produit-le-q8-e-tron","status":"publish","type":"post","link":"https:\/\/news.canadamotorjobs.com\/fr\/audi-ferme-lusine-qui-produit-le-q8-e-tron\/","title":{"rendered":"Audi ferme l\u2019usine qui produit le Q8 e-tron"},"content":{"rendered":"<\/p>\n<p>Depuis quelques semaines, il est question dans l\u2019actualit\u00e9 de la possibilit\u00e9 que Volkswagen ferme des usines en Allemagne, une possibilit\u00e9 qui a entra\u00een\u00e9 des d\u00e9buts de gr\u00e8ves alors que le syndicat IG Metall fait tout en son pouvoir pour repousser ou \u00e9viter cette \u00e9ventualit\u00e9.<\/p>\n<p>Parall\u00e8lement, la division Audi de Volkswagen vient de prendre une d\u00e9cision en ce sens concernant l\u2019usine qu\u2019elle op\u00e8re \u00e0 Bruxelles, en Belgique. Cette derni\u00e8re, a annonc\u00e9 l\u2019entreprise, va fermer ses portes \u00e0 la fin du mois de f\u00e9vrier prochain. C\u2019est l\u00e0 que sont assembl\u00e9s les mod\u00e8les Q8 e-tron et Q8 e-tron Sportback. Non, leur production n\u2019a pas \u00e9t\u00e9 d\u00e9plac\u00e9e ailleurs. De fait, ils vont \u00eatre retir\u00e9s du catalogue, simplement parce que leurs ventes ne sont pas suffisamment importantes pour justifier le maintien des op\u00e9rations de cette usine.<\/p>\n<p>La compagnie a essay\u00e9 de trouver un acheteur pour ses installations, mais ses efforts n\u2019ont pas \u00e9t\u00e9 couronn\u00e9s de succ\u00e8s. Gerd Walker, membre du conseil d\u2019administration d\u2019Audi et responsable de la production, a d\u00e9clar\u00e9 ceci, comme le rapporte le groupe Reuters : \u00ab La d\u00e9cision de fermer l\u2019usine de Bruxelles est douloureuse. Personnellement, c\u2019est la plus difficile que j\u2019aie eu \u00e0 prendre dans ma carri\u00e8re professionnelle. \u00bb<\/p>\n<p><\/p>\n<figure><img decoding=\"async\" src=\"https:\/\/news.canadamotorjobs.com\/wp-content\/uploads\/2024\/12\/audi_q8_55_e-tron-5.jpeg\" alt=\"Audi Q8 e-tron 2024\" \/><figcaption>Audi Q8 e-tron 2024 | Auto123.com<\/figcaption><\/figure>\n<p>Le Q8 e-tron est la version tout \u00e9lectrique du VUS Q8. Il a \u00e9t\u00e9 lanc\u00e9 en 2018 sous le nom e-tron. La version Sportback a suivi. Puis, en 2022, on profitait de la refonte de mi-parcours qu\u2019on offrait au mod\u00e8le pour le rebaptiser afin d\u2019inclure le pr\u00e9fixe Q8 dans son appellation. L\u2019usine de Bruxelles fabriquait ces deux mod\u00e8les depuis d\u00e9cembre 2022.<\/p>\n<p>Les derni\u00e8res unit\u00e9s seront construites le 28 f\u00e9vrier prochain, selon ce qui est rapport\u00e9.<\/p>\n<p>L\u2019an dernier, Audi a vendu 49 001 unit\u00e9s du Q8 e-tron. Cela a repr\u00e9sent\u00e9 une baisse de 4,3 % par rapport \u00e0 l\u2019ann\u00e9e pr\u00e9c\u00e9dente. Ce chiffre ne semble pas catastrophique, mais pour une usine qui devait produire 120 000 v\u00e9hicules sur une base annuelle, on comprend que l\u2019exercice n\u2019est pas rentable. Le plan, qui a \u00e9t\u00e9 inaugur\u00e9 en 1949 apr\u00e8s la Seconde Guerre mondiale, compte 3000 employ\u00e9s.<\/p>\n<p>Fait amusant, l\u2019usine de Bruxelles a produit des Studebaker \u00e0 ses d\u00e9buts, jusqu\u2019en 1960. Au milieu des ann\u00e9es 50, elle accueillait la production de ses premiers v\u00e9hicules Volkswagen, en l\u2019occurrence la c\u00e9l\u00e8bre Coccinelle.<\/p>\n<p><\/p>\n<p style=\"padding-top: 15px\">Contenu original de <a href=\"https:\/\/www.auto123.com\/fr\/actualites\/audi-fermeture-usine-bruxelles-q8\/72194\/\">auto123<\/a>.<\/p>\n<p>Le texte <a rel=\"nofollow\" href=\"https:\/\/annuelauto.ca\/audi-ferme-lusine-qui-produit-le-q8-e-tron\/\">Audi ferme l\u2019usine qui produit le Q8 e-tron<\/a> provient de <a rel=\"nofollow\" href=\"https:\/\/annuelauto.ca\">L&#8217;annuel de l&#8217;automobile &#8211; Actualit\u00e9 automobile<\/a><\/p>\n<p><\/p>\n","protected":false},"excerpt":{"rendered":"<p>Depuis quelques semaines, il est question dans l\u2019actualit\u00e9 de la possibilit\u00e9 que Volkswagen ferme des usines en Allemagne, une possibilit\u00e9 qui a entra\u00een\u00e9 des d\u00e9buts de gr\u00e8ves alors que le syndicat IG Metall fait tout en son pouvoir pour repousser ou \u00e9viter cette \u00e9ventualit\u00e9. Parall\u00e8lement, la division Audi de Volkswagen vient de prendre une d\u00e9cision [&hellip;]<\/p>\n","protected":false},"author":8,"featured_media":185210,"comment_status":"close","ping_status":"closed","sticky":false,"template":"","format":"standard","meta":{"_monsterinsights_skip_tracking":false,"_monsterinsights_sitenote_active":false,"_monsterinsights_sitenote_note":"","_monsterinsights_sitenote_category":0,"footnotes":""},"categories":[101],"tags":[],"yoast_head":"<!-- This site is optimized with the Yoast SEO plugin v23.2 - https:\/\/yoast.com\/wordpress\/plugins\/seo\/ -->\n<title>Audi ferme l\u2019usine qui produit le Q8 e-tron - CanadaMotorJobs.com<\/title>\n<meta name=\"description\" content=\"Audi ferme l\u2019usine qui produit le Q8 e-tron - Benoit Charette - Annuel automobile - CanadaMotorJobs.com.\" \/>\n<meta name=\"robots\" content=\"index, follow, max-snippet:-1, max-image-preview:large, max-video-preview:-1\" \/>\n<meta property=\"og:locale\" content=\"fr_CA\" \/>\n<meta property=\"og:type\" content=\"article\" \/>\n<meta property=\"og:title\" content=\"Audi ferme l\u2019usine qui produit le Q8 e-tron - CanadaMotorJobs.com\" \/>\n<meta property=\"og:description\" content=\"Audi ferme l\u2019usine qui produit le Q8 e-tron - Benoit Charette - Annuel automobile - CanadaMotorJobs.com.\" \/>\n<meta property=\"og:url\" content=\"https:\/\/news.canadamotorjobs.com\/fr\/audi-ferme-lusine-qui-produit-le-q8-e-tron\/\" \/>\n<meta property=\"og:site_name\" content=\"CanadaMotorJobs.com\" \/>\n<meta property=\"article:publisher\" content=\"https:\/\/www.facebook.com\/canadamotorjobs\/\" \/>\n<meta property=\"article:published_time\" content=\"2024-12-18T07:24:58+00:00\" \/>\n<meta property=\"article:modified_time\" content=\"2024-12-18T07:29:28+00:00\" \/>\n<meta property=\"og:image\" content=\"https:\/\/news.canadamotorjobs.com\/wp-content\/uploads\/2024\/12\/audi_q8_55_e-tron.jpeg\" \/>\n\t<meta property=\"og:image:width\" content=\"1200\" \/>\n\t<meta property=\"og:image:height\" content=\"799\" \/>\n\t<meta property=\"og:image:type\" content=\"image\/jpeg\" \/>\n<meta name=\"author\" content=\"Benoit Charette\" \/>\n<meta name=\"twitter:card\" content=\"summary_large_image\" \/>\n<meta name=\"twitter:creator\" content=\"@canadamotorjobs\" \/>\n<meta name=\"twitter:site\" content=\"@canadamotorjobs\" \/>\n<meta name=\"twitter:label1\" content=\"\u00c9crit par\" \/>\n\t<meta name=\"twitter:data1\" content=\"Benoit Charette\" \/>\n\t<meta name=\"twitter:label2\" content=\"Estimation du temps de lecture\" \/>\n\t<meta name=\"twitter:data2\" content=\"2 minutes\" \/>\n<!-- \/ Yoast SEO plugin. -->","yoast_head_json":{"title":"Audi ferme l\u2019usine qui produit le Q8 e-tron - CanadaMotorJobs.com","description":"Audi ferme l\u2019usine qui produit le Q8 e-tron - Benoit Charette - Annuel automobile - CanadaMotorJobs.com.","robots":{"index":"index","follow":"follow","max-snippet":"max-snippet:-1","max-image-preview":"max-image-preview:large","max-video-preview":"max-video-preview:-1"},"og_locale":"fr_CA","og_type":"article","og_title":"Audi ferme l\u2019usine qui produit le Q8 e-tron - CanadaMotorJobs.com","og_description":"Audi ferme l\u2019usine qui produit le Q8 e-tron - Benoit Charette - Annuel automobile - CanadaMotorJobs.com.","og_url":"https:\/\/news.canadamotorjobs.com\/fr\/audi-ferme-lusine-qui-produit-le-q8-e-tron\/","og_site_name":"CanadaMotorJobs.com","article_publisher":"https:\/\/www.facebook.com\/canadamotorjobs\/","article_published_time":"2024-12-18T07:24:58+00:00","article_modified_time":"2024-12-18T07:29:28+00:00","og_image":[{"width":1200,"height":799,"url":"https:\/\/news.canadamotorjobs.com\/wp-content\/uploads\/2024\/12\/audi_q8_55_e-tron.jpeg","type":"image\/jpeg"}],"author":"Benoit Charette","twitter_card":"summary_large_image","twitter_creator":"@canadamotorjobs","twitter_site":"@canadamotorjobs","twitter_misc":{"\u00c9crit par":"Benoit Charette","Estimation du temps de lecture":"2 minutes"},"schema":{"@context":"https:\/\/schema.org","@graph":[{"@type":"Article","@id":"https:\/\/news.canadamotorjobs.com\/fr\/audi-ferme-lusine-qui-produit-le-q8-e-tron\/#article","isPartOf":{"@id":"https:\/\/news.canadamotorjobs.com\/fr\/audi-ferme-lusine-qui-produit-le-q8-e-tron\/"},"author":{"name":"Benoit Charette","@id":"https:\/\/news.canadamotorjobs.com\/#\/schema\/person\/51793d1f87d44011d7bcc2ed99269a90"},"headline":"Audi ferme l\u2019usine qui produit le Q8 e-tron","datePublished":"2024-12-18T07:24:58+00:00","dateModified":"2024-12-18T07:29:28+00:00","mainEntityOfPage":{"@id":"https:\/\/news.canadamotorjobs.com\/fr\/audi-ferme-lusine-qui-produit-le-q8-e-tron\/"},"wordCount":451,"publisher":{"@id":"https:\/\/news.canadamotorjobs.com\/#organization"},"image":{"@id":"https:\/\/news.canadamotorjobs.com\/fr\/audi-ferme-lusine-qui-produit-le-q8-e-tron\/#primaryimage"},"thumbnailUrl":"https:\/\/news.canadamotorjobs.com\/wp-content\/uploads\/2024\/12\/audi_q8_55_e-tron.jpeg","articleSection":["Annuel automobile"],"inLanguage":"fr-CA"},{"@type":"WebPage","@id":"https:\/\/news.canadamotorjobs.com\/fr\/audi-ferme-lusine-qui-produit-le-q8-e-tron\/","url":"https:\/\/news.canadamotorjobs.com\/fr\/audi-ferme-lusine-qui-produit-le-q8-e-tron\/","name":"Audi ferme l\u2019usine qui produit le Q8 e-tron - CanadaMotorJobs.com","isPartOf":{"@id":"https:\/\/news.canadamotorjobs.com\/#website"},"primaryImageOfPage":{"@id":"https:\/\/news.canadamotorjobs.com\/fr\/audi-ferme-lusine-qui-produit-le-q8-e-tron\/#primaryimage"},"image":{"@id":"https:\/\/news.canadamotorjobs.com\/fr\/audi-ferme-lusine-qui-produit-le-q8-e-tron\/#primaryimage"},"thumbnailUrl":"https:\/\/news.canadamotorjobs.com\/wp-content\/uploads\/2024\/12\/audi_q8_55_e-tron.jpeg","datePublished":"2024-12-18T07:24:58+00:00","dateModified":"2024-12-18T07:29:28+00:00","description":"Audi ferme l\u2019usine qui produit le Q8 e-tron - Benoit Charette - Annuel automobile - CanadaMotorJobs.com.","breadcrumb":{"@id":"https:\/\/news.canadamotorjobs.com\/fr\/audi-ferme-lusine-qui-produit-le-q8-e-tron\/#breadcrumb"},"inLanguage":"fr-CA","potentialAction":[{"@type":"ReadAction","target":["https:\/\/news.canadamotorjobs.com\/fr\/audi-ferme-lusine-qui-produit-le-q8-e-tron\/"]}]},{"@type":"ImageObject","inLanguage":"fr-CA","@id":"https:\/\/news.canadamotorjobs.com\/fr\/audi-ferme-lusine-qui-produit-le-q8-e-tron\/#primaryimage","url":"https:\/\/news.canadamotorjobs.com\/wp-content\/uploads\/2024\/12\/audi_q8_55_e-tron.jpeg","contentUrl":"https:\/\/news.canadamotorjobs.com\/wp-content\/uploads\/2024\/12\/audi_q8_55_e-tron.jpeg","width":1200,"height":799},{"@type":"BreadcrumbList","@id":"https:\/\/news.canadamotorjobs.com\/fr\/audi-ferme-lusine-qui-produit-le-q8-e-tron\/#breadcrumb","itemListElement":[{"@type":"ListItem","position":1,"name":"Home","item":"https:\/\/news.canadamotorjobs.com\/fr\/blog\/"},{"@type":"ListItem","position":2,"name":"Audi ferme l\u2019usine qui produit le Q8 e-tron"}]},{"@type":"WebSite","@id":"https:\/\/news.canadamotorjobs.com\/#website","url":"https:\/\/news.canadamotorjobs.com\/","name":"CanadaMotorJobs.com","description":"Automotive Jobs","publisher":{"@id":"https:\/\/news.canadamotorjobs.com\/#organization"},"potentialAction":[{"@type":"SearchAction","target":{"@type":"EntryPoint","urlTemplate":"https:\/\/news.canadamotorjobs.com\/?s={search_term_string}"},"query-input":"required name=search_term_string"}],"inLanguage":"fr-CA"},{"@type":"Organization","@id":"https:\/\/news.canadamotorjobs.com\/#organization","name":"Canada Motor Jobs","url":"https:\/\/news.canadamotorjobs.com\/","logo":{"@type":"ImageObject","inLanguage":"fr-CA","@id":"https:\/\/news.canadamotorjobs.com\/#\/schema\/logo\/image\/","url":"https:\/\/news.canadamotorjobs.com\/wp-content\/uploads\/2022\/10\/logo-canada-motor-jobs-1.png","contentUrl":"https:\/\/news.canadamotorjobs.com\/wp-content\/uploads\/2022\/10\/logo-canada-motor-jobs-1.png","width":800,"height":400,"caption":"Canada Motor Jobs"},"image":{"@id":"https:\/\/news.canadamotorjobs.com\/#\/schema\/logo\/image\/"},"sameAs":["https:\/\/www.facebook.com\/canadamotorjobs\/","https:\/\/x.com\/canadamotorjobs","https:\/\/www.instagram.com\/canadamotorjobs\/","https:\/\/www.linkedin.com\/company\/canadamotorjobs"]},{"@type":"Person","@id":"https:\/\/news.canadamotorjobs.com\/#\/schema\/person\/51793d1f87d44011d7bcc2ed99269a90","name":"Benoit Charette","image":{"@type":"ImageObject","inLanguage":"fr-CA","@id":"https:\/\/news.canadamotorjobs.com\/#\/schema\/person\/image\/","url":"https:\/\/secure.gravatar.com\/avatar\/45f3d2eebcccd909668d7ce7ea7267b6?s=96&d=mm&r=g","contentUrl":"https:\/\/secure.gravatar.com\/avatar\/45f3d2eebcccd909668d7ce7ea7267b6?s=96&d=mm&r=g","caption":"Benoit Charette"},"description":"Benoit Charette \/ Propri\u00e9taire et r\u00e9dacteur en chef Benoit Charette pratique le journalisme automobile depuis bient\u00f4t 30 ans. Il a fait ses classes au c\u00f4t\u00e9 de Daniel H\u00e9raud et au Carnet de route de 1992 \u00e0 2001. Il est fondateur, copropri\u00e9taire et r\u00e9dacteur en chef de L\u2019Annuel de l\u2019automobile, qu\u2019il publie depuis 2001. Il a anim\u00e9 les \u00e9missions RPM et RPM+ sur V et les L\u00e9gendes de la route sur Historia. \u00c0 la radio depuis 1986, il reprend l\u2019antenne cette ann\u00e9e sur les ondes de Cogeco et participe pour la deuxi\u00e8me ann\u00e9e \u00e0 l\u2019\u00e9mission Passion Auto sur RDS en plus de mettre en ligne le site Web officiel de L\u2019Annuel de l\u2019automobile sur annuelauto.ca.","sameAs":["https:\/\/annuelauto.ca\/"],"url":"https:\/\/news.canadamotorjobs.com\/fr\/author\/benoit-charette\/"}]}},"_links":{"self":[{"href":"https:\/\/news.canadamotorjobs.com\/fr\/wp-json\/wp\/v2\/posts\/185208"}],"collection":[{"href":"https:\/\/news.canadamotorjobs.com\/fr\/wp-json\/wp\/v2\/posts"}],"about":[{"href":"https:\/\/news.canadamotorjobs.com\/fr\/wp-json\/wp\/v2\/types\/post"}],"author":[{"embeddable":true,"href":"https:\/\/news.canadamotorjobs.com\/fr\/wp-json\/wp\/v2\/users\/8"}],"replies":[{"embeddable":true,"href":"https:\/\/news.canadamotorjobs.com\/fr\/wp-json\/wp\/v2\/comments?post=185208"}],"version-history":[{"count":3,"href":"https:\/\/news.canadamotorjobs.com\/fr\/wp-json\/wp\/v2\/posts\/185208\/revisions"}],"predecessor-version":[{"id":185235,"href":"https:\/\/news.canadamotorjobs.com\/fr\/wp-json\/wp\/v2\/posts\/185208\/revisions\/185235"}],"wp:featuredmedia":[{"embeddable":true,"href":"https:\/\/news.canadamotorjobs.com\/fr\/wp-json\/wp\/v2\/media\/185210"}],"wp:attachment":[{"href":"https:\/\/news.canadamotorjobs.com\/fr\/wp-json\/wp\/v2\/media?parent=185208"}],"wp:term":[{"taxonomy":"category","embeddable":true,"href":"https:\/\/news.canadamotorjobs.com\/fr\/wp-json\/wp\/v2\/categories?post=185208"},{"taxonomy":"post_tag","embeddable":true,"href":"https:\/\/news.canadamotorjobs.com\/fr\/wp-json\/wp\/v2\/tags?post=185208"}],"curies":[{"name":"wp","href":"https:\/\/api.w.org\/{rel}","templated":true}]}}