{"id":185180,"date":"2024-12-18T02:24:59","date_gmt":"2024-12-18T07:24:59","guid":{"rendered":"https:\/\/news.canadamotorjobs.com\/?p=185180"},"modified":"2024-12-18T02:29:15","modified_gmt":"2024-12-18T07:29:15","slug":"rappel-des-porsche-macan-electriques-pour-phares-trop-puissants","status":"publish","type":"post","link":"https:\/\/news.canadamotorjobs.com\/fr\/rappel-des-porsche-macan-electriques-pour-phares-trop-puissants\/","title":{"rendered":"Rappel des Porsche Macan \u00e9lectriques pour phares trop puissants"},"content":{"rendered":"<\/p>\n<p>Porsche rappelle 2941 Macan \u00e9lectriques des ann\u00e9es 2024 et 2025 en raison de phares qui sont trop puissants. Ils sont en fait non conformes aux normes am\u00e9ricaines. Ce d\u00e9faut pourrait r\u00e9duire la visibilit\u00e9 des conducteurs venant en sens inverse et augmenter le risque d\u2019accident.<\/p>\n<p>Au Canada, 10 v\u00e9hicules sont concern\u00e9s par cette campagne.<\/p>\n<p>Les v\u00e9hicules concern\u00e9s ont \u00e9t\u00e9 fabriqu\u00e9s entre le 15 mars 2024 et le 4 novembre 2024. Selon la NHTSA (National Highway Traffic Safety Administration) am\u00e9ricaine, l\u2019\u00e9quivalent de Transports Canada, le logiciel de contr\u00f4le des phares de ces mod\u00e8les a \u00e9t\u00e9 programm\u00e9 selon les normes europ\u00e9ennes plut\u00f4t que celles des \u00c9tats-Unis. En cons\u00e9quence, l\u2019intensit\u00e9 lumineuse d\u00e9passe les limites fix\u00e9es.<\/p>\n<p><\/p>\n<figure><img decoding=\"async\" src=\"https:\/\/news.canadamotorjobs.com\/wp-content\/uploads\/2024\/12\/08_Macan-5.jpeg\" alt=\"The Porsche Macan EV\" \/><figcaption>The Porsche Macan EV | Auto123.com<\/figcaption><\/figure>\n<p><strong>Solution logicielle, mais chez le concessionnaire<\/strong><\/p>\n<p>Porsche dit que cette erreur a \u00e9t\u00e9 corrig\u00e9e pour les v\u00e9hicules produits ult\u00e9rieurement, mais que 100 % des unit\u00e9s rappel\u00e9es sont susceptibles d\u2019avoir le logiciel d\u00e9fectueux. Bien qu\u2019il s\u2019agisse d\u2019un probl\u00e8me purement logiciel, la mise \u00e0 jour ne peut pas \u00eatre r\u00e9alis\u00e9e via la voie des airs. Une visite en concession sera n\u00e9cessaire.<\/p>\n<p>Les techniciens reprogrammeront gratuitement les unit\u00e9s de contr\u00f4le des phares.<\/p>\n<p>Les propri\u00e9taires recevront des lettres de notification \u00e0 partir du 24 janvier 2025.<\/p>\n<p>Bas\u00e9 sur la plateforme PPE (Premium Platform Electric) d\u00e9velopp\u00e9e avec Audi, le Macan \u00e9lectrique a \u00e9t\u00e9 lanc\u00e9 pour l\u2019ann\u00e9e-mod\u00e8le 2024.<\/p>\n<p><strong>Un rappel n\u00e9cessaire pour garantir la s\u00e9curit\u00e9<\/strong><\/p>\n<p>Malgr\u00e9 son impact limit\u00e9, ce rappel souligne l\u2019importance des normes de s\u00e9curit\u00e9 et de l\u2019adaptation des v\u00e9hicules aux r\u00e9glementations locales.<\/p>\n<p><\/p>\n<p style=\"padding-top: 15px\">Contenu original de <a href=\"https:\/\/www.auto123.com\/fr\/actualites\/rappel-porsche-macan-electrique-phares-2024\/72193\/\">auto123<\/a>.<\/p>\n<p>Le texte <a rel=\"nofollow\" href=\"https:\/\/annuelauto.ca\/rappel-des-porsche-macan-electriques-pour-phares-trop-puissants\/\">Rappel des Porsche Macan \u00e9lectriques pour phares trop puissants<\/a> provient de <a rel=\"nofollow\" href=\"https:\/\/annuelauto.ca\">L&#8217;annuel de l&#8217;automobile &#8211; Actualit\u00e9 automobile<\/a><\/p>\n<p><\/p>\n","protected":false},"excerpt":{"rendered":"<p>Porsche rappelle 2941 Macan \u00e9lectriques des ann\u00e9es 2024 et 2025 en raison de phares qui sont trop puissants. Ils sont en fait non conformes aux normes am\u00e9ricaines. Ce d\u00e9faut pourrait r\u00e9duire la visibilit\u00e9 des conducteurs venant en sens inverse et augmenter le risque d\u2019accident. Au Canada, 10 v\u00e9hicules sont concern\u00e9s par cette campagne. Les v\u00e9hicules [&hellip;]<\/p>\n","protected":false},"author":8,"featured_media":185182,"comment_status":"close","ping_status":"closed","sticky":false,"template":"","format":"standard","meta":{"_monsterinsights_skip_tracking":false,"_monsterinsights_sitenote_active":false,"_monsterinsights_sitenote_note":"","_monsterinsights_sitenote_category":0,"footnotes":""},"categories":[101],"tags":[],"yoast_head":"<!-- This site is optimized with the Yoast SEO plugin v23.2 - https:\/\/yoast.com\/wordpress\/plugins\/seo\/ -->\n<title>Rappel des Porsche Macan \u00e9lectriques pour phares trop puissants - CanadaMotorJobs.com<\/title>\n<meta name=\"description\" content=\"Rappel des Porsche Macan \u00e9lectriques pour phares trop puissants - Benoit Charette - Annuel automobile - CanadaMotorJobs.com.\" \/>\n<meta name=\"robots\" content=\"index, follow, max-snippet:-1, max-image-preview:large, max-video-preview:-1\" \/>\n<meta property=\"og:locale\" content=\"fr_CA\" \/>\n<meta property=\"og:type\" content=\"article\" \/>\n<meta property=\"og:title\" content=\"Rappel des Porsche Macan \u00e9lectriques pour phares trop puissants - CanadaMotorJobs.com\" \/>\n<meta property=\"og:description\" content=\"Rappel des Porsche Macan \u00e9lectriques pour phares trop puissants - Benoit Charette - Annuel automobile - CanadaMotorJobs.com.\" \/>\n<meta property=\"og:url\" content=\"https:\/\/news.canadamotorjobs.com\/fr\/rappel-des-porsche-macan-electriques-pour-phares-trop-puissants\/\" \/>\n<meta property=\"og:site_name\" content=\"CanadaMotorJobs.com\" \/>\n<meta property=\"article:publisher\" content=\"https:\/\/www.facebook.com\/canadamotorjobs\/\" \/>\n<meta property=\"article:published_time\" content=\"2024-12-18T07:24:59+00:00\" \/>\n<meta property=\"article:modified_time\" content=\"2024-12-18T07:29:15+00:00\" \/>\n<meta property=\"og:image\" content=\"https:\/\/news.canadamotorjobs.com\/wp-content\/uploads\/2024\/12\/08_Macan.jpeg\" \/>\n\t<meta property=\"og:image:width\" content=\"1200\" \/>\n\t<meta property=\"og:image:height\" content=\"674\" \/>\n\t<meta property=\"og:image:type\" content=\"image\/jpeg\" \/>\n<meta name=\"author\" content=\"Benoit Charette\" \/>\n<meta name=\"twitter:card\" content=\"summary_large_image\" \/>\n<meta name=\"twitter:creator\" content=\"@canadamotorjobs\" \/>\n<meta name=\"twitter:site\" content=\"@canadamotorjobs\" \/>\n<meta name=\"twitter:label1\" content=\"\u00c9crit par\" \/>\n\t<meta name=\"twitter:data1\" content=\"Benoit Charette\" \/>\n\t<meta name=\"twitter:label2\" content=\"Estimation du temps de lecture\" \/>\n\t<meta name=\"twitter:data2\" content=\"2 minutes\" \/>\n<!-- \/ Yoast SEO plugin. -->","yoast_head_json":{"title":"Rappel des Porsche Macan \u00e9lectriques pour phares trop puissants - CanadaMotorJobs.com","description":"Rappel des Porsche Macan \u00e9lectriques pour phares trop puissants - Benoit Charette - Annuel automobile - CanadaMotorJobs.com.","robots":{"index":"index","follow":"follow","max-snippet":"max-snippet:-1","max-image-preview":"max-image-preview:large","max-video-preview":"max-video-preview:-1"},"og_locale":"fr_CA","og_type":"article","og_title":"Rappel des Porsche Macan \u00e9lectriques pour phares trop puissants - CanadaMotorJobs.com","og_description":"Rappel des Porsche Macan \u00e9lectriques pour phares trop puissants - Benoit Charette - Annuel automobile - CanadaMotorJobs.com.","og_url":"https:\/\/news.canadamotorjobs.com\/fr\/rappel-des-porsche-macan-electriques-pour-phares-trop-puissants\/","og_site_name":"CanadaMotorJobs.com","article_publisher":"https:\/\/www.facebook.com\/canadamotorjobs\/","article_published_time":"2024-12-18T07:24:59+00:00","article_modified_time":"2024-12-18T07:29:15+00:00","og_image":[{"width":1200,"height":674,"url":"https:\/\/news.canadamotorjobs.com\/wp-content\/uploads\/2024\/12\/08_Macan.jpeg","type":"image\/jpeg"}],"author":"Benoit Charette","twitter_card":"summary_large_image","twitter_creator":"@canadamotorjobs","twitter_site":"@canadamotorjobs","twitter_misc":{"\u00c9crit par":"Benoit Charette","Estimation du temps de lecture":"2 minutes"},"schema":{"@context":"https:\/\/schema.org","@graph":[{"@type":"Article","@id":"https:\/\/news.canadamotorjobs.com\/fr\/rappel-des-porsche-macan-electriques-pour-phares-trop-puissants\/#article","isPartOf":{"@id":"https:\/\/news.canadamotorjobs.com\/fr\/rappel-des-porsche-macan-electriques-pour-phares-trop-puissants\/"},"author":{"name":"Benoit Charette","@id":"https:\/\/news.canadamotorjobs.com\/#\/schema\/person\/51793d1f87d44011d7bcc2ed99269a90"},"headline":"Rappel des Porsche Macan \u00e9lectriques pour phares trop puissants","datePublished":"2024-12-18T07:24:59+00:00","dateModified":"2024-12-18T07:29:15+00:00","mainEntityOfPage":{"@id":"https:\/\/news.canadamotorjobs.com\/fr\/rappel-des-porsche-macan-electriques-pour-phares-trop-puissants\/"},"wordCount":314,"publisher":{"@id":"https:\/\/news.canadamotorjobs.com\/#organization"},"image":{"@id":"https:\/\/news.canadamotorjobs.com\/fr\/rappel-des-porsche-macan-electriques-pour-phares-trop-puissants\/#primaryimage"},"thumbnailUrl":"https:\/\/news.canadamotorjobs.com\/wp-content\/uploads\/2024\/12\/08_Macan.jpeg","articleSection":["Annuel automobile"],"inLanguage":"fr-CA"},{"@type":"WebPage","@id":"https:\/\/news.canadamotorjobs.com\/fr\/rappel-des-porsche-macan-electriques-pour-phares-trop-puissants\/","url":"https:\/\/news.canadamotorjobs.com\/fr\/rappel-des-porsche-macan-electriques-pour-phares-trop-puissants\/","name":"Rappel des Porsche Macan \u00e9lectriques pour phares trop puissants - CanadaMotorJobs.com","isPartOf":{"@id":"https:\/\/news.canadamotorjobs.com\/#website"},"primaryImageOfPage":{"@id":"https:\/\/news.canadamotorjobs.com\/fr\/rappel-des-porsche-macan-electriques-pour-phares-trop-puissants\/#primaryimage"},"image":{"@id":"https:\/\/news.canadamotorjobs.com\/fr\/rappel-des-porsche-macan-electriques-pour-phares-trop-puissants\/#primaryimage"},"thumbnailUrl":"https:\/\/news.canadamotorjobs.com\/wp-content\/uploads\/2024\/12\/08_Macan.jpeg","datePublished":"2024-12-18T07:24:59+00:00","dateModified":"2024-12-18T07:29:15+00:00","description":"Rappel des Porsche Macan \u00e9lectriques pour phares trop puissants - Benoit Charette - Annuel automobile - CanadaMotorJobs.com.","breadcrumb":{"@id":"https:\/\/news.canadamotorjobs.com\/fr\/rappel-des-porsche-macan-electriques-pour-phares-trop-puissants\/#breadcrumb"},"inLanguage":"fr-CA","potentialAction":[{"@type":"ReadAction","target":["https:\/\/news.canadamotorjobs.com\/fr\/rappel-des-porsche-macan-electriques-pour-phares-trop-puissants\/"]}]},{"@type":"ImageObject","inLanguage":"fr-CA","@id":"https:\/\/news.canadamotorjobs.com\/fr\/rappel-des-porsche-macan-electriques-pour-phares-trop-puissants\/#primaryimage","url":"https:\/\/news.canadamotorjobs.com\/wp-content\/uploads\/2024\/12\/08_Macan.jpeg","contentUrl":"https:\/\/news.canadamotorjobs.com\/wp-content\/uploads\/2024\/12\/08_Macan.jpeg","width":1200,"height":674},{"@type":"BreadcrumbList","@id":"https:\/\/news.canadamotorjobs.com\/fr\/rappel-des-porsche-macan-electriques-pour-phares-trop-puissants\/#breadcrumb","itemListElement":[{"@type":"ListItem","position":1,"name":"Home","item":"https:\/\/news.canadamotorjobs.com\/fr\/blog\/"},{"@type":"ListItem","position":2,"name":"Rappel des Porsche Macan \u00e9lectriques pour phares trop puissants"}]},{"@type":"WebSite","@id":"https:\/\/news.canadamotorjobs.com\/#website","url":"https:\/\/news.canadamotorjobs.com\/","name":"CanadaMotorJobs.com","description":"Automotive Jobs","publisher":{"@id":"https:\/\/news.canadamotorjobs.com\/#organization"},"potentialAction":[{"@type":"SearchAction","target":{"@type":"EntryPoint","urlTemplate":"https:\/\/news.canadamotorjobs.com\/?s={search_term_string}"},"query-input":"required name=search_term_string"}],"inLanguage":"fr-CA"},{"@type":"Organization","@id":"https:\/\/news.canadamotorjobs.com\/#organization","name":"Canada Motor Jobs","url":"https:\/\/news.canadamotorjobs.com\/","logo":{"@type":"ImageObject","inLanguage":"fr-CA","@id":"https:\/\/news.canadamotorjobs.com\/#\/schema\/logo\/image\/","url":"https:\/\/news.canadamotorjobs.com\/wp-content\/uploads\/2022\/10\/logo-canada-motor-jobs-1.png","contentUrl":"https:\/\/news.canadamotorjobs.com\/wp-content\/uploads\/2022\/10\/logo-canada-motor-jobs-1.png","width":800,"height":400,"caption":"Canada Motor Jobs"},"image":{"@id":"https:\/\/news.canadamotorjobs.com\/#\/schema\/logo\/image\/"},"sameAs":["https:\/\/www.facebook.com\/canadamotorjobs\/","https:\/\/x.com\/canadamotorjobs","https:\/\/www.instagram.com\/canadamotorjobs\/","https:\/\/www.linkedin.com\/company\/canadamotorjobs"]},{"@type":"Person","@id":"https:\/\/news.canadamotorjobs.com\/#\/schema\/person\/51793d1f87d44011d7bcc2ed99269a90","name":"Benoit Charette","image":{"@type":"ImageObject","inLanguage":"fr-CA","@id":"https:\/\/news.canadamotorjobs.com\/#\/schema\/person\/image\/","url":"https:\/\/secure.gravatar.com\/avatar\/45f3d2eebcccd909668d7ce7ea7267b6?s=96&d=mm&r=g","contentUrl":"https:\/\/secure.gravatar.com\/avatar\/45f3d2eebcccd909668d7ce7ea7267b6?s=96&d=mm&r=g","caption":"Benoit Charette"},"description":"Benoit Charette \/ Propri\u00e9taire et r\u00e9dacteur en chef Benoit Charette pratique le journalisme automobile depuis bient\u00f4t 30 ans. Il a fait ses classes au c\u00f4t\u00e9 de Daniel H\u00e9raud et au Carnet de route de 1992 \u00e0 2001. Il est fondateur, copropri\u00e9taire et r\u00e9dacteur en chef de L\u2019Annuel de l\u2019automobile, qu\u2019il publie depuis 2001. Il a anim\u00e9 les \u00e9missions RPM et RPM+ sur V et les L\u00e9gendes de la route sur Historia. \u00c0 la radio depuis 1986, il reprend l\u2019antenne cette ann\u00e9e sur les ondes de Cogeco et participe pour la deuxi\u00e8me ann\u00e9e \u00e0 l\u2019\u00e9mission Passion Auto sur RDS en plus de mettre en ligne le site Web officiel de L\u2019Annuel de l\u2019automobile sur annuelauto.ca.","sameAs":["https:\/\/annuelauto.ca\/"],"url":"https:\/\/news.canadamotorjobs.com\/fr\/author\/benoit-charette\/"}]}},"_links":{"self":[{"href":"https:\/\/news.canadamotorjobs.com\/fr\/wp-json\/wp\/v2\/posts\/185180"}],"collection":[{"href":"https:\/\/news.canadamotorjobs.com\/fr\/wp-json\/wp\/v2\/posts"}],"about":[{"href":"https:\/\/news.canadamotorjobs.com\/fr\/wp-json\/wp\/v2\/types\/post"}],"author":[{"embeddable":true,"href":"https:\/\/news.canadamotorjobs.com\/fr\/wp-json\/wp\/v2\/users\/8"}],"replies":[{"embeddable":true,"href":"https:\/\/news.canadamotorjobs.com\/fr\/wp-json\/wp\/v2\/comments?post=185180"}],"version-history":[{"count":3,"href":"https:\/\/news.canadamotorjobs.com\/fr\/wp-json\/wp\/v2\/posts\/185180\/revisions"}],"predecessor-version":[{"id":185207,"href":"https:\/\/news.canadamotorjobs.com\/fr\/wp-json\/wp\/v2\/posts\/185180\/revisions\/185207"}],"wp:featuredmedia":[{"embeddable":true,"href":"https:\/\/news.canadamotorjobs.com\/fr\/wp-json\/wp\/v2\/media\/185182"}],"wp:attachment":[{"href":"https:\/\/news.canadamotorjobs.com\/fr\/wp-json\/wp\/v2\/media?parent=185180"}],"wp:term":[{"taxonomy":"category","embeddable":true,"href":"https:\/\/news.canadamotorjobs.com\/fr\/wp-json\/wp\/v2\/categories?post=185180"},{"taxonomy":"post_tag","embeddable":true,"href":"https:\/\/news.canadamotorjobs.com\/fr\/wp-json\/wp\/v2\/tags?post=185180"}],"curies":[{"name":"wp","href":"https:\/\/api.w.org\/{rel}","templated":true}]}}