{"id":185138,"date":"2024-12-17T13:54:20","date_gmt":"2024-12-17T18:54:20","guid":{"rendered":"https:\/\/news.canadamotorjobs.com\/?p=185138"},"modified":"2024-12-17T14:13:52","modified_gmt":"2024-12-17T19:13:52","slug":"suzuki-participera-au-salon-ces-de-las-vegas-pour-la-premiere-fois-en-2025","status":"publish","type":"post","link":"https:\/\/news.canadamotorjobs.com\/fr\/suzuki-participera-au-salon-ces-de-las-vegas-pour-la-premiere-fois-en-2025\/","title":{"rendered":"Suzuki participera au salon CES de Las Vegas pour la premi\u00e8re fois en 2025"},"content":{"rendered":"<\/p>\n<p><a href=\"https:\/\/annuelauto.ca\/afrique-du-sud-pres-de-800-proprietaires-de-4x4-suzuki-etablissent-un-record-du-monde-guinness\/\" target=\"_blank\" rel=\"noopener noreferrer\">Suzuki<\/a> pr\u00e9pare peut-\u00eatre un retour en sol nord-am\u00e9ricain, mais pas n\u00e9cessairement avec des autos et des utilitaires lilliputiens comme il offrait autrefois. Cette grande marque nipponne, qui a abandonn\u00e9 notre march\u00e9 quelques ann\u00e9es avant le tournant du 21e si\u00e8cle, sera pr\u00e9sente pour la premi\u00e8re fois au <a href=\"https:\/\/annuelauto.ca\/lafeela-lauto-concue-pour-les-amateurs-karaoke-et-les-cinephiles\/\" target=\"_blank\" rel=\"noopener noreferrer\">Consumer Electronics Show (CES) pr\u00e9sent\u00e9 \u00e0 Las Vegas du 7 au 10 janvier prochains<\/a>. Ce constructeur montrera des concepts novateurs r\u00e9pondant \u00e0 des pr\u00e9occupations environnementales et sociales nouvelles.<\/p>\n<p>Dans un communiqu\u00e9 publi\u00e9 aujourd\u2019hui, le constructeur annonce qu\u2019il mettra en valeur l\u2019impact que peut avoir l\u2019adoption de petits v\u00e9hicules dans un environnement donn\u00e9 avec son kiosque am\u00e9nag\u00e9 sur le th\u00e8me <em>Impact of the Small: creating the small for big change<\/em> \u2014 l\u2019impact du petit, en traduction libre.<\/p>\n<p>Cette initiative vise \u00e0 d\u00e9velopper une communaut\u00e9 en accord avec la philosophie qui guide Suzuki depuis sa cr\u00e9ation et qui s\u2019exprime par l\u2019expression japonaise <em>Sho-Sho-Kei-Tan-Bi<\/em>, qui se traduit par \u00ab r\u00e9duire, \u00e9conomiser, all\u00e9ger, raccourcir et rationaliser \u00bb.<\/p>\n<p>Les visiteurs qui arpenteront le kiosque de Suzuki au CES pourront d\u2019abord visionner un film expliquant cette philosophie avec, tout pr\u00e8s d\u2019eux, une petite camionnette Suzuki Super\u00a0Carry, un mod\u00e8le embl\u00e9matique de la gamme japonaise qui illustre parfaitement cette philosophie.<\/p>\n<h3><strong>Projets conjoints<\/strong><\/h3>\n<p>\nL\u2019exposition du constructeur mettra \u00e9galement en valeur plusieurs projets de Suzuki, dont certains qui sont d\u00e9velopp\u00e9s en collaboration avec des sp\u00e9cialistes de la mobilit\u00e9 \u00e9lectrifi\u00e9e ou autonome.<\/p>\n<p>On pense notamment au concept e-Mobility con\u00e7u par Suzuki et qui prend la forme d\u2019une mini plateforme robotis\u00e9e tout-terrain \u00e0 quatre roues directrices. Elle partage une technologie mise au point par le constructeur pour son Senior\u00a0Car, un d\u00e9ambulateur \u00e9lectrique monoplace.<\/p>\n<p>Il y aura aussi le concept Blanc\u00a0Robot de sixi\u00e8me g\u00e9n\u00e9ration que d\u00e9veloppent conjointement l\u2019entreprise australienne Applied\u00a0EV et Suzuki depuis 2022. Con\u00e7ue en diff\u00e9rents formats, cette plateforme autonome \u00e9lectrique est destin\u00e9e principalement \u00e0 des activit\u00e9s commerciales et industrielles.<\/p>\n<p>La collaboration entam\u00e9e en mai 2024 avec la soci\u00e9t\u00e9 \u00e9tatsunienne Glydways sera \u00e9galement expos\u00e9e au public par le biais d\u2019une navette. Suzuki Motor Corporation a choisi d\u2019investir dans cette jeune pousse californienne pour contribuer au d\u00e9veloppement de son syst\u00e8me int\u00e9gr\u00e9 de transports de personnes sur demande, qui utilisera ces v\u00e9hicules \u00e9lectriques autonomes compacts circulant sur des voies r\u00e9serv\u00e9es, une solution cens\u00e9e r\u00e9duire les co\u00fbts d&#8217;infrastructures par rapport aux services publics de transports traditionnels.<\/p>\n<p>On verra \u00e9galement les r\u00e9alisations de deux partenaires japonais de Suzuki : le petit v\u00e9hicule de livraison robotis\u00e9 LM-A de Lomby et le drone de d\u00e9neigement V3 d&#8217;Everblue Technologies, deux concepts \u00e9lectriques en cours de d\u00e9veloppement.<\/p>\n<h3><strong>Peu de constructeurs au CES cette ann\u00e9e encore<\/strong><\/h3>\n<p>\nDe nouveau cette ann\u00e9e, on trouvera peu de grands constructeurs au CES. Seulement cinq ont confirm\u00e9 leur pr\u00e9sence\u00a0: Volkswagen, BMW, Honda, Mitsubishi et Suzuki.<\/p>\n<p>Bien que ce soit le m\u00eame nombre de constructeurs qu\u2019il y avait en 2024, cette apparente stabilit\u00e9 cache une r\u00e9alit\u00e9 influenc\u00e9e par la p\u00e9riode trouble entourant la production et la commercialisation des v\u00e9hicules \u00e9lectrifi\u00e9s.<\/p>\n<p>L\u2019approche de ces cinq constructeurs pr\u00e9sents sera diff\u00e9rente aussi. Par exemple, ils occuperont des kiosques moins grands et emploieront des espaces de r\u00e9union plus humbles pour pr\u00e9senter leurs nouvelles technologies.<\/p>\n<p>Par ailleurs, Hyundai et Kia brilleront par leur absence cette ann\u00e9e, tout comme les constructeurs am\u00e9ricains General Motors, Ford et Stellantis. Pour sa part, Toyota sera pr\u00e9sent avec <a href=\"https:\/\/annuelauto.ca\/le-president-de-toyota-akio-toyoda-prevoit-que-les-parts-des-vehicules-eleectriques-sur-la-route-ne-depassera-jamais-les-30\/\" target=\"_blank\" rel=\"noopener noreferrer\">Akio Toyoda<\/a>. L\u2019ancien PDG fera le point sur la progression des travaux entourant Woven\u00a0City, cette ville r\u00e9volutionnaire aux \u00e9cosyst\u00e8mes interconnect\u00e9s qui revalorise l\u2019ancien site de production de Higashi-Fuji, au Japon.<\/p>\n<p>Enfin, la marque Mercedes-Benz participera aussi \u00e0 l\u2019\u00e9dition 2025 du CES, mais par l&#8217;interm\u00e9diaire de sa filiale \u00e9tatsunienne, ce qui repr\u00e9sente un pas en arri\u00e8re par rapport aux ann\u00e9es ant\u00e9rieures o\u00f9 la maison-m\u00e8re d\u00e9voilait ses cr\u00e9ations les plus spectaculaires dans le cadre de pr\u00e9sentations pharaoniques.<\/p>\n<p><em>Photos : Suzuki<\/em><\/p>\n<p>Le texte <a rel=\"nofollow\" href=\"https:\/\/annuelauto.ca\/suzuki-participera-au-salon-ces-de-las-vegas-pour-la-premiere-fois-en-2025\/\">Suzuki participera au salon CES de Las Vegas pour la premi\u00e8re fois en 2025<\/a> provient de <a rel=\"nofollow\" href=\"https:\/\/annuelauto.ca\">L&#8217;annuel de l&#8217;automobile &#8211; Actualit\u00e9 automobile<\/a><\/p>\n<p><\/p>\n","protected":false},"excerpt":{"rendered":"<p>Suzuki pr\u00e9pare peut-\u00eatre un retour en sol nord-am\u00e9ricain, mais pas n\u00e9cessairement avec des autos et des utilitaires lilliputiens comme il offrait autrefois. Cette grande marque nipponne, qui a abandonn\u00e9 notre march\u00e9 quelques ann\u00e9es avant le tournant du 21e si\u00e8cle, sera pr\u00e9sente pour la premi\u00e8re fois au Consumer Electronics Show (CES) pr\u00e9sent\u00e9 \u00e0 Las Vegas du [&hellip;]<\/p>\n","protected":false},"author":8,"featured_media":185140,"comment_status":"close","ping_status":"closed","sticky":false,"template":"","format":"standard","meta":{"_monsterinsights_skip_tracking":false,"_monsterinsights_sitenote_active":false,"_monsterinsights_sitenote_note":"","_monsterinsights_sitenote_category":0,"footnotes":""},"categories":[101],"tags":[],"yoast_head":"<!-- This site is optimized with the Yoast SEO plugin v23.2 - https:\/\/yoast.com\/wordpress\/plugins\/seo\/ -->\n<title>Suzuki participera au salon CES de Las Vegas pour la premi\u00e8re fois en 2025 - CanadaMotorJobs.com<\/title>\n<meta name=\"description\" content=\"Suzuki participera au salon CES de Las Vegas pour la premi\u00e8re fois en 2025 - Benoit Charette - Annuel automobile - CanadaMotorJobs.com.\" \/>\n<meta name=\"robots\" content=\"index, follow, max-snippet:-1, max-image-preview:large, max-video-preview:-1\" \/>\n<meta property=\"og:locale\" content=\"fr_CA\" \/>\n<meta property=\"og:type\" content=\"article\" \/>\n<meta property=\"og:title\" content=\"Suzuki participera au salon CES de Las Vegas pour la premi\u00e8re fois en 2025 - CanadaMotorJobs.com\" \/>\n<meta property=\"og:description\" content=\"Suzuki participera au salon CES de Las Vegas pour la premi\u00e8re fois en 2025 - Benoit Charette - Annuel automobile - CanadaMotorJobs.com.\" \/>\n<meta property=\"og:url\" content=\"https:\/\/news.canadamotorjobs.com\/fr\/suzuki-participera-au-salon-ces-de-las-vegas-pour-la-premiere-fois-en-2025\/\" \/>\n<meta property=\"og:site_name\" content=\"CanadaMotorJobs.com\" \/>\n<meta property=\"article:publisher\" content=\"https:\/\/www.facebook.com\/canadamotorjobs\/\" \/>\n<meta property=\"article:published_time\" content=\"2024-12-17T18:54:20+00:00\" \/>\n<meta property=\"article:modified_time\" content=\"2024-12-17T19:13:52+00:00\" \/>\n<meta property=\"og:image\" content=\"https:\/\/news.canadamotorjobs.com\/wp-content\/uploads\/2024\/12\/Suzuki-CES-2025-6.jpg\" \/>\n\t<meta property=\"og:image:width\" content=\"1024\" \/>\n\t<meta property=\"og:image:height\" content=\"683\" \/>\n\t<meta property=\"og:image:type\" content=\"image\/jpeg\" \/>\n<meta name=\"author\" content=\"Benoit Charette\" \/>\n<meta name=\"twitter:card\" content=\"summary_large_image\" \/>\n<meta name=\"twitter:creator\" content=\"@canadamotorjobs\" \/>\n<meta name=\"twitter:site\" content=\"@canadamotorjobs\" \/>\n<meta name=\"twitter:label1\" content=\"\u00c9crit par\" \/>\n\t<meta name=\"twitter:data1\" content=\"Benoit Charette\" \/>\n\t<meta name=\"twitter:label2\" content=\"Estimation du temps de lecture\" \/>\n\t<meta name=\"twitter:data2\" content=\"4 minutes\" \/>\n<!-- \/ Yoast SEO plugin. -->","yoast_head_json":{"title":"Suzuki participera au salon CES de Las Vegas pour la premi\u00e8re fois en 2025 - CanadaMotorJobs.com","description":"Suzuki participera au salon CES de Las Vegas pour la premi\u00e8re fois en 2025 - Benoit Charette - Annuel automobile - CanadaMotorJobs.com.","robots":{"index":"index","follow":"follow","max-snippet":"max-snippet:-1","max-image-preview":"max-image-preview:large","max-video-preview":"max-video-preview:-1"},"og_locale":"fr_CA","og_type":"article","og_title":"Suzuki participera au salon CES de Las Vegas pour la premi\u00e8re fois en 2025 - CanadaMotorJobs.com","og_description":"Suzuki participera au salon CES de Las Vegas pour la premi\u00e8re fois en 2025 - Benoit Charette - Annuel automobile - CanadaMotorJobs.com.","og_url":"https:\/\/news.canadamotorjobs.com\/fr\/suzuki-participera-au-salon-ces-de-las-vegas-pour-la-premiere-fois-en-2025\/","og_site_name":"CanadaMotorJobs.com","article_publisher":"https:\/\/www.facebook.com\/canadamotorjobs\/","article_published_time":"2024-12-17T18:54:20+00:00","article_modified_time":"2024-12-17T19:13:52+00:00","og_image":[{"width":1024,"height":683,"url":"https:\/\/news.canadamotorjobs.com\/wp-content\/uploads\/2024\/12\/Suzuki-CES-2025-6.jpg","type":"image\/jpeg"}],"author":"Benoit Charette","twitter_card":"summary_large_image","twitter_creator":"@canadamotorjobs","twitter_site":"@canadamotorjobs","twitter_misc":{"\u00c9crit par":"Benoit Charette","Estimation du temps de lecture":"4 minutes"},"schema":{"@context":"https:\/\/schema.org","@graph":[{"@type":"Article","@id":"https:\/\/news.canadamotorjobs.com\/fr\/suzuki-participera-au-salon-ces-de-las-vegas-pour-la-premiere-fois-en-2025\/#article","isPartOf":{"@id":"https:\/\/news.canadamotorjobs.com\/fr\/suzuki-participera-au-salon-ces-de-las-vegas-pour-la-premiere-fois-en-2025\/"},"author":{"name":"Benoit Charette","@id":"https:\/\/news.canadamotorjobs.com\/#\/schema\/person\/51793d1f87d44011d7bcc2ed99269a90"},"headline":"Suzuki participera au salon CES de Las Vegas pour la premi\u00e8re fois en 2025","datePublished":"2024-12-17T18:54:20+00:00","dateModified":"2024-12-17T19:13:52+00:00","mainEntityOfPage":{"@id":"https:\/\/news.canadamotorjobs.com\/fr\/suzuki-participera-au-salon-ces-de-las-vegas-pour-la-premiere-fois-en-2025\/"},"wordCount":745,"publisher":{"@id":"https:\/\/news.canadamotorjobs.com\/#organization"},"image":{"@id":"https:\/\/news.canadamotorjobs.com\/fr\/suzuki-participera-au-salon-ces-de-las-vegas-pour-la-premiere-fois-en-2025\/#primaryimage"},"thumbnailUrl":"https:\/\/news.canadamotorjobs.com\/wp-content\/uploads\/2024\/12\/Suzuki-CES-2025-6.jpg","articleSection":["Annuel automobile"],"inLanguage":"fr-CA"},{"@type":"WebPage","@id":"https:\/\/news.canadamotorjobs.com\/fr\/suzuki-participera-au-salon-ces-de-las-vegas-pour-la-premiere-fois-en-2025\/","url":"https:\/\/news.canadamotorjobs.com\/fr\/suzuki-participera-au-salon-ces-de-las-vegas-pour-la-premiere-fois-en-2025\/","name":"Suzuki participera au salon CES de Las Vegas pour la premi\u00e8re fois en 2025 - CanadaMotorJobs.com","isPartOf":{"@id":"https:\/\/news.canadamotorjobs.com\/#website"},"primaryImageOfPage":{"@id":"https:\/\/news.canadamotorjobs.com\/fr\/suzuki-participera-au-salon-ces-de-las-vegas-pour-la-premiere-fois-en-2025\/#primaryimage"},"image":{"@id":"https:\/\/news.canadamotorjobs.com\/fr\/suzuki-participera-au-salon-ces-de-las-vegas-pour-la-premiere-fois-en-2025\/#primaryimage"},"thumbnailUrl":"https:\/\/news.canadamotorjobs.com\/wp-content\/uploads\/2024\/12\/Suzuki-CES-2025-6.jpg","datePublished":"2024-12-17T18:54:20+00:00","dateModified":"2024-12-17T19:13:52+00:00","description":"Suzuki participera au salon CES de Las Vegas pour la premi\u00e8re fois en 2025 - Benoit Charette - Annuel automobile - CanadaMotorJobs.com.","breadcrumb":{"@id":"https:\/\/news.canadamotorjobs.com\/fr\/suzuki-participera-au-salon-ces-de-las-vegas-pour-la-premiere-fois-en-2025\/#breadcrumb"},"inLanguage":"fr-CA","potentialAction":[{"@type":"ReadAction","target":["https:\/\/news.canadamotorjobs.com\/fr\/suzuki-participera-au-salon-ces-de-las-vegas-pour-la-premiere-fois-en-2025\/"]}]},{"@type":"ImageObject","inLanguage":"fr-CA","@id":"https:\/\/news.canadamotorjobs.com\/fr\/suzuki-participera-au-salon-ces-de-las-vegas-pour-la-premiere-fois-en-2025\/#primaryimage","url":"https:\/\/news.canadamotorjobs.com\/wp-content\/uploads\/2024\/12\/Suzuki-CES-2025-6.jpg","contentUrl":"https:\/\/news.canadamotorjobs.com\/wp-content\/uploads\/2024\/12\/Suzuki-CES-2025-6.jpg","width":1024,"height":683},{"@type":"BreadcrumbList","@id":"https:\/\/news.canadamotorjobs.com\/fr\/suzuki-participera-au-salon-ces-de-las-vegas-pour-la-premiere-fois-en-2025\/#breadcrumb","itemListElement":[{"@type":"ListItem","position":1,"name":"Home","item":"https:\/\/news.canadamotorjobs.com\/fr\/blog\/"},{"@type":"ListItem","position":2,"name":"Suzuki participera au salon CES de Las Vegas pour la premi\u00e8re fois en 2025"}]},{"@type":"WebSite","@id":"https:\/\/news.canadamotorjobs.com\/#website","url":"https:\/\/news.canadamotorjobs.com\/","name":"CanadaMotorJobs.com","description":"Automotive Jobs","publisher":{"@id":"https:\/\/news.canadamotorjobs.com\/#organization"},"potentialAction":[{"@type":"SearchAction","target":{"@type":"EntryPoint","urlTemplate":"https:\/\/news.canadamotorjobs.com\/?s={search_term_string}"},"query-input":"required name=search_term_string"}],"inLanguage":"fr-CA"},{"@type":"Organization","@id":"https:\/\/news.canadamotorjobs.com\/#organization","name":"Canada Motor Jobs","url":"https:\/\/news.canadamotorjobs.com\/","logo":{"@type":"ImageObject","inLanguage":"fr-CA","@id":"https:\/\/news.canadamotorjobs.com\/#\/schema\/logo\/image\/","url":"https:\/\/news.canadamotorjobs.com\/wp-content\/uploads\/2022\/10\/logo-canada-motor-jobs-1.png","contentUrl":"https:\/\/news.canadamotorjobs.com\/wp-content\/uploads\/2022\/10\/logo-canada-motor-jobs-1.png","width":800,"height":400,"caption":"Canada Motor Jobs"},"image":{"@id":"https:\/\/news.canadamotorjobs.com\/#\/schema\/logo\/image\/"},"sameAs":["https:\/\/www.facebook.com\/canadamotorjobs\/","https:\/\/x.com\/canadamotorjobs","https:\/\/www.instagram.com\/canadamotorjobs\/","https:\/\/www.linkedin.com\/company\/canadamotorjobs"]},{"@type":"Person","@id":"https:\/\/news.canadamotorjobs.com\/#\/schema\/person\/51793d1f87d44011d7bcc2ed99269a90","name":"Benoit Charette","image":{"@type":"ImageObject","inLanguage":"fr-CA","@id":"https:\/\/news.canadamotorjobs.com\/#\/schema\/person\/image\/","url":"https:\/\/secure.gravatar.com\/avatar\/45f3d2eebcccd909668d7ce7ea7267b6?s=96&d=mm&r=g","contentUrl":"https:\/\/secure.gravatar.com\/avatar\/45f3d2eebcccd909668d7ce7ea7267b6?s=96&d=mm&r=g","caption":"Benoit Charette"},"description":"Benoit Charette \/ Propri\u00e9taire et r\u00e9dacteur en chef Benoit Charette pratique le journalisme automobile depuis bient\u00f4t 30 ans. Il a fait ses classes au c\u00f4t\u00e9 de Daniel H\u00e9raud et au Carnet de route de 1992 \u00e0 2001. Il est fondateur, copropri\u00e9taire et r\u00e9dacteur en chef de L\u2019Annuel de l\u2019automobile, qu\u2019il publie depuis 2001. Il a anim\u00e9 les \u00e9missions RPM et RPM+ sur V et les L\u00e9gendes de la route sur Historia. \u00c0 la radio depuis 1986, il reprend l\u2019antenne cette ann\u00e9e sur les ondes de Cogeco et participe pour la deuxi\u00e8me ann\u00e9e \u00e0 l\u2019\u00e9mission Passion Auto sur RDS en plus de mettre en ligne le site Web officiel de L\u2019Annuel de l\u2019automobile sur annuelauto.ca.","sameAs":["https:\/\/annuelauto.ca\/"],"url":"https:\/\/news.canadamotorjobs.com\/fr\/author\/benoit-charette\/"}]}},"_links":{"self":[{"href":"https:\/\/news.canadamotorjobs.com\/fr\/wp-json\/wp\/v2\/posts\/185138"}],"collection":[{"href":"https:\/\/news.canadamotorjobs.com\/fr\/wp-json\/wp\/v2\/posts"}],"about":[{"href":"https:\/\/news.canadamotorjobs.com\/fr\/wp-json\/wp\/v2\/types\/post"}],"author":[{"embeddable":true,"href":"https:\/\/news.canadamotorjobs.com\/fr\/wp-json\/wp\/v2\/users\/8"}],"replies":[{"embeddable":true,"href":"https:\/\/news.canadamotorjobs.com\/fr\/wp-json\/wp\/v2\/comments?post=185138"}],"version-history":[{"count":2,"href":"https:\/\/news.canadamotorjobs.com\/fr\/wp-json\/wp\/v2\/posts\/185138\/revisions"}],"predecessor-version":[{"id":185142,"href":"https:\/\/news.canadamotorjobs.com\/fr\/wp-json\/wp\/v2\/posts\/185138\/revisions\/185142"}],"wp:featuredmedia":[{"embeddable":true,"href":"https:\/\/news.canadamotorjobs.com\/fr\/wp-json\/wp\/v2\/media\/185140"}],"wp:attachment":[{"href":"https:\/\/news.canadamotorjobs.com\/fr\/wp-json\/wp\/v2\/media?parent=185138"}],"wp:term":[{"taxonomy":"category","embeddable":true,"href":"https:\/\/news.canadamotorjobs.com\/fr\/wp-json\/wp\/v2\/categories?post=185138"},{"taxonomy":"post_tag","embeddable":true,"href":"https:\/\/news.canadamotorjobs.com\/fr\/wp-json\/wp\/v2\/tags?post=185138"}],"curies":[{"name":"wp","href":"https:\/\/api.w.org\/{rel}","templated":true}]}}