{"id":185115,"date":"2024-12-17T08:27:48","date_gmt":"2024-12-17T13:27:48","guid":{"rendered":"https:\/\/news.canadamotorjobs.com\/?p=185115"},"modified":"2024-12-17T08:28:51","modified_gmt":"2024-12-17T13:28:51","slug":"le-gouvernement-du-quebec-suspend-le-programme-roulez-vert","status":"publish","type":"post","link":"https:\/\/news.canadamotorjobs.com\/fr\/le-gouvernement-du-quebec-suspend-le-programme-roulez-vert\/","title":{"rendered":"Le gouvernement du Qu\u00e9bec suspend le programme Roulez vert"},"content":{"rendered":"<\/p>\n<p>Le gouvernement du Qu\u00e9bec a cr\u00e9\u00e9 la surprise en annon\u00e7ant une <strong>pause temporaire<\/strong> dans les versements des subventions du programme <strong>Roulez vert<\/strong> \u00e0 partir de f\u00e9vrier 2025. Cette suspension survient dans un contexte d\u2019insuffisance budg\u00e9taire, malgr\u00e9 le succ\u00e8s notable des v\u00e9hicules \u00e9lectriques au Qu\u00e9bec.<\/p>\n<h3>Une annonce discr\u00e8te en fin de communiqu\u00e9<\/h3>\n<p>\nL\u2019information a \u00e9t\u00e9 partag\u00e9e en toute discr\u00e9tion dans un <strong>communiqu\u00e9 gouvernemental<\/strong> d\u00e9taillant les ajustements du programme pour l\u2019ann\u00e9e 2025. Bien que les premi\u00e8res lignes vantent la proportion croissante de <strong>v\u00e9hicules \u00e9lectriques (V\u00c9)<\/strong> sur les routes qu\u00e9b\u00e9coises, il faut se rendre \u00e0 la toute fin pour d\u00e9couvrir que les subventions seront suspendues <strong>d\u00e8s f\u00e9vrier prochain<\/strong>.<\/p>\n<blockquote><p><em>\u00ab Le programme Roulez vert a \u00e9t\u00e9 victime de son succ\u00e8s. Nous devons ajuster nos finances pour assurer sa viabilit\u00e9 \u00e0 long terme \u00bb<\/em>, a expliqu\u00e9 un porte-parole du minist\u00e8re de l\u2019Environnement.<\/p><\/blockquote>\n<p><\/p>\n<h3>Un programme en manque de fonds<\/h3>\n<p>\nJusqu\u2019\u00e0 la fin de 2024, les consommateurs peuvent encore profiter d\u2019une subvention allant jusqu\u2019\u00e0 <strong>7 000 $<\/strong> \u00e0 l\u2019achat d\u2019un v\u00e9hicule \u00e9lectrique neuf. Cependant, \u00e0 compter du <strong>1er janvier 2025<\/strong>, cette aide sera r\u00e9duite \u00e0 <strong>4 000 $<\/strong>, comme pr\u00e9vu initialement.<\/p>\n<p>Ce qui surprend, c\u2019est que cette subvention de <strong>4 000 $<\/strong> ne sera offerte que pour une courte p\u00e9riode, soit durant le mois de janvier 2025 uniquement. Par la suite, le programme sera mis sur pause pour une dur\u00e9e ind\u00e9termin\u00e9e.<\/p>\n<blockquote><p><em>\u00ab Nous comprenons l\u2019importance du programme Roulez vert pour les consommateurs et l\u2019\u00e9lectrification des transports, mais une pause temporaire est n\u00e9cessaire pour r\u00e9tablir l\u2019\u00e9quilibre budg\u00e9taire \u00bb<\/em>, a ajout\u00e9 le minist\u00e8re.<\/p><\/blockquote>\n<p><\/p>\n<h3>Pourquoi une telle suspension?<\/h3>\n<p>\nLa principale raison derri\u00e8re cette suspension temporaire r\u00e9side dans le <strong>nombre \u00e9lev\u00e9 de demandes<\/strong> pour la subvention maximale de 7 000 $ au cours des derniers mois. Le gouvernement se retrouve donc avec des <strong>caisses vid\u00e9es<\/strong>, ne pouvant plus soutenir l\u2019offre pour l\u2019instant.<\/p>\n<p>Il est important de noter que le plan initial du gouvernement pr\u00e9voyait une <strong>r\u00e9duction progressive<\/strong> des subventions :<\/p>\n<ul data-spread=\"false\"><\/p>\n<li>4 000 $ en 2025<\/li>\n<p><\/p>\n<li>2 000 $ en 2026<\/li>\n<p>\n<\/ul>\n<p>\nLe minist\u00e8re assure cependant que le programme Roulez vert pourrait <strong>reprendre au printemps 2025<\/strong> si les finances le permettent.<\/p>\n<h3>Une d\u00e9cision controvers\u00e9e<\/h3>\n<p>\nLa suspension du programme a suscit\u00e9 de vives r\u00e9actions au sein des associations environnementales et des consommateurs. Plusieurs experts s\u2019inqui\u00e8tent de l\u2019impact sur les ventes de v\u00e9hicules \u00e9lectriques, alors que le Qu\u00e9bec vise \u00e0 devenir un leader en mati\u00e8re d\u2019\u00e9lectrification des transports.<\/p>\n<blockquote><p><em>\u00ab Cette mesure temporaire pourrait freiner l\u2019\u00e9lan des consommateurs vers les v\u00e9hicules \u00e9lectriques. Il faudra s\u2019assurer d\u2019une relance rapide du programme \u00bb<\/em>, affirme un repr\u00e9sentant d\u2019\u00c9quiterre.<\/p><\/blockquote>\n<p><\/p>\n<h3>Quelles alternatives pour les consommateurs?<\/h3>\n<p>\nMalgr\u00e9 cette suspension, les consommateurs peuvent toujours profiter des programmes f\u00e9d\u00e9raux, comme l\u2019incitatif \u00e0 l\u2019achat d\u2019un v\u00e9hicule \u00e9lectrique, qui offre une aide pouvant atteindre <strong>5 000 $<\/strong>.<\/p>\n<div><\/div>\n<p>Le texte <a rel=\"nofollow\" href=\"https:\/\/annuelauto.ca\/suspension-programme-roulez-vert-2025\/\">Le gouvernement du Qu\u00e9bec suspend le programme Roulez vert<\/a> provient de <a rel=\"nofollow\" href=\"https:\/\/annuelauto.ca\">L&#8217;annuel de l&#8217;automobile &#8211; Actualit\u00e9 automobile<\/a><\/p>\n<p><\/p>\n","protected":false},"excerpt":{"rendered":"<p>Le gouvernement du Qu\u00e9bec a cr\u00e9\u00e9 la surprise en annon\u00e7ant une pause temporaire dans les versements des subventions du programme Roulez vert \u00e0 partir de f\u00e9vrier 2025. Cette suspension survient dans un contexte d\u2019insuffisance budg\u00e9taire, malgr\u00e9 le succ\u00e8s notable des v\u00e9hicules \u00e9lectriques au Qu\u00e9bec. Une annonce discr\u00e8te en fin de communiqu\u00e9 L\u2019information a \u00e9t\u00e9 partag\u00e9e [&hellip;]<\/p>\n","protected":false},"author":8,"featured_media":185117,"comment_status":"close","ping_status":"closed","sticky":false,"template":"","format":"standard","meta":{"_monsterinsights_skip_tracking":false,"_monsterinsights_sitenote_active":false,"_monsterinsights_sitenote_note":"","_monsterinsights_sitenote_category":0,"footnotes":""},"categories":[101],"tags":[],"yoast_head":"<!-- This site is optimized with the Yoast SEO plugin v23.2 - https:\/\/yoast.com\/wordpress\/plugins\/seo\/ -->\n<title>Le gouvernement du Qu\u00e9bec suspend le programme Roulez vert - CanadaMotorJobs.com<\/title>\n<meta name=\"description\" content=\"Le gouvernement du Qu\u00e9bec suspend le programme Roulez vert - Benoit Charette - Annuel automobile - CanadaMotorJobs.com.\" \/>\n<meta name=\"robots\" content=\"index, follow, max-snippet:-1, max-image-preview:large, max-video-preview:-1\" \/>\n<meta property=\"og:locale\" content=\"fr_CA\" \/>\n<meta property=\"og:type\" content=\"article\" \/>\n<meta property=\"og:title\" content=\"Le gouvernement du Qu\u00e9bec suspend le programme Roulez vert - CanadaMotorJobs.com\" \/>\n<meta property=\"og:description\" content=\"Le gouvernement du Qu\u00e9bec suspend le programme Roulez vert - Benoit Charette - Annuel automobile - CanadaMotorJobs.com.\" \/>\n<meta property=\"og:url\" content=\"https:\/\/news.canadamotorjobs.com\/fr\/le-gouvernement-du-quebec-suspend-le-programme-roulez-vert\/\" \/>\n<meta property=\"og:site_name\" content=\"CanadaMotorJobs.com\" \/>\n<meta property=\"article:publisher\" content=\"https:\/\/www.facebook.com\/canadamotorjobs\/\" \/>\n<meta property=\"article:published_time\" content=\"2024-12-17T13:27:48+00:00\" \/>\n<meta property=\"article:modified_time\" content=\"2024-12-17T13:28:51+00:00\" \/>\n<meta property=\"og:image\" content=\"https:\/\/news.canadamotorjobs.com\/wp-content\/uploads\/2024\/12\/roulez-vert-subvention-bornes-de-recharge-voitures-electriques.jpg\" \/>\n\t<meta property=\"og:image:width\" content=\"1200\" \/>\n\t<meta property=\"og:image:height\" content=\"628\" \/>\n\t<meta property=\"og:image:type\" content=\"image\/jpeg\" \/>\n<meta name=\"author\" content=\"Benoit Charette\" \/>\n<meta name=\"twitter:card\" content=\"summary_large_image\" \/>\n<meta name=\"twitter:creator\" content=\"@canadamotorjobs\" \/>\n<meta name=\"twitter:site\" content=\"@canadamotorjobs\" \/>\n<meta name=\"twitter:label1\" content=\"\u00c9crit par\" \/>\n\t<meta name=\"twitter:data1\" content=\"Benoit Charette\" \/>\n\t<meta name=\"twitter:label2\" content=\"Estimation du temps de lecture\" \/>\n\t<meta name=\"twitter:data2\" content=\"3 minutes\" \/>\n<!-- \/ Yoast SEO plugin. -->","yoast_head_json":{"title":"Le gouvernement du Qu\u00e9bec suspend le programme Roulez vert - CanadaMotorJobs.com","description":"Le gouvernement du Qu\u00e9bec suspend le programme Roulez vert - Benoit Charette - Annuel automobile - CanadaMotorJobs.com.","robots":{"index":"index","follow":"follow","max-snippet":"max-snippet:-1","max-image-preview":"max-image-preview:large","max-video-preview":"max-video-preview:-1"},"og_locale":"fr_CA","og_type":"article","og_title":"Le gouvernement du Qu\u00e9bec suspend le programme Roulez vert - CanadaMotorJobs.com","og_description":"Le gouvernement du Qu\u00e9bec suspend le programme Roulez vert - Benoit Charette - Annuel automobile - CanadaMotorJobs.com.","og_url":"https:\/\/news.canadamotorjobs.com\/fr\/le-gouvernement-du-quebec-suspend-le-programme-roulez-vert\/","og_site_name":"CanadaMotorJobs.com","article_publisher":"https:\/\/www.facebook.com\/canadamotorjobs\/","article_published_time":"2024-12-17T13:27:48+00:00","article_modified_time":"2024-12-17T13:28:51+00:00","og_image":[{"width":1200,"height":628,"url":"https:\/\/news.canadamotorjobs.com\/wp-content\/uploads\/2024\/12\/roulez-vert-subvention-bornes-de-recharge-voitures-electriques.jpg","type":"image\/jpeg"}],"author":"Benoit Charette","twitter_card":"summary_large_image","twitter_creator":"@canadamotorjobs","twitter_site":"@canadamotorjobs","twitter_misc":{"\u00c9crit par":"Benoit Charette","Estimation du temps de lecture":"3 minutes"},"schema":{"@context":"https:\/\/schema.org","@graph":[{"@type":"Article","@id":"https:\/\/news.canadamotorjobs.com\/fr\/le-gouvernement-du-quebec-suspend-le-programme-roulez-vert\/#article","isPartOf":{"@id":"https:\/\/news.canadamotorjobs.com\/fr\/le-gouvernement-du-quebec-suspend-le-programme-roulez-vert\/"},"author":{"name":"Benoit Charette","@id":"https:\/\/news.canadamotorjobs.com\/#\/schema\/person\/51793d1f87d44011d7bcc2ed99269a90"},"headline":"Le gouvernement du Qu\u00e9bec suspend le programme Roulez vert","datePublished":"2024-12-17T13:27:48+00:00","dateModified":"2024-12-17T13:28:51+00:00","mainEntityOfPage":{"@id":"https:\/\/news.canadamotorjobs.com\/fr\/le-gouvernement-du-quebec-suspend-le-programme-roulez-vert\/"},"wordCount":512,"publisher":{"@id":"https:\/\/news.canadamotorjobs.com\/#organization"},"image":{"@id":"https:\/\/news.canadamotorjobs.com\/fr\/le-gouvernement-du-quebec-suspend-le-programme-roulez-vert\/#primaryimage"},"thumbnailUrl":"https:\/\/news.canadamotorjobs.com\/wp-content\/uploads\/2024\/12\/roulez-vert-subvention-bornes-de-recharge-voitures-electriques.jpg","articleSection":["Annuel automobile"],"inLanguage":"fr-CA"},{"@type":"WebPage","@id":"https:\/\/news.canadamotorjobs.com\/fr\/le-gouvernement-du-quebec-suspend-le-programme-roulez-vert\/","url":"https:\/\/news.canadamotorjobs.com\/fr\/le-gouvernement-du-quebec-suspend-le-programme-roulez-vert\/","name":"Le gouvernement du Qu\u00e9bec suspend le programme Roulez vert - CanadaMotorJobs.com","isPartOf":{"@id":"https:\/\/news.canadamotorjobs.com\/#website"},"primaryImageOfPage":{"@id":"https:\/\/news.canadamotorjobs.com\/fr\/le-gouvernement-du-quebec-suspend-le-programme-roulez-vert\/#primaryimage"},"image":{"@id":"https:\/\/news.canadamotorjobs.com\/fr\/le-gouvernement-du-quebec-suspend-le-programme-roulez-vert\/#primaryimage"},"thumbnailUrl":"https:\/\/news.canadamotorjobs.com\/wp-content\/uploads\/2024\/12\/roulez-vert-subvention-bornes-de-recharge-voitures-electriques.jpg","datePublished":"2024-12-17T13:27:48+00:00","dateModified":"2024-12-17T13:28:51+00:00","description":"Le gouvernement du Qu\u00e9bec suspend le programme Roulez vert - Benoit Charette - Annuel automobile - CanadaMotorJobs.com.","breadcrumb":{"@id":"https:\/\/news.canadamotorjobs.com\/fr\/le-gouvernement-du-quebec-suspend-le-programme-roulez-vert\/#breadcrumb"},"inLanguage":"fr-CA","potentialAction":[{"@type":"ReadAction","target":["https:\/\/news.canadamotorjobs.com\/fr\/le-gouvernement-du-quebec-suspend-le-programme-roulez-vert\/"]}]},{"@type":"ImageObject","inLanguage":"fr-CA","@id":"https:\/\/news.canadamotorjobs.com\/fr\/le-gouvernement-du-quebec-suspend-le-programme-roulez-vert\/#primaryimage","url":"https:\/\/news.canadamotorjobs.com\/wp-content\/uploads\/2024\/12\/roulez-vert-subvention-bornes-de-recharge-voitures-electriques.jpg","contentUrl":"https:\/\/news.canadamotorjobs.com\/wp-content\/uploads\/2024\/12\/roulez-vert-subvention-bornes-de-recharge-voitures-electriques.jpg","width":1200,"height":628},{"@type":"BreadcrumbList","@id":"https:\/\/news.canadamotorjobs.com\/fr\/le-gouvernement-du-quebec-suspend-le-programme-roulez-vert\/#breadcrumb","itemListElement":[{"@type":"ListItem","position":1,"name":"Home","item":"https:\/\/news.canadamotorjobs.com\/fr\/blog\/"},{"@type":"ListItem","position":2,"name":"Le gouvernement du Qu\u00e9bec suspend le programme Roulez vert"}]},{"@type":"WebSite","@id":"https:\/\/news.canadamotorjobs.com\/#website","url":"https:\/\/news.canadamotorjobs.com\/","name":"CanadaMotorJobs.com","description":"Automotive Jobs","publisher":{"@id":"https:\/\/news.canadamotorjobs.com\/#organization"},"potentialAction":[{"@type":"SearchAction","target":{"@type":"EntryPoint","urlTemplate":"https:\/\/news.canadamotorjobs.com\/?s={search_term_string}"},"query-input":"required name=search_term_string"}],"inLanguage":"fr-CA"},{"@type":"Organization","@id":"https:\/\/news.canadamotorjobs.com\/#organization","name":"Canada Motor Jobs","url":"https:\/\/news.canadamotorjobs.com\/","logo":{"@type":"ImageObject","inLanguage":"fr-CA","@id":"https:\/\/news.canadamotorjobs.com\/#\/schema\/logo\/image\/","url":"https:\/\/news.canadamotorjobs.com\/wp-content\/uploads\/2022\/10\/logo-canada-motor-jobs-1.png","contentUrl":"https:\/\/news.canadamotorjobs.com\/wp-content\/uploads\/2022\/10\/logo-canada-motor-jobs-1.png","width":800,"height":400,"caption":"Canada Motor Jobs"},"image":{"@id":"https:\/\/news.canadamotorjobs.com\/#\/schema\/logo\/image\/"},"sameAs":["https:\/\/www.facebook.com\/canadamotorjobs\/","https:\/\/x.com\/canadamotorjobs","https:\/\/www.instagram.com\/canadamotorjobs\/","https:\/\/www.linkedin.com\/company\/canadamotorjobs"]},{"@type":"Person","@id":"https:\/\/news.canadamotorjobs.com\/#\/schema\/person\/51793d1f87d44011d7bcc2ed99269a90","name":"Benoit Charette","image":{"@type":"ImageObject","inLanguage":"fr-CA","@id":"https:\/\/news.canadamotorjobs.com\/#\/schema\/person\/image\/","url":"https:\/\/secure.gravatar.com\/avatar\/45f3d2eebcccd909668d7ce7ea7267b6?s=96&d=mm&r=g","contentUrl":"https:\/\/secure.gravatar.com\/avatar\/45f3d2eebcccd909668d7ce7ea7267b6?s=96&d=mm&r=g","caption":"Benoit Charette"},"description":"Benoit Charette \/ Propri\u00e9taire et r\u00e9dacteur en chef Benoit Charette pratique le journalisme automobile depuis bient\u00f4t 30 ans. Il a fait ses classes au c\u00f4t\u00e9 de Daniel H\u00e9raud et au Carnet de route de 1992 \u00e0 2001. Il est fondateur, copropri\u00e9taire et r\u00e9dacteur en chef de L\u2019Annuel de l\u2019automobile, qu\u2019il publie depuis 2001. Il a anim\u00e9 les \u00e9missions RPM et RPM+ sur V et les L\u00e9gendes de la route sur Historia. \u00c0 la radio depuis 1986, il reprend l\u2019antenne cette ann\u00e9e sur les ondes de Cogeco et participe pour la deuxi\u00e8me ann\u00e9e \u00e0 l\u2019\u00e9mission Passion Auto sur RDS en plus de mettre en ligne le site Web officiel de L\u2019Annuel de l\u2019automobile sur annuelauto.ca.","sameAs":["https:\/\/annuelauto.ca\/"],"url":"https:\/\/news.canadamotorjobs.com\/fr\/author\/benoit-charette\/"}]}},"_links":{"self":[{"href":"https:\/\/news.canadamotorjobs.com\/fr\/wp-json\/wp\/v2\/posts\/185115"}],"collection":[{"href":"https:\/\/news.canadamotorjobs.com\/fr\/wp-json\/wp\/v2\/posts"}],"about":[{"href":"https:\/\/news.canadamotorjobs.com\/fr\/wp-json\/wp\/v2\/types\/post"}],"author":[{"embeddable":true,"href":"https:\/\/news.canadamotorjobs.com\/fr\/wp-json\/wp\/v2\/users\/8"}],"replies":[{"embeddable":true,"href":"https:\/\/news.canadamotorjobs.com\/fr\/wp-json\/wp\/v2\/comments?post=185115"}],"version-history":[{"count":2,"href":"https:\/\/news.canadamotorjobs.com\/fr\/wp-json\/wp\/v2\/posts\/185115\/revisions"}],"predecessor-version":[{"id":185119,"href":"https:\/\/news.canadamotorjobs.com\/fr\/wp-json\/wp\/v2\/posts\/185115\/revisions\/185119"}],"wp:featuredmedia":[{"embeddable":true,"href":"https:\/\/news.canadamotorjobs.com\/fr\/wp-json\/wp\/v2\/media\/185117"}],"wp:attachment":[{"href":"https:\/\/news.canadamotorjobs.com\/fr\/wp-json\/wp\/v2\/media?parent=185115"}],"wp:term":[{"taxonomy":"category","embeddable":true,"href":"https:\/\/news.canadamotorjobs.com\/fr\/wp-json\/wp\/v2\/categories?post=185115"},{"taxonomy":"post_tag","embeddable":true,"href":"https:\/\/news.canadamotorjobs.com\/fr\/wp-json\/wp\/v2\/tags?post=185115"}],"curies":[{"name":"wp","href":"https:\/\/api.w.org\/{rel}","templated":true}]}}