{"id":185083,"date":"2024-12-17T02:24:43","date_gmt":"2024-12-17T07:24:43","guid":{"rendered":"https:\/\/news.canadamotorjobs.com\/?p=185083"},"modified":"2024-12-17T02:29:11","modified_gmt":"2024-12-17T07:29:11","slug":"une-fourgonnette-electrique-bientot-chez-mercedes-benz","status":"publish","type":"post","link":"https:\/\/news.canadamotorjobs.com\/fr\/une-fourgonnette-electrique-bientot-chez-mercedes-benz\/","title":{"rendered":"Une fourgonnette \u00e9lectrique bient\u00f4t chez Mercedes-Benz"},"content":{"rendered":"<\/p>\n<p><strong>\u2022\u00a0\u00a0\u00a0 Mercedes-Benz partage une image d\u2019une fourgonnette \u00e9lectrique en pr\u00e9paration.<\/strong><\/p>\n<p>Mercedes-Benz, on ne vous apprend rien, est un joueur majeur dans le segment des v\u00e9hicules commerciaux\u2026 en Europe. Chez nous, on a bien droit au Sprinter, et l\u2019on a aussi vu passer le Metris pendant un certain temps, mais la marque est moins connue pour son savoir-faire dans ce domaine.<\/p>\n<p>Elle souhaite peut-\u00eatre changer les choses, cependant. En fait, Mercedes-Benz d\u00e9veloppe une nouvelle g\u00e9n\u00e9ration de fourgonnette \u00e9lectrique. On savait que \u00e7a s\u2019en venait pour l\u2019Europe, mais plusieurs interrogations demeuraient pour notre march\u00e9. Aujourd\u2019hui, la marque a publi\u00e9 une image qui donne un aper\u00e7u d\u2019une version plus luxueuse du mod\u00e8le qui sera propos\u00e9e en Am\u00e9rique du Nord.<\/p>\n<p>Le v\u00e9hicule doit faire ses d\u00e9buts au printemps de 2025.<\/p>\n<p>Dans le cadre de son virage \u00e9lectrique, Mercedes-Benz a d\u00e9velopp\u00e9 diff\u00e9rentes plateformes, dont une qui sera consacr\u00e9e aux fourgons, la VAN.EA. Elle va permettre \u00e0 la marque de proposer plusieurs longueurs d\u2019empattement et diff\u00e9rentes tailles de batteries, en plus de pouvoir offrir des configurations \u00e0 traction ou \u00e0 rouage int\u00e9gral.<\/p>\n<p><\/p>\n<figure><img decoding=\"async\" src=\"https:\/\/news.canadamotorjobs.com\/wp-content\/uploads\/2024\/12\/mercedes-electric-van-teaser-002-5.jpg\" alt=\"Le futur fourgon \u00e9lectrique de Mercedes-Benz, feux\" \/><figcaption>Le futur fourgon \u00e9lectrique de Mercedes-Benz, feux | Auto123.com<\/figcaption><\/figure>\n<p><strong>Ce que l\u2019on sait du futur fourgon de Mercedes<\/strong><\/p>\n<p>Le format de mod\u00e8le destin\u00e9 \u00e0 notre march\u00e9 sera de type interm\u00e9diaire et il sera con\u00e7u pour un usage personnel, avec diff\u00e9rentes possibilit\u00e9s d\u2019am\u00e9nagement int\u00e9rieur. Peut-on imaginer une rivale au Volkswagen ID. Buzz ? Ce sera \u00e0 voir.<\/p>\n<p>On peut aussi anticiper une configuration \u00e0 trois rang\u00e9es pour servir les familles nord-am\u00e9ricaines. On peut aussi deviner que ce genre de mod\u00e8le pourrait \u00eatre transform\u00e9 en navette, ou encore \u00eatre modifi\u00e9 pour devenir un v\u00e9hicule r\u00e9cr\u00e9atif.<\/p>\n<p><\/p>\n<figure><img decoding=\"async\" src=\"https:\/\/news.canadamotorjobs.com\/wp-content\/uploads\/2024\/12\/mercedes-electric-van-teaser-001-1.jpg\" alt=\"Le futur fourgon \u00e9lectrique de Mercedes-Benz\" \/><figcaption>Le futur fourgon \u00e9lectrique de Mercedes-Benz | Auto123.com<\/figcaption><\/figure>\n<p style=\"padding-top: 15px\">Contenu original de <a href=\"https:\/\/www.auto123.com\/fr\/actualites\/fourgonnette-electrique-mercedes-benz-image\/72191\/\">auto123<\/a>.<\/p>\n<p>Le texte <a rel=\"nofollow\" href=\"https:\/\/annuelauto.ca\/une-fourgonnette-electrique-bientot-chez-mercedes-benz\/\">Une fourgonnette \u00e9lectrique bient\u00f4t chez Mercedes-Benz<\/a> provient de <a rel=\"nofollow\" href=\"https:\/\/annuelauto.ca\">L&#8217;annuel de l&#8217;automobile &#8211; Actualit\u00e9 automobile<\/a><\/p>\n<p><\/p>\n","protected":false},"excerpt":{"rendered":"<p>\u2022\u00a0\u00a0\u00a0 Mercedes-Benz partage une image d\u2019une fourgonnette \u00e9lectrique en pr\u00e9paration. Mercedes-Benz, on ne vous apprend rien, est un joueur majeur dans le segment des v\u00e9hicules commerciaux\u2026 en Europe. Chez nous, on a bien droit au Sprinter, et l\u2019on a aussi vu passer le Metris pendant un certain temps, mais la marque est moins connue pour [&hellip;]<\/p>\n","protected":false},"author":8,"featured_media":185085,"comment_status":"close","ping_status":"closed","sticky":false,"template":"","format":"standard","meta":{"_monsterinsights_skip_tracking":false,"_monsterinsights_sitenote_active":false,"_monsterinsights_sitenote_note":"","_monsterinsights_sitenote_category":0,"footnotes":""},"categories":[101],"tags":[],"yoast_head":"<!-- This site is optimized with the Yoast SEO plugin v23.2 - https:\/\/yoast.com\/wordpress\/plugins\/seo\/ -->\n<title>Une fourgonnette \u00e9lectrique bient\u00f4t chez Mercedes-Benz - CanadaMotorJobs.com<\/title>\n<meta name=\"description\" content=\"Une fourgonnette \u00e9lectrique bient\u00f4t chez Mercedes-Benz - Benoit Charette - Annuel automobile - CanadaMotorJobs.com.\" \/>\n<meta name=\"robots\" content=\"index, follow, max-snippet:-1, max-image-preview:large, max-video-preview:-1\" \/>\n<meta property=\"og:locale\" content=\"fr_CA\" \/>\n<meta property=\"og:type\" content=\"article\" \/>\n<meta property=\"og:title\" content=\"Une fourgonnette \u00e9lectrique bient\u00f4t chez Mercedes-Benz - CanadaMotorJobs.com\" \/>\n<meta property=\"og:description\" content=\"Une fourgonnette \u00e9lectrique bient\u00f4t chez Mercedes-Benz - Benoit Charette - Annuel automobile - CanadaMotorJobs.com.\" \/>\n<meta property=\"og:url\" content=\"https:\/\/news.canadamotorjobs.com\/fr\/une-fourgonnette-electrique-bientot-chez-mercedes-benz\/\" \/>\n<meta property=\"og:site_name\" content=\"CanadaMotorJobs.com\" \/>\n<meta property=\"article:publisher\" content=\"https:\/\/www.facebook.com\/canadamotorjobs\/\" \/>\n<meta property=\"article:published_time\" content=\"2024-12-17T07:24:43+00:00\" \/>\n<meta property=\"article:modified_time\" content=\"2024-12-17T07:29:11+00:00\" \/>\n<meta property=\"og:image\" content=\"https:\/\/news.canadamotorjobs.com\/wp-content\/uploads\/2024\/12\/mercedes-electric-van-teaser-002.jpg\" \/>\n\t<meta property=\"og:image:width\" content=\"1200\" \/>\n\t<meta property=\"og:image:height\" content=\"674\" \/>\n\t<meta property=\"og:image:type\" content=\"image\/jpeg\" \/>\n<meta name=\"author\" content=\"Benoit Charette\" \/>\n<meta name=\"twitter:card\" content=\"summary_large_image\" \/>\n<meta name=\"twitter:creator\" content=\"@canadamotorjobs\" \/>\n<meta name=\"twitter:site\" content=\"@canadamotorjobs\" \/>\n<meta name=\"twitter:label1\" content=\"\u00c9crit par\" \/>\n\t<meta name=\"twitter:data1\" content=\"Benoit Charette\" \/>\n\t<meta name=\"twitter:label2\" content=\"Estimation du temps de lecture\" \/>\n\t<meta name=\"twitter:data2\" content=\"2 minutes\" \/>\n<!-- \/ Yoast SEO plugin. -->","yoast_head_json":{"title":"Une fourgonnette \u00e9lectrique bient\u00f4t chez Mercedes-Benz - CanadaMotorJobs.com","description":"Une fourgonnette \u00e9lectrique bient\u00f4t chez Mercedes-Benz - Benoit Charette - Annuel automobile - CanadaMotorJobs.com.","robots":{"index":"index","follow":"follow","max-snippet":"max-snippet:-1","max-image-preview":"max-image-preview:large","max-video-preview":"max-video-preview:-1"},"og_locale":"fr_CA","og_type":"article","og_title":"Une fourgonnette \u00e9lectrique bient\u00f4t chez Mercedes-Benz - CanadaMotorJobs.com","og_description":"Une fourgonnette \u00e9lectrique bient\u00f4t chez Mercedes-Benz - Benoit Charette - Annuel automobile - CanadaMotorJobs.com.","og_url":"https:\/\/news.canadamotorjobs.com\/fr\/une-fourgonnette-electrique-bientot-chez-mercedes-benz\/","og_site_name":"CanadaMotorJobs.com","article_publisher":"https:\/\/www.facebook.com\/canadamotorjobs\/","article_published_time":"2024-12-17T07:24:43+00:00","article_modified_time":"2024-12-17T07:29:11+00:00","og_image":[{"width":1200,"height":674,"url":"https:\/\/news.canadamotorjobs.com\/wp-content\/uploads\/2024\/12\/mercedes-electric-van-teaser-002.jpg","type":"image\/jpeg"}],"author":"Benoit Charette","twitter_card":"summary_large_image","twitter_creator":"@canadamotorjobs","twitter_site":"@canadamotorjobs","twitter_misc":{"\u00c9crit par":"Benoit Charette","Estimation du temps de lecture":"2 minutes"},"schema":{"@context":"https:\/\/schema.org","@graph":[{"@type":"Article","@id":"https:\/\/news.canadamotorjobs.com\/fr\/une-fourgonnette-electrique-bientot-chez-mercedes-benz\/#article","isPartOf":{"@id":"https:\/\/news.canadamotorjobs.com\/fr\/une-fourgonnette-electrique-bientot-chez-mercedes-benz\/"},"author":{"name":"Benoit Charette","@id":"https:\/\/news.canadamotorjobs.com\/#\/schema\/person\/51793d1f87d44011d7bcc2ed99269a90"},"headline":"Une fourgonnette \u00e9lectrique bient\u00f4t chez Mercedes-Benz","datePublished":"2024-12-17T07:24:43+00:00","dateModified":"2024-12-17T07:29:11+00:00","mainEntityOfPage":{"@id":"https:\/\/news.canadamotorjobs.com\/fr\/une-fourgonnette-electrique-bientot-chez-mercedes-benz\/"},"wordCount":338,"publisher":{"@id":"https:\/\/news.canadamotorjobs.com\/#organization"},"image":{"@id":"https:\/\/news.canadamotorjobs.com\/fr\/une-fourgonnette-electrique-bientot-chez-mercedes-benz\/#primaryimage"},"thumbnailUrl":"https:\/\/news.canadamotorjobs.com\/wp-content\/uploads\/2024\/12\/mercedes-electric-van-teaser-002.jpg","articleSection":["Annuel automobile"],"inLanguage":"fr-CA"},{"@type":"WebPage","@id":"https:\/\/news.canadamotorjobs.com\/fr\/une-fourgonnette-electrique-bientot-chez-mercedes-benz\/","url":"https:\/\/news.canadamotorjobs.com\/fr\/une-fourgonnette-electrique-bientot-chez-mercedes-benz\/","name":"Une fourgonnette \u00e9lectrique bient\u00f4t chez Mercedes-Benz - CanadaMotorJobs.com","isPartOf":{"@id":"https:\/\/news.canadamotorjobs.com\/#website"},"primaryImageOfPage":{"@id":"https:\/\/news.canadamotorjobs.com\/fr\/une-fourgonnette-electrique-bientot-chez-mercedes-benz\/#primaryimage"},"image":{"@id":"https:\/\/news.canadamotorjobs.com\/fr\/une-fourgonnette-electrique-bientot-chez-mercedes-benz\/#primaryimage"},"thumbnailUrl":"https:\/\/news.canadamotorjobs.com\/wp-content\/uploads\/2024\/12\/mercedes-electric-van-teaser-002.jpg","datePublished":"2024-12-17T07:24:43+00:00","dateModified":"2024-12-17T07:29:11+00:00","description":"Une fourgonnette \u00e9lectrique bient\u00f4t chez Mercedes-Benz - Benoit Charette - Annuel automobile - CanadaMotorJobs.com.","breadcrumb":{"@id":"https:\/\/news.canadamotorjobs.com\/fr\/une-fourgonnette-electrique-bientot-chez-mercedes-benz\/#breadcrumb"},"inLanguage":"fr-CA","potentialAction":[{"@type":"ReadAction","target":["https:\/\/news.canadamotorjobs.com\/fr\/une-fourgonnette-electrique-bientot-chez-mercedes-benz\/"]}]},{"@type":"ImageObject","inLanguage":"fr-CA","@id":"https:\/\/news.canadamotorjobs.com\/fr\/une-fourgonnette-electrique-bientot-chez-mercedes-benz\/#primaryimage","url":"https:\/\/news.canadamotorjobs.com\/wp-content\/uploads\/2024\/12\/mercedes-electric-van-teaser-002.jpg","contentUrl":"https:\/\/news.canadamotorjobs.com\/wp-content\/uploads\/2024\/12\/mercedes-electric-van-teaser-002.jpg","width":1200,"height":674},{"@type":"BreadcrumbList","@id":"https:\/\/news.canadamotorjobs.com\/fr\/une-fourgonnette-electrique-bientot-chez-mercedes-benz\/#breadcrumb","itemListElement":[{"@type":"ListItem","position":1,"name":"Home","item":"https:\/\/news.canadamotorjobs.com\/fr\/blog\/"},{"@type":"ListItem","position":2,"name":"Une fourgonnette \u00e9lectrique bient\u00f4t chez Mercedes-Benz"}]},{"@type":"WebSite","@id":"https:\/\/news.canadamotorjobs.com\/#website","url":"https:\/\/news.canadamotorjobs.com\/","name":"CanadaMotorJobs.com","description":"Automotive Jobs","publisher":{"@id":"https:\/\/news.canadamotorjobs.com\/#organization"},"potentialAction":[{"@type":"SearchAction","target":{"@type":"EntryPoint","urlTemplate":"https:\/\/news.canadamotorjobs.com\/?s={search_term_string}"},"query-input":"required name=search_term_string"}],"inLanguage":"fr-CA"},{"@type":"Organization","@id":"https:\/\/news.canadamotorjobs.com\/#organization","name":"Canada Motor Jobs","url":"https:\/\/news.canadamotorjobs.com\/","logo":{"@type":"ImageObject","inLanguage":"fr-CA","@id":"https:\/\/news.canadamotorjobs.com\/#\/schema\/logo\/image\/","url":"https:\/\/news.canadamotorjobs.com\/wp-content\/uploads\/2022\/10\/logo-canada-motor-jobs-1.png","contentUrl":"https:\/\/news.canadamotorjobs.com\/wp-content\/uploads\/2022\/10\/logo-canada-motor-jobs-1.png","width":800,"height":400,"caption":"Canada Motor Jobs"},"image":{"@id":"https:\/\/news.canadamotorjobs.com\/#\/schema\/logo\/image\/"},"sameAs":["https:\/\/www.facebook.com\/canadamotorjobs\/","https:\/\/x.com\/canadamotorjobs","https:\/\/www.instagram.com\/canadamotorjobs\/","https:\/\/www.linkedin.com\/company\/canadamotorjobs"]},{"@type":"Person","@id":"https:\/\/news.canadamotorjobs.com\/#\/schema\/person\/51793d1f87d44011d7bcc2ed99269a90","name":"Benoit Charette","image":{"@type":"ImageObject","inLanguage":"fr-CA","@id":"https:\/\/news.canadamotorjobs.com\/#\/schema\/person\/image\/","url":"https:\/\/secure.gravatar.com\/avatar\/45f3d2eebcccd909668d7ce7ea7267b6?s=96&d=mm&r=g","contentUrl":"https:\/\/secure.gravatar.com\/avatar\/45f3d2eebcccd909668d7ce7ea7267b6?s=96&d=mm&r=g","caption":"Benoit Charette"},"description":"Benoit Charette \/ Propri\u00e9taire et r\u00e9dacteur en chef Benoit Charette pratique le journalisme automobile depuis bient\u00f4t 30 ans. Il a fait ses classes au c\u00f4t\u00e9 de Daniel H\u00e9raud et au Carnet de route de 1992 \u00e0 2001. Il est fondateur, copropri\u00e9taire et r\u00e9dacteur en chef de L\u2019Annuel de l\u2019automobile, qu\u2019il publie depuis 2001. Il a anim\u00e9 les \u00e9missions RPM et RPM+ sur V et les L\u00e9gendes de la route sur Historia. \u00c0 la radio depuis 1986, il reprend l\u2019antenne cette ann\u00e9e sur les ondes de Cogeco et participe pour la deuxi\u00e8me ann\u00e9e \u00e0 l\u2019\u00e9mission Passion Auto sur RDS en plus de mettre en ligne le site Web officiel de L\u2019Annuel de l\u2019automobile sur annuelauto.ca.","sameAs":["https:\/\/annuelauto.ca\/"],"url":"https:\/\/news.canadamotorjobs.com\/fr\/author\/benoit-charette\/"}]}},"_links":{"self":[{"href":"https:\/\/news.canadamotorjobs.com\/fr\/wp-json\/wp\/v2\/posts\/185083"}],"collection":[{"href":"https:\/\/news.canadamotorjobs.com\/fr\/wp-json\/wp\/v2\/posts"}],"about":[{"href":"https:\/\/news.canadamotorjobs.com\/fr\/wp-json\/wp\/v2\/types\/post"}],"author":[{"embeddable":true,"href":"https:\/\/news.canadamotorjobs.com\/fr\/wp-json\/wp\/v2\/users\/8"}],"replies":[{"embeddable":true,"href":"https:\/\/news.canadamotorjobs.com\/fr\/wp-json\/wp\/v2\/comments?post=185083"}],"version-history":[{"count":3,"href":"https:\/\/news.canadamotorjobs.com\/fr\/wp-json\/wp\/v2\/posts\/185083\/revisions"}],"predecessor-version":[{"id":185114,"href":"https:\/\/news.canadamotorjobs.com\/fr\/wp-json\/wp\/v2\/posts\/185083\/revisions\/185114"}],"wp:featuredmedia":[{"embeddable":true,"href":"https:\/\/news.canadamotorjobs.com\/fr\/wp-json\/wp\/v2\/media\/185085"}],"wp:attachment":[{"href":"https:\/\/news.canadamotorjobs.com\/fr\/wp-json\/wp\/v2\/media?parent=185083"}],"wp:term":[{"taxonomy":"category","embeddable":true,"href":"https:\/\/news.canadamotorjobs.com\/fr\/wp-json\/wp\/v2\/categories?post=185083"},{"taxonomy":"post_tag","embeddable":true,"href":"https:\/\/news.canadamotorjobs.com\/fr\/wp-json\/wp\/v2\/tags?post=185083"}],"curies":[{"name":"wp","href":"https:\/\/api.w.org\/{rel}","templated":true}]}}