{"id":185036,"date":"2024-12-16T21:36:14","date_gmt":"2024-12-17T02:36:14","guid":{"rendered":"https:\/\/news.canadamotorjobs.com\/?p=185036"},"modified":"2024-12-16T21:58:53","modified_gmt":"2024-12-17T02:58:53","slug":"lafeela-lauto-concue-pour-les-amateurs-karaoke-et-les-cinephiles","status":"publish","type":"post","link":"https:\/\/news.canadamotorjobs.com\/fr\/lafeela-lauto-concue-pour-les-amateurs-karaoke-et-les-cinephiles\/","title":{"rendered":"L\u2019Afeela, l\u2019auto con\u00e7ue pour les amateurs karaok\u00e9 et les cin\u00e9philes"},"content":{"rendered":"<\/p>\n<p>Les amateurs de karaok\u00e9 et les cin\u00e9philes pourront satisfaire leurs passions respectives lorsqu\u2019ils voyageront \u00e0 bord d\u2019une Afeela. Des communiqu\u00e9s publi\u00e9s ce mois-ci nous apprennent, en effet, que la berline \u00e9lectrique de taille moyenne con\u00e7ue par Sony Honda Mobility (SHM) offrira les deux services de divertissement embarqu\u00e9s Stingray Karaoke et Ridevu de Sony Pictures Entertainment.<\/p>\n<p>La marque Afeela a \u00e9t\u00e9 cr\u00e9\u00e9e par Sony et Honda en septembre 2022 et, d\u00e8s janvier 2023, le prototype initial de la berline qui portera ce nom \u00e9tait d\u00e9voil\u00e9 au salon CES de Las Vegas.<\/p>\n<h3><strong>Un deuxi\u00e8me prototype<\/strong><\/h3>\n<p>\nEn janvier dernier, Afeela a r\u00e9cidiv\u00e9 en pr\u00e9sentant un second prototype plus abouti au CES 2024. D\u00e8s lors, pour pr\u00e9parer le terrain \u00e0 l\u2019arriv\u00e9e des premiers mod\u00e8les de s\u00e9rie, promis pour 2026, les gens de SHM s\u2019activent \u00e0 faire conna\u00eetre cette nouveaut\u00e9 qu\u2019on verra d\u2019abord aux \u00c9tats-Unis et par la suite au Japon. Pour ce qui est du Canada, le constructeur n\u2019a jusqu\u2019ici rien annonc\u00e9.<\/p>\n<p>Le moins qu\u2019on puisse dire, c\u2019est que les gens de SHM n\u2019ont pas ch\u00f4m\u00e9. Depuis son d\u00e9voilement, le second prototype sert de mani\u00e8re intensive \u00e0 une tourn\u00e9e promotionnelle concentr\u00e9e en Californie. En juillet, le constructeur s\u2019est m\u00eame offert un spectacle d\u2019ouverture lors d\u2019un match de baseball opposant les Dodgers aux Red Sox de Boston au Dodger Stadium. L\u2019Afeela s\u2019est alors retrouv\u00e9e au centre du terrain aux c\u00f4t\u00e9s de Creepy\u00a0Nuts, un duo japonais de hip-hop r\u00e9unissant le rappeur R-Shitei et le platiniste\u00a0Matsunaga.<\/p>\n<h3><strong>Une anti-Tesla<\/strong><\/h3>\n<p>\nIl est \u00e9vident que SHM cible la Tesla Mod\u00e8le\u00a0S avec sa nouveaut\u00e9. L\u2019Afeela est plus courte qu\u2019une\u00a0S (4\u00a0915\u00a0mm contre 5\u00a0021) et son empattement de 3,0\u00a0m\u00e8tres est 40\u00a0mm sup\u00e9rieur. Des broutilles, quoi.<\/p>\n<p>De plus, ses deux moteurs \u00e9lectriques de 180\u00a0kW entra\u00eenent les quatre roues gr\u00e2ce \u00e0 une batterie au lithium-ion de 91\u00a0kWh. On ignore l\u2019autonomie qu\u2019elle procure, mais le constructeur a r\u00e9v\u00e9l\u00e9 que cette voiture a une capacit\u00e9 de recharge de 150\u00a0kW avec des bornes \u00e0 haut d\u00e9bit.<\/p>\n<p>Tr\u00e8s spacieuse, l\u2019Afeela se distingue \u00e9galement par sa planche de bord num\u00e9rique qui s\u2019\u00e9tend sur toute la largeur de l\u2019habitacle. De plus, en plus des services connect\u00e9s Stingray Karaoke du Groupe Stingray et Ridevu de Sony Pictures Entertainment, en novembre, SHM a annonc\u00e9 que le syst\u00e8me d\u2019infodivertissement de l\u2019Afeela incorporera aussi Zoom Meetings, une application de vid\u00e9oconf\u00e9rence.<\/p>\n<h3><strong>Afeela au CES 2025<\/strong><\/h3>\n<p>\nLa marque Afeela sera de nouveau pr\u00e9sente au CES, qui ouvre ses portes le 7\u00a0janvier prochain. On y apprendra combien co\u00fbtera cette berline (le p\u00e9riodique \u00e9tatsunien <em>Car and Driver<\/em> a \u00e9voqu\u00e9 un prix de base de 45\u00a0000\u00a0$\u00a0US). On conna\u00eetra peut-\u00eatre aussi le vocable qui la d\u00e9signera\u00a0? Et puis, on risque d\u2019en apprendre davantage sur l\u2019ouverture du carnet de commandes en 2025, la date du d\u00e9but de la production qui se fera dans une usine Honda d\u2019Ohio et, enfin, sur les premi\u00e8res livraisons qu\u2019on nous promet toujours en 2026.<\/p>\n<p>Qui sait, les dirigeants de SHM divulgueront peut-\u00eatre m\u00eame quelques bribes d\u2019informations sur les autres mod\u00e8les qui composeront la gamme de cette marque au cours des prochaines ann\u00e9es. Des rumeurs laissent entendre qu\u2019il y aurait un utilitaire de taille moyenne et un mod\u00e8le compact qualifi\u00e9 d\u2019abordable\u2026<\/p>\n<p><em>Photos : Sony Honda Mobility<\/em><\/p>\n<p>Le texte <a rel=\"nofollow\" href=\"https:\/\/annuelauto.ca\/lafeela-lauto-concue-pour-les-amateurs-karaoke-et-les-cinephiles\/\">L\u2019Afeela, l\u2019auto con\u00e7ue pour les amateurs karaok\u00e9 et les cin\u00e9philes<\/a> provient de <a rel=\"nofollow\" href=\"https:\/\/annuelauto.ca\">L&#8217;annuel de l&#8217;automobile &#8211; Actualit\u00e9 automobile<\/a><\/p>\n<p><\/p>\n","protected":false},"excerpt":{"rendered":"<p>Les amateurs de karaok\u00e9 et les cin\u00e9philes pourront satisfaire leurs passions respectives lorsqu\u2019ils voyageront \u00e0 bord d\u2019une Afeela. Des communiqu\u00e9s publi\u00e9s ce mois-ci nous apprennent, en effet, que la berline \u00e9lectrique de taille moyenne con\u00e7ue par Sony Honda Mobility (SHM) offrira les deux services de divertissement embarqu\u00e9s Stingray Karaoke et Ridevu de Sony Pictures Entertainment. [&hellip;]<\/p>\n","protected":false},"author":8,"featured_media":185038,"comment_status":"close","ping_status":"closed","sticky":false,"template":"","format":"standard","meta":{"_monsterinsights_skip_tracking":false,"_monsterinsights_sitenote_active":false,"_monsterinsights_sitenote_note":"","_monsterinsights_sitenote_category":0,"footnotes":""},"categories":[101],"tags":[],"yoast_head":"<!-- This site is optimized with the Yoast SEO plugin v23.2 - https:\/\/yoast.com\/wordpress\/plugins\/seo\/ -->\n<title>L\u2019Afeela, l\u2019auto con\u00e7ue pour les amateurs karaok\u00e9 et les cin\u00e9philes - CanadaMotorJobs.com<\/title>\n<meta name=\"description\" content=\"L\u2019Afeela, l\u2019auto con\u00e7ue pour les amateurs karaok\u00e9 et les cin\u00e9philes - Benoit Charette - Annuel automobile - CanadaMotorJobs.com.\" \/>\n<meta name=\"robots\" content=\"index, follow, max-snippet:-1, max-image-preview:large, max-video-preview:-1\" \/>\n<meta property=\"og:locale\" content=\"fr_CA\" \/>\n<meta property=\"og:type\" content=\"article\" \/>\n<meta property=\"og:title\" content=\"L\u2019Afeela, l\u2019auto con\u00e7ue pour les amateurs karaok\u00e9 et les cin\u00e9philes - CanadaMotorJobs.com\" \/>\n<meta property=\"og:description\" content=\"L\u2019Afeela, l\u2019auto con\u00e7ue pour les amateurs karaok\u00e9 et les cin\u00e9philes - Benoit Charette - Annuel automobile - CanadaMotorJobs.com.\" \/>\n<meta property=\"og:url\" content=\"https:\/\/news.canadamotorjobs.com\/fr\/lafeela-lauto-concue-pour-les-amateurs-karaoke-et-les-cinephiles\/\" \/>\n<meta property=\"og:site_name\" content=\"CanadaMotorJobs.com\" \/>\n<meta property=\"article:publisher\" content=\"https:\/\/www.facebook.com\/canadamotorjobs\/\" \/>\n<meta property=\"article:published_time\" content=\"2024-12-17T02:36:14+00:00\" \/>\n<meta property=\"article:modified_time\" content=\"2024-12-17T02:58:53+00:00\" \/>\n<meta property=\"og:image\" content=\"https:\/\/news.canadamotorjobs.com\/wp-content\/uploads\/2024\/12\/Afeela-prototype-2024-1.jpg\" \/>\n\t<meta property=\"og:image:width\" content=\"1024\" \/>\n\t<meta property=\"og:image:height\" content=\"683\" \/>\n\t<meta property=\"og:image:type\" content=\"image\/jpeg\" \/>\n<meta name=\"author\" content=\"Benoit Charette\" \/>\n<meta name=\"twitter:card\" content=\"summary_large_image\" \/>\n<meta name=\"twitter:creator\" content=\"@canadamotorjobs\" \/>\n<meta name=\"twitter:site\" content=\"@canadamotorjobs\" \/>\n<meta name=\"twitter:label1\" content=\"\u00c9crit par\" \/>\n\t<meta name=\"twitter:data1\" content=\"Benoit Charette\" \/>\n\t<meta name=\"twitter:label2\" content=\"Estimation du temps de lecture\" \/>\n\t<meta name=\"twitter:data2\" content=\"3 minutes\" \/>\n<!-- \/ Yoast SEO plugin. -->","yoast_head_json":{"title":"L\u2019Afeela, l\u2019auto con\u00e7ue pour les amateurs karaok\u00e9 et les cin\u00e9philes - CanadaMotorJobs.com","description":"L\u2019Afeela, l\u2019auto con\u00e7ue pour les amateurs karaok\u00e9 et les cin\u00e9philes - Benoit Charette - Annuel automobile - CanadaMotorJobs.com.","robots":{"index":"index","follow":"follow","max-snippet":"max-snippet:-1","max-image-preview":"max-image-preview:large","max-video-preview":"max-video-preview:-1"},"og_locale":"fr_CA","og_type":"article","og_title":"L\u2019Afeela, l\u2019auto con\u00e7ue pour les amateurs karaok\u00e9 et les cin\u00e9philes - CanadaMotorJobs.com","og_description":"L\u2019Afeela, l\u2019auto con\u00e7ue pour les amateurs karaok\u00e9 et les cin\u00e9philes - Benoit Charette - Annuel automobile - CanadaMotorJobs.com.","og_url":"https:\/\/news.canadamotorjobs.com\/fr\/lafeela-lauto-concue-pour-les-amateurs-karaoke-et-les-cinephiles\/","og_site_name":"CanadaMotorJobs.com","article_publisher":"https:\/\/www.facebook.com\/canadamotorjobs\/","article_published_time":"2024-12-17T02:36:14+00:00","article_modified_time":"2024-12-17T02:58:53+00:00","og_image":[{"width":1024,"height":683,"url":"https:\/\/news.canadamotorjobs.com\/wp-content\/uploads\/2024\/12\/Afeela-prototype-2024-1.jpg","type":"image\/jpeg"}],"author":"Benoit Charette","twitter_card":"summary_large_image","twitter_creator":"@canadamotorjobs","twitter_site":"@canadamotorjobs","twitter_misc":{"\u00c9crit par":"Benoit Charette","Estimation du temps de lecture":"3 minutes"},"schema":{"@context":"https:\/\/schema.org","@graph":[{"@type":"Article","@id":"https:\/\/news.canadamotorjobs.com\/fr\/lafeela-lauto-concue-pour-les-amateurs-karaoke-et-les-cinephiles\/#article","isPartOf":{"@id":"https:\/\/news.canadamotorjobs.com\/fr\/lafeela-lauto-concue-pour-les-amateurs-karaoke-et-les-cinephiles\/"},"author":{"name":"Benoit Charette","@id":"https:\/\/news.canadamotorjobs.com\/#\/schema\/person\/51793d1f87d44011d7bcc2ed99269a90"},"headline":"L\u2019Afeela, l\u2019auto con\u00e7ue pour les amateurs karaok\u00e9 et les cin\u00e9philes","datePublished":"2024-12-17T02:36:14+00:00","dateModified":"2024-12-17T02:58:53+00:00","mainEntityOfPage":{"@id":"https:\/\/news.canadamotorjobs.com\/fr\/lafeela-lauto-concue-pour-les-amateurs-karaoke-et-les-cinephiles\/"},"wordCount":633,"publisher":{"@id":"https:\/\/news.canadamotorjobs.com\/#organization"},"image":{"@id":"https:\/\/news.canadamotorjobs.com\/fr\/lafeela-lauto-concue-pour-les-amateurs-karaoke-et-les-cinephiles\/#primaryimage"},"thumbnailUrl":"https:\/\/news.canadamotorjobs.com\/wp-content\/uploads\/2024\/12\/Afeela-prototype-2024-1.jpg","articleSection":["Annuel automobile"],"inLanguage":"fr-CA"},{"@type":"WebPage","@id":"https:\/\/news.canadamotorjobs.com\/fr\/lafeela-lauto-concue-pour-les-amateurs-karaoke-et-les-cinephiles\/","url":"https:\/\/news.canadamotorjobs.com\/fr\/lafeela-lauto-concue-pour-les-amateurs-karaoke-et-les-cinephiles\/","name":"L\u2019Afeela, l\u2019auto con\u00e7ue pour les amateurs karaok\u00e9 et les cin\u00e9philes - CanadaMotorJobs.com","isPartOf":{"@id":"https:\/\/news.canadamotorjobs.com\/#website"},"primaryImageOfPage":{"@id":"https:\/\/news.canadamotorjobs.com\/fr\/lafeela-lauto-concue-pour-les-amateurs-karaoke-et-les-cinephiles\/#primaryimage"},"image":{"@id":"https:\/\/news.canadamotorjobs.com\/fr\/lafeela-lauto-concue-pour-les-amateurs-karaoke-et-les-cinephiles\/#primaryimage"},"thumbnailUrl":"https:\/\/news.canadamotorjobs.com\/wp-content\/uploads\/2024\/12\/Afeela-prototype-2024-1.jpg","datePublished":"2024-12-17T02:36:14+00:00","dateModified":"2024-12-17T02:58:53+00:00","description":"L\u2019Afeela, l\u2019auto con\u00e7ue pour les amateurs karaok\u00e9 et les cin\u00e9philes - Benoit Charette - Annuel automobile - CanadaMotorJobs.com.","breadcrumb":{"@id":"https:\/\/news.canadamotorjobs.com\/fr\/lafeela-lauto-concue-pour-les-amateurs-karaoke-et-les-cinephiles\/#breadcrumb"},"inLanguage":"fr-CA","potentialAction":[{"@type":"ReadAction","target":["https:\/\/news.canadamotorjobs.com\/fr\/lafeela-lauto-concue-pour-les-amateurs-karaoke-et-les-cinephiles\/"]}]},{"@type":"ImageObject","inLanguage":"fr-CA","@id":"https:\/\/news.canadamotorjobs.com\/fr\/lafeela-lauto-concue-pour-les-amateurs-karaoke-et-les-cinephiles\/#primaryimage","url":"https:\/\/news.canadamotorjobs.com\/wp-content\/uploads\/2024\/12\/Afeela-prototype-2024-1.jpg","contentUrl":"https:\/\/news.canadamotorjobs.com\/wp-content\/uploads\/2024\/12\/Afeela-prototype-2024-1.jpg","width":1024,"height":683},{"@type":"BreadcrumbList","@id":"https:\/\/news.canadamotorjobs.com\/fr\/lafeela-lauto-concue-pour-les-amateurs-karaoke-et-les-cinephiles\/#breadcrumb","itemListElement":[{"@type":"ListItem","position":1,"name":"Home","item":"https:\/\/news.canadamotorjobs.com\/fr\/blog\/"},{"@type":"ListItem","position":2,"name":"L\u2019Afeela, l\u2019auto con\u00e7ue pour les amateurs karaok\u00e9 et les cin\u00e9philes"}]},{"@type":"WebSite","@id":"https:\/\/news.canadamotorjobs.com\/#website","url":"https:\/\/news.canadamotorjobs.com\/","name":"CanadaMotorJobs.com","description":"Automotive Jobs","publisher":{"@id":"https:\/\/news.canadamotorjobs.com\/#organization"},"potentialAction":[{"@type":"SearchAction","target":{"@type":"EntryPoint","urlTemplate":"https:\/\/news.canadamotorjobs.com\/?s={search_term_string}"},"query-input":"required name=search_term_string"}],"inLanguage":"fr-CA"},{"@type":"Organization","@id":"https:\/\/news.canadamotorjobs.com\/#organization","name":"Canada Motor Jobs","url":"https:\/\/news.canadamotorjobs.com\/","logo":{"@type":"ImageObject","inLanguage":"fr-CA","@id":"https:\/\/news.canadamotorjobs.com\/#\/schema\/logo\/image\/","url":"https:\/\/news.canadamotorjobs.com\/wp-content\/uploads\/2022\/10\/logo-canada-motor-jobs-1.png","contentUrl":"https:\/\/news.canadamotorjobs.com\/wp-content\/uploads\/2022\/10\/logo-canada-motor-jobs-1.png","width":800,"height":400,"caption":"Canada Motor Jobs"},"image":{"@id":"https:\/\/news.canadamotorjobs.com\/#\/schema\/logo\/image\/"},"sameAs":["https:\/\/www.facebook.com\/canadamotorjobs\/","https:\/\/x.com\/canadamotorjobs","https:\/\/www.instagram.com\/canadamotorjobs\/","https:\/\/www.linkedin.com\/company\/canadamotorjobs"]},{"@type":"Person","@id":"https:\/\/news.canadamotorjobs.com\/#\/schema\/person\/51793d1f87d44011d7bcc2ed99269a90","name":"Benoit Charette","image":{"@type":"ImageObject","inLanguage":"fr-CA","@id":"https:\/\/news.canadamotorjobs.com\/#\/schema\/person\/image\/","url":"https:\/\/secure.gravatar.com\/avatar\/45f3d2eebcccd909668d7ce7ea7267b6?s=96&d=mm&r=g","contentUrl":"https:\/\/secure.gravatar.com\/avatar\/45f3d2eebcccd909668d7ce7ea7267b6?s=96&d=mm&r=g","caption":"Benoit Charette"},"description":"Benoit Charette \/ Propri\u00e9taire et r\u00e9dacteur en chef Benoit Charette pratique le journalisme automobile depuis bient\u00f4t 30 ans. Il a fait ses classes au c\u00f4t\u00e9 de Daniel H\u00e9raud et au Carnet de route de 1992 \u00e0 2001. Il est fondateur, copropri\u00e9taire et r\u00e9dacteur en chef de L\u2019Annuel de l\u2019automobile, qu\u2019il publie depuis 2001. Il a anim\u00e9 les \u00e9missions RPM et RPM+ sur V et les L\u00e9gendes de la route sur Historia. \u00c0 la radio depuis 1986, il reprend l\u2019antenne cette ann\u00e9e sur les ondes de Cogeco et participe pour la deuxi\u00e8me ann\u00e9e \u00e0 l\u2019\u00e9mission Passion Auto sur RDS en plus de mettre en ligne le site Web officiel de L\u2019Annuel de l\u2019automobile sur annuelauto.ca.","sameAs":["https:\/\/annuelauto.ca\/"],"url":"https:\/\/news.canadamotorjobs.com\/fr\/author\/benoit-charette\/"}]}},"_links":{"self":[{"href":"https:\/\/news.canadamotorjobs.com\/fr\/wp-json\/wp\/v2\/posts\/185036"}],"collection":[{"href":"https:\/\/news.canadamotorjobs.com\/fr\/wp-json\/wp\/v2\/posts"}],"about":[{"href":"https:\/\/news.canadamotorjobs.com\/fr\/wp-json\/wp\/v2\/types\/post"}],"author":[{"embeddable":true,"href":"https:\/\/news.canadamotorjobs.com\/fr\/wp-json\/wp\/v2\/users\/8"}],"replies":[{"embeddable":true,"href":"https:\/\/news.canadamotorjobs.com\/fr\/wp-json\/wp\/v2\/comments?post=185036"}],"version-history":[{"count":2,"href":"https:\/\/news.canadamotorjobs.com\/fr\/wp-json\/wp\/v2\/posts\/185036\/revisions"}],"predecessor-version":[{"id":185040,"href":"https:\/\/news.canadamotorjobs.com\/fr\/wp-json\/wp\/v2\/posts\/185036\/revisions\/185040"}],"wp:featuredmedia":[{"embeddable":true,"href":"https:\/\/news.canadamotorjobs.com\/fr\/wp-json\/wp\/v2\/media\/185038"}],"wp:attachment":[{"href":"https:\/\/news.canadamotorjobs.com\/fr\/wp-json\/wp\/v2\/media?parent=185036"}],"wp:term":[{"taxonomy":"category","embeddable":true,"href":"https:\/\/news.canadamotorjobs.com\/fr\/wp-json\/wp\/v2\/categories?post=185036"},{"taxonomy":"post_tag","embeddable":true,"href":"https:\/\/news.canadamotorjobs.com\/fr\/wp-json\/wp\/v2\/tags?post=185036"}],"curies":[{"name":"wp","href":"https:\/\/api.w.org\/{rel}","templated":true}]}}