{"id":185007,"date":"2024-12-16T07:58:56","date_gmt":"2024-12-16T12:58:56","guid":{"rendered":"https:\/\/news.canadamotorjobs.com\/?p=185007"},"modified":"2024-12-16T07:59:09","modified_gmt":"2024-12-16T12:59:09","slug":"donald-trump-se-prepare-a-abolir-toutes-les-reformes-electriques-de-joe-biden","status":"publish","type":"post","link":"https:\/\/news.canadamotorjobs.com\/fr\/donald-trump-se-prepare-a-abolir-toutes-les-reformes-electriques-de-joe-biden\/","title":{"rendered":"Donald Trump se pr\u00e9pare \u00e0 abolir toutes les r\u00e9formes \u00e9lectriques de Joe Biden"},"content":{"rendered":"<\/p>\n<p>La future administration de Donald Trump pr\u00e9voit de <strong>revoir en profondeur les politiques de Joe Biden sur les v\u00e9hicules \u00e9lectriques (VE)<\/strong> et les \u00e9missions polluantes. Selon un document obtenu par Reuters, ces propositions incluent la suppression des subventions pour les VE, l&#8217;imposition de droits de douane sur les mat\u00e9riaux de batteries et un retour aux normes d&#8217;\u00e9missions de 2019.<\/p>\n<p>Ces changements visent \u00e0 r\u00e9duire la d\u00e9pendance des \u00c9tats-Unis \u00e0 l&#8217;\u00e9gard de la cha\u00eene d&#8217;approvisionnement chinoise pour les batteries et les mat\u00e9riaux critiques. Ils refl\u00e8tent \u00e9galement un recentrage sur les int\u00e9r\u00eats de d\u00e9fense nationale, au d\u00e9triment des infrastructures et des incitations pour les VE.<\/p>\n<h3><strong>R\u00e9duction des Subventions et Tarifs Douaniers sur les Mat\u00e9riaux de Batteries<\/strong><\/h3>\n<p>\nLa transition Trump propose de <strong>mettre fin au cr\u00e9dit d&#8217;imp\u00f4t de 7 500 $<\/strong> pour les acheteurs de VE et de r\u00e9cup\u00e9rer les fonds restants du plan de 7,5 milliards $ de Biden destin\u00e9 \u00e0 construire des bornes de recharge. Ces fonds seraient redirig\u00e9s vers le traitement des min\u00e9raux pour les batteries et les infrastructures critiques de d\u00e9fense nationale.<\/p>\n<p>En parall\u00e8le, des <strong>droits de douane mondiaux sur les mat\u00e9riaux de batteries<\/strong> seraient instaur\u00e9s pour stimuler la production nationale. Des exemptions pourraient \u00eatre n\u00e9goci\u00e9es avec certains alli\u00e9s.<\/p>\n<h3><strong>Retour aux v\u00e9hicules combustion et \u00e9missions plus flexibles<\/strong><\/h3>\n<p>\nLa nouvelle administration envisage \u00e9galement de <strong>rouvrir la porte aux v\u00e9hicules \u00e0 moteur thermique<\/strong> en assouplissant les normes d&#8217;\u00e9missions et de consommation de carburant. Les recommandations proposent :<\/p>\n<ul><\/p>\n<li>Un retour aux normes de 2019, augmentant de 25 % les \u00e9missions autoris\u00e9es par mile et abaissant de 15 % les exigences d&#8217;efficacit\u00e9 \u00e9nerg\u00e9tique.<\/li>\n<p><\/p>\n<li>Bloquer la Californie dans sa tentative de fixer des normes d&#8217;\u00e9missions plus strictes, une initiative annul\u00e9e par Trump lors de son premier mandat mais r\u00e9tablie par Biden.<\/li>\n<p>\n<\/ul>\n<p><\/p>\n<h3><strong>Priorit\u00e9 \u00e0 la d\u00e9fense et \u00e0 l&#8217;industrie Am\u00e9ricaine<\/strong><\/h3>\n<p>\nLes batteries et min\u00e9raux critiques sont consid\u00e9r\u00e9s comme essentiels pour la d\u00e9fense nationale. La transition Trump recommande de :<\/p>\n<ul><\/p>\n<li>Acc\u00e9l\u00e9rer les projets f\u00e9d\u00e9raux li\u00e9s \u00e0 la fabrication et au recyclage des batteries.<\/li>\n<p><\/p>\n<li>\u00c9tendre les restrictions \u00e0 l&#8217;exportation de technologies de batteries vers des nations adversaires.<\/li>\n<p><\/p>\n<li>Soutenir l&#8217;exportation des batteries fabriqu\u00e9es aux \u00c9tats-Unis via la Banque d\u2019Export-Import.<\/li>\n<p>\n<\/ul>\n<p><\/p>\n<h3><strong>Impact sur l\u2019industrie automobile et les V\u00c9S<\/strong><\/h3>\n<p>\nCes propositions pourraient freiner l&#8217;adoption des VE aux \u00c9tats-Unis et nuire aux ventes d&#8217;acteurs majeurs comme Tesla, m\u00eame si Elon Musk a d\u00e9clar\u00e9 que la suppression des subventions affecterait davantage ses concurrents.<br \/>\nLes constructeurs mondiaux, comme <strong>General Motors<\/strong> et <strong>Hyundai<\/strong>, qui ont r\u00e9cemment \u00e9largi leurs gammes de VE, pourraient \u00e9galement \u00eatre impact\u00e9s.<\/p>\n<h3><strong>Un Retrait des V\u00e9hicules \u00c9lectriques Militaires<\/strong><\/h3>\n<p>\nLa transition Trump envisage \u00e9galement de <strong>mettre fin aux programmes visant \u00e0 d\u00e9velopper des v\u00e9hicules militaires \u00e9lectriques<\/strong>, une priorit\u00e9 de l&#8217;administration Biden.<\/p>\n<h3><strong>Un grand pas en arri\u00e8re pour la transition \u00e9lectrique<br \/>\n<\/strong><\/h3>\n<p>\nAlors que de nombreux pays acc\u00e9l\u00e8rent leur adoption des VE pour r\u00e9duire les \u00e9missions, ces propositions marquent un net recul pour les \u00c9tats-Unis. La transition Trump privil\u00e9gie la production nationale et les int\u00e9r\u00eats de d\u00e9fense au d\u00e9triment de l&#8217;\u00e9cologie, risquant d\u2019isoler davantage les \u00c9tats-Unis sur le plan environnemental et industriel.<\/p>\n<p>Avec des renseignements de Reuters<\/p>\n<p>Le texte <a rel=\"nofollow\" href=\"https:\/\/annuelauto.ca\/trump-vehicules-electriques-emissions-reformes\/\">Donald Trump se pr\u00e9pare \u00e0 abolir toutes les r\u00e9formes \u00e9lectriques de Joe Biden<\/a> provient de <a rel=\"nofollow\" href=\"https:\/\/annuelauto.ca\">L&#8217;annuel de l&#8217;automobile &#8211; Actualit\u00e9 automobile<\/a><\/p>\n<p><\/p>\n","protected":false},"excerpt":{"rendered":"<p>La future administration de Donald Trump pr\u00e9voit de revoir en profondeur les politiques de Joe Biden sur les v\u00e9hicules \u00e9lectriques (VE) et les \u00e9missions polluantes. Selon un document obtenu par Reuters, ces propositions incluent la suppression des subventions pour les VE, l&#8217;imposition de droits de douane sur les mat\u00e9riaux de batteries et un retour aux [&hellip;]<\/p>\n","protected":false},"author":8,"featured_media":185009,"comment_status":"close","ping_status":"closed","sticky":false,"template":"","format":"standard","meta":{"_monsterinsights_skip_tracking":false,"_monsterinsights_sitenote_active":false,"_monsterinsights_sitenote_note":"","_monsterinsights_sitenote_category":0,"footnotes":""},"categories":[101],"tags":[],"yoast_head":"<!-- This site is optimized with the Yoast SEO plugin v23.2 - https:\/\/yoast.com\/wordpress\/plugins\/seo\/ -->\n<title>Donald Trump se pr\u00e9pare \u00e0 abolir toutes les r\u00e9formes \u00e9lectriques de Joe Biden - CanadaMotorJobs.com<\/title>\n<meta name=\"description\" content=\"Donald Trump se pr\u00e9pare \u00e0 abolir toutes les r\u00e9formes \u00e9lectriques de Joe Biden - Benoit Charette - Annuel automobile - CanadaMotorJobs.com.\" \/>\n<meta name=\"robots\" content=\"index, follow, max-snippet:-1, max-image-preview:large, max-video-preview:-1\" \/>\n<meta property=\"og:locale\" content=\"fr_CA\" \/>\n<meta property=\"og:type\" content=\"article\" \/>\n<meta property=\"og:title\" content=\"Donald Trump se pr\u00e9pare \u00e0 abolir toutes les r\u00e9formes \u00e9lectriques de Joe Biden - CanadaMotorJobs.com\" \/>\n<meta property=\"og:description\" content=\"Donald Trump se pr\u00e9pare \u00e0 abolir toutes les r\u00e9formes \u00e9lectriques de Joe Biden - Benoit Charette - Annuel automobile - CanadaMotorJobs.com.\" \/>\n<meta property=\"og:url\" content=\"https:\/\/news.canadamotorjobs.com\/fr\/donald-trump-se-prepare-a-abolir-toutes-les-reformes-electriques-de-joe-biden\/\" \/>\n<meta property=\"og:site_name\" content=\"CanadaMotorJobs.com\" \/>\n<meta property=\"article:publisher\" content=\"https:\/\/www.facebook.com\/canadamotorjobs\/\" \/>\n<meta property=\"article:published_time\" content=\"2024-12-16T12:58:56+00:00\" \/>\n<meta property=\"article:modified_time\" content=\"2024-12-16T12:59:09+00:00\" \/>\n<meta property=\"og:image\" content=\"https:\/\/news.canadamotorjobs.com\/wp-content\/uploads\/2024\/12\/P20170614JB-0303-2-1920x720-1.jpg\" \/>\n\t<meta property=\"og:image:width\" content=\"1920\" \/>\n\t<meta property=\"og:image:height\" content=\"720\" \/>\n\t<meta property=\"og:image:type\" content=\"image\/jpeg\" \/>\n<meta name=\"author\" content=\"Benoit Charette\" \/>\n<meta name=\"twitter:card\" content=\"summary_large_image\" \/>\n<meta name=\"twitter:creator\" content=\"@canadamotorjobs\" \/>\n<meta name=\"twitter:site\" content=\"@canadamotorjobs\" \/>\n<meta name=\"twitter:label1\" content=\"\u00c9crit par\" \/>\n\t<meta name=\"twitter:data1\" content=\"Benoit Charette\" \/>\n\t<meta name=\"twitter:label2\" content=\"Estimation du temps de lecture\" \/>\n\t<meta name=\"twitter:data2\" content=\"3 minutes\" \/>\n<!-- \/ Yoast SEO plugin. -->","yoast_head_json":{"title":"Donald Trump se pr\u00e9pare \u00e0 abolir toutes les r\u00e9formes \u00e9lectriques de Joe Biden - CanadaMotorJobs.com","description":"Donald Trump se pr\u00e9pare \u00e0 abolir toutes les r\u00e9formes \u00e9lectriques de Joe Biden - Benoit Charette - Annuel automobile - CanadaMotorJobs.com.","robots":{"index":"index","follow":"follow","max-snippet":"max-snippet:-1","max-image-preview":"max-image-preview:large","max-video-preview":"max-video-preview:-1"},"og_locale":"fr_CA","og_type":"article","og_title":"Donald Trump se pr\u00e9pare \u00e0 abolir toutes les r\u00e9formes \u00e9lectriques de Joe Biden - CanadaMotorJobs.com","og_description":"Donald Trump se pr\u00e9pare \u00e0 abolir toutes les r\u00e9formes \u00e9lectriques de Joe Biden - Benoit Charette - Annuel automobile - CanadaMotorJobs.com.","og_url":"https:\/\/news.canadamotorjobs.com\/fr\/donald-trump-se-prepare-a-abolir-toutes-les-reformes-electriques-de-joe-biden\/","og_site_name":"CanadaMotorJobs.com","article_publisher":"https:\/\/www.facebook.com\/canadamotorjobs\/","article_published_time":"2024-12-16T12:58:56+00:00","article_modified_time":"2024-12-16T12:59:09+00:00","og_image":[{"width":1920,"height":720,"url":"https:\/\/news.canadamotorjobs.com\/wp-content\/uploads\/2024\/12\/P20170614JB-0303-2-1920x720-1.jpg","type":"image\/jpeg"}],"author":"Benoit Charette","twitter_card":"summary_large_image","twitter_creator":"@canadamotorjobs","twitter_site":"@canadamotorjobs","twitter_misc":{"\u00c9crit par":"Benoit Charette","Estimation du temps de lecture":"3 minutes"},"schema":{"@context":"https:\/\/schema.org","@graph":[{"@type":"Article","@id":"https:\/\/news.canadamotorjobs.com\/fr\/donald-trump-se-prepare-a-abolir-toutes-les-reformes-electriques-de-joe-biden\/#article","isPartOf":{"@id":"https:\/\/news.canadamotorjobs.com\/fr\/donald-trump-se-prepare-a-abolir-toutes-les-reformes-electriques-de-joe-biden\/"},"author":{"name":"Benoit Charette","@id":"https:\/\/news.canadamotorjobs.com\/#\/schema\/person\/51793d1f87d44011d7bcc2ed99269a90"},"headline":"Donald Trump se pr\u00e9pare \u00e0 abolir toutes les r\u00e9formes \u00e9lectriques de Joe Biden","datePublished":"2024-12-16T12:58:56+00:00","dateModified":"2024-12-16T12:59:09+00:00","mainEntityOfPage":{"@id":"https:\/\/news.canadamotorjobs.com\/fr\/donald-trump-se-prepare-a-abolir-toutes-les-reformes-electriques-de-joe-biden\/"},"wordCount":599,"publisher":{"@id":"https:\/\/news.canadamotorjobs.com\/#organization"},"image":{"@id":"https:\/\/news.canadamotorjobs.com\/fr\/donald-trump-se-prepare-a-abolir-toutes-les-reformes-electriques-de-joe-biden\/#primaryimage"},"thumbnailUrl":"https:\/\/news.canadamotorjobs.com\/wp-content\/uploads\/2024\/12\/P20170614JB-0303-2-1920x720-1.jpg","articleSection":["Annuel automobile"],"inLanguage":"fr-CA"},{"@type":"WebPage","@id":"https:\/\/news.canadamotorjobs.com\/fr\/donald-trump-se-prepare-a-abolir-toutes-les-reformes-electriques-de-joe-biden\/","url":"https:\/\/news.canadamotorjobs.com\/fr\/donald-trump-se-prepare-a-abolir-toutes-les-reformes-electriques-de-joe-biden\/","name":"Donald Trump se pr\u00e9pare \u00e0 abolir toutes les r\u00e9formes \u00e9lectriques de Joe Biden - CanadaMotorJobs.com","isPartOf":{"@id":"https:\/\/news.canadamotorjobs.com\/#website"},"primaryImageOfPage":{"@id":"https:\/\/news.canadamotorjobs.com\/fr\/donald-trump-se-prepare-a-abolir-toutes-les-reformes-electriques-de-joe-biden\/#primaryimage"},"image":{"@id":"https:\/\/news.canadamotorjobs.com\/fr\/donald-trump-se-prepare-a-abolir-toutes-les-reformes-electriques-de-joe-biden\/#primaryimage"},"thumbnailUrl":"https:\/\/news.canadamotorjobs.com\/wp-content\/uploads\/2024\/12\/P20170614JB-0303-2-1920x720-1.jpg","datePublished":"2024-12-16T12:58:56+00:00","dateModified":"2024-12-16T12:59:09+00:00","description":"Donald Trump se pr\u00e9pare \u00e0 abolir toutes les r\u00e9formes \u00e9lectriques de Joe Biden - Benoit Charette - Annuel automobile - CanadaMotorJobs.com.","breadcrumb":{"@id":"https:\/\/news.canadamotorjobs.com\/fr\/donald-trump-se-prepare-a-abolir-toutes-les-reformes-electriques-de-joe-biden\/#breadcrumb"},"inLanguage":"fr-CA","potentialAction":[{"@type":"ReadAction","target":["https:\/\/news.canadamotorjobs.com\/fr\/donald-trump-se-prepare-a-abolir-toutes-les-reformes-electriques-de-joe-biden\/"]}]},{"@type":"ImageObject","inLanguage":"fr-CA","@id":"https:\/\/news.canadamotorjobs.com\/fr\/donald-trump-se-prepare-a-abolir-toutes-les-reformes-electriques-de-joe-biden\/#primaryimage","url":"https:\/\/news.canadamotorjobs.com\/wp-content\/uploads\/2024\/12\/P20170614JB-0303-2-1920x720-1.jpg","contentUrl":"https:\/\/news.canadamotorjobs.com\/wp-content\/uploads\/2024\/12\/P20170614JB-0303-2-1920x720-1.jpg","width":1920,"height":720},{"@type":"BreadcrumbList","@id":"https:\/\/news.canadamotorjobs.com\/fr\/donald-trump-se-prepare-a-abolir-toutes-les-reformes-electriques-de-joe-biden\/#breadcrumb","itemListElement":[{"@type":"ListItem","position":1,"name":"Home","item":"https:\/\/news.canadamotorjobs.com\/fr\/blog\/"},{"@type":"ListItem","position":2,"name":"Donald Trump se pr\u00e9pare \u00e0 abolir toutes les r\u00e9formes \u00e9lectriques de Joe Biden"}]},{"@type":"WebSite","@id":"https:\/\/news.canadamotorjobs.com\/#website","url":"https:\/\/news.canadamotorjobs.com\/","name":"CanadaMotorJobs.com","description":"Automotive Jobs","publisher":{"@id":"https:\/\/news.canadamotorjobs.com\/#organization"},"potentialAction":[{"@type":"SearchAction","target":{"@type":"EntryPoint","urlTemplate":"https:\/\/news.canadamotorjobs.com\/?s={search_term_string}"},"query-input":"required name=search_term_string"}],"inLanguage":"fr-CA"},{"@type":"Organization","@id":"https:\/\/news.canadamotorjobs.com\/#organization","name":"Canada Motor Jobs","url":"https:\/\/news.canadamotorjobs.com\/","logo":{"@type":"ImageObject","inLanguage":"fr-CA","@id":"https:\/\/news.canadamotorjobs.com\/#\/schema\/logo\/image\/","url":"https:\/\/news.canadamotorjobs.com\/wp-content\/uploads\/2022\/10\/logo-canada-motor-jobs-1.png","contentUrl":"https:\/\/news.canadamotorjobs.com\/wp-content\/uploads\/2022\/10\/logo-canada-motor-jobs-1.png","width":800,"height":400,"caption":"Canada Motor Jobs"},"image":{"@id":"https:\/\/news.canadamotorjobs.com\/#\/schema\/logo\/image\/"},"sameAs":["https:\/\/www.facebook.com\/canadamotorjobs\/","https:\/\/x.com\/canadamotorjobs","https:\/\/www.instagram.com\/canadamotorjobs\/","https:\/\/www.linkedin.com\/company\/canadamotorjobs"]},{"@type":"Person","@id":"https:\/\/news.canadamotorjobs.com\/#\/schema\/person\/51793d1f87d44011d7bcc2ed99269a90","name":"Benoit Charette","image":{"@type":"ImageObject","inLanguage":"fr-CA","@id":"https:\/\/news.canadamotorjobs.com\/#\/schema\/person\/image\/","url":"https:\/\/secure.gravatar.com\/avatar\/45f3d2eebcccd909668d7ce7ea7267b6?s=96&d=mm&r=g","contentUrl":"https:\/\/secure.gravatar.com\/avatar\/45f3d2eebcccd909668d7ce7ea7267b6?s=96&d=mm&r=g","caption":"Benoit Charette"},"description":"Benoit Charette \/ Propri\u00e9taire et r\u00e9dacteur en chef Benoit Charette pratique le journalisme automobile depuis bient\u00f4t 30 ans. Il a fait ses classes au c\u00f4t\u00e9 de Daniel H\u00e9raud et au Carnet de route de 1992 \u00e0 2001. Il est fondateur, copropri\u00e9taire et r\u00e9dacteur en chef de L\u2019Annuel de l\u2019automobile, qu\u2019il publie depuis 2001. Il a anim\u00e9 les \u00e9missions RPM et RPM+ sur V et les L\u00e9gendes de la route sur Historia. \u00c0 la radio depuis 1986, il reprend l\u2019antenne cette ann\u00e9e sur les ondes de Cogeco et participe pour la deuxi\u00e8me ann\u00e9e \u00e0 l\u2019\u00e9mission Passion Auto sur RDS en plus de mettre en ligne le site Web officiel de L\u2019Annuel de l\u2019automobile sur annuelauto.ca.","sameAs":["https:\/\/annuelauto.ca\/"],"url":"https:\/\/news.canadamotorjobs.com\/fr\/author\/benoit-charette\/"}]}},"_links":{"self":[{"href":"https:\/\/news.canadamotorjobs.com\/fr\/wp-json\/wp\/v2\/posts\/185007"}],"collection":[{"href":"https:\/\/news.canadamotorjobs.com\/fr\/wp-json\/wp\/v2\/posts"}],"about":[{"href":"https:\/\/news.canadamotorjobs.com\/fr\/wp-json\/wp\/v2\/types\/post"}],"author":[{"embeddable":true,"href":"https:\/\/news.canadamotorjobs.com\/fr\/wp-json\/wp\/v2\/users\/8"}],"replies":[{"embeddable":true,"href":"https:\/\/news.canadamotorjobs.com\/fr\/wp-json\/wp\/v2\/comments?post=185007"}],"version-history":[{"count":2,"href":"https:\/\/news.canadamotorjobs.com\/fr\/wp-json\/wp\/v2\/posts\/185007\/revisions"}],"predecessor-version":[{"id":185011,"href":"https:\/\/news.canadamotorjobs.com\/fr\/wp-json\/wp\/v2\/posts\/185007\/revisions\/185011"}],"wp:featuredmedia":[{"embeddable":true,"href":"https:\/\/news.canadamotorjobs.com\/fr\/wp-json\/wp\/v2\/media\/185009"}],"wp:attachment":[{"href":"https:\/\/news.canadamotorjobs.com\/fr\/wp-json\/wp\/v2\/media?parent=185007"}],"wp:term":[{"taxonomy":"category","embeddable":true,"href":"https:\/\/news.canadamotorjobs.com\/fr\/wp-json\/wp\/v2\/categories?post=185007"},{"taxonomy":"post_tag","embeddable":true,"href":"https:\/\/news.canadamotorjobs.com\/fr\/wp-json\/wp\/v2\/tags?post=185007"}],"curies":[{"name":"wp","href":"https:\/\/api.w.org\/{rel}","templated":true}]}}