{"id":184984,"date":"2024-12-16T07:35:35","date_gmt":"2024-12-16T12:35:35","guid":{"rendered":"https:\/\/news.canadamotorjobs.com\/?p=184984"},"modified":"2024-12-16T07:43:45","modified_gmt":"2024-12-16T12:43:45","slug":"tesla-transforme-ses-cybertrucks-foundation-series-pour-le-canada","status":"publish","type":"post","link":"https:\/\/news.canadamotorjobs.com\/fr\/tesla-transforme-ses-cybertrucks-foundation-series-pour-le-canada\/","title":{"rendered":"Tesla Transforme ses Cybertrucks Foundation series pour le Canada"},"content":{"rendered":"<\/p>\n<p>Tesla a pris une d\u00e9cision surprenante en retirant les badges exclusifs des <strong>Cybertrucks Foundation Series<\/strong> pour les vendre comme des Cybertrucks standards. Ces modifications visent \u00e0 surmonter des probl\u00e8mes de demande aux \u00c9tats-Unis, o\u00f9 ces mod\u00e8les peinent \u00e0 trouver preneur. Les <strong>Foundation Series<\/strong> \u00e9taient les premiers Cybertrucks produits, destin\u00e9s initialement aux d\u00e9tenteurs de r\u00e9servations. Tesla les avait major\u00e9s de 20 000 $ avec des \u00e9quipements et accessoires premium, ainsi que des badges grav\u00e9s au laser pour l\u2019ext\u00e9rieur et le tableau de bord. Mais face \u00e0 des stocks importants, Tesla a d\u00e9cid\u00e9 d\u2019\u00e9liminer ces caract\u00e9ristiques pour les vendre \u00e0 un prix inf\u00e9rieur.<\/p>\n<h3><strong>Homologation Canadienne : Une Nouvelle Strat\u00e9gie<\/strong><\/h3>\n<p>\nTesla ne se limite pas \u00e0 modifier les v\u00e9hicules pour le march\u00e9 am\u00e9ricain. Le constructeur pr\u00e9voit \u00e9galement de <strong>transformer plus de 800 Cybertrucks pour le march\u00e9 canadien<\/strong>, o\u00f9 la demande semble plus prometteuse. Ces v\u00e9hicules seront homologu\u00e9s pour r\u00e9pondre aux normes canadiennes et exp\u00e9di\u00e9s au nord de la fronti\u00e8re.<\/p>\n<h3><strong>Signes de Difficult\u00e9 pour le Cybertruck<\/strong><\/h3>\n<p>\nPlusieurs indices laissent penser que Tesla a \u00e9puis\u00e9 l\u2019\u00e9norme liste de r\u00e9servations pour le Cybertruck. En moins d\u2019un an, le constructeur a livr\u00e9 seulement <strong>40 000 \u00e0 50 000 unit\u00e9s<\/strong>, malgr\u00e9 plus d\u2019un million de r\u00e9servations initiales.<\/p>\n<ul><\/p>\n<li>Tesla a demand\u00e9 \u00e0 ses employ\u00e9s travaillant sur la cha\u00eene de production du Cybertruck au <strong>Gigafactory Texas<\/strong> de prendre quelques jours de repos.<\/li>\n<p><\/p>\n<li>Le prix de la location a \u00e9t\u00e9 r\u00e9duit, et Tesla propose d\u00e9sormais des Cybertrucks via son <strong>programme de parrainage<\/strong>, offrant des rabais directs.<\/li>\n<p><\/p>\n<li>De nombreux Cybertrucks, y compris des Foundation Series, sont d\u00e9sormais disponibles en inventaire pour livraison imm\u00e9diate.<\/li>\n<p>\n<\/ul>\n<p><\/p>\n<h3><strong>Pression sur les Centres de Service Tesla<\/strong><\/h3>\n<p>\nLes efforts pour modifier les v\u00e9hicules ont un co\u00fbt : ils augmentent la charge de travail des <strong>centres de service et de collision<\/strong> de Tesla, ce qui allonge les d\u00e9lais pour les propri\u00e9taires actuels.<\/p>\n<h3><strong>Un succ\u00e8s nuancer<br \/>\n<\/strong><\/h3>\n<p>\nMalgr\u00e9 son statut de <strong>pickup \u00e9lectrique le plus vendu aux \u00c9tats-Unis<\/strong>, le Cybertruck fait face \u00e0 des d\u00e9fis. Son succ\u00e8s initial s\u2019explique par une forte demande accumul\u00e9e sur plusieurs ann\u00e9es et un engouement autour de son design. Toutefois, la rapidit\u00e9 avec laquelle Tesla a \u00e9puis\u00e9 son carnet de r\u00e9servations soul\u00e8ve des questions sur la durabilit\u00e9 de la demande pour ce v\u00e9hicule atypique.<\/p>\n<p>Avec des renseignements d&#8217;Electrek<\/p>\n<p>\u00a0<\/p>\n<p>Le texte <a rel=\"nofollow\" href=\"https:\/\/annuelauto.ca\/tesla-cybertruck-foundation-series-modifications\/\">Tesla Transforme ses Cybertrucks Foundation series pour le Canada<\/a> provient de <a rel=\"nofollow\" href=\"https:\/\/annuelauto.ca\">L&#8217;annuel de l&#8217;automobile &#8211; Actualit\u00e9 automobile<\/a><\/p>\n<p><\/p>\n","protected":false},"excerpt":{"rendered":"<p>Tesla a pris une d\u00e9cision surprenante en retirant les badges exclusifs des Cybertrucks Foundation Series pour les vendre comme des Cybertrucks standards. Ces modifications visent \u00e0 surmonter des probl\u00e8mes de demande aux \u00c9tats-Unis, o\u00f9 ces mod\u00e8les peinent \u00e0 trouver preneur. Les Foundation Series \u00e9taient les premiers Cybertrucks produits, destin\u00e9s initialement aux d\u00e9tenteurs de r\u00e9servations. Tesla [&hellip;]<\/p>\n","protected":false},"author":8,"featured_media":184986,"comment_status":"close","ping_status":"closed","sticky":false,"template":"","format":"standard","meta":{"_monsterinsights_skip_tracking":false,"_monsterinsights_sitenote_active":false,"_monsterinsights_sitenote_note":"","_monsterinsights_sitenote_category":0,"footnotes":""},"categories":[101],"tags":[],"yoast_head":"<!-- This site is optimized with the Yoast SEO plugin v23.2 - https:\/\/yoast.com\/wordpress\/plugins\/seo\/ -->\n<title>Tesla Transforme ses Cybertrucks Foundation series pour le Canada - CanadaMotorJobs.com<\/title>\n<meta name=\"description\" content=\"Tesla Transforme ses Cybertrucks Foundation series pour le Canada - Benoit Charette - Annuel automobile - CanadaMotorJobs.com.\" \/>\n<meta name=\"robots\" content=\"index, follow, max-snippet:-1, max-image-preview:large, max-video-preview:-1\" \/>\n<meta property=\"og:locale\" content=\"fr_CA\" \/>\n<meta property=\"og:type\" content=\"article\" \/>\n<meta property=\"og:title\" content=\"Tesla Transforme ses Cybertrucks Foundation series pour le Canada - CanadaMotorJobs.com\" \/>\n<meta property=\"og:description\" content=\"Tesla Transforme ses Cybertrucks Foundation series pour le Canada - Benoit Charette - Annuel automobile - CanadaMotorJobs.com.\" \/>\n<meta property=\"og:url\" content=\"https:\/\/news.canadamotorjobs.com\/fr\/tesla-transforme-ses-cybertrucks-foundation-series-pour-le-canada\/\" \/>\n<meta property=\"og:site_name\" content=\"CanadaMotorJobs.com\" \/>\n<meta property=\"article:publisher\" content=\"https:\/\/www.facebook.com\/canadamotorjobs\/\" \/>\n<meta property=\"article:published_time\" content=\"2024-12-16T12:35:35+00:00\" \/>\n<meta property=\"article:modified_time\" content=\"2024-12-16T12:43:45+00:00\" \/>\n<meta property=\"og:image\" content=\"https:\/\/news.canadamotorjobs.com\/wp-content\/uploads\/2024\/12\/04_Desktop.jpg\" \/>\n\t<meta property=\"og:image:width\" content=\"1240\" \/>\n\t<meta property=\"og:image:height\" content=\"620\" \/>\n\t<meta property=\"og:image:type\" content=\"image\/jpeg\" \/>\n<meta name=\"author\" content=\"Benoit Charette\" \/>\n<meta name=\"twitter:card\" content=\"summary_large_image\" \/>\n<meta name=\"twitter:creator\" content=\"@canadamotorjobs\" \/>\n<meta name=\"twitter:site\" content=\"@canadamotorjobs\" \/>\n<meta name=\"twitter:label1\" content=\"\u00c9crit par\" \/>\n\t<meta name=\"twitter:data1\" content=\"Benoit Charette\" \/>\n\t<meta name=\"twitter:label2\" content=\"Estimation du temps de lecture\" \/>\n\t<meta name=\"twitter:data2\" content=\"2 minutes\" \/>\n<!-- \/ Yoast SEO plugin. -->","yoast_head_json":{"title":"Tesla Transforme ses Cybertrucks Foundation series pour le Canada - CanadaMotorJobs.com","description":"Tesla Transforme ses Cybertrucks Foundation series pour le Canada - Benoit Charette - Annuel automobile - CanadaMotorJobs.com.","robots":{"index":"index","follow":"follow","max-snippet":"max-snippet:-1","max-image-preview":"max-image-preview:large","max-video-preview":"max-video-preview:-1"},"og_locale":"fr_CA","og_type":"article","og_title":"Tesla Transforme ses Cybertrucks Foundation series pour le Canada - CanadaMotorJobs.com","og_description":"Tesla Transforme ses Cybertrucks Foundation series pour le Canada - Benoit Charette - Annuel automobile - CanadaMotorJobs.com.","og_url":"https:\/\/news.canadamotorjobs.com\/fr\/tesla-transforme-ses-cybertrucks-foundation-series-pour-le-canada\/","og_site_name":"CanadaMotorJobs.com","article_publisher":"https:\/\/www.facebook.com\/canadamotorjobs\/","article_published_time":"2024-12-16T12:35:35+00:00","article_modified_time":"2024-12-16T12:43:45+00:00","og_image":[{"width":1240,"height":620,"url":"https:\/\/news.canadamotorjobs.com\/wp-content\/uploads\/2024\/12\/04_Desktop.jpg","type":"image\/jpeg"}],"author":"Benoit Charette","twitter_card":"summary_large_image","twitter_creator":"@canadamotorjobs","twitter_site":"@canadamotorjobs","twitter_misc":{"\u00c9crit par":"Benoit Charette","Estimation du temps de lecture":"2 minutes"},"schema":{"@context":"https:\/\/schema.org","@graph":[{"@type":"Article","@id":"https:\/\/news.canadamotorjobs.com\/fr\/tesla-transforme-ses-cybertrucks-foundation-series-pour-le-canada\/#article","isPartOf":{"@id":"https:\/\/news.canadamotorjobs.com\/fr\/tesla-transforme-ses-cybertrucks-foundation-series-pour-le-canada\/"},"author":{"name":"Benoit Charette","@id":"https:\/\/news.canadamotorjobs.com\/#\/schema\/person\/51793d1f87d44011d7bcc2ed99269a90"},"headline":"Tesla Transforme ses Cybertrucks Foundation series pour le Canada","datePublished":"2024-12-16T12:35:35+00:00","dateModified":"2024-12-16T12:43:45+00:00","mainEntityOfPage":{"@id":"https:\/\/news.canadamotorjobs.com\/fr\/tesla-transforme-ses-cybertrucks-foundation-series-pour-le-canada\/"},"wordCount":433,"publisher":{"@id":"https:\/\/news.canadamotorjobs.com\/#organization"},"image":{"@id":"https:\/\/news.canadamotorjobs.com\/fr\/tesla-transforme-ses-cybertrucks-foundation-series-pour-le-canada\/#primaryimage"},"thumbnailUrl":"https:\/\/news.canadamotorjobs.com\/wp-content\/uploads\/2024\/12\/04_Desktop.jpg","articleSection":["Annuel automobile"],"inLanguage":"fr-CA"},{"@type":"WebPage","@id":"https:\/\/news.canadamotorjobs.com\/fr\/tesla-transforme-ses-cybertrucks-foundation-series-pour-le-canada\/","url":"https:\/\/news.canadamotorjobs.com\/fr\/tesla-transforme-ses-cybertrucks-foundation-series-pour-le-canada\/","name":"Tesla Transforme ses Cybertrucks Foundation series pour le Canada - CanadaMotorJobs.com","isPartOf":{"@id":"https:\/\/news.canadamotorjobs.com\/#website"},"primaryImageOfPage":{"@id":"https:\/\/news.canadamotorjobs.com\/fr\/tesla-transforme-ses-cybertrucks-foundation-series-pour-le-canada\/#primaryimage"},"image":{"@id":"https:\/\/news.canadamotorjobs.com\/fr\/tesla-transforme-ses-cybertrucks-foundation-series-pour-le-canada\/#primaryimage"},"thumbnailUrl":"https:\/\/news.canadamotorjobs.com\/wp-content\/uploads\/2024\/12\/04_Desktop.jpg","datePublished":"2024-12-16T12:35:35+00:00","dateModified":"2024-12-16T12:43:45+00:00","description":"Tesla Transforme ses Cybertrucks Foundation series pour le Canada - Benoit Charette - Annuel automobile - CanadaMotorJobs.com.","breadcrumb":{"@id":"https:\/\/news.canadamotorjobs.com\/fr\/tesla-transforme-ses-cybertrucks-foundation-series-pour-le-canada\/#breadcrumb"},"inLanguage":"fr-CA","potentialAction":[{"@type":"ReadAction","target":["https:\/\/news.canadamotorjobs.com\/fr\/tesla-transforme-ses-cybertrucks-foundation-series-pour-le-canada\/"]}]},{"@type":"ImageObject","inLanguage":"fr-CA","@id":"https:\/\/news.canadamotorjobs.com\/fr\/tesla-transforme-ses-cybertrucks-foundation-series-pour-le-canada\/#primaryimage","url":"https:\/\/news.canadamotorjobs.com\/wp-content\/uploads\/2024\/12\/04_Desktop.jpg","contentUrl":"https:\/\/news.canadamotorjobs.com\/wp-content\/uploads\/2024\/12\/04_Desktop.jpg","width":1240,"height":620},{"@type":"BreadcrumbList","@id":"https:\/\/news.canadamotorjobs.com\/fr\/tesla-transforme-ses-cybertrucks-foundation-series-pour-le-canada\/#breadcrumb","itemListElement":[{"@type":"ListItem","position":1,"name":"Home","item":"https:\/\/news.canadamotorjobs.com\/fr\/blog\/"},{"@type":"ListItem","position":2,"name":"Tesla Transforme ses Cybertrucks Foundation series pour le Canada"}]},{"@type":"WebSite","@id":"https:\/\/news.canadamotorjobs.com\/#website","url":"https:\/\/news.canadamotorjobs.com\/","name":"CanadaMotorJobs.com","description":"Automotive Jobs","publisher":{"@id":"https:\/\/news.canadamotorjobs.com\/#organization"},"potentialAction":[{"@type":"SearchAction","target":{"@type":"EntryPoint","urlTemplate":"https:\/\/news.canadamotorjobs.com\/?s={search_term_string}"},"query-input":"required name=search_term_string"}],"inLanguage":"fr-CA"},{"@type":"Organization","@id":"https:\/\/news.canadamotorjobs.com\/#organization","name":"Canada Motor Jobs","url":"https:\/\/news.canadamotorjobs.com\/","logo":{"@type":"ImageObject","inLanguage":"fr-CA","@id":"https:\/\/news.canadamotorjobs.com\/#\/schema\/logo\/image\/","url":"https:\/\/news.canadamotorjobs.com\/wp-content\/uploads\/2022\/10\/logo-canada-motor-jobs-1.png","contentUrl":"https:\/\/news.canadamotorjobs.com\/wp-content\/uploads\/2022\/10\/logo-canada-motor-jobs-1.png","width":800,"height":400,"caption":"Canada Motor Jobs"},"image":{"@id":"https:\/\/news.canadamotorjobs.com\/#\/schema\/logo\/image\/"},"sameAs":["https:\/\/www.facebook.com\/canadamotorjobs\/","https:\/\/x.com\/canadamotorjobs","https:\/\/www.instagram.com\/canadamotorjobs\/","https:\/\/www.linkedin.com\/company\/canadamotorjobs"]},{"@type":"Person","@id":"https:\/\/news.canadamotorjobs.com\/#\/schema\/person\/51793d1f87d44011d7bcc2ed99269a90","name":"Benoit Charette","image":{"@type":"ImageObject","inLanguage":"fr-CA","@id":"https:\/\/news.canadamotorjobs.com\/#\/schema\/person\/image\/","url":"https:\/\/secure.gravatar.com\/avatar\/45f3d2eebcccd909668d7ce7ea7267b6?s=96&d=mm&r=g","contentUrl":"https:\/\/secure.gravatar.com\/avatar\/45f3d2eebcccd909668d7ce7ea7267b6?s=96&d=mm&r=g","caption":"Benoit Charette"},"description":"Benoit Charette \/ Propri\u00e9taire et r\u00e9dacteur en chef Benoit Charette pratique le journalisme automobile depuis bient\u00f4t 30 ans. Il a fait ses classes au c\u00f4t\u00e9 de Daniel H\u00e9raud et au Carnet de route de 1992 \u00e0 2001. Il est fondateur, copropri\u00e9taire et r\u00e9dacteur en chef de L\u2019Annuel de l\u2019automobile, qu\u2019il publie depuis 2001. Il a anim\u00e9 les \u00e9missions RPM et RPM+ sur V et les L\u00e9gendes de la route sur Historia. \u00c0 la radio depuis 1986, il reprend l\u2019antenne cette ann\u00e9e sur les ondes de Cogeco et participe pour la deuxi\u00e8me ann\u00e9e \u00e0 l\u2019\u00e9mission Passion Auto sur RDS en plus de mettre en ligne le site Web officiel de L\u2019Annuel de l\u2019automobile sur annuelauto.ca.","sameAs":["https:\/\/annuelauto.ca\/"],"url":"https:\/\/news.canadamotorjobs.com\/fr\/author\/benoit-charette\/"}]}},"_links":{"self":[{"href":"https:\/\/news.canadamotorjobs.com\/fr\/wp-json\/wp\/v2\/posts\/184984"}],"collection":[{"href":"https:\/\/news.canadamotorjobs.com\/fr\/wp-json\/wp\/v2\/posts"}],"about":[{"href":"https:\/\/news.canadamotorjobs.com\/fr\/wp-json\/wp\/v2\/types\/post"}],"author":[{"embeddable":true,"href":"https:\/\/news.canadamotorjobs.com\/fr\/wp-json\/wp\/v2\/users\/8"}],"replies":[{"embeddable":true,"href":"https:\/\/news.canadamotorjobs.com\/fr\/wp-json\/wp\/v2\/comments?post=184984"}],"version-history":[{"count":2,"href":"https:\/\/news.canadamotorjobs.com\/fr\/wp-json\/wp\/v2\/posts\/184984\/revisions"}],"predecessor-version":[{"id":184988,"href":"https:\/\/news.canadamotorjobs.com\/fr\/wp-json\/wp\/v2\/posts\/184984\/revisions\/184988"}],"wp:featuredmedia":[{"embeddable":true,"href":"https:\/\/news.canadamotorjobs.com\/fr\/wp-json\/wp\/v2\/media\/184986"}],"wp:attachment":[{"href":"https:\/\/news.canadamotorjobs.com\/fr\/wp-json\/wp\/v2\/media?parent=184984"}],"wp:term":[{"taxonomy":"category","embeddable":true,"href":"https:\/\/news.canadamotorjobs.com\/fr\/wp-json\/wp\/v2\/categories?post=184984"},{"taxonomy":"post_tag","embeddable":true,"href":"https:\/\/news.canadamotorjobs.com\/fr\/wp-json\/wp\/v2\/tags?post=184984"}],"curies":[{"name":"wp","href":"https:\/\/api.w.org\/{rel}","templated":true}]}}