{"id":184933,"date":"2024-12-14T14:24:59","date_gmt":"2024-12-14T19:24:59","guid":{"rendered":"https:\/\/news.canadamotorjobs.com\/?p=184933"},"modified":"2024-12-14T14:29:26","modified_gmt":"2024-12-14T19:29:26","slug":"nissan-va-presenter-une-gt-r-electrique-au-salon-de-tokyo","status":"publish","type":"post","link":"https:\/\/news.canadamotorjobs.com\/fr\/nissan-va-presenter-une-gt-r-electrique-au-salon-de-tokyo\/","title":{"rendered":"Nissan va pr\u00e9senter une GT-R \u00e9lectrique au Salon de Tokyo"},"content":{"rendered":"<\/p>\n<p><strong>\u2022\u00a0\u00a0\u00a0 Nissan va pr\u00e9senter une version \u00e9lectrique de sa GT-R au Salon de Tokyo.<\/strong><\/p>\n<p>Il y a longtemps que l\u2019on ne vous a pas parl\u00e9 de la Nissan GT-R. C\u2019est un peu normal, consid\u00e9rant que ce mod\u00e8le a \u00e9t\u00e9 introduit il y a plus de 15 ans et qu\u2019il n\u2019a pratiquement pas chang\u00e9 depuis.<\/p>\n<p>La GT-R demeure un produit de niche, mais un produit mythique chez Nissan.<\/p>\n<p>Au cours des derni\u00e8res ann\u00e9es, de nombreuses rumeurs ont circul\u00e9 sur son avenir, y compris sur le type de motorisation qui serait adopt\u00e9 pour la suite des choses. Bien entendu, une de ces rumeurs concernait une solution tout \u00e9lectrique.<\/p>\n<p>Le mois prochain, dans le cadre du Salon de l\u2019auto de Tokyo, Nissan va pr\u00e9senter une version \u00e9lectrique de sa GT-R. Attention, toutefois, il ne s\u2019agira pas d\u2019un mod\u00e8le de prochaine g\u00e9n\u00e9ration, mais bien d\u2019une conversion de la Skyline GT-R de la g\u00e9n\u00e9ration R32, propos\u00e9e de 1989 \u00e0 1994.<\/p>\n<p>Cette cuv\u00e9e est iconique et elle fait encore baver les amateurs, plus de 30 ans apr\u00e8s son arriv\u00e9e sur le march\u00e9.<\/p>\n<p>\u00a0<\/p>\n<p><\/p>\n<figure><img decoding=\"async\" src=\"https:\/\/news.canadamotorjobs.com\/wp-content\/uploads\/2024\/12\/r32-nissan-skyline-gt-r-ev-conversion-01_-_Copy-5.jpg\" \/><figcaption>Nissan va pr\u00e9senter une GT-R \u00e9lectrique au Salon de Tokyo | Auto123.com<\/figcaption><\/figure>\n<p>Le projet est en cours depuis le d\u00e9but de l\u2019ann\u00e9e 2023, gr\u00e2ce au travail d\u2019une \u00e9quipe d\u2019ing\u00e9nieurs b\u00e9n\u00e9voles de Nissan. L\u2019id\u00e9e est n\u00e9e de la volont\u00e9 d\u2019un ing\u00e9nieur d\u2019\u00e9lectrifier la R32 GT-R afin de recr\u00e9er l\u2019attrait de la voiture pour une nouvelle g\u00e9n\u00e9ration en y int\u00e9grant la technologie des v\u00e9hicules \u00e9lectriques.<\/p>\n<p>Voil\u00e0 o\u00f9 la chose est int\u00e9ressante, car un avenir \u00e9lectrique est assur\u00e9ment envisag\u00e9 pour le mod\u00e8le. La pr\u00e9sentation d\u2019un classique \u00e9lectrifi\u00e9 au salon a clairement pour mission de sonder le terrain aupr\u00e8s des amateurs.<\/p>\n<p>Nissan n\u2019a pas d\u00e9voil\u00e9 de d\u00e9tails sur la technologie utilis\u00e9e pour la conversion. On ne sait pas, non plus, si la compagnie souhaite proposer son ensemble de conversion pour les propri\u00e9taires de ce mod\u00e8le.<\/p>\n<p>Nissan n\u2019a pas encore, non plus, confirm\u00e9 quelle serait la configuration finale de la prochaine g\u00e9n\u00e9ration de la GT-R. On peut deviner que la chose est connue en interne, mais on tergiverse peut-\u00eatre toujours l\u00e0-dessus.<\/p>\n<p>Ce qui semble vraiment certain, c\u2019est qu\u2019il y aura une forme d\u2019\u00e9lectrification, car la compagnie a d\u00e9j\u00e0 mentionn\u00e9 que les ing\u00e9nieurs s\u2019appuieraient sur certaines des avanc\u00e9es r\u00e9alis\u00e9es par Nissan en Formule E.<\/p>\n<p>L\u2019an dernier, la compagnie avait pr\u00e9sent\u00e9 le concept Hyper Force EV au Salon de Tokyo. Ce dernier n\u2019avait pas \u00e9t\u00e9 identifi\u00e9 comme une GT-R, mais son design montrait une \u00e9volution claire du style de l\u2019actuelle mouture, la R35.<\/p>\n<p>Ce que l\u2019on sait, c\u2019est que la GT-R actuelle voit sa production se terminer cette ann\u00e9e, apr\u00e8s 16 ans de commercialisation. Assur\u00e9ment, la compagnie travaille sur la suite des choses. Il est plus difficile de pr\u00e9dire avec justesse le moment de l\u2019arriv\u00e9e de la prochaine cuv\u00e9e, surtout dans un contexte o\u00f9 l\u2019on sait que la situation de financi\u00e8re de Nissan n\u2019est pas des plus solides.<\/p>\n<p>Le Salon de Tokyo va se tenir du 10 au 12 janvier prochain.<\/p>\n<p><\/p>\n<p style=\"padding-top: 15px\">Contenu original de <a href=\"https:\/\/www.auto123.com\/fr\/actualites\/nissan-gtr-r32-electrique-salon-auto-tokyo\/72187\/\">auto123<\/a>.<\/p>\n<p>Le texte <a rel=\"nofollow\" href=\"https:\/\/annuelauto.ca\/nissan-va-presenter-une-gt-r-electrique-au-salon-de-tokyo\/\">Nissan va pr\u00e9senter une GT-R \u00e9lectrique au Salon de Tokyo<\/a> provient de <a rel=\"nofollow\" href=\"https:\/\/annuelauto.ca\">L&#8217;annuel de l&#8217;automobile &#8211; Actualit\u00e9 automobile<\/a><\/p>\n<p><\/p>\n","protected":false},"excerpt":{"rendered":"<p>\u2022\u00a0\u00a0\u00a0 Nissan va pr\u00e9senter une version \u00e9lectrique de sa GT-R au Salon de Tokyo. Il y a longtemps que l\u2019on ne vous a pas parl\u00e9 de la Nissan GT-R. C\u2019est un peu normal, consid\u00e9rant que ce mod\u00e8le a \u00e9t\u00e9 introduit il y a plus de 15 ans et qu\u2019il n\u2019a pratiquement pas chang\u00e9 depuis. La [&hellip;]<\/p>\n","protected":false},"author":8,"featured_media":184935,"comment_status":"close","ping_status":"closed","sticky":false,"template":"","format":"standard","meta":{"_monsterinsights_skip_tracking":false,"_monsterinsights_sitenote_active":false,"_monsterinsights_sitenote_note":"","_monsterinsights_sitenote_category":0,"footnotes":""},"categories":[101],"tags":[],"yoast_head":"<!-- This site is optimized with the Yoast SEO plugin v23.2 - https:\/\/yoast.com\/wordpress\/plugins\/seo\/ -->\n<title>Nissan va pr\u00e9senter une GT-R \u00e9lectrique au Salon de Tokyo - CanadaMotorJobs.com<\/title>\n<meta name=\"description\" content=\"Nissan va pr\u00e9senter une GT-R \u00e9lectrique au Salon de Tokyo - Benoit Charette - Annuel automobile - CanadaMotorJobs.com.\" \/>\n<meta name=\"robots\" content=\"index, follow, max-snippet:-1, max-image-preview:large, max-video-preview:-1\" \/>\n<meta property=\"og:locale\" content=\"fr_CA\" \/>\n<meta property=\"og:type\" content=\"article\" \/>\n<meta property=\"og:title\" content=\"Nissan va pr\u00e9senter une GT-R \u00e9lectrique au Salon de Tokyo - CanadaMotorJobs.com\" \/>\n<meta property=\"og:description\" content=\"Nissan va pr\u00e9senter une GT-R \u00e9lectrique au Salon de Tokyo - Benoit Charette - Annuel automobile - CanadaMotorJobs.com.\" \/>\n<meta property=\"og:url\" content=\"https:\/\/news.canadamotorjobs.com\/fr\/nissan-va-presenter-une-gt-r-electrique-au-salon-de-tokyo\/\" \/>\n<meta property=\"og:site_name\" content=\"CanadaMotorJobs.com\" \/>\n<meta property=\"article:publisher\" content=\"https:\/\/www.facebook.com\/canadamotorjobs\/\" \/>\n<meta property=\"article:published_time\" content=\"2024-12-14T19:24:59+00:00\" \/>\n<meta property=\"article:modified_time\" content=\"2024-12-14T19:29:26+00:00\" \/>\n<meta property=\"og:image\" content=\"https:\/\/news.canadamotorjobs.com\/wp-content\/uploads\/2024\/12\/r32-nissan-skyline-gt-r-ev-conversion-01_-_Copy.jpg\" \/>\n\t<meta property=\"og:image:width\" content=\"1200\" \/>\n\t<meta property=\"og:image:height\" content=\"536\" \/>\n\t<meta property=\"og:image:type\" content=\"image\/jpeg\" \/>\n<meta name=\"author\" content=\"Benoit Charette\" \/>\n<meta name=\"twitter:card\" content=\"summary_large_image\" \/>\n<meta name=\"twitter:creator\" content=\"@canadamotorjobs\" \/>\n<meta name=\"twitter:site\" content=\"@canadamotorjobs\" \/>\n<meta name=\"twitter:label1\" content=\"\u00c9crit par\" \/>\n\t<meta name=\"twitter:data1\" content=\"Benoit Charette\" \/>\n\t<meta name=\"twitter:label2\" content=\"Estimation du temps de lecture\" \/>\n\t<meta name=\"twitter:data2\" content=\"3 minutes\" \/>\n<!-- \/ Yoast SEO plugin. -->","yoast_head_json":{"title":"Nissan va pr\u00e9senter une GT-R \u00e9lectrique au Salon de Tokyo - CanadaMotorJobs.com","description":"Nissan va pr\u00e9senter une GT-R \u00e9lectrique au Salon de Tokyo - Benoit Charette - Annuel automobile - CanadaMotorJobs.com.","robots":{"index":"index","follow":"follow","max-snippet":"max-snippet:-1","max-image-preview":"max-image-preview:large","max-video-preview":"max-video-preview:-1"},"og_locale":"fr_CA","og_type":"article","og_title":"Nissan va pr\u00e9senter une GT-R \u00e9lectrique au Salon de Tokyo - CanadaMotorJobs.com","og_description":"Nissan va pr\u00e9senter une GT-R \u00e9lectrique au Salon de Tokyo - Benoit Charette - Annuel automobile - CanadaMotorJobs.com.","og_url":"https:\/\/news.canadamotorjobs.com\/fr\/nissan-va-presenter-une-gt-r-electrique-au-salon-de-tokyo\/","og_site_name":"CanadaMotorJobs.com","article_publisher":"https:\/\/www.facebook.com\/canadamotorjobs\/","article_published_time":"2024-12-14T19:24:59+00:00","article_modified_time":"2024-12-14T19:29:26+00:00","og_image":[{"width":1200,"height":536,"url":"https:\/\/news.canadamotorjobs.com\/wp-content\/uploads\/2024\/12\/r32-nissan-skyline-gt-r-ev-conversion-01_-_Copy.jpg","type":"image\/jpeg"}],"author":"Benoit Charette","twitter_card":"summary_large_image","twitter_creator":"@canadamotorjobs","twitter_site":"@canadamotorjobs","twitter_misc":{"\u00c9crit par":"Benoit Charette","Estimation du temps de lecture":"3 minutes"},"schema":{"@context":"https:\/\/schema.org","@graph":[{"@type":"Article","@id":"https:\/\/news.canadamotorjobs.com\/fr\/nissan-va-presenter-une-gt-r-electrique-au-salon-de-tokyo\/#article","isPartOf":{"@id":"https:\/\/news.canadamotorjobs.com\/fr\/nissan-va-presenter-une-gt-r-electrique-au-salon-de-tokyo\/"},"author":{"name":"Benoit Charette","@id":"https:\/\/news.canadamotorjobs.com\/#\/schema\/person\/51793d1f87d44011d7bcc2ed99269a90"},"headline":"Nissan va pr\u00e9senter une GT-R \u00e9lectrique au Salon de Tokyo","datePublished":"2024-12-14T19:24:59+00:00","dateModified":"2024-12-14T19:29:26+00:00","mainEntityOfPage":{"@id":"https:\/\/news.canadamotorjobs.com\/fr\/nissan-va-presenter-une-gt-r-electrique-au-salon-de-tokyo\/"},"wordCount":605,"publisher":{"@id":"https:\/\/news.canadamotorjobs.com\/#organization"},"image":{"@id":"https:\/\/news.canadamotorjobs.com\/fr\/nissan-va-presenter-une-gt-r-electrique-au-salon-de-tokyo\/#primaryimage"},"thumbnailUrl":"https:\/\/news.canadamotorjobs.com\/wp-content\/uploads\/2024\/12\/r32-nissan-skyline-gt-r-ev-conversion-01_-_Copy.jpg","articleSection":["Annuel automobile"],"inLanguage":"fr-CA"},{"@type":"WebPage","@id":"https:\/\/news.canadamotorjobs.com\/fr\/nissan-va-presenter-une-gt-r-electrique-au-salon-de-tokyo\/","url":"https:\/\/news.canadamotorjobs.com\/fr\/nissan-va-presenter-une-gt-r-electrique-au-salon-de-tokyo\/","name":"Nissan va pr\u00e9senter une GT-R \u00e9lectrique au Salon de Tokyo - CanadaMotorJobs.com","isPartOf":{"@id":"https:\/\/news.canadamotorjobs.com\/#website"},"primaryImageOfPage":{"@id":"https:\/\/news.canadamotorjobs.com\/fr\/nissan-va-presenter-une-gt-r-electrique-au-salon-de-tokyo\/#primaryimage"},"image":{"@id":"https:\/\/news.canadamotorjobs.com\/fr\/nissan-va-presenter-une-gt-r-electrique-au-salon-de-tokyo\/#primaryimage"},"thumbnailUrl":"https:\/\/news.canadamotorjobs.com\/wp-content\/uploads\/2024\/12\/r32-nissan-skyline-gt-r-ev-conversion-01_-_Copy.jpg","datePublished":"2024-12-14T19:24:59+00:00","dateModified":"2024-12-14T19:29:26+00:00","description":"Nissan va pr\u00e9senter une GT-R \u00e9lectrique au Salon de Tokyo - Benoit Charette - Annuel automobile - CanadaMotorJobs.com.","breadcrumb":{"@id":"https:\/\/news.canadamotorjobs.com\/fr\/nissan-va-presenter-une-gt-r-electrique-au-salon-de-tokyo\/#breadcrumb"},"inLanguage":"fr-CA","potentialAction":[{"@type":"ReadAction","target":["https:\/\/news.canadamotorjobs.com\/fr\/nissan-va-presenter-une-gt-r-electrique-au-salon-de-tokyo\/"]}]},{"@type":"ImageObject","inLanguage":"fr-CA","@id":"https:\/\/news.canadamotorjobs.com\/fr\/nissan-va-presenter-une-gt-r-electrique-au-salon-de-tokyo\/#primaryimage","url":"https:\/\/news.canadamotorjobs.com\/wp-content\/uploads\/2024\/12\/r32-nissan-skyline-gt-r-ev-conversion-01_-_Copy.jpg","contentUrl":"https:\/\/news.canadamotorjobs.com\/wp-content\/uploads\/2024\/12\/r32-nissan-skyline-gt-r-ev-conversion-01_-_Copy.jpg","width":1200,"height":536},{"@type":"BreadcrumbList","@id":"https:\/\/news.canadamotorjobs.com\/fr\/nissan-va-presenter-une-gt-r-electrique-au-salon-de-tokyo\/#breadcrumb","itemListElement":[{"@type":"ListItem","position":1,"name":"Home","item":"https:\/\/news.canadamotorjobs.com\/fr\/blog\/"},{"@type":"ListItem","position":2,"name":"Nissan va pr\u00e9senter une GT-R \u00e9lectrique au Salon de Tokyo"}]},{"@type":"WebSite","@id":"https:\/\/news.canadamotorjobs.com\/#website","url":"https:\/\/news.canadamotorjobs.com\/","name":"CanadaMotorJobs.com","description":"Automotive Jobs","publisher":{"@id":"https:\/\/news.canadamotorjobs.com\/#organization"},"potentialAction":[{"@type":"SearchAction","target":{"@type":"EntryPoint","urlTemplate":"https:\/\/news.canadamotorjobs.com\/?s={search_term_string}"},"query-input":"required name=search_term_string"}],"inLanguage":"fr-CA"},{"@type":"Organization","@id":"https:\/\/news.canadamotorjobs.com\/#organization","name":"Canada Motor Jobs","url":"https:\/\/news.canadamotorjobs.com\/","logo":{"@type":"ImageObject","inLanguage":"fr-CA","@id":"https:\/\/news.canadamotorjobs.com\/#\/schema\/logo\/image\/","url":"https:\/\/news.canadamotorjobs.com\/wp-content\/uploads\/2022\/10\/logo-canada-motor-jobs-1.png","contentUrl":"https:\/\/news.canadamotorjobs.com\/wp-content\/uploads\/2022\/10\/logo-canada-motor-jobs-1.png","width":800,"height":400,"caption":"Canada Motor Jobs"},"image":{"@id":"https:\/\/news.canadamotorjobs.com\/#\/schema\/logo\/image\/"},"sameAs":["https:\/\/www.facebook.com\/canadamotorjobs\/","https:\/\/x.com\/canadamotorjobs","https:\/\/www.instagram.com\/canadamotorjobs\/","https:\/\/www.linkedin.com\/company\/canadamotorjobs"]},{"@type":"Person","@id":"https:\/\/news.canadamotorjobs.com\/#\/schema\/person\/51793d1f87d44011d7bcc2ed99269a90","name":"Benoit Charette","image":{"@type":"ImageObject","inLanguage":"fr-CA","@id":"https:\/\/news.canadamotorjobs.com\/#\/schema\/person\/image\/","url":"https:\/\/secure.gravatar.com\/avatar\/45f3d2eebcccd909668d7ce7ea7267b6?s=96&d=mm&r=g","contentUrl":"https:\/\/secure.gravatar.com\/avatar\/45f3d2eebcccd909668d7ce7ea7267b6?s=96&d=mm&r=g","caption":"Benoit Charette"},"description":"Benoit Charette \/ Propri\u00e9taire et r\u00e9dacteur en chef Benoit Charette pratique le journalisme automobile depuis bient\u00f4t 30 ans. Il a fait ses classes au c\u00f4t\u00e9 de Daniel H\u00e9raud et au Carnet de route de 1992 \u00e0 2001. Il est fondateur, copropri\u00e9taire et r\u00e9dacteur en chef de L\u2019Annuel de l\u2019automobile, qu\u2019il publie depuis 2001. Il a anim\u00e9 les \u00e9missions RPM et RPM+ sur V et les L\u00e9gendes de la route sur Historia. \u00c0 la radio depuis 1986, il reprend l\u2019antenne cette ann\u00e9e sur les ondes de Cogeco et participe pour la deuxi\u00e8me ann\u00e9e \u00e0 l\u2019\u00e9mission Passion Auto sur RDS en plus de mettre en ligne le site Web officiel de L\u2019Annuel de l\u2019automobile sur annuelauto.ca.","sameAs":["https:\/\/annuelauto.ca\/"],"url":"https:\/\/news.canadamotorjobs.com\/fr\/author\/benoit-charette\/"}]}},"_links":{"self":[{"href":"https:\/\/news.canadamotorjobs.com\/fr\/wp-json\/wp\/v2\/posts\/184933"}],"collection":[{"href":"https:\/\/news.canadamotorjobs.com\/fr\/wp-json\/wp\/v2\/posts"}],"about":[{"href":"https:\/\/news.canadamotorjobs.com\/fr\/wp-json\/wp\/v2\/types\/post"}],"author":[{"embeddable":true,"href":"https:\/\/news.canadamotorjobs.com\/fr\/wp-json\/wp\/v2\/users\/8"}],"replies":[{"embeddable":true,"href":"https:\/\/news.canadamotorjobs.com\/fr\/wp-json\/wp\/v2\/comments?post=184933"}],"version-history":[{"count":3,"href":"https:\/\/news.canadamotorjobs.com\/fr\/wp-json\/wp\/v2\/posts\/184933\/revisions"}],"predecessor-version":[{"id":184960,"href":"https:\/\/news.canadamotorjobs.com\/fr\/wp-json\/wp\/v2\/posts\/184933\/revisions\/184960"}],"wp:featuredmedia":[{"embeddable":true,"href":"https:\/\/news.canadamotorjobs.com\/fr\/wp-json\/wp\/v2\/media\/184935"}],"wp:attachment":[{"href":"https:\/\/news.canadamotorjobs.com\/fr\/wp-json\/wp\/v2\/media?parent=184933"}],"wp:term":[{"taxonomy":"category","embeddable":true,"href":"https:\/\/news.canadamotorjobs.com\/fr\/wp-json\/wp\/v2\/categories?post=184933"},{"taxonomy":"post_tag","embeddable":true,"href":"https:\/\/news.canadamotorjobs.com\/fr\/wp-json\/wp\/v2\/tags?post=184933"}],"curies":[{"name":"wp","href":"https:\/\/api.w.org\/{rel}","templated":true}]}}