{"id":184910,"date":"2024-12-14T14:25:00","date_gmt":"2024-12-14T19:25:00","guid":{"rendered":"https:\/\/news.canadamotorjobs.com\/?p=184910"},"modified":"2024-12-14T14:29:18","modified_gmt":"2024-12-14T19:29:18","slug":"ford-partage-la-video-de-sa-mustang-gtd-sur-le-nurburgring","status":"publish","type":"post","link":"https:\/\/news.canadamotorjobs.com\/fr\/ford-partage-la-video-de-sa-mustang-gtd-sur-le-nurburgring\/","title":{"rendered":"Ford partage la vid\u00e9o de sa Mustang GTD sur le N\u00fcrburgring"},"content":{"rendered":"<\/p>\n<p>En d\u00e9but de semaine, nous vous rapportions la nouvelle concernant <a href=\"https:\/\/www.auto123.com\/fr\/actualites\/mustang-gtd-record-nurburgring-2024\/72170\/\">l\u2019exploit r\u00e9alis\u00e9 par Ford avec sa Mustang GTD<\/a> au circuit du N\u00fcrburgring, en Allemagne. La voiture bouclait un tour sous la mythique barre des sept minutes sur le c\u00e9l\u00e8bre trac\u00e9.<\/p>\n<p>Aujourd\u2019hui, Ford a publi\u00e9 une vid\u00e9o montrant le pilote Dirk M\u00fcller en train de r\u00e9aliser l\u2019exploit au volant de la Mustang GTD. Elle vaut vraiment le coup d\u2019\u0153il, d\u2019abord pour entendre la voiture, mais aussi pour se rappeler \u00e0 quel point ce circuit est techniquement complexe, et qu\u2019il exige une concentration de tous les instants. Disons qu\u2019il n\u2019est pas iconique pour rien.<\/p>\n<p><\/p>\n<p>Interrog\u00e9 par le magazine Car and Driver, Dirk M\u00fcller a d\u00e9clar\u00e9 qu\u2019en d\u00e9pit des conditions m\u00e9t\u00e9orologiques difficiles ce jour-l\u00e0, l\u2019\u00e9quipe et lui-m\u00eame ont pu effectuer trois tours de piste. Il a franchi la barre des sept minutes d\u00e8s le premier, ce qui lui a retir\u00e9 une tonne de pression.<\/p>\n<p>Son premier tour a \u00e9t\u00e9 le plus rapide des trois, et l\u2019\u00e9quipe sait qu\u2019elle peut faire mieux. En effet, les conditions de piste n\u2019\u00e9taient pas id\u00e9ales, notamment en raison d\u2019une chaleur extr\u00eame.<\/p>\n<p>Greg Goodall, l\u2019ing\u00e9nieur en chef du programme GTD, travaille chez Ford depuis 22 ans et il a boss\u00e9 sur toutes les Mustang depuis l\u2019introduction de la quatri\u00e8me g\u00e9n\u00e9ration (1994). Au cours des deux derni\u00e8res ann\u00e9es, lui et le reste de l\u2019\u00e9quipe ont travaill\u00e9 sans rel\u00e2che pour transformer la Mustang GT3 de course en une super voiture de route. Il a confi\u00e9 \u00e0 Car and Driver que l\u2019objectif principal, d\u00e8s le premier jour, \u00e9tait d\u2019amener la GTD \u00e0 boucler le N\u00fcrburgring en moins de sept minutes.<\/p>\n<p>Mais on veut faire mieux. \u00ab Je ne vais pas sp\u00e9culer sur le temps que nous pourrions faire, parce qu\u2019en bout de piste, ce que je dis n\u2019a pas d\u2019importance. Ce qui compte, c\u2019est le temps que l\u2019on r\u00e9alise en piste \u00bb, a-t-il dit en substance.<\/p>\n<p><\/p>\n<p style=\"padding-top: 15px\">Contenu original de <a href=\"https:\/\/www.auto123.com\/fr\/actualites\/ford-video-tour-piste-Nurburgring\/72186\/\">auto123<\/a>.<\/p>\n<p>Le texte <a rel=\"nofollow\" href=\"https:\/\/annuelauto.ca\/ford-partage-la-video-de-sa-mustang-gtd-sur-le-nurburgring\/\">Ford partage la vid\u00e9o de sa Mustang GTD sur le N\u00fcrburgring<\/a> provient de <a rel=\"nofollow\" href=\"https:\/\/annuelauto.ca\">L&#8217;annuel de l&#8217;automobile &#8211; Actualit\u00e9 automobile<\/a><\/p>\n<p><\/p>\n","protected":false},"excerpt":{"rendered":"<p>En d\u00e9but de semaine, nous vous rapportions la nouvelle concernant l\u2019exploit r\u00e9alis\u00e9 par Ford avec sa Mustang GTD au circuit du N\u00fcrburgring, en Allemagne. La voiture bouclait un tour sous la mythique barre des sept minutes sur le c\u00e9l\u00e8bre trac\u00e9. Aujourd\u2019hui, Ford a publi\u00e9 une vid\u00e9o montrant le pilote Dirk M\u00fcller en train de r\u00e9aliser [&hellip;]<\/p>\n","protected":false},"author":8,"featured_media":184912,"comment_status":"close","ping_status":"closed","sticky":false,"template":"","format":"standard","meta":{"_monsterinsights_skip_tracking":false,"_monsterinsights_sitenote_active":false,"_monsterinsights_sitenote_note":"","_monsterinsights_sitenote_category":0,"footnotes":""},"categories":[101],"tags":[],"yoast_head":"<!-- This site is optimized with the Yoast SEO plugin v23.2 - https:\/\/yoast.com\/wordpress\/plugins\/seo\/ -->\n<title>Ford partage la vid\u00e9o de sa Mustang GTD sur le N\u00fcrburgring - CanadaMotorJobs.com<\/title>\n<meta name=\"description\" content=\"Ford partage la vid\u00e9o de sa Mustang GTD sur le N\u00fcrburgring - Benoit Charette - Annuel automobile - CanadaMotorJobs.com.\" \/>\n<meta name=\"robots\" content=\"index, follow, max-snippet:-1, max-image-preview:large, max-video-preview:-1\" \/>\n<meta property=\"og:locale\" content=\"fr_CA\" \/>\n<meta property=\"og:type\" content=\"article\" \/>\n<meta property=\"og:title\" content=\"Ford partage la vid\u00e9o de sa Mustang GTD sur le N\u00fcrburgring - CanadaMotorJobs.com\" \/>\n<meta property=\"og:description\" content=\"Ford partage la vid\u00e9o de sa Mustang GTD sur le N\u00fcrburgring - Benoit Charette - Annuel automobile - CanadaMotorJobs.com.\" \/>\n<meta property=\"og:url\" content=\"https:\/\/news.canadamotorjobs.com\/fr\/ford-partage-la-video-de-sa-mustang-gtd-sur-le-nurburgring\/\" \/>\n<meta property=\"og:site_name\" content=\"CanadaMotorJobs.com\" \/>\n<meta property=\"article:publisher\" content=\"https:\/\/www.facebook.com\/canadamotorjobs\/\" \/>\n<meta property=\"article:published_time\" content=\"2024-12-14T19:25:00+00:00\" \/>\n<meta property=\"article:modified_time\" content=\"2024-12-14T19:29:18+00:00\" \/>\n<meta property=\"og:image\" content=\"https:\/\/news.canadamotorjobs.com\/wp-content\/uploads\/2024\/12\/ford-mustang-gtd-nurburgring-001fr.jpg\" \/>\n\t<meta property=\"og:image:width\" content=\"1200\" \/>\n\t<meta property=\"og:image:height\" content=\"675\" \/>\n\t<meta property=\"og:image:type\" content=\"image\/jpeg\" \/>\n<meta name=\"author\" content=\"Benoit Charette\" \/>\n<meta name=\"twitter:card\" content=\"summary_large_image\" \/>\n<meta name=\"twitter:creator\" content=\"@canadamotorjobs\" \/>\n<meta name=\"twitter:site\" content=\"@canadamotorjobs\" \/>\n<meta name=\"twitter:label1\" content=\"\u00c9crit par\" \/>\n\t<meta name=\"twitter:data1\" content=\"Benoit Charette\" \/>\n\t<meta name=\"twitter:label2\" content=\"Estimation du temps de lecture\" \/>\n\t<meta name=\"twitter:data2\" content=\"2 minutes\" \/>\n<!-- \/ Yoast SEO plugin. -->","yoast_head_json":{"title":"Ford partage la vid\u00e9o de sa Mustang GTD sur le N\u00fcrburgring - CanadaMotorJobs.com","description":"Ford partage la vid\u00e9o de sa Mustang GTD sur le N\u00fcrburgring - Benoit Charette - Annuel automobile - CanadaMotorJobs.com.","robots":{"index":"index","follow":"follow","max-snippet":"max-snippet:-1","max-image-preview":"max-image-preview:large","max-video-preview":"max-video-preview:-1"},"og_locale":"fr_CA","og_type":"article","og_title":"Ford partage la vid\u00e9o de sa Mustang GTD sur le N\u00fcrburgring - CanadaMotorJobs.com","og_description":"Ford partage la vid\u00e9o de sa Mustang GTD sur le N\u00fcrburgring - Benoit Charette - Annuel automobile - CanadaMotorJobs.com.","og_url":"https:\/\/news.canadamotorjobs.com\/fr\/ford-partage-la-video-de-sa-mustang-gtd-sur-le-nurburgring\/","og_site_name":"CanadaMotorJobs.com","article_publisher":"https:\/\/www.facebook.com\/canadamotorjobs\/","article_published_time":"2024-12-14T19:25:00+00:00","article_modified_time":"2024-12-14T19:29:18+00:00","og_image":[{"width":1200,"height":675,"url":"https:\/\/news.canadamotorjobs.com\/wp-content\/uploads\/2024\/12\/ford-mustang-gtd-nurburgring-001fr.jpg","type":"image\/jpeg"}],"author":"Benoit Charette","twitter_card":"summary_large_image","twitter_creator":"@canadamotorjobs","twitter_site":"@canadamotorjobs","twitter_misc":{"\u00c9crit par":"Benoit Charette","Estimation du temps de lecture":"2 minutes"},"schema":{"@context":"https:\/\/schema.org","@graph":[{"@type":"Article","@id":"https:\/\/news.canadamotorjobs.com\/fr\/ford-partage-la-video-de-sa-mustang-gtd-sur-le-nurburgring\/#article","isPartOf":{"@id":"https:\/\/news.canadamotorjobs.com\/fr\/ford-partage-la-video-de-sa-mustang-gtd-sur-le-nurburgring\/"},"author":{"name":"Benoit Charette","@id":"https:\/\/news.canadamotorjobs.com\/#\/schema\/person\/51793d1f87d44011d7bcc2ed99269a90"},"headline":"Ford partage la vid\u00e9o de sa Mustang GTD sur le N\u00fcrburgring","datePublished":"2024-12-14T19:25:00+00:00","dateModified":"2024-12-14T19:29:18+00:00","mainEntityOfPage":{"@id":"https:\/\/news.canadamotorjobs.com\/fr\/ford-partage-la-video-de-sa-mustang-gtd-sur-le-nurburgring\/"},"wordCount":401,"publisher":{"@id":"https:\/\/news.canadamotorjobs.com\/#organization"},"image":{"@id":"https:\/\/news.canadamotorjobs.com\/fr\/ford-partage-la-video-de-sa-mustang-gtd-sur-le-nurburgring\/#primaryimage"},"thumbnailUrl":"https:\/\/news.canadamotorjobs.com\/wp-content\/uploads\/2024\/12\/ford-mustang-gtd-nurburgring-001fr.jpg","articleSection":["Annuel automobile"],"inLanguage":"fr-CA"},{"@type":"WebPage","@id":"https:\/\/news.canadamotorjobs.com\/fr\/ford-partage-la-video-de-sa-mustang-gtd-sur-le-nurburgring\/","url":"https:\/\/news.canadamotorjobs.com\/fr\/ford-partage-la-video-de-sa-mustang-gtd-sur-le-nurburgring\/","name":"Ford partage la vid\u00e9o de sa Mustang GTD sur le N\u00fcrburgring - CanadaMotorJobs.com","isPartOf":{"@id":"https:\/\/news.canadamotorjobs.com\/#website"},"primaryImageOfPage":{"@id":"https:\/\/news.canadamotorjobs.com\/fr\/ford-partage-la-video-de-sa-mustang-gtd-sur-le-nurburgring\/#primaryimage"},"image":{"@id":"https:\/\/news.canadamotorjobs.com\/fr\/ford-partage-la-video-de-sa-mustang-gtd-sur-le-nurburgring\/#primaryimage"},"thumbnailUrl":"https:\/\/news.canadamotorjobs.com\/wp-content\/uploads\/2024\/12\/ford-mustang-gtd-nurburgring-001fr.jpg","datePublished":"2024-12-14T19:25:00+00:00","dateModified":"2024-12-14T19:29:18+00:00","description":"Ford partage la vid\u00e9o de sa Mustang GTD sur le N\u00fcrburgring - Benoit Charette - Annuel automobile - CanadaMotorJobs.com.","breadcrumb":{"@id":"https:\/\/news.canadamotorjobs.com\/fr\/ford-partage-la-video-de-sa-mustang-gtd-sur-le-nurburgring\/#breadcrumb"},"inLanguage":"fr-CA","potentialAction":[{"@type":"ReadAction","target":["https:\/\/news.canadamotorjobs.com\/fr\/ford-partage-la-video-de-sa-mustang-gtd-sur-le-nurburgring\/"]}]},{"@type":"ImageObject","inLanguage":"fr-CA","@id":"https:\/\/news.canadamotorjobs.com\/fr\/ford-partage-la-video-de-sa-mustang-gtd-sur-le-nurburgring\/#primaryimage","url":"https:\/\/news.canadamotorjobs.com\/wp-content\/uploads\/2024\/12\/ford-mustang-gtd-nurburgring-001fr.jpg","contentUrl":"https:\/\/news.canadamotorjobs.com\/wp-content\/uploads\/2024\/12\/ford-mustang-gtd-nurburgring-001fr.jpg","width":1200,"height":675},{"@type":"BreadcrumbList","@id":"https:\/\/news.canadamotorjobs.com\/fr\/ford-partage-la-video-de-sa-mustang-gtd-sur-le-nurburgring\/#breadcrumb","itemListElement":[{"@type":"ListItem","position":1,"name":"Home","item":"https:\/\/news.canadamotorjobs.com\/fr\/blog\/"},{"@type":"ListItem","position":2,"name":"Ford partage la vid\u00e9o de sa Mustang GTD sur le N\u00fcrburgring"}]},{"@type":"WebSite","@id":"https:\/\/news.canadamotorjobs.com\/#website","url":"https:\/\/news.canadamotorjobs.com\/","name":"CanadaMotorJobs.com","description":"Automotive Jobs","publisher":{"@id":"https:\/\/news.canadamotorjobs.com\/#organization"},"potentialAction":[{"@type":"SearchAction","target":{"@type":"EntryPoint","urlTemplate":"https:\/\/news.canadamotorjobs.com\/?s={search_term_string}"},"query-input":"required name=search_term_string"}],"inLanguage":"fr-CA"},{"@type":"Organization","@id":"https:\/\/news.canadamotorjobs.com\/#organization","name":"Canada Motor Jobs","url":"https:\/\/news.canadamotorjobs.com\/","logo":{"@type":"ImageObject","inLanguage":"fr-CA","@id":"https:\/\/news.canadamotorjobs.com\/#\/schema\/logo\/image\/","url":"https:\/\/news.canadamotorjobs.com\/wp-content\/uploads\/2022\/10\/logo-canada-motor-jobs-1.png","contentUrl":"https:\/\/news.canadamotorjobs.com\/wp-content\/uploads\/2022\/10\/logo-canada-motor-jobs-1.png","width":800,"height":400,"caption":"Canada Motor Jobs"},"image":{"@id":"https:\/\/news.canadamotorjobs.com\/#\/schema\/logo\/image\/"},"sameAs":["https:\/\/www.facebook.com\/canadamotorjobs\/","https:\/\/x.com\/canadamotorjobs","https:\/\/www.instagram.com\/canadamotorjobs\/","https:\/\/www.linkedin.com\/company\/canadamotorjobs"]},{"@type":"Person","@id":"https:\/\/news.canadamotorjobs.com\/#\/schema\/person\/51793d1f87d44011d7bcc2ed99269a90","name":"Benoit Charette","image":{"@type":"ImageObject","inLanguage":"fr-CA","@id":"https:\/\/news.canadamotorjobs.com\/#\/schema\/person\/image\/","url":"https:\/\/secure.gravatar.com\/avatar\/45f3d2eebcccd909668d7ce7ea7267b6?s=96&d=mm&r=g","contentUrl":"https:\/\/secure.gravatar.com\/avatar\/45f3d2eebcccd909668d7ce7ea7267b6?s=96&d=mm&r=g","caption":"Benoit Charette"},"description":"Benoit Charette \/ Propri\u00e9taire et r\u00e9dacteur en chef Benoit Charette pratique le journalisme automobile depuis bient\u00f4t 30 ans. Il a fait ses classes au c\u00f4t\u00e9 de Daniel H\u00e9raud et au Carnet de route de 1992 \u00e0 2001. Il est fondateur, copropri\u00e9taire et r\u00e9dacteur en chef de L\u2019Annuel de l\u2019automobile, qu\u2019il publie depuis 2001. Il a anim\u00e9 les \u00e9missions RPM et RPM+ sur V et les L\u00e9gendes de la route sur Historia. \u00c0 la radio depuis 1986, il reprend l\u2019antenne cette ann\u00e9e sur les ondes de Cogeco et participe pour la deuxi\u00e8me ann\u00e9e \u00e0 l\u2019\u00e9mission Passion Auto sur RDS en plus de mettre en ligne le site Web officiel de L\u2019Annuel de l\u2019automobile sur annuelauto.ca.","sameAs":["https:\/\/annuelauto.ca\/"],"url":"https:\/\/news.canadamotorjobs.com\/fr\/author\/benoit-charette\/"}]}},"_links":{"self":[{"href":"https:\/\/news.canadamotorjobs.com\/fr\/wp-json\/wp\/v2\/posts\/184910"}],"collection":[{"href":"https:\/\/news.canadamotorjobs.com\/fr\/wp-json\/wp\/v2\/posts"}],"about":[{"href":"https:\/\/news.canadamotorjobs.com\/fr\/wp-json\/wp\/v2\/types\/post"}],"author":[{"embeddable":true,"href":"https:\/\/news.canadamotorjobs.com\/fr\/wp-json\/wp\/v2\/users\/8"}],"replies":[{"embeddable":true,"href":"https:\/\/news.canadamotorjobs.com\/fr\/wp-json\/wp\/v2\/comments?post=184910"}],"version-history":[{"count":2,"href":"https:\/\/news.canadamotorjobs.com\/fr\/wp-json\/wp\/v2\/posts\/184910\/revisions"}],"predecessor-version":[{"id":184914,"href":"https:\/\/news.canadamotorjobs.com\/fr\/wp-json\/wp\/v2\/posts\/184910\/revisions\/184914"}],"wp:featuredmedia":[{"embeddable":true,"href":"https:\/\/news.canadamotorjobs.com\/fr\/wp-json\/wp\/v2\/media\/184912"}],"wp:attachment":[{"href":"https:\/\/news.canadamotorjobs.com\/fr\/wp-json\/wp\/v2\/media?parent=184910"}],"wp:term":[{"taxonomy":"category","embeddable":true,"href":"https:\/\/news.canadamotorjobs.com\/fr\/wp-json\/wp\/v2\/categories?post=184910"},{"taxonomy":"post_tag","embeddable":true,"href":"https:\/\/news.canadamotorjobs.com\/fr\/wp-json\/wp\/v2\/tags?post=184910"}],"curies":[{"name":"wp","href":"https:\/\/api.w.org\/{rel}","templated":true}]}}