{"id":184882,"date":"2024-12-14T14:25:00","date_gmt":"2024-12-14T19:25:00","guid":{"rendered":"https:\/\/news.canadamotorjobs.com\/?p=184882"},"modified":"2024-12-14T14:29:08","modified_gmt":"2024-12-14T19:29:08","slug":"stellantis-rappelle-339-749-camionnettes-ram-hd-pour-un-probleme-de-freins","status":"publish","type":"post","link":"https:\/\/news.canadamotorjobs.com\/fr\/stellantis-rappelle-339-749-camionnettes-ram-hd-pour-un-probleme-de-freins\/","title":{"rendered":"Stellantis rappelle 339\u2009749 camionnettes Ram HD pour un probl\u00e8me de freins"},"content":{"rendered":"<\/p>\n<p>Stellantis doit proc\u00e9der au rappel de 339 749 camionnettes Ram HD au Canada et aux \u00c9tats-Unis en raison d\u2019un probl\u00e8me avec l\u2019unit\u00e9 de contr\u00f4le hydraulique des freins. Cette derni\u00e8re peut mal fonctionner ou carr\u00e9ment tomber en panne. Le cas \u00e9ch\u00e9ant, cela affecterait directement le syst\u00e8me de freinage antiblocage et l\u2019antipatinage, ce qui aurait pour effet d\u2019augmenter le risque d\u2019accident.<\/p>\n<p>Au total, 317 630 unit\u00e9s se trouvent en sol am\u00e9ricain, ce qui en laisse 22 119 au Canada.<\/p>\n<p>Le rappel concerne les Ram 2500, 3500 et 4500\/5500 des ann\u00e9es 2017 et 2018. Selon les documents de la NHTSA (National Highway Traffic Safety Administration) am\u00e9ricaine, l\u2019\u00e9quivalent de Transports Canada, tous les v\u00e9hicules concern\u00e9s pr\u00e9sentent le d\u00e9faut.<\/p>\n<p>La compagnie a re\u00e7u quantit\u00e9 d\u2019appel et de rapports concernant le p\u00e9pin. Comme le rapporte Automotive News, il y a eu 53 448 demandes relatives \u00e0 la garantie et 1460 incidents rapport\u00e9s sur le terrain, le tout entre novembre 2016 et mars 2024.<\/p>\n<p><\/p>\n<figure><img decoding=\"async\" src=\"https:\/\/news.canadamotorjobs.com\/wp-content\/uploads\/2024\/12\/ram_2500_power_wagon_crew_cab_2017_001-5.jpeg\" alt=\"Ram 2500 Power Wagon 2017\" \/><figcaption>Ram 2500 Power Wagon 2017 | Auto123.com<\/figcaption><\/figure>\n<p>La NHTSA est au courant de la chose depuis longtemps, elle qui a lanc\u00e9 une enqu\u00eate le 28 novembre 2022 concernant des probl\u00e8mes de freinage avec des Ram 2500 et 3500 des ann\u00e9es 2017 et 2018.<\/p>\n<p>Stellantis collabore avec la NHTSA. Apr\u00e8s avoir examin\u00e9 les donn\u00e9es techniques et test\u00e9 les pi\u00e8ces d\u00e9fectueuses, le constructeur a lanc\u00e9 un rappel volontaire pour rem\u00e9dier au d\u00e9faut de l\u2019unit\u00e9 de commande.<\/p>\n<p>En date du 18 novembre 2024, Stellantis d\u00e9clarait qu\u2019elle n\u2019avait pas connaissance d\u2019accidents ou de blessures li\u00e9s \u00e0 ce d\u00e9faut.<\/p>\n<p>Selon les documents de la NHTSA, les unit\u00e9s de contr\u00f4le hydraulique d\u00e9fectueuses ont \u00e9t\u00e9 fabriqu\u00e9es par la division nord-am\u00e9ricaine de l\u2019\u00e9quipementier automobile allemand ZF.<\/p>\n<p>Pour r\u00e9gler le probl\u00e8me, il suffira de remplacer les unit\u00e9s de contr\u00f4le par une unit\u00e9 am\u00e9lior\u00e9e avec un nouveau mat\u00e9riau de brosse pour le moteur de la pompe.<\/p>\n<p>Il est conseill\u00e9 aux propri\u00e9taires de surveiller le t\u00e9moin de dysfonctionnement, qui signale que le moteur du syst\u00e8me de freinage antiblocage ne fonctionne pas.<\/p>\n<p>Les concessionnaires ont \u00e9t\u00e9 inform\u00e9s du probl\u00e8me le 5 d\u00e9cembre dernier. Les propri\u00e9taires seront inform\u00e9s entre le 9 et le 17 janvier 2025.<\/p>\n<p><\/p>\n<p style=\"padding-top: 15px\">Contenu original de <a href=\"https:\/\/www.auto123.com\/fr\/actualites\/stellantis-rappel-ram-hd-freins\/72185\/\">auto123<\/a>.<\/p>\n<p>Le texte <a rel=\"nofollow\" href=\"https:\/\/annuelauto.ca\/stellantis-rappelle-339%e2%80%89749-camionnettes-ram-hd-pour-un-probleme-de-freins\/\">Stellantis rappelle 339\u2009749 camionnettes Ram HD pour un probl\u00e8me de freins<\/a> provient de <a rel=\"nofollow\" href=\"https:\/\/annuelauto.ca\">L&#8217;annuel de l&#8217;automobile &#8211; Actualit\u00e9 automobile<\/a><\/p>\n<p><\/p>\n","protected":false},"excerpt":{"rendered":"<p>Stellantis doit proc\u00e9der au rappel de 339 749 camionnettes Ram HD au Canada et aux \u00c9tats-Unis en raison d\u2019un probl\u00e8me avec l\u2019unit\u00e9 de contr\u00f4le hydraulique des freins. Cette derni\u00e8re peut mal fonctionner ou carr\u00e9ment tomber en panne. Le cas \u00e9ch\u00e9ant, cela affecterait directement le syst\u00e8me de freinage antiblocage et l\u2019antipatinage, ce qui aurait pour effet [&hellip;]<\/p>\n","protected":false},"author":8,"featured_media":184884,"comment_status":"close","ping_status":"closed","sticky":false,"template":"","format":"standard","meta":{"_monsterinsights_skip_tracking":false,"_monsterinsights_sitenote_active":false,"_monsterinsights_sitenote_note":"","_monsterinsights_sitenote_category":0,"footnotes":""},"categories":[101],"tags":[],"yoast_head":"<!-- This site is optimized with the Yoast SEO plugin v23.2 - https:\/\/yoast.com\/wordpress\/plugins\/seo\/ -->\n<title>Stellantis rappelle 339\u2009749 camionnettes Ram HD pour un probl\u00e8me de freins - CanadaMotorJobs.com<\/title>\n<meta name=\"description\" content=\"Stellantis rappelle 339\u2009749 camionnettes Ram HD pour un probl\u00e8me de freins - Benoit Charette - Annuel automobile - CanadaMotorJobs.com.\" \/>\n<meta name=\"robots\" content=\"index, follow, max-snippet:-1, max-image-preview:large, max-video-preview:-1\" \/>\n<meta property=\"og:locale\" content=\"fr_CA\" \/>\n<meta property=\"og:type\" content=\"article\" \/>\n<meta property=\"og:title\" content=\"Stellantis rappelle 339\u2009749 camionnettes Ram HD pour un probl\u00e8me de freins - CanadaMotorJobs.com\" \/>\n<meta property=\"og:description\" content=\"Stellantis rappelle 339\u2009749 camionnettes Ram HD pour un probl\u00e8me de freins - Benoit Charette - Annuel automobile - CanadaMotorJobs.com.\" \/>\n<meta property=\"og:url\" content=\"https:\/\/news.canadamotorjobs.com\/fr\/stellantis-rappelle-339-749-camionnettes-ram-hd-pour-un-probleme-de-freins\/\" \/>\n<meta property=\"og:site_name\" content=\"CanadaMotorJobs.com\" \/>\n<meta property=\"article:publisher\" content=\"https:\/\/www.facebook.com\/canadamotorjobs\/\" \/>\n<meta property=\"article:published_time\" content=\"2024-12-14T19:25:00+00:00\" \/>\n<meta property=\"article:modified_time\" content=\"2024-12-14T19:29:08+00:00\" \/>\n<meta property=\"og:image\" content=\"https:\/\/news.canadamotorjobs.com\/wp-content\/uploads\/2024\/12\/ram_2500_power_wagon_crew_cab_2017_001.jpeg\" \/>\n\t<meta property=\"og:image:width\" content=\"1200\" \/>\n\t<meta property=\"og:image:height\" content=\"800\" \/>\n\t<meta property=\"og:image:type\" content=\"image\/jpeg\" \/>\n<meta name=\"author\" content=\"Benoit Charette\" \/>\n<meta name=\"twitter:card\" content=\"summary_large_image\" \/>\n<meta name=\"twitter:creator\" content=\"@canadamotorjobs\" \/>\n<meta name=\"twitter:site\" content=\"@canadamotorjobs\" \/>\n<meta name=\"twitter:label1\" content=\"\u00c9crit par\" \/>\n\t<meta name=\"twitter:data1\" content=\"Benoit Charette\" \/>\n\t<meta name=\"twitter:label2\" content=\"Estimation du temps de lecture\" \/>\n\t<meta name=\"twitter:data2\" content=\"2 minutes\" \/>\n<!-- \/ Yoast SEO plugin. -->","yoast_head_json":{"title":"Stellantis rappelle 339\u2009749 camionnettes Ram HD pour un probl\u00e8me de freins - CanadaMotorJobs.com","description":"Stellantis rappelle 339\u2009749 camionnettes Ram HD pour un probl\u00e8me de freins - Benoit Charette - Annuel automobile - CanadaMotorJobs.com.","robots":{"index":"index","follow":"follow","max-snippet":"max-snippet:-1","max-image-preview":"max-image-preview:large","max-video-preview":"max-video-preview:-1"},"og_locale":"fr_CA","og_type":"article","og_title":"Stellantis rappelle 339\u2009749 camionnettes Ram HD pour un probl\u00e8me de freins - CanadaMotorJobs.com","og_description":"Stellantis rappelle 339\u2009749 camionnettes Ram HD pour un probl\u00e8me de freins - Benoit Charette - Annuel automobile - CanadaMotorJobs.com.","og_url":"https:\/\/news.canadamotorjobs.com\/fr\/stellantis-rappelle-339-749-camionnettes-ram-hd-pour-un-probleme-de-freins\/","og_site_name":"CanadaMotorJobs.com","article_publisher":"https:\/\/www.facebook.com\/canadamotorjobs\/","article_published_time":"2024-12-14T19:25:00+00:00","article_modified_time":"2024-12-14T19:29:08+00:00","og_image":[{"width":1200,"height":800,"url":"https:\/\/news.canadamotorjobs.com\/wp-content\/uploads\/2024\/12\/ram_2500_power_wagon_crew_cab_2017_001.jpeg","type":"image\/jpeg"}],"author":"Benoit Charette","twitter_card":"summary_large_image","twitter_creator":"@canadamotorjobs","twitter_site":"@canadamotorjobs","twitter_misc":{"\u00c9crit par":"Benoit Charette","Estimation du temps de lecture":"2 minutes"},"schema":{"@context":"https:\/\/schema.org","@graph":[{"@type":"Article","@id":"https:\/\/news.canadamotorjobs.com\/fr\/stellantis-rappelle-339-749-camionnettes-ram-hd-pour-un-probleme-de-freins\/#article","isPartOf":{"@id":"https:\/\/news.canadamotorjobs.com\/fr\/stellantis-rappelle-339-749-camionnettes-ram-hd-pour-un-probleme-de-freins\/"},"author":{"name":"Benoit Charette","@id":"https:\/\/news.canadamotorjobs.com\/#\/schema\/person\/51793d1f87d44011d7bcc2ed99269a90"},"headline":"Stellantis rappelle 339\u2009749 camionnettes Ram HD pour un probl\u00e8me de freins","datePublished":"2024-12-14T19:25:00+00:00","dateModified":"2024-12-14T19:29:08+00:00","mainEntityOfPage":{"@id":"https:\/\/news.canadamotorjobs.com\/fr\/stellantis-rappelle-339-749-camionnettes-ram-hd-pour-un-probleme-de-freins\/"},"wordCount":418,"publisher":{"@id":"https:\/\/news.canadamotorjobs.com\/#organization"},"image":{"@id":"https:\/\/news.canadamotorjobs.com\/fr\/stellantis-rappelle-339-749-camionnettes-ram-hd-pour-un-probleme-de-freins\/#primaryimage"},"thumbnailUrl":"https:\/\/news.canadamotorjobs.com\/wp-content\/uploads\/2024\/12\/ram_2500_power_wagon_crew_cab_2017_001.jpeg","articleSection":["Annuel automobile"],"inLanguage":"fr-CA"},{"@type":"WebPage","@id":"https:\/\/news.canadamotorjobs.com\/fr\/stellantis-rappelle-339-749-camionnettes-ram-hd-pour-un-probleme-de-freins\/","url":"https:\/\/news.canadamotorjobs.com\/fr\/stellantis-rappelle-339-749-camionnettes-ram-hd-pour-un-probleme-de-freins\/","name":"Stellantis rappelle 339\u2009749 camionnettes Ram HD pour un probl\u00e8me de freins - CanadaMotorJobs.com","isPartOf":{"@id":"https:\/\/news.canadamotorjobs.com\/#website"},"primaryImageOfPage":{"@id":"https:\/\/news.canadamotorjobs.com\/fr\/stellantis-rappelle-339-749-camionnettes-ram-hd-pour-un-probleme-de-freins\/#primaryimage"},"image":{"@id":"https:\/\/news.canadamotorjobs.com\/fr\/stellantis-rappelle-339-749-camionnettes-ram-hd-pour-un-probleme-de-freins\/#primaryimage"},"thumbnailUrl":"https:\/\/news.canadamotorjobs.com\/wp-content\/uploads\/2024\/12\/ram_2500_power_wagon_crew_cab_2017_001.jpeg","datePublished":"2024-12-14T19:25:00+00:00","dateModified":"2024-12-14T19:29:08+00:00","description":"Stellantis rappelle 339\u2009749 camionnettes Ram HD pour un probl\u00e8me de freins - Benoit Charette - Annuel automobile - CanadaMotorJobs.com.","breadcrumb":{"@id":"https:\/\/news.canadamotorjobs.com\/fr\/stellantis-rappelle-339-749-camionnettes-ram-hd-pour-un-probleme-de-freins\/#breadcrumb"},"inLanguage":"fr-CA","potentialAction":[{"@type":"ReadAction","target":["https:\/\/news.canadamotorjobs.com\/fr\/stellantis-rappelle-339-749-camionnettes-ram-hd-pour-un-probleme-de-freins\/"]}]},{"@type":"ImageObject","inLanguage":"fr-CA","@id":"https:\/\/news.canadamotorjobs.com\/fr\/stellantis-rappelle-339-749-camionnettes-ram-hd-pour-un-probleme-de-freins\/#primaryimage","url":"https:\/\/news.canadamotorjobs.com\/wp-content\/uploads\/2024\/12\/ram_2500_power_wagon_crew_cab_2017_001.jpeg","contentUrl":"https:\/\/news.canadamotorjobs.com\/wp-content\/uploads\/2024\/12\/ram_2500_power_wagon_crew_cab_2017_001.jpeg","width":1200,"height":800},{"@type":"BreadcrumbList","@id":"https:\/\/news.canadamotorjobs.com\/fr\/stellantis-rappelle-339-749-camionnettes-ram-hd-pour-un-probleme-de-freins\/#breadcrumb","itemListElement":[{"@type":"ListItem","position":1,"name":"Home","item":"https:\/\/news.canadamotorjobs.com\/fr\/blog\/"},{"@type":"ListItem","position":2,"name":"Stellantis rappelle 339\u2009749 camionnettes Ram HD pour un probl\u00e8me de freins"}]},{"@type":"WebSite","@id":"https:\/\/news.canadamotorjobs.com\/#website","url":"https:\/\/news.canadamotorjobs.com\/","name":"CanadaMotorJobs.com","description":"Automotive Jobs","publisher":{"@id":"https:\/\/news.canadamotorjobs.com\/#organization"},"potentialAction":[{"@type":"SearchAction","target":{"@type":"EntryPoint","urlTemplate":"https:\/\/news.canadamotorjobs.com\/?s={search_term_string}"},"query-input":"required name=search_term_string"}],"inLanguage":"fr-CA"},{"@type":"Organization","@id":"https:\/\/news.canadamotorjobs.com\/#organization","name":"Canada Motor Jobs","url":"https:\/\/news.canadamotorjobs.com\/","logo":{"@type":"ImageObject","inLanguage":"fr-CA","@id":"https:\/\/news.canadamotorjobs.com\/#\/schema\/logo\/image\/","url":"https:\/\/news.canadamotorjobs.com\/wp-content\/uploads\/2022\/10\/logo-canada-motor-jobs-1.png","contentUrl":"https:\/\/news.canadamotorjobs.com\/wp-content\/uploads\/2022\/10\/logo-canada-motor-jobs-1.png","width":800,"height":400,"caption":"Canada Motor Jobs"},"image":{"@id":"https:\/\/news.canadamotorjobs.com\/#\/schema\/logo\/image\/"},"sameAs":["https:\/\/www.facebook.com\/canadamotorjobs\/","https:\/\/x.com\/canadamotorjobs","https:\/\/www.instagram.com\/canadamotorjobs\/","https:\/\/www.linkedin.com\/company\/canadamotorjobs"]},{"@type":"Person","@id":"https:\/\/news.canadamotorjobs.com\/#\/schema\/person\/51793d1f87d44011d7bcc2ed99269a90","name":"Benoit Charette","image":{"@type":"ImageObject","inLanguage":"fr-CA","@id":"https:\/\/news.canadamotorjobs.com\/#\/schema\/person\/image\/","url":"https:\/\/secure.gravatar.com\/avatar\/45f3d2eebcccd909668d7ce7ea7267b6?s=96&d=mm&r=g","contentUrl":"https:\/\/secure.gravatar.com\/avatar\/45f3d2eebcccd909668d7ce7ea7267b6?s=96&d=mm&r=g","caption":"Benoit Charette"},"description":"Benoit Charette \/ Propri\u00e9taire et r\u00e9dacteur en chef Benoit Charette pratique le journalisme automobile depuis bient\u00f4t 30 ans. Il a fait ses classes au c\u00f4t\u00e9 de Daniel H\u00e9raud et au Carnet de route de 1992 \u00e0 2001. Il est fondateur, copropri\u00e9taire et r\u00e9dacteur en chef de L\u2019Annuel de l\u2019automobile, qu\u2019il publie depuis 2001. Il a anim\u00e9 les \u00e9missions RPM et RPM+ sur V et les L\u00e9gendes de la route sur Historia. \u00c0 la radio depuis 1986, il reprend l\u2019antenne cette ann\u00e9e sur les ondes de Cogeco et participe pour la deuxi\u00e8me ann\u00e9e \u00e0 l\u2019\u00e9mission Passion Auto sur RDS en plus de mettre en ligne le site Web officiel de L\u2019Annuel de l\u2019automobile sur annuelauto.ca.","sameAs":["https:\/\/annuelauto.ca\/"],"url":"https:\/\/news.canadamotorjobs.com\/fr\/author\/benoit-charette\/"}]}},"_links":{"self":[{"href":"https:\/\/news.canadamotorjobs.com\/fr\/wp-json\/wp\/v2\/posts\/184882"}],"collection":[{"href":"https:\/\/news.canadamotorjobs.com\/fr\/wp-json\/wp\/v2\/posts"}],"about":[{"href":"https:\/\/news.canadamotorjobs.com\/fr\/wp-json\/wp\/v2\/types\/post"}],"author":[{"embeddable":true,"href":"https:\/\/news.canadamotorjobs.com\/fr\/wp-json\/wp\/v2\/users\/8"}],"replies":[{"embeddable":true,"href":"https:\/\/news.canadamotorjobs.com\/fr\/wp-json\/wp\/v2\/comments?post=184882"}],"version-history":[{"count":3,"href":"https:\/\/news.canadamotorjobs.com\/fr\/wp-json\/wp\/v2\/posts\/184882\/revisions"}],"predecessor-version":[{"id":184909,"href":"https:\/\/news.canadamotorjobs.com\/fr\/wp-json\/wp\/v2\/posts\/184882\/revisions\/184909"}],"wp:featuredmedia":[{"embeddable":true,"href":"https:\/\/news.canadamotorjobs.com\/fr\/wp-json\/wp\/v2\/media\/184884"}],"wp:attachment":[{"href":"https:\/\/news.canadamotorjobs.com\/fr\/wp-json\/wp\/v2\/media?parent=184882"}],"wp:term":[{"taxonomy":"category","embeddable":true,"href":"https:\/\/news.canadamotorjobs.com\/fr\/wp-json\/wp\/v2\/categories?post=184882"},{"taxonomy":"post_tag","embeddable":true,"href":"https:\/\/news.canadamotorjobs.com\/fr\/wp-json\/wp\/v2\/tags?post=184882"}],"curies":[{"name":"wp","href":"https:\/\/api.w.org\/{rel}","templated":true}]}}