{"id":184789,"date":"2024-12-14T02:24:28","date_gmt":"2024-12-14T07:24:28","guid":{"rendered":"https:\/\/news.canadamotorjobs.com\/?p=184789"},"modified":"2024-12-14T02:29:45","modified_gmt":"2024-12-14T07:29:45","slug":"hyundai-fait-des-abonnements-son-cheval-de-bataille-en-europe","status":"publish","type":"post","link":"https:\/\/news.canadamotorjobs.com\/fr\/hyundai-fait-des-abonnements-son-cheval-de-bataille-en-europe\/","title":{"rendered":"Hyundai fait des abonnements son cheval de bataille en Europe"},"content":{"rendered":"<\/p>\n<p>La division <em>Connected Mobility<\/em> de Hyundai d\u00e9veloppe son service d\u2019abonnement automobile, nomm\u00e9 Mocean, avec des plans ambitieux pour s\u2019\u00e9tendre sur les principaux march\u00e9s europ\u00e9ens. D\u00e9j\u00e0 couronn\u00e9 de succ\u00e8s en Espagne et au Royaume-Uni, ce service a r\u00e9cemment \u00e9t\u00e9 lanc\u00e9 en Allemagne.<\/p>\n<p><strong>Pourquoi est-ce que Hyundai parie sur les abonnements ?<\/strong><\/p>\n<p>Alors que certains constructeurs, comme Volvo et Lynk &amp; CO, abandonnent ou r\u00e9visent leurs offres d\u2019abonnement, Hyundai mise sur la flexibilit\u00e9 et une nouvelle approche de l\u2019usage automobile. Le service Mocean permet aux consommateurs d\u2019acc\u00e9der \u00e0 plus de 40 mod\u00e8les Hyundai, avec un tarif mensuel qui inclut l\u2019assurance, l\u2019entretien et les taxes.<\/p>\n<p>Selon Liran Golan, l3 directeur des services de mobilit\u00e9 chez Hyundai Connected Mobility, \u00ab La jeune g\u00e9n\u00e9ration n\u2019est plus motiv\u00e9e par l\u2019acquisition d\u2019une voiture. Nous devons nous adapter \u00e0 cette r\u00e9alit\u00e9. \u00bb<\/p>\n<p><\/p>\n<figure><img decoding=\"async\" src=\"https:\/\/news.canadamotorjobs.com\/wp-content\/uploads\/2024\/12\/2023-hyundai-ioniq-6-MTL_38-5.jpg\" alt=\"La Hyundai Ioniq 6\" \/><figcaption>La Hyundai Ioniq 6 | Auto123.com<\/figcaption><\/figure>\n<p><strong>Des r\u00e9sultats prometteurs en Allemagne<\/strong><\/p>\n<p>En Allemagne, le march\u00e9 des abonnements automobiles devrait cro\u00eetre \u00e0 un taux annuel de 33,5 % d\u2019ici 2030. Hyundai pr\u00e9voit d\u2019atteindre la rentabilit\u00e9 gr\u00e2ce \u00e0 une strat\u00e9gie qui repose sur l\u2019optimisation logistique, l\u2019utilisation du r\u00e9seau de concessionnaires et une gestion all\u00e9g\u00e9e, avec peu de d\u00e9penses en marketing.<\/p>\n<p>Contrairement \u00e0 d\u2019autres acteurs, Hyundai semble mieux positionn\u00e9 gr\u00e2ce \u00e0 l\u2019absence de frais d\u2019inscription, ainsi que de la flexibilit\u00e9 des contrats, de un mois \u00e0 plusieurs ann\u00e9es.<\/p>\n<p><strong>Une solution pour les v\u00e9hicules \u00e9lectriques<\/strong><\/p>\n<p>Le mod\u00e8le d\u2019abonnement joue \u00e9galement un r\u00f4le cl\u00e9 dans l\u2019adoption des v\u00e9hicules \u00e9lectriques. Selon Hyundai, la majorit\u00e9 des clients allemands de Mocean optent pour un v\u00e9hicule \u00e9lectrique.<\/p>\n<blockquote><p><\/p>\n<p>\u00ab Les abonnements permettent aux consommateurs de tester la technologie des mod\u00e8les \u00e9lectriques sans s\u2019engager \u00e0 l\u2019achat. \u00bb<\/p>\n<p>\u2013 Liran Golan, directeur des services de mobilit\u00e9 chez Hyundai Connected Mobility<\/p>\n<p>\n<\/p><\/blockquote>\n<p>David Bailey, professeur en \u00e9conomie \u00e0 l\u2019Universit\u00e9 de Birmingham, abonde dans le m\u00eame sens. \u00ab C\u2019est une fa\u00e7on id\u00e9ale pour les consommateurs d\u2019explorer les v\u00e9hicules \u00e9lectriques sans les co\u00fbts initiaux \u00e9lev\u00e9s ni les incertitudes li\u00e9es \u00e0 la recharge et \u00e0 la valeur de revente. \u00bb<\/p>\n<p><\/p>\n<figure><img decoding=\"async\" src=\"https:\/\/news.canadamotorjobs.com\/wp-content\/uploads\/2024\/12\/hyundai-mocean-subscription-service-further-expansion-mockup-01-1.png\" alt=\"Un utilisateur du service de souscription Mocean de Hyundai\" \/><figcaption>Un utilisateur du service de souscription Mocean de Hyundai | Auto123.com<\/figcaption><\/figure>\n<p><strong>Un public diversifi\u00e9 et un potentiel pour les parcs d\u2019entreprises<\/strong><\/p>\n<p>L\u2019abonn\u00e9 type au service Mocean est \u00e2g\u00e9 de 42 ans en moyenne, soit 10 ans de moins que l\u2019acheteur classique d\u2019un produit Hyundai. Parmi les groupes cibles, on vise :<\/p>\n<ul><\/p>\n<li>\u2022\u00a0\u00a0\u00a0 Les jeunes familles recherchant une voiture secondaire.<\/li>\n<p><\/p>\n<li>\u2022\u00a0\u00a0\u00a0 Les expatri\u00e9s dans les grandes villes.<\/li>\n<p><\/p>\n<li>\u2022\u00a0\u00a0\u00a0 Les professionnels ne voulant pas s\u2019engager dans l\u2019achat.<\/li>\n<p><\/p>\n<li>\u2022\u00a0\u00a0\u00a0 Les entreprises, notamment les PME allemandes, qui ont besoin de flexibilit\u00e9 pour leurs parcs.<\/li>\n<p>\n<\/ul>\n<p>Avec 58 % des voitures neuves europ\u00e9ennes destin\u00e9es \u00e0 des parcs corporatifs, Hyundai voit un \u00e9norme potentiel de croissance sur ce segment.<\/p>\n<p><\/p>\n<p style=\"padding-top: 15px\">Contenu original de <a href=\"https:\/\/www.auto123.com\/fr\/actualites\/hyundai-abonnement-mocean-europe\/72181\/\">auto123<\/a>.<\/p>\n<p>Le texte <a rel=\"nofollow\" href=\"https:\/\/annuelauto.ca\/hyundai-fait-des-abonnements-son-cheval-de-bataille-en-europe\/\">Hyundai fait des abonnements son cheval de bataille en Europe<\/a> provient de <a rel=\"nofollow\" href=\"https:\/\/annuelauto.ca\">L&#8217;annuel de l&#8217;automobile &#8211; Actualit\u00e9 automobile<\/a><\/p>\n<p><\/p>\n","protected":false},"excerpt":{"rendered":"<p>La division Connected Mobility de Hyundai d\u00e9veloppe son service d\u2019abonnement automobile, nomm\u00e9 Mocean, avec des plans ambitieux pour s\u2019\u00e9tendre sur les principaux march\u00e9s europ\u00e9ens. D\u00e9j\u00e0 couronn\u00e9 de succ\u00e8s en Espagne et au Royaume-Uni, ce service a r\u00e9cemment \u00e9t\u00e9 lanc\u00e9 en Allemagne. Pourquoi est-ce que Hyundai parie sur les abonnements ? Alors que certains constructeurs, comme [&hellip;]<\/p>\n","protected":false},"author":8,"featured_media":184791,"comment_status":"close","ping_status":"closed","sticky":false,"template":"","format":"standard","meta":{"_monsterinsights_skip_tracking":false,"_monsterinsights_sitenote_active":false,"_monsterinsights_sitenote_note":"","_monsterinsights_sitenote_category":0,"footnotes":""},"categories":[101],"tags":[],"yoast_head":"<!-- This site is optimized with the Yoast SEO plugin v23.2 - https:\/\/yoast.com\/wordpress\/plugins\/seo\/ -->\n<title>Hyundai fait des abonnements son cheval de bataille en Europe - CanadaMotorJobs.com<\/title>\n<meta name=\"description\" content=\"Hyundai fait des abonnements son cheval de bataille en Europe - Benoit Charette - Annuel automobile - CanadaMotorJobs.com.\" \/>\n<meta name=\"robots\" content=\"index, follow, max-snippet:-1, max-image-preview:large, max-video-preview:-1\" \/>\n<meta property=\"og:locale\" content=\"fr_CA\" \/>\n<meta property=\"og:type\" content=\"article\" \/>\n<meta property=\"og:title\" content=\"Hyundai fait des abonnements son cheval de bataille en Europe - CanadaMotorJobs.com\" \/>\n<meta property=\"og:description\" content=\"Hyundai fait des abonnements son cheval de bataille en Europe - Benoit Charette - Annuel automobile - CanadaMotorJobs.com.\" \/>\n<meta property=\"og:url\" content=\"https:\/\/news.canadamotorjobs.com\/fr\/hyundai-fait-des-abonnements-son-cheval-de-bataille-en-europe\/\" \/>\n<meta property=\"og:site_name\" content=\"CanadaMotorJobs.com\" \/>\n<meta property=\"article:publisher\" content=\"https:\/\/www.facebook.com\/canadamotorjobs\/\" \/>\n<meta property=\"article:published_time\" content=\"2024-12-14T07:24:28+00:00\" \/>\n<meta property=\"article:modified_time\" content=\"2024-12-14T07:29:45+00:00\" \/>\n<meta property=\"og:image\" content=\"https:\/\/news.canadamotorjobs.com\/wp-content\/uploads\/2024\/12\/2023-hyundai-ioniq-6-MTL_38.jpg\" \/>\n\t<meta property=\"og:image:width\" content=\"1200\" \/>\n\t<meta property=\"og:image:height\" content=\"801\" \/>\n\t<meta property=\"og:image:type\" content=\"image\/jpeg\" \/>\n<meta name=\"author\" content=\"Benoit Charette\" \/>\n<meta name=\"twitter:card\" content=\"summary_large_image\" \/>\n<meta name=\"twitter:creator\" content=\"@canadamotorjobs\" \/>\n<meta name=\"twitter:site\" content=\"@canadamotorjobs\" \/>\n<meta name=\"twitter:label1\" content=\"\u00c9crit par\" \/>\n\t<meta name=\"twitter:data1\" content=\"Benoit Charette\" \/>\n\t<meta name=\"twitter:label2\" content=\"Estimation du temps de lecture\" \/>\n\t<meta name=\"twitter:data2\" content=\"2 minutes\" \/>\n<!-- \/ Yoast SEO plugin. -->","yoast_head_json":{"title":"Hyundai fait des abonnements son cheval de bataille en Europe - CanadaMotorJobs.com","description":"Hyundai fait des abonnements son cheval de bataille en Europe - Benoit Charette - Annuel automobile - CanadaMotorJobs.com.","robots":{"index":"index","follow":"follow","max-snippet":"max-snippet:-1","max-image-preview":"max-image-preview:large","max-video-preview":"max-video-preview:-1"},"og_locale":"fr_CA","og_type":"article","og_title":"Hyundai fait des abonnements son cheval de bataille en Europe - CanadaMotorJobs.com","og_description":"Hyundai fait des abonnements son cheval de bataille en Europe - Benoit Charette - Annuel automobile - CanadaMotorJobs.com.","og_url":"https:\/\/news.canadamotorjobs.com\/fr\/hyundai-fait-des-abonnements-son-cheval-de-bataille-en-europe\/","og_site_name":"CanadaMotorJobs.com","article_publisher":"https:\/\/www.facebook.com\/canadamotorjobs\/","article_published_time":"2024-12-14T07:24:28+00:00","article_modified_time":"2024-12-14T07:29:45+00:00","og_image":[{"width":1200,"height":801,"url":"https:\/\/news.canadamotorjobs.com\/wp-content\/uploads\/2024\/12\/2023-hyundai-ioniq-6-MTL_38.jpg","type":"image\/jpeg"}],"author":"Benoit Charette","twitter_card":"summary_large_image","twitter_creator":"@canadamotorjobs","twitter_site":"@canadamotorjobs","twitter_misc":{"\u00c9crit par":"Benoit Charette","Estimation du temps de lecture":"2 minutes"},"schema":{"@context":"https:\/\/schema.org","@graph":[{"@type":"Article","@id":"https:\/\/news.canadamotorjobs.com\/fr\/hyundai-fait-des-abonnements-son-cheval-de-bataille-en-europe\/#article","isPartOf":{"@id":"https:\/\/news.canadamotorjobs.com\/fr\/hyundai-fait-des-abonnements-son-cheval-de-bataille-en-europe\/"},"author":{"name":"Benoit Charette","@id":"https:\/\/news.canadamotorjobs.com\/#\/schema\/person\/51793d1f87d44011d7bcc2ed99269a90"},"headline":"Hyundai fait des abonnements son cheval de bataille en Europe","datePublished":"2024-12-14T07:24:28+00:00","dateModified":"2024-12-14T07:29:45+00:00","mainEntityOfPage":{"@id":"https:\/\/news.canadamotorjobs.com\/fr\/hyundai-fait-des-abonnements-son-cheval-de-bataille-en-europe\/"},"wordCount":511,"publisher":{"@id":"https:\/\/news.canadamotorjobs.com\/#organization"},"image":{"@id":"https:\/\/news.canadamotorjobs.com\/fr\/hyundai-fait-des-abonnements-son-cheval-de-bataille-en-europe\/#primaryimage"},"thumbnailUrl":"https:\/\/news.canadamotorjobs.com\/wp-content\/uploads\/2024\/12\/2023-hyundai-ioniq-6-MTL_38.jpg","articleSection":["Annuel automobile"],"inLanguage":"fr-CA"},{"@type":"WebPage","@id":"https:\/\/news.canadamotorjobs.com\/fr\/hyundai-fait-des-abonnements-son-cheval-de-bataille-en-europe\/","url":"https:\/\/news.canadamotorjobs.com\/fr\/hyundai-fait-des-abonnements-son-cheval-de-bataille-en-europe\/","name":"Hyundai fait des abonnements son cheval de bataille en Europe - CanadaMotorJobs.com","isPartOf":{"@id":"https:\/\/news.canadamotorjobs.com\/#website"},"primaryImageOfPage":{"@id":"https:\/\/news.canadamotorjobs.com\/fr\/hyundai-fait-des-abonnements-son-cheval-de-bataille-en-europe\/#primaryimage"},"image":{"@id":"https:\/\/news.canadamotorjobs.com\/fr\/hyundai-fait-des-abonnements-son-cheval-de-bataille-en-europe\/#primaryimage"},"thumbnailUrl":"https:\/\/news.canadamotorjobs.com\/wp-content\/uploads\/2024\/12\/2023-hyundai-ioniq-6-MTL_38.jpg","datePublished":"2024-12-14T07:24:28+00:00","dateModified":"2024-12-14T07:29:45+00:00","description":"Hyundai fait des abonnements son cheval de bataille en Europe - Benoit Charette - Annuel automobile - CanadaMotorJobs.com.","breadcrumb":{"@id":"https:\/\/news.canadamotorjobs.com\/fr\/hyundai-fait-des-abonnements-son-cheval-de-bataille-en-europe\/#breadcrumb"},"inLanguage":"fr-CA","potentialAction":[{"@type":"ReadAction","target":["https:\/\/news.canadamotorjobs.com\/fr\/hyundai-fait-des-abonnements-son-cheval-de-bataille-en-europe\/"]}]},{"@type":"ImageObject","inLanguage":"fr-CA","@id":"https:\/\/news.canadamotorjobs.com\/fr\/hyundai-fait-des-abonnements-son-cheval-de-bataille-en-europe\/#primaryimage","url":"https:\/\/news.canadamotorjobs.com\/wp-content\/uploads\/2024\/12\/2023-hyundai-ioniq-6-MTL_38.jpg","contentUrl":"https:\/\/news.canadamotorjobs.com\/wp-content\/uploads\/2024\/12\/2023-hyundai-ioniq-6-MTL_38.jpg","width":1200,"height":801},{"@type":"BreadcrumbList","@id":"https:\/\/news.canadamotorjobs.com\/fr\/hyundai-fait-des-abonnements-son-cheval-de-bataille-en-europe\/#breadcrumb","itemListElement":[{"@type":"ListItem","position":1,"name":"Home","item":"https:\/\/news.canadamotorjobs.com\/fr\/blog\/"},{"@type":"ListItem","position":2,"name":"Hyundai fait des abonnements son cheval de bataille en Europe"}]},{"@type":"WebSite","@id":"https:\/\/news.canadamotorjobs.com\/#website","url":"https:\/\/news.canadamotorjobs.com\/","name":"CanadaMotorJobs.com","description":"Automotive Jobs","publisher":{"@id":"https:\/\/news.canadamotorjobs.com\/#organization"},"potentialAction":[{"@type":"SearchAction","target":{"@type":"EntryPoint","urlTemplate":"https:\/\/news.canadamotorjobs.com\/?s={search_term_string}"},"query-input":"required name=search_term_string"}],"inLanguage":"fr-CA"},{"@type":"Organization","@id":"https:\/\/news.canadamotorjobs.com\/#organization","name":"Canada Motor Jobs","url":"https:\/\/news.canadamotorjobs.com\/","logo":{"@type":"ImageObject","inLanguage":"fr-CA","@id":"https:\/\/news.canadamotorjobs.com\/#\/schema\/logo\/image\/","url":"https:\/\/news.canadamotorjobs.com\/wp-content\/uploads\/2022\/10\/logo-canada-motor-jobs-1.png","contentUrl":"https:\/\/news.canadamotorjobs.com\/wp-content\/uploads\/2022\/10\/logo-canada-motor-jobs-1.png","width":800,"height":400,"caption":"Canada Motor Jobs"},"image":{"@id":"https:\/\/news.canadamotorjobs.com\/#\/schema\/logo\/image\/"},"sameAs":["https:\/\/www.facebook.com\/canadamotorjobs\/","https:\/\/x.com\/canadamotorjobs","https:\/\/www.instagram.com\/canadamotorjobs\/","https:\/\/www.linkedin.com\/company\/canadamotorjobs"]},{"@type":"Person","@id":"https:\/\/news.canadamotorjobs.com\/#\/schema\/person\/51793d1f87d44011d7bcc2ed99269a90","name":"Benoit Charette","image":{"@type":"ImageObject","inLanguage":"fr-CA","@id":"https:\/\/news.canadamotorjobs.com\/#\/schema\/person\/image\/","url":"https:\/\/secure.gravatar.com\/avatar\/45f3d2eebcccd909668d7ce7ea7267b6?s=96&d=mm&r=g","contentUrl":"https:\/\/secure.gravatar.com\/avatar\/45f3d2eebcccd909668d7ce7ea7267b6?s=96&d=mm&r=g","caption":"Benoit Charette"},"description":"Benoit Charette \/ Propri\u00e9taire et r\u00e9dacteur en chef Benoit Charette pratique le journalisme automobile depuis bient\u00f4t 30 ans. Il a fait ses classes au c\u00f4t\u00e9 de Daniel H\u00e9raud et au Carnet de route de 1992 \u00e0 2001. Il est fondateur, copropri\u00e9taire et r\u00e9dacteur en chef de L\u2019Annuel de l\u2019automobile, qu\u2019il publie depuis 2001. Il a anim\u00e9 les \u00e9missions RPM et RPM+ sur V et les L\u00e9gendes de la route sur Historia. \u00c0 la radio depuis 1986, il reprend l\u2019antenne cette ann\u00e9e sur les ondes de Cogeco et participe pour la deuxi\u00e8me ann\u00e9e \u00e0 l\u2019\u00e9mission Passion Auto sur RDS en plus de mettre en ligne le site Web officiel de L\u2019Annuel de l\u2019automobile sur annuelauto.ca.","sameAs":["https:\/\/annuelauto.ca\/"],"url":"https:\/\/news.canadamotorjobs.com\/fr\/author\/benoit-charette\/"}]}},"_links":{"self":[{"href":"https:\/\/news.canadamotorjobs.com\/fr\/wp-json\/wp\/v2\/posts\/184789"}],"collection":[{"href":"https:\/\/news.canadamotorjobs.com\/fr\/wp-json\/wp\/v2\/posts"}],"about":[{"href":"https:\/\/news.canadamotorjobs.com\/fr\/wp-json\/wp\/v2\/types\/post"}],"author":[{"embeddable":true,"href":"https:\/\/news.canadamotorjobs.com\/fr\/wp-json\/wp\/v2\/users\/8"}],"replies":[{"embeddable":true,"href":"https:\/\/news.canadamotorjobs.com\/fr\/wp-json\/wp\/v2\/comments?post=184789"}],"version-history":[{"count":3,"href":"https:\/\/news.canadamotorjobs.com\/fr\/wp-json\/wp\/v2\/posts\/184789\/revisions"}],"predecessor-version":[{"id":184820,"href":"https:\/\/news.canadamotorjobs.com\/fr\/wp-json\/wp\/v2\/posts\/184789\/revisions\/184820"}],"wp:featuredmedia":[{"embeddable":true,"href":"https:\/\/news.canadamotorjobs.com\/fr\/wp-json\/wp\/v2\/media\/184791"}],"wp:attachment":[{"href":"https:\/\/news.canadamotorjobs.com\/fr\/wp-json\/wp\/v2\/media?parent=184789"}],"wp:term":[{"taxonomy":"category","embeddable":true,"href":"https:\/\/news.canadamotorjobs.com\/fr\/wp-json\/wp\/v2\/categories?post=184789"},{"taxonomy":"post_tag","embeddable":true,"href":"https:\/\/news.canadamotorjobs.com\/fr\/wp-json\/wp\/v2\/tags?post=184789"}],"curies":[{"name":"wp","href":"https:\/\/api.w.org\/{rel}","templated":true}]}}