{"id":184729,"date":"2024-12-14T02:24:29","date_gmt":"2024-12-14T07:24:29","guid":{"rendered":"https:\/\/news.canadamotorjobs.com\/?p=184729"},"modified":"2024-12-14T02:29:13","modified_gmt":"2024-12-14T07:29:13","slug":"lex-pdg-de-stellantis-accuse-davoir-sacrifie-le-legendaire-moteur-v8-hemi","status":"publish","type":"post","link":"https:\/\/news.canadamotorjobs.com\/fr\/lex-pdg-de-stellantis-accuse-davoir-sacrifie-le-legendaire-moteur-v8-hemi\/","title":{"rendered":"L\u2019Ex-PDG de Stellantis accus\u00e9 d\u2019avoir sacrifi\u00e9 le l\u00e9gendaire moteur V8 Hemi"},"content":{"rendered":"<\/p>\n<p>Carlos Tavares, qui a d\u00e9missionn\u00e9 de son poste de chef de la direction de Stellantis la semaine derni\u00e8re, laisse derri\u00e8re lui une empreinte marqu\u00e9e par des d\u00e9cisions polarisantes. Parmi celles-ci, l\u2019abandon du c\u00e9l\u00e8bre moteur V8 Hemi, malgr\u00e9 une forte opposition interne et externe, reste l\u2019une des plus controvers\u00e9es.<\/p>\n<p><strong>Le V8 Hemi : r\u00e9duit \u00e0 des usages limit\u00e9s<\/strong><\/p>\n<p>Bien que le V8 Hemi reste offert comme moteur \u00ab crate \u00bb et avec certains mod\u00e8les \u00e0 ch\u00e2ssis sur cadre (comme le Jeep Wrangler et le Dodge Durango), il a \u00e9t\u00e9 \u00e9cart\u00e9 de la majorit\u00e9 de la gamme de v\u00e9hicules de Stellantis. La nouvelle Dodge Charger ne peut d\u00e9sormais accueillir que des motorisations Hurricane en ligne (6-cylindres turbo) ou \u00e9lectriques. Une r\u00e9int\u00e9gration du V8 n\u00e9cessiterait une r\u00e9ing\u00e9nierie co\u00fbteuse, ce qui semble improbable pour l\u2019instant.<\/p>\n<p><\/p>\n<figure><img decoding=\"async\" src=\"https:\/\/news.canadamotorjobs.com\/wp-content\/uploads\/2024\/12\/carlos-tavares-x-jeep-5.jpg\" alt=\"Carlos Tavares, plus t\u00f4t en 2024\" \/><figcaption>Carlos Tavares, plus t\u00f4t en 2024 | Auto123.com<\/figcaption><\/figure>\n<p><strong>Une gestion sous le feu des critiques<\/strong><\/p>\n<p>Selon des sources internes, Carlos Tavares \u00e9tait obs\u00e9d\u00e9 par des r\u00e9ductions de co\u00fbts \u00e0 court terme, ce qui aurait entra\u00een\u00e9 une mauvaise gestion de la gamme de produits et des relations avec les fournisseurs, les syndicats et les concessionnaires.<\/p>\n<p>Un employ\u00e9 anonyme a d\u00e9clar\u00e9 ceci : \u00ab Il agissait comme s\u2019il savait tout, mais il n\u2019\u00e9coutait pas les conseils. Il bl\u00e2mait les dirigeants am\u00e9ricains pour les probl\u00e8mes de l\u2019entreprise sans reconna\u00eetre ses propres erreurs. \u00bb<\/p>\n<p><strong>Une transition incertaine pour Stellantis<\/strong><\/p>\n<p>Carlos Tavares, dont le salaire atteignait pr\u00e8s de 40 millions l\u2019an dernier, a \u00e9t\u00e9 remplac\u00e9 temporairement par un comit\u00e9 de dix personnes dirig\u00e9 par John Elkann. Pendant ce temps, Stellantis cherche un successeur capable de redresser la barre.<\/p>\n<p>Tim Kuniskis, connu pour avoir popularis\u00e9 le V8 Hemi et les muscle car Dodge, a pris sa retraite en mai, mais il a \u00e9t\u00e9 rappel\u00e9 pour occuper le poste de chef de la direction de Ram.<\/p>\n<p><\/p>\n<p style=\"padding-top: 15px\">Contenu original de <a href=\"https:\/\/www.auto123.com\/fr\/actualites\/carlos-tavares-depart-stellantis-hemi-v8\/72180\/\">auto123<\/a>.<\/p>\n<p>Le texte <a rel=\"nofollow\" href=\"https:\/\/annuelauto.ca\/lex-pdg-de-stellantis-accuse-davoir-sacrifie-le-legendaire-moteur-v8-hemi\/\">L\u2019Ex-PDG de Stellantis accus\u00e9 d\u2019avoir sacrifi\u00e9 le l\u00e9gendaire moteur V8 Hemi<\/a> provient de <a rel=\"nofollow\" href=\"https:\/\/annuelauto.ca\">L&#8217;annuel de l&#8217;automobile &#8211; Actualit\u00e9 automobile<\/a><\/p>\n<p><\/p>\n","protected":false},"excerpt":{"rendered":"<p>Carlos Tavares, qui a d\u00e9missionn\u00e9 de son poste de chef de la direction de Stellantis la semaine derni\u00e8re, laisse derri\u00e8re lui une empreinte marqu\u00e9e par des d\u00e9cisions polarisantes. Parmi celles-ci, l\u2019abandon du c\u00e9l\u00e8bre moteur V8 Hemi, malgr\u00e9 une forte opposition interne et externe, reste l\u2019une des plus controvers\u00e9es. Le V8 Hemi : r\u00e9duit \u00e0 des [&hellip;]<\/p>\n","protected":false},"author":8,"featured_media":184731,"comment_status":"close","ping_status":"closed","sticky":false,"template":"","format":"standard","meta":{"_monsterinsights_skip_tracking":false,"_monsterinsights_sitenote_active":false,"_monsterinsights_sitenote_note":"","_monsterinsights_sitenote_category":0,"footnotes":""},"categories":[101],"tags":[],"yoast_head":"<!-- This site is optimized with the Yoast SEO plugin v23.2 - https:\/\/yoast.com\/wordpress\/plugins\/seo\/ -->\n<title>L\u2019Ex-PDG de Stellantis accus\u00e9 d\u2019avoir sacrifi\u00e9 le l\u00e9gendaire moteur V8 Hemi - CanadaMotorJobs.com<\/title>\n<meta name=\"description\" content=\"L\u2019Ex-PDG de Stellantis accus\u00e9 d\u2019avoir sacrifi\u00e9 le l\u00e9gendaire moteur V8 Hemi - Benoit Charette - Annuel automobile - CanadaMotorJobs.com.\" \/>\n<meta name=\"robots\" content=\"index, follow, max-snippet:-1, max-image-preview:large, max-video-preview:-1\" \/>\n<meta property=\"og:locale\" content=\"fr_CA\" \/>\n<meta property=\"og:type\" content=\"article\" \/>\n<meta property=\"og:title\" content=\"L\u2019Ex-PDG de Stellantis accus\u00e9 d\u2019avoir sacrifi\u00e9 le l\u00e9gendaire moteur V8 Hemi - CanadaMotorJobs.com\" \/>\n<meta property=\"og:description\" content=\"L\u2019Ex-PDG de Stellantis accus\u00e9 d\u2019avoir sacrifi\u00e9 le l\u00e9gendaire moteur V8 Hemi - Benoit Charette - Annuel automobile - CanadaMotorJobs.com.\" \/>\n<meta property=\"og:url\" content=\"https:\/\/news.canadamotorjobs.com\/fr\/lex-pdg-de-stellantis-accuse-davoir-sacrifie-le-legendaire-moteur-v8-hemi\/\" \/>\n<meta property=\"og:site_name\" content=\"CanadaMotorJobs.com\" \/>\n<meta property=\"article:publisher\" content=\"https:\/\/www.facebook.com\/canadamotorjobs\/\" \/>\n<meta property=\"article:published_time\" content=\"2024-12-14T07:24:29+00:00\" \/>\n<meta property=\"article:modified_time\" content=\"2024-12-14T07:29:13+00:00\" \/>\n<meta property=\"og:image\" content=\"https:\/\/news.canadamotorjobs.com\/wp-content\/uploads\/2024\/12\/carlos-tavares-x-jeep.jpg\" \/>\n\t<meta property=\"og:image:width\" content=\"1200\" \/>\n\t<meta property=\"og:image:height\" content=\"675\" \/>\n\t<meta property=\"og:image:type\" content=\"image\/jpeg\" \/>\n<meta name=\"author\" content=\"Benoit Charette\" \/>\n<meta name=\"twitter:card\" content=\"summary_large_image\" \/>\n<meta name=\"twitter:creator\" content=\"@canadamotorjobs\" \/>\n<meta name=\"twitter:site\" content=\"@canadamotorjobs\" \/>\n<meta name=\"twitter:label1\" content=\"\u00c9crit par\" \/>\n\t<meta name=\"twitter:data1\" content=\"Benoit Charette\" \/>\n\t<meta name=\"twitter:label2\" content=\"Estimation du temps de lecture\" \/>\n\t<meta name=\"twitter:data2\" content=\"2 minutes\" \/>\n<!-- \/ Yoast SEO plugin. -->","yoast_head_json":{"title":"L\u2019Ex-PDG de Stellantis accus\u00e9 d\u2019avoir sacrifi\u00e9 le l\u00e9gendaire moteur V8 Hemi - CanadaMotorJobs.com","description":"L\u2019Ex-PDG de Stellantis accus\u00e9 d\u2019avoir sacrifi\u00e9 le l\u00e9gendaire moteur V8 Hemi - Benoit Charette - Annuel automobile - CanadaMotorJobs.com.","robots":{"index":"index","follow":"follow","max-snippet":"max-snippet:-1","max-image-preview":"max-image-preview:large","max-video-preview":"max-video-preview:-1"},"og_locale":"fr_CA","og_type":"article","og_title":"L\u2019Ex-PDG de Stellantis accus\u00e9 d\u2019avoir sacrifi\u00e9 le l\u00e9gendaire moteur V8 Hemi - CanadaMotorJobs.com","og_description":"L\u2019Ex-PDG de Stellantis accus\u00e9 d\u2019avoir sacrifi\u00e9 le l\u00e9gendaire moteur V8 Hemi - Benoit Charette - Annuel automobile - CanadaMotorJobs.com.","og_url":"https:\/\/news.canadamotorjobs.com\/fr\/lex-pdg-de-stellantis-accuse-davoir-sacrifie-le-legendaire-moteur-v8-hemi\/","og_site_name":"CanadaMotorJobs.com","article_publisher":"https:\/\/www.facebook.com\/canadamotorjobs\/","article_published_time":"2024-12-14T07:24:29+00:00","article_modified_time":"2024-12-14T07:29:13+00:00","og_image":[{"width":1200,"height":675,"url":"https:\/\/news.canadamotorjobs.com\/wp-content\/uploads\/2024\/12\/carlos-tavares-x-jeep.jpg","type":"image\/jpeg"}],"author":"Benoit Charette","twitter_card":"summary_large_image","twitter_creator":"@canadamotorjobs","twitter_site":"@canadamotorjobs","twitter_misc":{"\u00c9crit par":"Benoit Charette","Estimation du temps de lecture":"2 minutes"},"schema":{"@context":"https:\/\/schema.org","@graph":[{"@type":"Article","@id":"https:\/\/news.canadamotorjobs.com\/fr\/lex-pdg-de-stellantis-accuse-davoir-sacrifie-le-legendaire-moteur-v8-hemi\/#article","isPartOf":{"@id":"https:\/\/news.canadamotorjobs.com\/fr\/lex-pdg-de-stellantis-accuse-davoir-sacrifie-le-legendaire-moteur-v8-hemi\/"},"author":{"name":"Benoit Charette","@id":"https:\/\/news.canadamotorjobs.com\/#\/schema\/person\/51793d1f87d44011d7bcc2ed99269a90"},"headline":"L\u2019Ex-PDG de Stellantis accus\u00e9 d\u2019avoir sacrifi\u00e9 le l\u00e9gendaire moteur V8 Hemi","datePublished":"2024-12-14T07:24:29+00:00","dateModified":"2024-12-14T07:29:13+00:00","mainEntityOfPage":{"@id":"https:\/\/news.canadamotorjobs.com\/fr\/lex-pdg-de-stellantis-accuse-davoir-sacrifie-le-legendaire-moteur-v8-hemi\/"},"wordCount":371,"publisher":{"@id":"https:\/\/news.canadamotorjobs.com\/#organization"},"image":{"@id":"https:\/\/news.canadamotorjobs.com\/fr\/lex-pdg-de-stellantis-accuse-davoir-sacrifie-le-legendaire-moteur-v8-hemi\/#primaryimage"},"thumbnailUrl":"https:\/\/news.canadamotorjobs.com\/wp-content\/uploads\/2024\/12\/carlos-tavares-x-jeep.jpg","articleSection":["Annuel automobile"],"inLanguage":"fr-CA"},{"@type":"WebPage","@id":"https:\/\/news.canadamotorjobs.com\/fr\/lex-pdg-de-stellantis-accuse-davoir-sacrifie-le-legendaire-moteur-v8-hemi\/","url":"https:\/\/news.canadamotorjobs.com\/fr\/lex-pdg-de-stellantis-accuse-davoir-sacrifie-le-legendaire-moteur-v8-hemi\/","name":"L\u2019Ex-PDG de Stellantis accus\u00e9 d\u2019avoir sacrifi\u00e9 le l\u00e9gendaire moteur V8 Hemi - CanadaMotorJobs.com","isPartOf":{"@id":"https:\/\/news.canadamotorjobs.com\/#website"},"primaryImageOfPage":{"@id":"https:\/\/news.canadamotorjobs.com\/fr\/lex-pdg-de-stellantis-accuse-davoir-sacrifie-le-legendaire-moteur-v8-hemi\/#primaryimage"},"image":{"@id":"https:\/\/news.canadamotorjobs.com\/fr\/lex-pdg-de-stellantis-accuse-davoir-sacrifie-le-legendaire-moteur-v8-hemi\/#primaryimage"},"thumbnailUrl":"https:\/\/news.canadamotorjobs.com\/wp-content\/uploads\/2024\/12\/carlos-tavares-x-jeep.jpg","datePublished":"2024-12-14T07:24:29+00:00","dateModified":"2024-12-14T07:29:13+00:00","description":"L\u2019Ex-PDG de Stellantis accus\u00e9 d\u2019avoir sacrifi\u00e9 le l\u00e9gendaire moteur V8 Hemi - Benoit Charette - Annuel automobile - CanadaMotorJobs.com.","breadcrumb":{"@id":"https:\/\/news.canadamotorjobs.com\/fr\/lex-pdg-de-stellantis-accuse-davoir-sacrifie-le-legendaire-moteur-v8-hemi\/#breadcrumb"},"inLanguage":"fr-CA","potentialAction":[{"@type":"ReadAction","target":["https:\/\/news.canadamotorjobs.com\/fr\/lex-pdg-de-stellantis-accuse-davoir-sacrifie-le-legendaire-moteur-v8-hemi\/"]}]},{"@type":"ImageObject","inLanguage":"fr-CA","@id":"https:\/\/news.canadamotorjobs.com\/fr\/lex-pdg-de-stellantis-accuse-davoir-sacrifie-le-legendaire-moteur-v8-hemi\/#primaryimage","url":"https:\/\/news.canadamotorjobs.com\/wp-content\/uploads\/2024\/12\/carlos-tavares-x-jeep.jpg","contentUrl":"https:\/\/news.canadamotorjobs.com\/wp-content\/uploads\/2024\/12\/carlos-tavares-x-jeep.jpg","width":1200,"height":675},{"@type":"BreadcrumbList","@id":"https:\/\/news.canadamotorjobs.com\/fr\/lex-pdg-de-stellantis-accuse-davoir-sacrifie-le-legendaire-moteur-v8-hemi\/#breadcrumb","itemListElement":[{"@type":"ListItem","position":1,"name":"Home","item":"https:\/\/news.canadamotorjobs.com\/fr\/blog\/"},{"@type":"ListItem","position":2,"name":"L\u2019Ex-PDG de Stellantis accus\u00e9 d\u2019avoir sacrifi\u00e9 le l\u00e9gendaire moteur V8 Hemi"}]},{"@type":"WebSite","@id":"https:\/\/news.canadamotorjobs.com\/#website","url":"https:\/\/news.canadamotorjobs.com\/","name":"CanadaMotorJobs.com","description":"Automotive Jobs","publisher":{"@id":"https:\/\/news.canadamotorjobs.com\/#organization"},"potentialAction":[{"@type":"SearchAction","target":{"@type":"EntryPoint","urlTemplate":"https:\/\/news.canadamotorjobs.com\/?s={search_term_string}"},"query-input":"required name=search_term_string"}],"inLanguage":"fr-CA"},{"@type":"Organization","@id":"https:\/\/news.canadamotorjobs.com\/#organization","name":"Canada Motor Jobs","url":"https:\/\/news.canadamotorjobs.com\/","logo":{"@type":"ImageObject","inLanguage":"fr-CA","@id":"https:\/\/news.canadamotorjobs.com\/#\/schema\/logo\/image\/","url":"https:\/\/news.canadamotorjobs.com\/wp-content\/uploads\/2022\/10\/logo-canada-motor-jobs-1.png","contentUrl":"https:\/\/news.canadamotorjobs.com\/wp-content\/uploads\/2022\/10\/logo-canada-motor-jobs-1.png","width":800,"height":400,"caption":"Canada Motor Jobs"},"image":{"@id":"https:\/\/news.canadamotorjobs.com\/#\/schema\/logo\/image\/"},"sameAs":["https:\/\/www.facebook.com\/canadamotorjobs\/","https:\/\/x.com\/canadamotorjobs","https:\/\/www.instagram.com\/canadamotorjobs\/","https:\/\/www.linkedin.com\/company\/canadamotorjobs"]},{"@type":"Person","@id":"https:\/\/news.canadamotorjobs.com\/#\/schema\/person\/51793d1f87d44011d7bcc2ed99269a90","name":"Benoit Charette","image":{"@type":"ImageObject","inLanguage":"fr-CA","@id":"https:\/\/news.canadamotorjobs.com\/#\/schema\/person\/image\/","url":"https:\/\/secure.gravatar.com\/avatar\/45f3d2eebcccd909668d7ce7ea7267b6?s=96&d=mm&r=g","contentUrl":"https:\/\/secure.gravatar.com\/avatar\/45f3d2eebcccd909668d7ce7ea7267b6?s=96&d=mm&r=g","caption":"Benoit Charette"},"description":"Benoit Charette \/ Propri\u00e9taire et r\u00e9dacteur en chef Benoit Charette pratique le journalisme automobile depuis bient\u00f4t 30 ans. Il a fait ses classes au c\u00f4t\u00e9 de Daniel H\u00e9raud et au Carnet de route de 1992 \u00e0 2001. Il est fondateur, copropri\u00e9taire et r\u00e9dacteur en chef de L\u2019Annuel de l\u2019automobile, qu\u2019il publie depuis 2001. Il a anim\u00e9 les \u00e9missions RPM et RPM+ sur V et les L\u00e9gendes de la route sur Historia. \u00c0 la radio depuis 1986, il reprend l\u2019antenne cette ann\u00e9e sur les ondes de Cogeco et participe pour la deuxi\u00e8me ann\u00e9e \u00e0 l\u2019\u00e9mission Passion Auto sur RDS en plus de mettre en ligne le site Web officiel de L\u2019Annuel de l\u2019automobile sur annuelauto.ca.","sameAs":["https:\/\/annuelauto.ca\/"],"url":"https:\/\/news.canadamotorjobs.com\/fr\/author\/benoit-charette\/"}]}},"_links":{"self":[{"href":"https:\/\/news.canadamotorjobs.com\/fr\/wp-json\/wp\/v2\/posts\/184729"}],"collection":[{"href":"https:\/\/news.canadamotorjobs.com\/fr\/wp-json\/wp\/v2\/posts"}],"about":[{"href":"https:\/\/news.canadamotorjobs.com\/fr\/wp-json\/wp\/v2\/types\/post"}],"author":[{"embeddable":true,"href":"https:\/\/news.canadamotorjobs.com\/fr\/wp-json\/wp\/v2\/users\/8"}],"replies":[{"embeddable":true,"href":"https:\/\/news.canadamotorjobs.com\/fr\/wp-json\/wp\/v2\/comments?post=184729"}],"version-history":[{"count":3,"href":"https:\/\/news.canadamotorjobs.com\/fr\/wp-json\/wp\/v2\/posts\/184729\/revisions"}],"predecessor-version":[{"id":184756,"href":"https:\/\/news.canadamotorjobs.com\/fr\/wp-json\/wp\/v2\/posts\/184729\/revisions\/184756"}],"wp:featuredmedia":[{"embeddable":true,"href":"https:\/\/news.canadamotorjobs.com\/fr\/wp-json\/wp\/v2\/media\/184731"}],"wp:attachment":[{"href":"https:\/\/news.canadamotorjobs.com\/fr\/wp-json\/wp\/v2\/media?parent=184729"}],"wp:term":[{"taxonomy":"category","embeddable":true,"href":"https:\/\/news.canadamotorjobs.com\/fr\/wp-json\/wp\/v2\/categories?post=184729"},{"taxonomy":"post_tag","embeddable":true,"href":"https:\/\/news.canadamotorjobs.com\/fr\/wp-json\/wp\/v2\/tags?post=184729"}],"curies":[{"name":"wp","href":"https:\/\/api.w.org\/{rel}","templated":true}]}}