{"id":184641,"date":"2024-12-12T21:40:26","date_gmt":"2024-12-13T02:40:26","guid":{"rendered":"https:\/\/news.canadamotorjobs.com\/?p=184641"},"modified":"2024-12-12T22:29:16","modified_gmt":"2024-12-13T03:29:16","slug":"honda-et-les-hybrides-un-quart-de-siecle-dhistoire","status":"publish","type":"post","link":"https:\/\/news.canadamotorjobs.com\/fr\/honda-et-les-hybrides-un-quart-de-siecle-dhistoire\/","title":{"rendered":"Honda et les hybrides, un quart de si\u00e8cle d\u2019histoire"},"content":{"rendered":"<\/p>\n<p>Lorsqu\u2019il est question de v\u00e9hicules hybrides, presque invariablement on pense \u00e0 <a href=\"https:\/\/annuelauto.ca\/toyota-a-produit-11-millions-de-vehicules-au-canada-et-ca-continue\/\" target=\"_blank\" rel=\"noopener noreferrer\">Toyota<\/a>. Et pourtant, le premier constructeur nippon en importance n\u2019a pas \u00e9t\u00e9 seul \u00e0 tenter l\u2019aventure de l\u2019\u00e9lectrification \u00e0 la fin du 20e si\u00e8cle. <a href=\"https:\/\/annuelauto.ca\/honda-prologue-2024-10-choses-a-savoir-sur-la-nouvelle-vedette-de-honda\/\" target=\"_blank\" rel=\"noopener noreferrer\">Honda<\/a> aussi \u00e9tait de la partie et, m\u00eame si ses efforts sont longtemps rest\u00e9s vains, en Am\u00e9rique du Nord du moins, ce constructeur c\u00e9l\u00e8bre cette ann\u00e9e un quart de si\u00e8cle de commercialisation de v\u00e9hicules \u00e0 motorisation hybride.<\/p>\n<p>D\u2019ailleurs, dans un communiqu\u00e9 publi\u00e9 aujourd\u2019hui, Honda Canada affirme fi\u00e8rement qu\u2019actuellement au pays des <a href=\"https:\/\/annuelauto.ca\/honda-civic-deux-variantes-hybrides-de-200-ch-pour-2025\/\" target=\"_blank\" rel=\"noopener noreferrer\">Civic<\/a>, des Accord et des CR-V munis d\u2019une motorisation hybride non branchable dans le ton du march\u00e9 r\u00e9pondent \u00e0 plus de 30 % de la demande de ses acheteurs. Chez nos voisins \u00e9tatsuniens, cette proportion d\u00e9passe tout juste 25 %.<\/p>\n<p>Car il faut pr\u00e9ciser que depuis le retrait de la berline Clarity PHEV de notre march\u00e9, en 2021, Honda n\u2019a offert aucun nouveau mod\u00e8le \u00e0 motorisation hybride branchable, contrairement \u00e0 ce qui se passe en Europe. L\u00e0-bas, en marge des cinq mod\u00e8les hybrides non branchables, depuis 2023 Honda offre le CR-V e:PHEV, un hybride branchable aussi attrayant qu\u2019un RAV4 Prime. C\u2019est sans oublier l\u2019utilitaire compact \u00e9lectrique e:Ny1, qui a \u00e9t\u00e9 lanc\u00e9 aussi en 2023, de m\u00eame que la citadine \u00e9lectrique Honda e, qui est en vente depuis 2020. Disons que, de ce c\u00f4t\u00e9 de l\u2019Atlantique, le catalogue des mod\u00e8les Honda \u00e9lectrifi\u00e9s est un peu plus \u00e9toff\u00e9\u2026<\/p>\n<p>Dans le communiqu\u00e9 de Honda Canada, Emile Korkor, le vice-pr\u00e9sident adjoint, rappelle n\u00e9anmoins que les v\u00e9hicules hybrides font partie de l\u2019histoire de la marque au Canada depuis d\u00e9j\u00e0 25\u00a0ans. \u00ab\u00a0Cette histoire a commenc\u00e9 avec l&#8217;<a href=\"https:\/\/annuelauto.ca\/technical-sheet\/honda-insight-2004\/\" target=\"_blank\" rel=\"noopener noreferrer\">Insight<\/a>. Et notre parcours vers l&#8217;\u00e9lectrification se poursuit avec nos mod\u00e8les hybrides principaux : la Civic, le CR-V et l\u2019Accord, dit-il. De plus en plus populaires, nos mod\u00e8les hybrides sont un composant essentiel de notre strat\u00e9gie d&#8217;\u00e9lectrification \u00e0 long terme qui vise l&#8217;objectif global de la carboneutralit\u00e9 de tous nos produits et activit\u00e9s d&#8217;entreprise d&#8217;ici 2050\u00a0\u00bb, ajoute M.\u00a0Korkor.<\/p>\n<h3><strong>L\u2019Insight, une pionni\u00e8re dans le mauvais cr\u00e9neau<\/strong><\/h3>\n<p>\nLe trio hybride actuel de Honda suit donc le chemin trac\u00e9 par une petite biplace \u00e0 l\u2019allure inusit\u00e9e baptis\u00e9e Insight. Grande attraction du 32e\u00a0Salon international de l\u2019auto de Montr\u00e9al, qui \u00e9tait pr\u00e9sent\u00e9 \u00e0 la Place Bonaventure du 16\u00a0au 23\u00a0janvier\u00a02000, elle avait \u00e9t\u00e9 con\u00e7ue avant tout pour optimiser sa consommation de carburant.<\/p>\n<p>L\u2019\u00e9l\u00e9gant petit coup\u00e9 \u00e0 hayon avait une carrosserie en aluminium l\u00e9g\u00e8re contribuant \u00e0 limiter sa masse \u00e0 tout juste 842\u00a0kg. De plus, les formes fluides de sa carrosserie avaient \u00e9t\u00e9 dessin\u00e9es pour minimiser la r\u00e9sistance au vent et donner un coefficient de tra\u00een\u00e9e tr\u00e8s bas, qui \u00e9tait m\u00eame inf\u00e9rieur \u00e0 celui de la premi\u00e8re Prius (0,25 contre 0,29).<\/p>\n<p>Elle \u00e9tait anim\u00e9e par un moteur \u00e0 essence \u00e0 3\u00a0cylindres de 1,0\u00a0litre tr\u00e8s l\u00e9ger jumel\u00e9 \u00e0 un petit moteur \u00e9lectrique aliment\u00e9 par une batterie au nickel \u00adm\u00e9tal-hydrure (Ni\u00adMH) pesant \u00e0 peine 20\u00a0kg et log\u00e9e sous le plancher de coffre. Ce duo entra\u00eenait les roues avant par le biais d\u2019une bo\u00eete de vitesses manuelle \u00e0 cinq rapports et brillait par sa cote de consommation combin\u00e9e (ville\/route) de 4,5\u00a0L\/100 km, d\u2019apr\u00e8s Ressources naturelles Canada.<\/p>\n<p>Malheureusement, en choisissant de faire de l\u2019Insight une citadine biplace de petite taille, Honda r\u00e9duisait son potentiel de popularit\u00e9, comparativement \u00e0 la Toyota Prius originale qui avec sa carrosserie de berline familiale \u00e0 cinq places s\u2019av\u00e9rait plus spacieuse et polyvalente.<\/p>\n<p>Les ventes des deux mod\u00e8les ont rapidement illustr\u00e9 cette r\u00e9alit\u00e9. D\u2019apr\u00e8s l\u2019hebdomadaire de D\u00e9troit Automotive News, aux \u00c9tats-Unis, en 2000, 3\u00a0788\u00a0Insight ont trouv\u00e9 preneurs comparativement \u00e0 5\u00a0562\u00a0Prius. Mais, si l\u2019ann\u00e9e suivante a \u00e9t\u00e9 meilleure pour Honda, qui a r\u00e9alis\u00e9 4\u00a0726 ventes, elle l\u2019a \u00e9t\u00e9 nettement plus pour la Toyota avec rien de moins que 15\u00a0556\u00a0ventes\u00a0!<\/p>\n<p>Par la suite, l\u2019\u00e9cart de popularit\u00e9 entre ces deux mod\u00e8les n\u2019a cess\u00e9 de se creuser. En 2006, derni\u00e8re ann\u00e9e de commercialisation de la petite Insight sur notre continent, tout juste 722 \u00c9tatsuniens s\u2019en sont procur\u00e9 une, pendant que Toyota vendait 106\u00a0971\u00a0Prius.<\/p>\n<h3><strong>Un quart de si\u00e8cle d\u2019efforts mitig\u00e9s<\/strong><\/h3>\n<p>\nDans un communiqu\u00e9 publi\u00e9 aujourd\u2019hui par American Honda Motor Co., la filiale \u00e9tatsunienne, on apprend qu\u2019en incluant l\u2019Insight originale, une quinzaine de mod\u00e8les Honda \u00e9lectrifi\u00e9s (tous des hybrides non branchables \u00e0 l\u2019exception de la Clarity PHEV) ont \u00e9t\u00e9 vendus en Am\u00e9rique du Nord\u00a0:<\/p>\n<ul><\/p>\n<li>Insight (2000 \u00e0 2006)<\/li>\n<p><\/p>\n<li>Civic hybride (2003 \u00e0 2005)<\/li>\n<p><\/p>\n<li>Accord hybride (2005 \u00e0 2007)<\/li>\n<p><\/p>\n<li>Civic hybride (2006 \u00e0 2010)<\/li>\n<p><\/p>\n<li>Insight (2010 \u00e0 2014)<\/li>\n<p><\/p>\n<li>CR-Z (2011 \u00e0 2016)<\/li>\n<p><\/p>\n<li>Civic hybride (2012 \u00e0 2015)<\/li>\n<p><\/p>\n<li>Accord hybride (2014 \u00e0 2017)<\/li>\n<p><\/p>\n<li>Accord hybride (2018 \u00e0 2022)<\/li>\n<p><\/p>\n<li>Clarity PHEV hybride branchable (2017 \u00e0 2021)<\/li>\n<p><\/p>\n<li><a href=\"https:\/\/annuelauto.ca\/fin-de-parcours-pour-la-honda-insight\/\" target=\"_blank\" rel=\"noopener noreferrer\">Insight (2019 \u00e0 2022)<\/a><\/li>\n<p><\/p>\n<li>CR-V hybride (2020-2022)<\/li>\n<p><\/p>\n<li>CR-V hybride (2023-)<\/li>\n<p><\/p>\n<li>Accord hybride (2023-)<\/li>\n<p><\/p>\n<li>Civic hybride (2025-)<\/li>\n<p>\n<\/ul>\n<p>\nIl est n\u00e9cessaire de pr\u00e9ciser, toutefois, que certains de ces mod\u00e8les n\u2019ont jamais franchi le 49e parall\u00e8le, notamment les CR-V hybrides mill\u00e9sim\u00e9s 2020 \u00e0 2022. De plus, les deux mod\u00e8les plus r\u00e9cents qui ont repris le nom Insight n\u2019ont jamais r\u00e9ussi \u00e0 s\u2019imposer et \u00e0 juste titre, puisqu\u2019elles \u00e9taient tar\u00e9es par des designs sans int\u00e9r\u00eat et des performances quelconques. Quant \u00e0 la <a href=\"https:\/\/annuelauto.ca\/honda-met-fin-a-la-production-de-la-clarity\/\" target=\"_blank\" rel=\"noopener noreferrer\">Clarity\u00a0PHEV<\/a>, sa robe aux formes maladroites recelait une motorisation mixte attrayante offrant une autonomie \u00e9lectrique all\u00e9chante. Malheureusement, tout au long de sa commercialisation, le constructeur s\u2019est obstin\u00e9 \u00e0 livrer ce mod\u00e8le au compte-gouttes, d\u00e9courageant du m\u00eame coup les consommateurs int\u00e9ress\u00e9s.<\/p>\n<p>En fait, parmi cet assortiment de v\u00e9hicules \u00e9lectrifi\u00e9s, outre les trois mod\u00e8les hybrides actuels qu\u2019offre Honda et l\u2019Insight originale, seule la petite CR-Z m\u00e9rite qu\u2019on lui accorde une place au panth\u00e9on des cr\u00e9ations marquantes de Honda. Vendue de 2011 \u00e0 2016, cette jolie r\u00e9incarnation de la premi\u00e8re voiture \u00e9lectrifi\u00e9e de Honda avait tellement de <em>oumph<\/em>\u00a0!<\/p>\n<p><em>Photos : Honda<\/em><\/p>\n<p>Le texte <a rel=\"nofollow\" href=\"https:\/\/annuelauto.ca\/honda-et-les-hybrides-un-quart-de-siecle-dhistoire\/\">Honda et les hybrides, un quart de si\u00e8cle d\u2019histoire<\/a> provient de <a rel=\"nofollow\" href=\"https:\/\/annuelauto.ca\">L&#8217;annuel de l&#8217;automobile &#8211; Actualit\u00e9 automobile<\/a><\/p>\n<p><\/p>\n","protected":false},"excerpt":{"rendered":"<p>Lorsqu\u2019il est question de v\u00e9hicules hybrides, presque invariablement on pense \u00e0 Toyota. Et pourtant, le premier constructeur nippon en importance n\u2019a pas \u00e9t\u00e9 seul \u00e0 tenter l\u2019aventure de l\u2019\u00e9lectrification \u00e0 la fin du 20e si\u00e8cle. Honda aussi \u00e9tait de la partie et, m\u00eame si ses efforts sont longtemps rest\u00e9s vains, en Am\u00e9rique du Nord du [&hellip;]<\/p>\n","protected":false},"author":8,"featured_media":184643,"comment_status":"close","ping_status":"closed","sticky":false,"template":"","format":"standard","meta":{"_monsterinsights_skip_tracking":false,"_monsterinsights_sitenote_active":false,"_monsterinsights_sitenote_note":"","_monsterinsights_sitenote_category":0,"footnotes":""},"categories":[101],"tags":[],"yoast_head":"<!-- This site is optimized with the Yoast SEO plugin v23.2 - https:\/\/yoast.com\/wordpress\/plugins\/seo\/ -->\n<title>Honda et les hybrides, un quart de si\u00e8cle d\u2019histoire - CanadaMotorJobs.com<\/title>\n<meta name=\"description\" content=\"Honda et les hybrides, un quart de si\u00e8cle d\u2019histoire - Benoit Charette - Annuel automobile - CanadaMotorJobs.com.\" \/>\n<meta name=\"robots\" content=\"index, follow, max-snippet:-1, max-image-preview:large, max-video-preview:-1\" \/>\n<meta property=\"og:locale\" content=\"fr_CA\" \/>\n<meta property=\"og:type\" content=\"article\" \/>\n<meta property=\"og:title\" content=\"Honda et les hybrides, un quart de si\u00e8cle d\u2019histoire - CanadaMotorJobs.com\" \/>\n<meta property=\"og:description\" content=\"Honda et les hybrides, un quart de si\u00e8cle d\u2019histoire - Benoit Charette - Annuel automobile - CanadaMotorJobs.com.\" \/>\n<meta property=\"og:url\" content=\"https:\/\/news.canadamotorjobs.com\/fr\/honda-et-les-hybrides-un-quart-de-siecle-dhistoire\/\" \/>\n<meta property=\"og:site_name\" content=\"CanadaMotorJobs.com\" \/>\n<meta property=\"article:publisher\" content=\"https:\/\/www.facebook.com\/canadamotorjobs\/\" \/>\n<meta property=\"article:published_time\" content=\"2024-12-13T02:40:26+00:00\" \/>\n<meta property=\"article:modified_time\" content=\"2024-12-13T03:29:16+00:00\" \/>\n<meta property=\"og:image\" content=\"https:\/\/news.canadamotorjobs.com\/wp-content\/uploads\/2024\/12\/Honda-Insight-2000-1.jpg\" \/>\n\t<meta property=\"og:image:width\" content=\"1024\" \/>\n\t<meta property=\"og:image:height\" content=\"683\" \/>\n\t<meta property=\"og:image:type\" content=\"image\/jpeg\" \/>\n<meta name=\"author\" content=\"Benoit Charette\" \/>\n<meta name=\"twitter:card\" content=\"summary_large_image\" \/>\n<meta name=\"twitter:creator\" content=\"@canadamotorjobs\" \/>\n<meta name=\"twitter:site\" content=\"@canadamotorjobs\" \/>\n<meta name=\"twitter:label1\" content=\"\u00c9crit par\" \/>\n\t<meta name=\"twitter:data1\" content=\"Benoit Charette\" \/>\n\t<meta name=\"twitter:label2\" content=\"Estimation du temps de lecture\" \/>\n\t<meta name=\"twitter:data2\" content=\"5 minutes\" \/>\n<!-- \/ Yoast SEO plugin. -->","yoast_head_json":{"title":"Honda et les hybrides, un quart de si\u00e8cle d\u2019histoire - CanadaMotorJobs.com","description":"Honda et les hybrides, un quart de si\u00e8cle d\u2019histoire - Benoit Charette - Annuel automobile - CanadaMotorJobs.com.","robots":{"index":"index","follow":"follow","max-snippet":"max-snippet:-1","max-image-preview":"max-image-preview:large","max-video-preview":"max-video-preview:-1"},"og_locale":"fr_CA","og_type":"article","og_title":"Honda et les hybrides, un quart de si\u00e8cle d\u2019histoire - CanadaMotorJobs.com","og_description":"Honda et les hybrides, un quart de si\u00e8cle d\u2019histoire - Benoit Charette - Annuel automobile - CanadaMotorJobs.com.","og_url":"https:\/\/news.canadamotorjobs.com\/fr\/honda-et-les-hybrides-un-quart-de-siecle-dhistoire\/","og_site_name":"CanadaMotorJobs.com","article_publisher":"https:\/\/www.facebook.com\/canadamotorjobs\/","article_published_time":"2024-12-13T02:40:26+00:00","article_modified_time":"2024-12-13T03:29:16+00:00","og_image":[{"width":1024,"height":683,"url":"https:\/\/news.canadamotorjobs.com\/wp-content\/uploads\/2024\/12\/Honda-Insight-2000-1.jpg","type":"image\/jpeg"}],"author":"Benoit Charette","twitter_card":"summary_large_image","twitter_creator":"@canadamotorjobs","twitter_site":"@canadamotorjobs","twitter_misc":{"\u00c9crit par":"Benoit Charette","Estimation du temps de lecture":"5 minutes"},"schema":{"@context":"https:\/\/schema.org","@graph":[{"@type":"Article","@id":"https:\/\/news.canadamotorjobs.com\/fr\/honda-et-les-hybrides-un-quart-de-siecle-dhistoire\/#article","isPartOf":{"@id":"https:\/\/news.canadamotorjobs.com\/fr\/honda-et-les-hybrides-un-quart-de-siecle-dhistoire\/"},"author":{"name":"Benoit Charette","@id":"https:\/\/news.canadamotorjobs.com\/#\/schema\/person\/51793d1f87d44011d7bcc2ed99269a90"},"headline":"Honda et les hybrides, un quart de si\u00e8cle d\u2019histoire","datePublished":"2024-12-13T02:40:26+00:00","dateModified":"2024-12-13T03:29:16+00:00","mainEntityOfPage":{"@id":"https:\/\/news.canadamotorjobs.com\/fr\/honda-et-les-hybrides-un-quart-de-siecle-dhistoire\/"},"wordCount":1028,"publisher":{"@id":"https:\/\/news.canadamotorjobs.com\/#organization"},"image":{"@id":"https:\/\/news.canadamotorjobs.com\/fr\/honda-et-les-hybrides-un-quart-de-siecle-dhistoire\/#primaryimage"},"thumbnailUrl":"https:\/\/news.canadamotorjobs.com\/wp-content\/uploads\/2024\/12\/Honda-Insight-2000-1.jpg","articleSection":["Annuel automobile"],"inLanguage":"fr-CA"},{"@type":"WebPage","@id":"https:\/\/news.canadamotorjobs.com\/fr\/honda-et-les-hybrides-un-quart-de-siecle-dhistoire\/","url":"https:\/\/news.canadamotorjobs.com\/fr\/honda-et-les-hybrides-un-quart-de-siecle-dhistoire\/","name":"Honda et les hybrides, un quart de si\u00e8cle d\u2019histoire - CanadaMotorJobs.com","isPartOf":{"@id":"https:\/\/news.canadamotorjobs.com\/#website"},"primaryImageOfPage":{"@id":"https:\/\/news.canadamotorjobs.com\/fr\/honda-et-les-hybrides-un-quart-de-siecle-dhistoire\/#primaryimage"},"image":{"@id":"https:\/\/news.canadamotorjobs.com\/fr\/honda-et-les-hybrides-un-quart-de-siecle-dhistoire\/#primaryimage"},"thumbnailUrl":"https:\/\/news.canadamotorjobs.com\/wp-content\/uploads\/2024\/12\/Honda-Insight-2000-1.jpg","datePublished":"2024-12-13T02:40:26+00:00","dateModified":"2024-12-13T03:29:16+00:00","description":"Honda et les hybrides, un quart de si\u00e8cle d\u2019histoire - Benoit Charette - Annuel automobile - CanadaMotorJobs.com.","breadcrumb":{"@id":"https:\/\/news.canadamotorjobs.com\/fr\/honda-et-les-hybrides-un-quart-de-siecle-dhistoire\/#breadcrumb"},"inLanguage":"fr-CA","potentialAction":[{"@type":"ReadAction","target":["https:\/\/news.canadamotorjobs.com\/fr\/honda-et-les-hybrides-un-quart-de-siecle-dhistoire\/"]}]},{"@type":"ImageObject","inLanguage":"fr-CA","@id":"https:\/\/news.canadamotorjobs.com\/fr\/honda-et-les-hybrides-un-quart-de-siecle-dhistoire\/#primaryimage","url":"https:\/\/news.canadamotorjobs.com\/wp-content\/uploads\/2024\/12\/Honda-Insight-2000-1.jpg","contentUrl":"https:\/\/news.canadamotorjobs.com\/wp-content\/uploads\/2024\/12\/Honda-Insight-2000-1.jpg","width":1024,"height":683},{"@type":"BreadcrumbList","@id":"https:\/\/news.canadamotorjobs.com\/fr\/honda-et-les-hybrides-un-quart-de-siecle-dhistoire\/#breadcrumb","itemListElement":[{"@type":"ListItem","position":1,"name":"Home","item":"https:\/\/news.canadamotorjobs.com\/fr\/blog\/"},{"@type":"ListItem","position":2,"name":"Honda et les hybrides, un quart de si\u00e8cle d\u2019histoire"}]},{"@type":"WebSite","@id":"https:\/\/news.canadamotorjobs.com\/#website","url":"https:\/\/news.canadamotorjobs.com\/","name":"CanadaMotorJobs.com","description":"Automotive Jobs","publisher":{"@id":"https:\/\/news.canadamotorjobs.com\/#organization"},"potentialAction":[{"@type":"SearchAction","target":{"@type":"EntryPoint","urlTemplate":"https:\/\/news.canadamotorjobs.com\/?s={search_term_string}"},"query-input":"required name=search_term_string"}],"inLanguage":"fr-CA"},{"@type":"Organization","@id":"https:\/\/news.canadamotorjobs.com\/#organization","name":"Canada Motor Jobs","url":"https:\/\/news.canadamotorjobs.com\/","logo":{"@type":"ImageObject","inLanguage":"fr-CA","@id":"https:\/\/news.canadamotorjobs.com\/#\/schema\/logo\/image\/","url":"https:\/\/news.canadamotorjobs.com\/wp-content\/uploads\/2022\/10\/logo-canada-motor-jobs-1.png","contentUrl":"https:\/\/news.canadamotorjobs.com\/wp-content\/uploads\/2022\/10\/logo-canada-motor-jobs-1.png","width":800,"height":400,"caption":"Canada Motor Jobs"},"image":{"@id":"https:\/\/news.canadamotorjobs.com\/#\/schema\/logo\/image\/"},"sameAs":["https:\/\/www.facebook.com\/canadamotorjobs\/","https:\/\/x.com\/canadamotorjobs","https:\/\/www.instagram.com\/canadamotorjobs\/","https:\/\/www.linkedin.com\/company\/canadamotorjobs"]},{"@type":"Person","@id":"https:\/\/news.canadamotorjobs.com\/#\/schema\/person\/51793d1f87d44011d7bcc2ed99269a90","name":"Benoit Charette","image":{"@type":"ImageObject","inLanguage":"fr-CA","@id":"https:\/\/news.canadamotorjobs.com\/#\/schema\/person\/image\/","url":"https:\/\/secure.gravatar.com\/avatar\/45f3d2eebcccd909668d7ce7ea7267b6?s=96&d=mm&r=g","contentUrl":"https:\/\/secure.gravatar.com\/avatar\/45f3d2eebcccd909668d7ce7ea7267b6?s=96&d=mm&r=g","caption":"Benoit Charette"},"description":"Benoit Charette \/ Propri\u00e9taire et r\u00e9dacteur en chef Benoit Charette pratique le journalisme automobile depuis bient\u00f4t 30 ans. Il a fait ses classes au c\u00f4t\u00e9 de Daniel H\u00e9raud et au Carnet de route de 1992 \u00e0 2001. Il est fondateur, copropri\u00e9taire et r\u00e9dacteur en chef de L\u2019Annuel de l\u2019automobile, qu\u2019il publie depuis 2001. Il a anim\u00e9 les \u00e9missions RPM et RPM+ sur V et les L\u00e9gendes de la route sur Historia. \u00c0 la radio depuis 1986, il reprend l\u2019antenne cette ann\u00e9e sur les ondes de Cogeco et participe pour la deuxi\u00e8me ann\u00e9e \u00e0 l\u2019\u00e9mission Passion Auto sur RDS en plus de mettre en ligne le site Web officiel de L\u2019Annuel de l\u2019automobile sur annuelauto.ca.","sameAs":["https:\/\/annuelauto.ca\/"],"url":"https:\/\/news.canadamotorjobs.com\/fr\/author\/benoit-charette\/"}]}},"_links":{"self":[{"href":"https:\/\/news.canadamotorjobs.com\/fr\/wp-json\/wp\/v2\/posts\/184641"}],"collection":[{"href":"https:\/\/news.canadamotorjobs.com\/fr\/wp-json\/wp\/v2\/posts"}],"about":[{"href":"https:\/\/news.canadamotorjobs.com\/fr\/wp-json\/wp\/v2\/types\/post"}],"author":[{"embeddable":true,"href":"https:\/\/news.canadamotorjobs.com\/fr\/wp-json\/wp\/v2\/users\/8"}],"replies":[{"embeddable":true,"href":"https:\/\/news.canadamotorjobs.com\/fr\/wp-json\/wp\/v2\/comments?post=184641"}],"version-history":[{"count":2,"href":"https:\/\/news.canadamotorjobs.com\/fr\/wp-json\/wp\/v2\/posts\/184641\/revisions"}],"predecessor-version":[{"id":184645,"href":"https:\/\/news.canadamotorjobs.com\/fr\/wp-json\/wp\/v2\/posts\/184641\/revisions\/184645"}],"wp:featuredmedia":[{"embeddable":true,"href":"https:\/\/news.canadamotorjobs.com\/fr\/wp-json\/wp\/v2\/media\/184643"}],"wp:attachment":[{"href":"https:\/\/news.canadamotorjobs.com\/fr\/wp-json\/wp\/v2\/media?parent=184641"}],"wp:term":[{"taxonomy":"category","embeddable":true,"href":"https:\/\/news.canadamotorjobs.com\/fr\/wp-json\/wp\/v2\/categories?post=184641"},{"taxonomy":"post_tag","embeddable":true,"href":"https:\/\/news.canadamotorjobs.com\/fr\/wp-json\/wp\/v2\/tags?post=184641"}],"curies":[{"name":"wp","href":"https:\/\/api.w.org\/{rel}","templated":true}]}}