{"id":184609,"date":"2024-12-12T14:24:37","date_gmt":"2024-12-12T19:24:37","guid":{"rendered":"https:\/\/news.canadamotorjobs.com\/?p=184609"},"modified":"2024-12-12T14:29:47","modified_gmt":"2024-12-12T19:29:47","slug":"les-americains-veulent-des-modeles-a-essence-moins-chers-selon-mazda","status":"publish","type":"post","link":"https:\/\/news.canadamotorjobs.com\/fr\/les-americains-veulent-des-modeles-a-essence-moins-chers-selon-mazda\/","title":{"rendered":"Les Am\u00e9ricains veulent des mod\u00e8les \u00e0 essence moins chers, selon Mazda"},"content":{"rendered":"<\/p>\n<p>On ne vous apprend rien en vous disant que Mazda n\u2019a pas \u00e9t\u00e9 la compagnie la plus active en mati\u00e8re d\u2019\u00e9lectrification. Le constructeur a certes des plans, mais il a \u00e9t\u00e9 tr\u00e8s prudent jusqu\u2019\u00e0 maintenant.<\/p>\n<p>Avec la situation actuelle, o\u00f9 l\u2019on voit une recrudescence de l\u2019int\u00e9r\u00eat envers les mod\u00e8les hybrides, Mazda se trouve dans une position plus int\u00e9ressante qu\u2019elle ne l\u2019\u00e9tait il y a 12 ou 24 mois.<\/p>\n<p>Pourquoi ? Parce que les consommateurs am\u00e9ricains veulent surtout des v\u00e9hicules \u00e0 essence. Masahiro Moro, le chef de la direction de Mazda, a d\u00e9clar\u00e9 \u00e0 Automotive News que le moteur \u00e0 combustion avait un avenir prolong\u00e9 en Am\u00e9rique. M\u00eame \u00e0 la fin de la d\u00e9cennie, les voitures \u00e0 essence traditionnelles et les mod\u00e8les hybrides repr\u00e9senteront environ deux tiers des ventes annuelles, selon l\u2019entreprise. Le tiers restant sera l\u2019affaire de solutions hybrides rechargeables et de v\u00e9hicules tout \u00e9lectriques.<\/p>\n<p>En d\u2019autres termes, la plupart des v\u00e9hicules seront encore \u00e9quip\u00e9s d\u2019un moteur \u00e0 essence dans cinq ans, selon les calculs de Mazda.<\/p>\n<p>\u00ab Les clients recherchent des solutions abordables plut\u00f4t que des solutions \u00e9lectrifi\u00e9es. Ils recherchent une meilleure valeur. Ils recherchent toujours un moteur \u00e0 combustion fiable. Mais nous serons capables de tout \u00e9lectrifier, y compris de proposer des solutions hybrides traditionnelles. Si l\u2019on consid\u00e8re les clients am\u00e9ricains, ils recherchent des moteurs plus performants et plus fiables \u00bb, pr\u00e9cise le dirigeant.<\/p>\n<p><\/p>\n<figure><img decoding=\"async\" src=\"https:\/\/news.canadamotorjobs.com\/wp-content\/uploads\/2024\/12\/DSCF2282-5.jpg\" alt=\"Le Mazda CX-30\" \/><figcaption>Le Mazda CX-30 | Auto123.com<\/figcaption><\/figure>\n<p>Le grand patron de Mazda a surtout fait r\u00e9f\u00e9rence aux mod\u00e8les d\u2019entr\u00e9e de gamme, en particulier la Mazda 3 et le VUS CX-30. Masahiro Moro explique que la croissance des ventes de v\u00e9hicules \u00e9lectriques aux \u00c9tats-Unis s\u2019est ralentie au cours des 18 derniers mois, ajoutant que cette tendance se poursuivra probablement dans un avenir pr\u00e9visible.<\/p>\n<p>Cons\u00e9quemment, Mazda dispose de plus de temps pour d\u00e9velopper en interne une batterie lithium-ion. L\u2019objectif est qu\u2019elle soit pr\u00eate pour 2030 pour les v\u00e9hicules hybrides rechargeables et les mod\u00e8les purement \u00e9lectriques. Il faut s\u2019attendre \u00e0 une densit\u00e9 \u00e9nerg\u00e9tique beaucoup plus \u00e9lev\u00e9e et \u00e0 des temps de recharge \u00ab tr\u00e8s courts \u00bb. Mieux, les ing\u00e9nieurs profitent d\u00e9j\u00e0 d\u2019informations de recherche avanc\u00e9es en ce qui a trait aux batteries \u00e0 l\u2019\u00e9tat solide, la technologie qui sera la prochaine r\u00e9volution en mati\u00e8re de v\u00e9hicules \u00e9lectriques.<\/p>\n<p>Mazda pourrait donc se pointer en position de force dans quelques ann\u00e9es.<\/p>\n<p>\u00c0 l\u2019\u00e9chelle mondiale, le fabricant japonais anticipe que ses v\u00e9hicules tout \u00e9lectriques ne repr\u00e9senteront que 25 % \u00e0 40 % de ses livraisons totales d\u2019ici \u00e0 la fin de la d\u00e9cennie. Le lancement \u00e0 grande \u00e9chelle des mod\u00e8les \u00e9lectriques qu\u2019elle pr\u00e9voit (y compris de la berline EZ-6 qu\u2019on ne devrait pas voir ici) ne commencera pas avant 2028.<\/p>\n<p>D\u2019ici l\u00e0, la compagnie travaille sur un moteur \u00e0 essence rotatif qui va servir de g\u00e9n\u00e9rateur pour un mod\u00e8le \u00e9lectrifi\u00e9. La compagnie croit beaucoup en cette approche.<\/p>\n<p>Pour le moment, les choses vont plut\u00f4t bien pour la compagnie sur notre continent. La compagnie est en voie de livrer 420 000 v\u00e9hicules aux \u00c9tats-Unis, ce qui serait sa meilleure ann\u00e9e \u00e0 ce jour. Elle anticipe 450 000 livraisons en 2025.<\/p>\n<p>Au Canada, en date du 30 novembre, Mazda avait vendu 67 660 mod\u00e8les, soit 24,9 % de plus qu\u2019\u00e0 pareille date l\u2019an dernier (54 176).<\/p>\n<p><\/p>\n<figure><img decoding=\"async\" src=\"https:\/\/news.canadamotorjobs.com\/wp-content\/uploads\/2024\/12\/PXL_20240617_145511682-1.jpg\" alt=\"L&#039;\u00e9cusson PHEV sur le Mazda CX-70 PHEV\" \/><figcaption>L&#8217;\u00e9cusson PHEV sur le Mazda CX-70 PHEV | Auto123.com<\/figcaption><\/figure>\n<p style=\"padding-top: 15px\">Contenu original de <a href=\"https:\/\/www.auto123.com\/fr\/actualites\/mazda-americains-vehicules-essence-hybrides\/72177\/\">auto123<\/a>.<\/p>\n<p>Le texte <a rel=\"nofollow\" href=\"https:\/\/annuelauto.ca\/les-americains-veulent-des-modeles-a-essence-moins-chers-selon-mazda\/\">Les Am\u00e9ricains veulent des mod\u00e8les \u00e0 essence moins chers, selon Mazda<\/a> provient de <a rel=\"nofollow\" href=\"https:\/\/annuelauto.ca\">L&#8217;annuel de l&#8217;automobile &#8211; Actualit\u00e9 automobile<\/a><\/p>\n<p><\/p>\n","protected":false},"excerpt":{"rendered":"<p>On ne vous apprend rien en vous disant que Mazda n\u2019a pas \u00e9t\u00e9 la compagnie la plus active en mati\u00e8re d\u2019\u00e9lectrification. Le constructeur a certes des plans, mais il a \u00e9t\u00e9 tr\u00e8s prudent jusqu\u2019\u00e0 maintenant. Avec la situation actuelle, o\u00f9 l\u2019on voit une recrudescence de l\u2019int\u00e9r\u00eat envers les mod\u00e8les hybrides, Mazda se trouve dans une [&hellip;]<\/p>\n","protected":false},"author":8,"featured_media":184611,"comment_status":"close","ping_status":"closed","sticky":false,"template":"","format":"standard","meta":{"_monsterinsights_skip_tracking":false,"_monsterinsights_sitenote_active":false,"_monsterinsights_sitenote_note":"","_monsterinsights_sitenote_category":0,"footnotes":""},"categories":[101],"tags":[],"yoast_head":"<!-- This site is optimized with the Yoast SEO plugin v23.2 - https:\/\/yoast.com\/wordpress\/plugins\/seo\/ -->\n<title>Les Am\u00e9ricains veulent des mod\u00e8les \u00e0 essence moins chers, selon Mazda - CanadaMotorJobs.com<\/title>\n<meta name=\"description\" content=\"Les Am\u00e9ricains veulent des mod\u00e8les \u00e0 essence moins chers, selon Mazda - Benoit Charette - Annuel automobile - CanadaMotorJobs.com.\" \/>\n<meta name=\"robots\" content=\"index, follow, max-snippet:-1, max-image-preview:large, max-video-preview:-1\" \/>\n<meta property=\"og:locale\" content=\"fr_CA\" \/>\n<meta property=\"og:type\" content=\"article\" \/>\n<meta property=\"og:title\" content=\"Les Am\u00e9ricains veulent des mod\u00e8les \u00e0 essence moins chers, selon Mazda - CanadaMotorJobs.com\" \/>\n<meta property=\"og:description\" content=\"Les Am\u00e9ricains veulent des mod\u00e8les \u00e0 essence moins chers, selon Mazda - Benoit Charette - Annuel automobile - CanadaMotorJobs.com.\" \/>\n<meta property=\"og:url\" content=\"https:\/\/news.canadamotorjobs.com\/fr\/les-americains-veulent-des-modeles-a-essence-moins-chers-selon-mazda\/\" \/>\n<meta property=\"og:site_name\" content=\"CanadaMotorJobs.com\" \/>\n<meta property=\"article:publisher\" content=\"https:\/\/www.facebook.com\/canadamotorjobs\/\" \/>\n<meta property=\"article:published_time\" content=\"2024-12-12T19:24:37+00:00\" \/>\n<meta property=\"article:modified_time\" content=\"2024-12-12T19:29:47+00:00\" \/>\n<meta property=\"og:image\" content=\"https:\/\/news.canadamotorjobs.com\/wp-content\/uploads\/2024\/12\/DSCF2282.jpg\" \/>\n\t<meta property=\"og:image:width\" content=\"1200\" \/>\n\t<meta property=\"og:image:height\" content=\"800\" \/>\n\t<meta property=\"og:image:type\" content=\"image\/jpeg\" \/>\n<meta name=\"author\" content=\"Benoit Charette\" \/>\n<meta name=\"twitter:card\" content=\"summary_large_image\" \/>\n<meta name=\"twitter:creator\" content=\"@canadamotorjobs\" \/>\n<meta name=\"twitter:site\" content=\"@canadamotorjobs\" \/>\n<meta name=\"twitter:label1\" content=\"\u00c9crit par\" \/>\n\t<meta name=\"twitter:data1\" content=\"Benoit Charette\" \/>\n\t<meta name=\"twitter:label2\" content=\"Estimation du temps de lecture\" \/>\n\t<meta name=\"twitter:data2\" content=\"3 minutes\" \/>\n<!-- \/ Yoast SEO plugin. -->","yoast_head_json":{"title":"Les Am\u00e9ricains veulent des mod\u00e8les \u00e0 essence moins chers, selon Mazda - CanadaMotorJobs.com","description":"Les Am\u00e9ricains veulent des mod\u00e8les \u00e0 essence moins chers, selon Mazda - Benoit Charette - Annuel automobile - CanadaMotorJobs.com.","robots":{"index":"index","follow":"follow","max-snippet":"max-snippet:-1","max-image-preview":"max-image-preview:large","max-video-preview":"max-video-preview:-1"},"og_locale":"fr_CA","og_type":"article","og_title":"Les Am\u00e9ricains veulent des mod\u00e8les \u00e0 essence moins chers, selon Mazda - CanadaMotorJobs.com","og_description":"Les Am\u00e9ricains veulent des mod\u00e8les \u00e0 essence moins chers, selon Mazda - Benoit Charette - Annuel automobile - CanadaMotorJobs.com.","og_url":"https:\/\/news.canadamotorjobs.com\/fr\/les-americains-veulent-des-modeles-a-essence-moins-chers-selon-mazda\/","og_site_name":"CanadaMotorJobs.com","article_publisher":"https:\/\/www.facebook.com\/canadamotorjobs\/","article_published_time":"2024-12-12T19:24:37+00:00","article_modified_time":"2024-12-12T19:29:47+00:00","og_image":[{"width":1200,"height":800,"url":"https:\/\/news.canadamotorjobs.com\/wp-content\/uploads\/2024\/12\/DSCF2282.jpg","type":"image\/jpeg"}],"author":"Benoit Charette","twitter_card":"summary_large_image","twitter_creator":"@canadamotorjobs","twitter_site":"@canadamotorjobs","twitter_misc":{"\u00c9crit par":"Benoit Charette","Estimation du temps de lecture":"3 minutes"},"schema":{"@context":"https:\/\/schema.org","@graph":[{"@type":"Article","@id":"https:\/\/news.canadamotorjobs.com\/fr\/les-americains-veulent-des-modeles-a-essence-moins-chers-selon-mazda\/#article","isPartOf":{"@id":"https:\/\/news.canadamotorjobs.com\/fr\/les-americains-veulent-des-modeles-a-essence-moins-chers-selon-mazda\/"},"author":{"name":"Benoit Charette","@id":"https:\/\/news.canadamotorjobs.com\/#\/schema\/person\/51793d1f87d44011d7bcc2ed99269a90"},"headline":"Les Am\u00e9ricains veulent des mod\u00e8les \u00e0 essence moins chers, selon Mazda","datePublished":"2024-12-12T19:24:37+00:00","dateModified":"2024-12-12T19:29:47+00:00","mainEntityOfPage":{"@id":"https:\/\/news.canadamotorjobs.com\/fr\/les-americains-veulent-des-modeles-a-essence-moins-chers-selon-mazda\/"},"wordCount":618,"publisher":{"@id":"https:\/\/news.canadamotorjobs.com\/#organization"},"image":{"@id":"https:\/\/news.canadamotorjobs.com\/fr\/les-americains-veulent-des-modeles-a-essence-moins-chers-selon-mazda\/#primaryimage"},"thumbnailUrl":"https:\/\/news.canadamotorjobs.com\/wp-content\/uploads\/2024\/12\/DSCF2282.jpg","articleSection":["Annuel automobile"],"inLanguage":"fr-CA"},{"@type":"WebPage","@id":"https:\/\/news.canadamotorjobs.com\/fr\/les-americains-veulent-des-modeles-a-essence-moins-chers-selon-mazda\/","url":"https:\/\/news.canadamotorjobs.com\/fr\/les-americains-veulent-des-modeles-a-essence-moins-chers-selon-mazda\/","name":"Les Am\u00e9ricains veulent des mod\u00e8les \u00e0 essence moins chers, selon Mazda - CanadaMotorJobs.com","isPartOf":{"@id":"https:\/\/news.canadamotorjobs.com\/#website"},"primaryImageOfPage":{"@id":"https:\/\/news.canadamotorjobs.com\/fr\/les-americains-veulent-des-modeles-a-essence-moins-chers-selon-mazda\/#primaryimage"},"image":{"@id":"https:\/\/news.canadamotorjobs.com\/fr\/les-americains-veulent-des-modeles-a-essence-moins-chers-selon-mazda\/#primaryimage"},"thumbnailUrl":"https:\/\/news.canadamotorjobs.com\/wp-content\/uploads\/2024\/12\/DSCF2282.jpg","datePublished":"2024-12-12T19:24:37+00:00","dateModified":"2024-12-12T19:29:47+00:00","description":"Les Am\u00e9ricains veulent des mod\u00e8les \u00e0 essence moins chers, selon Mazda - Benoit Charette - Annuel automobile - CanadaMotorJobs.com.","breadcrumb":{"@id":"https:\/\/news.canadamotorjobs.com\/fr\/les-americains-veulent-des-modeles-a-essence-moins-chers-selon-mazda\/#breadcrumb"},"inLanguage":"fr-CA","potentialAction":[{"@type":"ReadAction","target":["https:\/\/news.canadamotorjobs.com\/fr\/les-americains-veulent-des-modeles-a-essence-moins-chers-selon-mazda\/"]}]},{"@type":"ImageObject","inLanguage":"fr-CA","@id":"https:\/\/news.canadamotorjobs.com\/fr\/les-americains-veulent-des-modeles-a-essence-moins-chers-selon-mazda\/#primaryimage","url":"https:\/\/news.canadamotorjobs.com\/wp-content\/uploads\/2024\/12\/DSCF2282.jpg","contentUrl":"https:\/\/news.canadamotorjobs.com\/wp-content\/uploads\/2024\/12\/DSCF2282.jpg","width":1200,"height":800},{"@type":"BreadcrumbList","@id":"https:\/\/news.canadamotorjobs.com\/fr\/les-americains-veulent-des-modeles-a-essence-moins-chers-selon-mazda\/#breadcrumb","itemListElement":[{"@type":"ListItem","position":1,"name":"Home","item":"https:\/\/news.canadamotorjobs.com\/fr\/blog\/"},{"@type":"ListItem","position":2,"name":"Les Am\u00e9ricains veulent des mod\u00e8les \u00e0 essence moins chers, selon Mazda"}]},{"@type":"WebSite","@id":"https:\/\/news.canadamotorjobs.com\/#website","url":"https:\/\/news.canadamotorjobs.com\/","name":"CanadaMotorJobs.com","description":"Automotive Jobs","publisher":{"@id":"https:\/\/news.canadamotorjobs.com\/#organization"},"potentialAction":[{"@type":"SearchAction","target":{"@type":"EntryPoint","urlTemplate":"https:\/\/news.canadamotorjobs.com\/?s={search_term_string}"},"query-input":"required name=search_term_string"}],"inLanguage":"fr-CA"},{"@type":"Organization","@id":"https:\/\/news.canadamotorjobs.com\/#organization","name":"Canada Motor Jobs","url":"https:\/\/news.canadamotorjobs.com\/","logo":{"@type":"ImageObject","inLanguage":"fr-CA","@id":"https:\/\/news.canadamotorjobs.com\/#\/schema\/logo\/image\/","url":"https:\/\/news.canadamotorjobs.com\/wp-content\/uploads\/2022\/10\/logo-canada-motor-jobs-1.png","contentUrl":"https:\/\/news.canadamotorjobs.com\/wp-content\/uploads\/2022\/10\/logo-canada-motor-jobs-1.png","width":800,"height":400,"caption":"Canada Motor Jobs"},"image":{"@id":"https:\/\/news.canadamotorjobs.com\/#\/schema\/logo\/image\/"},"sameAs":["https:\/\/www.facebook.com\/canadamotorjobs\/","https:\/\/x.com\/canadamotorjobs","https:\/\/www.instagram.com\/canadamotorjobs\/","https:\/\/www.linkedin.com\/company\/canadamotorjobs"]},{"@type":"Person","@id":"https:\/\/news.canadamotorjobs.com\/#\/schema\/person\/51793d1f87d44011d7bcc2ed99269a90","name":"Benoit Charette","image":{"@type":"ImageObject","inLanguage":"fr-CA","@id":"https:\/\/news.canadamotorjobs.com\/#\/schema\/person\/image\/","url":"https:\/\/secure.gravatar.com\/avatar\/45f3d2eebcccd909668d7ce7ea7267b6?s=96&d=mm&r=g","contentUrl":"https:\/\/secure.gravatar.com\/avatar\/45f3d2eebcccd909668d7ce7ea7267b6?s=96&d=mm&r=g","caption":"Benoit Charette"},"description":"Benoit Charette \/ Propri\u00e9taire et r\u00e9dacteur en chef Benoit Charette pratique le journalisme automobile depuis bient\u00f4t 30 ans. Il a fait ses classes au c\u00f4t\u00e9 de Daniel H\u00e9raud et au Carnet de route de 1992 \u00e0 2001. Il est fondateur, copropri\u00e9taire et r\u00e9dacteur en chef de L\u2019Annuel de l\u2019automobile, qu\u2019il publie depuis 2001. Il a anim\u00e9 les \u00e9missions RPM et RPM+ sur V et les L\u00e9gendes de la route sur Historia. \u00c0 la radio depuis 1986, il reprend l\u2019antenne cette ann\u00e9e sur les ondes de Cogeco et participe pour la deuxi\u00e8me ann\u00e9e \u00e0 l\u2019\u00e9mission Passion Auto sur RDS en plus de mettre en ligne le site Web officiel de L\u2019Annuel de l\u2019automobile sur annuelauto.ca.","sameAs":["https:\/\/annuelauto.ca\/"],"url":"https:\/\/news.canadamotorjobs.com\/fr\/author\/benoit-charette\/"}]}},"_links":{"self":[{"href":"https:\/\/news.canadamotorjobs.com\/fr\/wp-json\/wp\/v2\/posts\/184609"}],"collection":[{"href":"https:\/\/news.canadamotorjobs.com\/fr\/wp-json\/wp\/v2\/posts"}],"about":[{"href":"https:\/\/news.canadamotorjobs.com\/fr\/wp-json\/wp\/v2\/types\/post"}],"author":[{"embeddable":true,"href":"https:\/\/news.canadamotorjobs.com\/fr\/wp-json\/wp\/v2\/users\/8"}],"replies":[{"embeddable":true,"href":"https:\/\/news.canadamotorjobs.com\/fr\/wp-json\/wp\/v2\/comments?post=184609"}],"version-history":[{"count":3,"href":"https:\/\/news.canadamotorjobs.com\/fr\/wp-json\/wp\/v2\/posts\/184609\/revisions"}],"predecessor-version":[{"id":184640,"href":"https:\/\/news.canadamotorjobs.com\/fr\/wp-json\/wp\/v2\/posts\/184609\/revisions\/184640"}],"wp:featuredmedia":[{"embeddable":true,"href":"https:\/\/news.canadamotorjobs.com\/fr\/wp-json\/wp\/v2\/media\/184611"}],"wp:attachment":[{"href":"https:\/\/news.canadamotorjobs.com\/fr\/wp-json\/wp\/v2\/media?parent=184609"}],"wp:term":[{"taxonomy":"category","embeddable":true,"href":"https:\/\/news.canadamotorjobs.com\/fr\/wp-json\/wp\/v2\/categories?post=184609"},{"taxonomy":"post_tag","embeddable":true,"href":"https:\/\/news.canadamotorjobs.com\/fr\/wp-json\/wp\/v2\/tags?post=184609"}],"curies":[{"name":"wp","href":"https:\/\/api.w.org\/{rel}","templated":true}]}}