{"id":184581,"date":"2024-12-12T14:24:37","date_gmt":"2024-12-12T19:24:37","guid":{"rendered":"https:\/\/news.canadamotorjobs.com\/?p=184581"},"modified":"2024-12-12T14:29:33","modified_gmt":"2024-12-12T19:29:33","slug":"mclaren-change-de-proprietaires-mais-reste-au-moyen-orient","status":"publish","type":"post","link":"https:\/\/news.canadamotorjobs.com\/fr\/mclaren-change-de-proprietaires-mais-reste-au-moyen-orient\/","title":{"rendered":"McLaren change de propri\u00e9taires, mais reste au Moyen-Orient"},"content":{"rendered":"<\/p>\n<p>La vente de McLaren Automotive est d\u00e9sormais officielle. Le constructeur britannique entre dans une nouvelle \u00e8re gr\u00e2ce \u00e0 son nouveau propri\u00e9taire, CYVN Holdings, une entit\u00e9 d\u2019investissement d\u00e9tenue par le gouvernement d\u2019Abu Dhabi.<\/p>\n<p>Ce rachat apporte un capital essentiel \u00e0 McLaren. L\u2019objectif sera d\u2019exploiter un acc\u00e8s in\u00e9dit \u00e0 des capacit\u00e9s d\u2019ing\u00e9nierie et de design de pointe, ce qui annonce une nouvelle g\u00e9n\u00e9ration de voitures exotiques, comme la future successeure de la 750S.<\/p>\n<p><strong>Un transfert entre fonds souverains<\/strong><\/p>\n<p>Cet accord a \u00e9t\u00e9 d\u00e9voil\u00e9 pour la premi\u00e8re fois en octobre, CYVN Holdings qui a acquis McLaren Automotive aupr\u00e8s de Mumtalakat, le fonds souverain du Royaume de Bahre\u00efn.<\/p>\n<p>Ce dernier avait achet\u00e9 une part de McLaren Automotive en 2017, mais n\u2019avait pris le contr\u00f4le total du groupe McLaren (incluant les voitures de route et l\u2019\u00e9curie de F1) qu\u2019en 2024.<\/p>\n<p>D\u00e9sormais, les voitures de route McLaren et les monoplaces de F1 sont de nouveau s\u00e9par\u00e9es, ouvrant la voie \u00e0 une restructuration strat\u00e9gique.<\/p>\n<p><\/p>\n<figure><img decoding=\"async\" src=\"https:\/\/news.canadamotorjobs.com\/wp-content\/uploads\/2024\/12\/mclaren_gts_81-5.jpeg\" alt=\"McLaren GTS\" \/><figcaption>McLaren GTS | Auto123.com<\/figcaption><\/figure>\n<p><strong>CYVN : un investisseur aux ambitions mondiales<\/strong><\/p>\n<p>En plus de McLaren, CYVN Holdings a investi dans plusieurs entreprises automobiles ces derni\u00e8res ann\u00e9es, notamment :<\/p>\n<p>\u2022\u00a0\u00a0\u00a0 le constructeur chinois de voitures \u00e9lectriques Nio, duquel CYVN tient une part de 20 % ;<\/p>\n<p>\u2022\u00a0\u00a0\u00a0 la soci\u00e9t\u00e9 britannique Gordon Murray Technologies, connue pour son expertise en ing\u00e9nierie automobile, entre autres la plateforme iStream pour v\u00e9hicules \u00e9lectriques ;<\/p>\n<p>\u2022\u00a0\u00a0\u00a0 La jeune pousse britannique ForSeven, sp\u00e9cialis\u00e9e dans les v\u00e9hicules \u00e9lectriques.<\/p>\n<p>Gr\u00e2ce \u00e0 ces actifs, McLaren va profiter d\u2019une synergie technologique et d\u2019un savoir-faire renforc\u00e9.<\/p>\n<p><strong>Un futur entre performance et technologie<\/strong><\/p>\n<p>McLaren est connue pour int\u00e9grer des technologies issues de la F1 dans ses voitures de route, qu\u2019il s\u2019agisse des ch\u00e2ssis, des suspensions, ou des groupes motopropulseurs. Ce partenariat strat\u00e9gique entre Abu Dhabi et McLaren promet de renforcer cet h\u00e9ritage. Bien que CYVN prenne une participation dans l\u2019activit\u00e9 de course, celle-ci restera distincte du volet automobile, assurant une flexibilit\u00e9 dans les deux secteurs.<\/p>\n<p>Le rachat est soumis \u00e0 des conditions de cl\u00f4ture et \u00e0 des approbations r\u00e9glementaires, mais aucune complication n\u2019est attendue, les deux parties \u00e9tant soutenues par des gouvernements.<\/p>\n<p><\/p>\n<p style=\"padding-top: 15px\">Contenu original de <a href=\"https:\/\/www.auto123.com\/fr\/actualites\/mclaren-automotive-rachat-cyvn\/72175\/\">auto123<\/a>.<\/p>\n<p>Le texte <a rel=\"nofollow\" href=\"https:\/\/annuelauto.ca\/mclaren-change-de-proprietaires-mais-reste-au-moyen-orient\/\">McLaren change de propri\u00e9taires, mais reste au Moyen-Orient<\/a> provient de <a rel=\"nofollow\" href=\"https:\/\/annuelauto.ca\">L&#8217;annuel de l&#8217;automobile &#8211; Actualit\u00e9 automobile<\/a><\/p>\n<p><\/p>\n","protected":false},"excerpt":{"rendered":"<p>La vente de McLaren Automotive est d\u00e9sormais officielle. Le constructeur britannique entre dans une nouvelle \u00e8re gr\u00e2ce \u00e0 son nouveau propri\u00e9taire, CYVN Holdings, une entit\u00e9 d\u2019investissement d\u00e9tenue par le gouvernement d\u2019Abu Dhabi. Ce rachat apporte un capital essentiel \u00e0 McLaren. L\u2019objectif sera d\u2019exploiter un acc\u00e8s in\u00e9dit \u00e0 des capacit\u00e9s d\u2019ing\u00e9nierie et de design de pointe, [&hellip;]<\/p>\n","protected":false},"author":8,"featured_media":184583,"comment_status":"close","ping_status":"closed","sticky":false,"template":"","format":"standard","meta":{"_monsterinsights_skip_tracking":false,"_monsterinsights_sitenote_active":false,"_monsterinsights_sitenote_note":"","_monsterinsights_sitenote_category":0,"footnotes":""},"categories":[101],"tags":[],"yoast_head":"<!-- This site is optimized with the Yoast SEO plugin v23.2 - https:\/\/yoast.com\/wordpress\/plugins\/seo\/ -->\n<title>McLaren change de propri\u00e9taires, mais reste au Moyen-Orient - CanadaMotorJobs.com<\/title>\n<meta name=\"description\" content=\"McLaren change de propri\u00e9taires, mais reste au Moyen-Orient - Benoit Charette - Annuel automobile - CanadaMotorJobs.com.\" \/>\n<meta name=\"robots\" content=\"index, follow, max-snippet:-1, max-image-preview:large, max-video-preview:-1\" \/>\n<meta property=\"og:locale\" content=\"fr_CA\" \/>\n<meta property=\"og:type\" content=\"article\" \/>\n<meta property=\"og:title\" content=\"McLaren change de propri\u00e9taires, mais reste au Moyen-Orient - CanadaMotorJobs.com\" \/>\n<meta property=\"og:description\" content=\"McLaren change de propri\u00e9taires, mais reste au Moyen-Orient - Benoit Charette - Annuel automobile - CanadaMotorJobs.com.\" \/>\n<meta property=\"og:url\" content=\"https:\/\/news.canadamotorjobs.com\/fr\/mclaren-change-de-proprietaires-mais-reste-au-moyen-orient\/\" \/>\n<meta property=\"og:site_name\" content=\"CanadaMotorJobs.com\" \/>\n<meta property=\"article:publisher\" content=\"https:\/\/www.facebook.com\/canadamotorjobs\/\" \/>\n<meta property=\"article:published_time\" content=\"2024-12-12T19:24:37+00:00\" \/>\n<meta property=\"article:modified_time\" content=\"2024-12-12T19:29:33+00:00\" \/>\n<meta property=\"og:image\" content=\"https:\/\/news.canadamotorjobs.com\/wp-content\/uploads\/2024\/12\/mclaren_gts_81.jpeg\" \/>\n\t<meta property=\"og:image:width\" content=\"1200\" \/>\n\t<meta property=\"og:image:height\" content=\"675\" \/>\n\t<meta property=\"og:image:type\" content=\"image\/jpeg\" \/>\n<meta name=\"author\" content=\"Benoit Charette\" \/>\n<meta name=\"twitter:card\" content=\"summary_large_image\" \/>\n<meta name=\"twitter:creator\" content=\"@canadamotorjobs\" \/>\n<meta name=\"twitter:site\" content=\"@canadamotorjobs\" \/>\n<meta name=\"twitter:label1\" content=\"\u00c9crit par\" \/>\n\t<meta name=\"twitter:data1\" content=\"Benoit Charette\" \/>\n\t<meta name=\"twitter:label2\" content=\"Estimation du temps de lecture\" \/>\n\t<meta name=\"twitter:data2\" content=\"2 minutes\" \/>\n<!-- \/ Yoast SEO plugin. -->","yoast_head_json":{"title":"McLaren change de propri\u00e9taires, mais reste au Moyen-Orient - CanadaMotorJobs.com","description":"McLaren change de propri\u00e9taires, mais reste au Moyen-Orient - Benoit Charette - Annuel automobile - CanadaMotorJobs.com.","robots":{"index":"index","follow":"follow","max-snippet":"max-snippet:-1","max-image-preview":"max-image-preview:large","max-video-preview":"max-video-preview:-1"},"og_locale":"fr_CA","og_type":"article","og_title":"McLaren change de propri\u00e9taires, mais reste au Moyen-Orient - CanadaMotorJobs.com","og_description":"McLaren change de propri\u00e9taires, mais reste au Moyen-Orient - Benoit Charette - Annuel automobile - CanadaMotorJobs.com.","og_url":"https:\/\/news.canadamotorjobs.com\/fr\/mclaren-change-de-proprietaires-mais-reste-au-moyen-orient\/","og_site_name":"CanadaMotorJobs.com","article_publisher":"https:\/\/www.facebook.com\/canadamotorjobs\/","article_published_time":"2024-12-12T19:24:37+00:00","article_modified_time":"2024-12-12T19:29:33+00:00","og_image":[{"width":1200,"height":675,"url":"https:\/\/news.canadamotorjobs.com\/wp-content\/uploads\/2024\/12\/mclaren_gts_81.jpeg","type":"image\/jpeg"}],"author":"Benoit Charette","twitter_card":"summary_large_image","twitter_creator":"@canadamotorjobs","twitter_site":"@canadamotorjobs","twitter_misc":{"\u00c9crit par":"Benoit Charette","Estimation du temps de lecture":"2 minutes"},"schema":{"@context":"https:\/\/schema.org","@graph":[{"@type":"Article","@id":"https:\/\/news.canadamotorjobs.com\/fr\/mclaren-change-de-proprietaires-mais-reste-au-moyen-orient\/#article","isPartOf":{"@id":"https:\/\/news.canadamotorjobs.com\/fr\/mclaren-change-de-proprietaires-mais-reste-au-moyen-orient\/"},"author":{"name":"Benoit Charette","@id":"https:\/\/news.canadamotorjobs.com\/#\/schema\/person\/51793d1f87d44011d7bcc2ed99269a90"},"headline":"McLaren change de propri\u00e9taires, mais reste au Moyen-Orient","datePublished":"2024-12-12T19:24:37+00:00","dateModified":"2024-12-12T19:29:33+00:00","mainEntityOfPage":{"@id":"https:\/\/news.canadamotorjobs.com\/fr\/mclaren-change-de-proprietaires-mais-reste-au-moyen-orient\/"},"wordCount":409,"publisher":{"@id":"https:\/\/news.canadamotorjobs.com\/#organization"},"image":{"@id":"https:\/\/news.canadamotorjobs.com\/fr\/mclaren-change-de-proprietaires-mais-reste-au-moyen-orient\/#primaryimage"},"thumbnailUrl":"https:\/\/news.canadamotorjobs.com\/wp-content\/uploads\/2024\/12\/mclaren_gts_81.jpeg","articleSection":["Annuel automobile"],"inLanguage":"fr-CA"},{"@type":"WebPage","@id":"https:\/\/news.canadamotorjobs.com\/fr\/mclaren-change-de-proprietaires-mais-reste-au-moyen-orient\/","url":"https:\/\/news.canadamotorjobs.com\/fr\/mclaren-change-de-proprietaires-mais-reste-au-moyen-orient\/","name":"McLaren change de propri\u00e9taires, mais reste au Moyen-Orient - CanadaMotorJobs.com","isPartOf":{"@id":"https:\/\/news.canadamotorjobs.com\/#website"},"primaryImageOfPage":{"@id":"https:\/\/news.canadamotorjobs.com\/fr\/mclaren-change-de-proprietaires-mais-reste-au-moyen-orient\/#primaryimage"},"image":{"@id":"https:\/\/news.canadamotorjobs.com\/fr\/mclaren-change-de-proprietaires-mais-reste-au-moyen-orient\/#primaryimage"},"thumbnailUrl":"https:\/\/news.canadamotorjobs.com\/wp-content\/uploads\/2024\/12\/mclaren_gts_81.jpeg","datePublished":"2024-12-12T19:24:37+00:00","dateModified":"2024-12-12T19:29:33+00:00","description":"McLaren change de propri\u00e9taires, mais reste au Moyen-Orient - Benoit Charette - Annuel automobile - CanadaMotorJobs.com.","breadcrumb":{"@id":"https:\/\/news.canadamotorjobs.com\/fr\/mclaren-change-de-proprietaires-mais-reste-au-moyen-orient\/#breadcrumb"},"inLanguage":"fr-CA","potentialAction":[{"@type":"ReadAction","target":["https:\/\/news.canadamotorjobs.com\/fr\/mclaren-change-de-proprietaires-mais-reste-au-moyen-orient\/"]}]},{"@type":"ImageObject","inLanguage":"fr-CA","@id":"https:\/\/news.canadamotorjobs.com\/fr\/mclaren-change-de-proprietaires-mais-reste-au-moyen-orient\/#primaryimage","url":"https:\/\/news.canadamotorjobs.com\/wp-content\/uploads\/2024\/12\/mclaren_gts_81.jpeg","contentUrl":"https:\/\/news.canadamotorjobs.com\/wp-content\/uploads\/2024\/12\/mclaren_gts_81.jpeg","width":1200,"height":675},{"@type":"BreadcrumbList","@id":"https:\/\/news.canadamotorjobs.com\/fr\/mclaren-change-de-proprietaires-mais-reste-au-moyen-orient\/#breadcrumb","itemListElement":[{"@type":"ListItem","position":1,"name":"Home","item":"https:\/\/news.canadamotorjobs.com\/fr\/blog\/"},{"@type":"ListItem","position":2,"name":"McLaren change de propri\u00e9taires, mais reste au Moyen-Orient"}]},{"@type":"WebSite","@id":"https:\/\/news.canadamotorjobs.com\/#website","url":"https:\/\/news.canadamotorjobs.com\/","name":"CanadaMotorJobs.com","description":"Automotive Jobs","publisher":{"@id":"https:\/\/news.canadamotorjobs.com\/#organization"},"potentialAction":[{"@type":"SearchAction","target":{"@type":"EntryPoint","urlTemplate":"https:\/\/news.canadamotorjobs.com\/?s={search_term_string}"},"query-input":"required name=search_term_string"}],"inLanguage":"fr-CA"},{"@type":"Organization","@id":"https:\/\/news.canadamotorjobs.com\/#organization","name":"Canada Motor Jobs","url":"https:\/\/news.canadamotorjobs.com\/","logo":{"@type":"ImageObject","inLanguage":"fr-CA","@id":"https:\/\/news.canadamotorjobs.com\/#\/schema\/logo\/image\/","url":"https:\/\/news.canadamotorjobs.com\/wp-content\/uploads\/2022\/10\/logo-canada-motor-jobs-1.png","contentUrl":"https:\/\/news.canadamotorjobs.com\/wp-content\/uploads\/2022\/10\/logo-canada-motor-jobs-1.png","width":800,"height":400,"caption":"Canada Motor Jobs"},"image":{"@id":"https:\/\/news.canadamotorjobs.com\/#\/schema\/logo\/image\/"},"sameAs":["https:\/\/www.facebook.com\/canadamotorjobs\/","https:\/\/x.com\/canadamotorjobs","https:\/\/www.instagram.com\/canadamotorjobs\/","https:\/\/www.linkedin.com\/company\/canadamotorjobs"]},{"@type":"Person","@id":"https:\/\/news.canadamotorjobs.com\/#\/schema\/person\/51793d1f87d44011d7bcc2ed99269a90","name":"Benoit Charette","image":{"@type":"ImageObject","inLanguage":"fr-CA","@id":"https:\/\/news.canadamotorjobs.com\/#\/schema\/person\/image\/","url":"https:\/\/secure.gravatar.com\/avatar\/45f3d2eebcccd909668d7ce7ea7267b6?s=96&d=mm&r=g","contentUrl":"https:\/\/secure.gravatar.com\/avatar\/45f3d2eebcccd909668d7ce7ea7267b6?s=96&d=mm&r=g","caption":"Benoit Charette"},"description":"Benoit Charette \/ Propri\u00e9taire et r\u00e9dacteur en chef Benoit Charette pratique le journalisme automobile depuis bient\u00f4t 30 ans. Il a fait ses classes au c\u00f4t\u00e9 de Daniel H\u00e9raud et au Carnet de route de 1992 \u00e0 2001. Il est fondateur, copropri\u00e9taire et r\u00e9dacteur en chef de L\u2019Annuel de l\u2019automobile, qu\u2019il publie depuis 2001. Il a anim\u00e9 les \u00e9missions RPM et RPM+ sur V et les L\u00e9gendes de la route sur Historia. \u00c0 la radio depuis 1986, il reprend l\u2019antenne cette ann\u00e9e sur les ondes de Cogeco et participe pour la deuxi\u00e8me ann\u00e9e \u00e0 l\u2019\u00e9mission Passion Auto sur RDS en plus de mettre en ligne le site Web officiel de L\u2019Annuel de l\u2019automobile sur annuelauto.ca.","sameAs":["https:\/\/annuelauto.ca\/"],"url":"https:\/\/news.canadamotorjobs.com\/fr\/author\/benoit-charette\/"}]}},"_links":{"self":[{"href":"https:\/\/news.canadamotorjobs.com\/fr\/wp-json\/wp\/v2\/posts\/184581"}],"collection":[{"href":"https:\/\/news.canadamotorjobs.com\/fr\/wp-json\/wp\/v2\/posts"}],"about":[{"href":"https:\/\/news.canadamotorjobs.com\/fr\/wp-json\/wp\/v2\/types\/post"}],"author":[{"embeddable":true,"href":"https:\/\/news.canadamotorjobs.com\/fr\/wp-json\/wp\/v2\/users\/8"}],"replies":[{"embeddable":true,"href":"https:\/\/news.canadamotorjobs.com\/fr\/wp-json\/wp\/v2\/comments?post=184581"}],"version-history":[{"count":3,"href":"https:\/\/news.canadamotorjobs.com\/fr\/wp-json\/wp\/v2\/posts\/184581\/revisions"}],"predecessor-version":[{"id":184608,"href":"https:\/\/news.canadamotorjobs.com\/fr\/wp-json\/wp\/v2\/posts\/184581\/revisions\/184608"}],"wp:featuredmedia":[{"embeddable":true,"href":"https:\/\/news.canadamotorjobs.com\/fr\/wp-json\/wp\/v2\/media\/184583"}],"wp:attachment":[{"href":"https:\/\/news.canadamotorjobs.com\/fr\/wp-json\/wp\/v2\/media?parent=184581"}],"wp:term":[{"taxonomy":"category","embeddable":true,"href":"https:\/\/news.canadamotorjobs.com\/fr\/wp-json\/wp\/v2\/categories?post=184581"},{"taxonomy":"post_tag","embeddable":true,"href":"https:\/\/news.canadamotorjobs.com\/fr\/wp-json\/wp\/v2\/tags?post=184581"}],"curies":[{"name":"wp","href":"https:\/\/api.w.org\/{rel}","templated":true}]}}