{"id":184553,"date":"2024-12-12T14:24:37","date_gmt":"2024-12-12T19:24:37","guid":{"rendered":"https:\/\/news.canadamotorjobs.com\/?p=184553"},"modified":"2024-12-12T14:29:23","modified_gmt":"2024-12-12T19:29:23","slug":"tim-kuniskis-le-pere-du-moteur-hellcat-revient-chez-stellantis","status":"publish","type":"post","link":"https:\/\/news.canadamotorjobs.com\/fr\/tim-kuniskis-le-pere-du-moteur-hellcat-revient-chez-stellantis\/","title":{"rendered":"Tim Kuniskis, le p\u00e8re du moteur Hellcat, revient chez Stellantis"},"content":{"rendered":"<\/p>\n<p>Tim Kuniskis a surpris l\u2019industrie automobile en annon\u00e7ant son retour chez Stellantis apr\u00e8s seulement six mois de retraite. Kuniskis, ancien dirigeant de Ram et de Dodge, avait quitt\u00e9 son poste de chef de la direction de Ram le 1er juin dernier, mais il a r\u00e9alis\u00e9 rapidement que l\u2019action du secteur automobile lui manquait.<\/p>\n<p>\u00ab Les deux premi\u00e8res semaines \u00e9taient agr\u00e9ables, mais apr\u00e8s, vous vous ennuyez \u00e0 mourir \u00bb, a-t-il d\u00e9clar\u00e9 lors d\u2019un \u00e9v\u00e9nement m\u00e9diatique tenu le 10 d\u00e9cembre pour pr\u00e9senter les nouveaux mod\u00e8les de camionnettes ultras robustes attendues d\u00e9but 2025.<\/p>\n<p><strong>Ram en pleine bataille<\/strong><\/p>\n<p>Son retour co\u00efncide avec une p\u00e9riode difficile pour Ram. Les ventes aux \u00c9tats-Unis ont chut\u00e9 de 24 % au cours des neuf premiers mois de 2024, et la marque tente de surmonter des retards de production et un carnet de commandes encore charg\u00e9.<\/p>\n<p>\u00ab Soyons honn\u00eates : on se fait botter le derri\u00e8re \u00bb, a admis Kuniskis. \u00ab Mais les choses s\u2019am\u00e9liorent chaque jour, et \u00e7a va changer. \u00bb<\/p>\n<p>Les retards li\u00e9s au lancement du nouveau Ram 1500 ont \u00e9t\u00e9 aggrav\u00e9s par des probl\u00e8mes de production. Cependant, des efforts accrus sur le plan du marketing et avec les incitatifs ont permis de stimuler les ventes au troisi\u00e8me trimestre.<\/p>\n<p><\/p>\n<figure><img decoding=\"async\" src=\"https:\/\/news.canadamotorjobs.com\/wp-content\/uploads\/2024\/12\/Tim_Kuniskis_-_Alfa_Romeo_Genf_2019_1Y7A5330-5.jpg\" alt=\"Tim Kuniskis, au Salon de l&#039;auto de Gen\u00e8ve en 2019\" \/><figcaption>Tim Kuniskis, au Salon de l&#8217;auto de Gen\u00e8ve en 2019 | Auto123.com<\/figcaption><\/figure>\n<p><strong>Une gamme revue pour 2025<\/strong><\/p>\n<p>Ram se concentre d\u00e9sormais sur des versions haut de gamme, comme la variante RHO, le mod\u00e8le performant, ainsi que les d\u00e9clinaisons Rebel et Tungsten, cette derni\u00e8re \u00e9tant une option luxueuse reposant au sommet de la gamme. Kuniskis a not\u00e9 que ces versions commencent \u00e0 arriver en concession, mais que le rythme reste lent.<\/p>\n<p>\u00ab Nous aurions d\u00fb \u00eatre compl\u00e8tement op\u00e9rationnels sur ce mod\u00e8le d\u00e8s le d\u00e9but de l\u2019\u00e9t\u00e9 \u00bb, a-t-il reconnu. \u00ab Aujourd\u2019hui encore, le r\u00e9seau n\u2019a pas assez de variantes RHO ou de mod\u00e8les Tungsten de disponibles. \u00bb<\/p>\n<p><strong>Des r\u00e9sultats prometteurs pour les camions HD<\/strong><\/p>\n<p>Malgr\u00e9 les difficult\u00e9s avec les mod\u00e8les de la gamme r\u00e9guli\u00e8re (1500), les camionnettes ultras robustes des s\u00e9ries HD (2500 et 3500) voient leurs ventes \u00eatre en hausse depuis le d\u00e9but de l\u2019ann\u00e9e. Ce segment devient une bou\u00e9e de sauvetage pour la marque, alors qu\u2019elle s\u2019efforce de rattraper son retard sur les autres mod\u00e8les.<\/p>\n<p>Tim Kuniskis est revenu \u00e0 un moment crucial, pr\u00eat \u00e0 mener la charge pour repositionner Ram comme un acteur dominant sur le march\u00e9 des camionnettes. \u00ab J\u2019ai rat\u00e9 l\u2019action \u00bb, a-t-il d\u00e9clar\u00e9, soulignant son engagement \u00e0 affronter les d\u00e9fis de front.<\/p>\n<p>Avec une strat\u00e9gie ax\u00e9e sur les mod\u00e8les haut de gamme et une production renforc\u00e9e, Ram esp\u00e8re inverser la tendance en 2025.<\/p>\n<p><\/p>\n<p style=\"padding-top: 15px\">Contenu original de <a href=\"https:\/\/www.auto123.com\/fr\/actualites\/tim-kuniskis-retour-ram-stellantis\/72176\/\">auto123<\/a>.<\/p>\n<p>Le texte <a rel=\"nofollow\" href=\"https:\/\/annuelauto.ca\/tim-kuniskis-le-pere-du-moteur-hellcat-revient-chez-stellantis\/\">Tim Kuniskis, le p\u00e8re du moteur Hellcat, revient chez Stellantis<\/a> provient de <a rel=\"nofollow\" href=\"https:\/\/annuelauto.ca\">L&#8217;annuel de l&#8217;automobile &#8211; Actualit\u00e9 automobile<\/a><\/p>\n<p><\/p>\n","protected":false},"excerpt":{"rendered":"<p>Tim Kuniskis a surpris l\u2019industrie automobile en annon\u00e7ant son retour chez Stellantis apr\u00e8s seulement six mois de retraite. Kuniskis, ancien dirigeant de Ram et de Dodge, avait quitt\u00e9 son poste de chef de la direction de Ram le 1er juin dernier, mais il a r\u00e9alis\u00e9 rapidement que l\u2019action du secteur automobile lui manquait. \u00ab Les [&hellip;]<\/p>\n","protected":false},"author":8,"featured_media":184555,"comment_status":"close","ping_status":"closed","sticky":false,"template":"","format":"standard","meta":{"_monsterinsights_skip_tracking":false,"_monsterinsights_sitenote_active":false,"_monsterinsights_sitenote_note":"","_monsterinsights_sitenote_category":0,"footnotes":""},"categories":[101],"tags":[],"yoast_head":"<!-- This site is optimized with the Yoast SEO plugin v23.2 - https:\/\/yoast.com\/wordpress\/plugins\/seo\/ -->\n<title>Tim Kuniskis, le p\u00e8re du moteur Hellcat, revient chez Stellantis - CanadaMotorJobs.com<\/title>\n<meta name=\"description\" content=\"Tim Kuniskis, le p\u00e8re du moteur Hellcat, revient chez Stellantis - Benoit Charette - Annuel automobile - CanadaMotorJobs.com.\" \/>\n<meta name=\"robots\" content=\"index, follow, max-snippet:-1, max-image-preview:large, max-video-preview:-1\" \/>\n<meta property=\"og:locale\" content=\"fr_CA\" \/>\n<meta property=\"og:type\" content=\"article\" \/>\n<meta property=\"og:title\" content=\"Tim Kuniskis, le p\u00e8re du moteur Hellcat, revient chez Stellantis - CanadaMotorJobs.com\" \/>\n<meta property=\"og:description\" content=\"Tim Kuniskis, le p\u00e8re du moteur Hellcat, revient chez Stellantis - Benoit Charette - Annuel automobile - CanadaMotorJobs.com.\" \/>\n<meta property=\"og:url\" content=\"https:\/\/news.canadamotorjobs.com\/fr\/tim-kuniskis-le-pere-du-moteur-hellcat-revient-chez-stellantis\/\" \/>\n<meta property=\"og:site_name\" content=\"CanadaMotorJobs.com\" \/>\n<meta property=\"article:publisher\" content=\"https:\/\/www.facebook.com\/canadamotorjobs\/\" \/>\n<meta property=\"article:published_time\" content=\"2024-12-12T19:24:37+00:00\" \/>\n<meta property=\"article:modified_time\" content=\"2024-12-12T19:29:23+00:00\" \/>\n<meta property=\"og:image\" content=\"https:\/\/news.canadamotorjobs.com\/wp-content\/uploads\/2024\/12\/Tim_Kuniskis_-_Alfa_Romeo_Genf_2019_1Y7A5330.jpg\" \/>\n\t<meta property=\"og:image:width\" content=\"1200\" \/>\n\t<meta property=\"og:image:height\" content=\"802\" \/>\n\t<meta property=\"og:image:type\" content=\"image\/jpeg\" \/>\n<meta name=\"author\" content=\"Benoit Charette\" \/>\n<meta name=\"twitter:card\" content=\"summary_large_image\" \/>\n<meta name=\"twitter:creator\" content=\"@canadamotorjobs\" \/>\n<meta name=\"twitter:site\" content=\"@canadamotorjobs\" \/>\n<meta name=\"twitter:label1\" content=\"\u00c9crit par\" \/>\n\t<meta name=\"twitter:data1\" content=\"Benoit Charette\" \/>\n\t<meta name=\"twitter:label2\" content=\"Estimation du temps de lecture\" \/>\n\t<meta name=\"twitter:data2\" content=\"2 minutes\" \/>\n<!-- \/ Yoast SEO plugin. -->","yoast_head_json":{"title":"Tim Kuniskis, le p\u00e8re du moteur Hellcat, revient chez Stellantis - CanadaMotorJobs.com","description":"Tim Kuniskis, le p\u00e8re du moteur Hellcat, revient chez Stellantis - Benoit Charette - Annuel automobile - CanadaMotorJobs.com.","robots":{"index":"index","follow":"follow","max-snippet":"max-snippet:-1","max-image-preview":"max-image-preview:large","max-video-preview":"max-video-preview:-1"},"og_locale":"fr_CA","og_type":"article","og_title":"Tim Kuniskis, le p\u00e8re du moteur Hellcat, revient chez Stellantis - CanadaMotorJobs.com","og_description":"Tim Kuniskis, le p\u00e8re du moteur Hellcat, revient chez Stellantis - Benoit Charette - Annuel automobile - CanadaMotorJobs.com.","og_url":"https:\/\/news.canadamotorjobs.com\/fr\/tim-kuniskis-le-pere-du-moteur-hellcat-revient-chez-stellantis\/","og_site_name":"CanadaMotorJobs.com","article_publisher":"https:\/\/www.facebook.com\/canadamotorjobs\/","article_published_time":"2024-12-12T19:24:37+00:00","article_modified_time":"2024-12-12T19:29:23+00:00","og_image":[{"width":1200,"height":802,"url":"https:\/\/news.canadamotorjobs.com\/wp-content\/uploads\/2024\/12\/Tim_Kuniskis_-_Alfa_Romeo_Genf_2019_1Y7A5330.jpg","type":"image\/jpeg"}],"author":"Benoit Charette","twitter_card":"summary_large_image","twitter_creator":"@canadamotorjobs","twitter_site":"@canadamotorjobs","twitter_misc":{"\u00c9crit par":"Benoit Charette","Estimation du temps de lecture":"2 minutes"},"schema":{"@context":"https:\/\/schema.org","@graph":[{"@type":"Article","@id":"https:\/\/news.canadamotorjobs.com\/fr\/tim-kuniskis-le-pere-du-moteur-hellcat-revient-chez-stellantis\/#article","isPartOf":{"@id":"https:\/\/news.canadamotorjobs.com\/fr\/tim-kuniskis-le-pere-du-moteur-hellcat-revient-chez-stellantis\/"},"author":{"name":"Benoit Charette","@id":"https:\/\/news.canadamotorjobs.com\/#\/schema\/person\/51793d1f87d44011d7bcc2ed99269a90"},"headline":"Tim Kuniskis, le p\u00e8re du moteur Hellcat, revient chez Stellantis","datePublished":"2024-12-12T19:24:37+00:00","dateModified":"2024-12-12T19:29:23+00:00","mainEntityOfPage":{"@id":"https:\/\/news.canadamotorjobs.com\/fr\/tim-kuniskis-le-pere-du-moteur-hellcat-revient-chez-stellantis\/"},"wordCount":503,"publisher":{"@id":"https:\/\/news.canadamotorjobs.com\/#organization"},"image":{"@id":"https:\/\/news.canadamotorjobs.com\/fr\/tim-kuniskis-le-pere-du-moteur-hellcat-revient-chez-stellantis\/#primaryimage"},"thumbnailUrl":"https:\/\/news.canadamotorjobs.com\/wp-content\/uploads\/2024\/12\/Tim_Kuniskis_-_Alfa_Romeo_Genf_2019_1Y7A5330.jpg","articleSection":["Annuel automobile"],"inLanguage":"fr-CA"},{"@type":"WebPage","@id":"https:\/\/news.canadamotorjobs.com\/fr\/tim-kuniskis-le-pere-du-moteur-hellcat-revient-chez-stellantis\/","url":"https:\/\/news.canadamotorjobs.com\/fr\/tim-kuniskis-le-pere-du-moteur-hellcat-revient-chez-stellantis\/","name":"Tim Kuniskis, le p\u00e8re du moteur Hellcat, revient chez Stellantis - CanadaMotorJobs.com","isPartOf":{"@id":"https:\/\/news.canadamotorjobs.com\/#website"},"primaryImageOfPage":{"@id":"https:\/\/news.canadamotorjobs.com\/fr\/tim-kuniskis-le-pere-du-moteur-hellcat-revient-chez-stellantis\/#primaryimage"},"image":{"@id":"https:\/\/news.canadamotorjobs.com\/fr\/tim-kuniskis-le-pere-du-moteur-hellcat-revient-chez-stellantis\/#primaryimage"},"thumbnailUrl":"https:\/\/news.canadamotorjobs.com\/wp-content\/uploads\/2024\/12\/Tim_Kuniskis_-_Alfa_Romeo_Genf_2019_1Y7A5330.jpg","datePublished":"2024-12-12T19:24:37+00:00","dateModified":"2024-12-12T19:29:23+00:00","description":"Tim Kuniskis, le p\u00e8re du moteur Hellcat, revient chez Stellantis - Benoit Charette - Annuel automobile - CanadaMotorJobs.com.","breadcrumb":{"@id":"https:\/\/news.canadamotorjobs.com\/fr\/tim-kuniskis-le-pere-du-moteur-hellcat-revient-chez-stellantis\/#breadcrumb"},"inLanguage":"fr-CA","potentialAction":[{"@type":"ReadAction","target":["https:\/\/news.canadamotorjobs.com\/fr\/tim-kuniskis-le-pere-du-moteur-hellcat-revient-chez-stellantis\/"]}]},{"@type":"ImageObject","inLanguage":"fr-CA","@id":"https:\/\/news.canadamotorjobs.com\/fr\/tim-kuniskis-le-pere-du-moteur-hellcat-revient-chez-stellantis\/#primaryimage","url":"https:\/\/news.canadamotorjobs.com\/wp-content\/uploads\/2024\/12\/Tim_Kuniskis_-_Alfa_Romeo_Genf_2019_1Y7A5330.jpg","contentUrl":"https:\/\/news.canadamotorjobs.com\/wp-content\/uploads\/2024\/12\/Tim_Kuniskis_-_Alfa_Romeo_Genf_2019_1Y7A5330.jpg","width":1200,"height":802},{"@type":"BreadcrumbList","@id":"https:\/\/news.canadamotorjobs.com\/fr\/tim-kuniskis-le-pere-du-moteur-hellcat-revient-chez-stellantis\/#breadcrumb","itemListElement":[{"@type":"ListItem","position":1,"name":"Home","item":"https:\/\/news.canadamotorjobs.com\/fr\/blog\/"},{"@type":"ListItem","position":2,"name":"Tim Kuniskis, le p\u00e8re du moteur Hellcat, revient chez Stellantis"}]},{"@type":"WebSite","@id":"https:\/\/news.canadamotorjobs.com\/#website","url":"https:\/\/news.canadamotorjobs.com\/","name":"CanadaMotorJobs.com","description":"Automotive Jobs","publisher":{"@id":"https:\/\/news.canadamotorjobs.com\/#organization"},"potentialAction":[{"@type":"SearchAction","target":{"@type":"EntryPoint","urlTemplate":"https:\/\/news.canadamotorjobs.com\/?s={search_term_string}"},"query-input":"required name=search_term_string"}],"inLanguage":"fr-CA"},{"@type":"Organization","@id":"https:\/\/news.canadamotorjobs.com\/#organization","name":"Canada Motor Jobs","url":"https:\/\/news.canadamotorjobs.com\/","logo":{"@type":"ImageObject","inLanguage":"fr-CA","@id":"https:\/\/news.canadamotorjobs.com\/#\/schema\/logo\/image\/","url":"https:\/\/news.canadamotorjobs.com\/wp-content\/uploads\/2022\/10\/logo-canada-motor-jobs-1.png","contentUrl":"https:\/\/news.canadamotorjobs.com\/wp-content\/uploads\/2022\/10\/logo-canada-motor-jobs-1.png","width":800,"height":400,"caption":"Canada Motor Jobs"},"image":{"@id":"https:\/\/news.canadamotorjobs.com\/#\/schema\/logo\/image\/"},"sameAs":["https:\/\/www.facebook.com\/canadamotorjobs\/","https:\/\/x.com\/canadamotorjobs","https:\/\/www.instagram.com\/canadamotorjobs\/","https:\/\/www.linkedin.com\/company\/canadamotorjobs"]},{"@type":"Person","@id":"https:\/\/news.canadamotorjobs.com\/#\/schema\/person\/51793d1f87d44011d7bcc2ed99269a90","name":"Benoit Charette","image":{"@type":"ImageObject","inLanguage":"fr-CA","@id":"https:\/\/news.canadamotorjobs.com\/#\/schema\/person\/image\/","url":"https:\/\/secure.gravatar.com\/avatar\/45f3d2eebcccd909668d7ce7ea7267b6?s=96&d=mm&r=g","contentUrl":"https:\/\/secure.gravatar.com\/avatar\/45f3d2eebcccd909668d7ce7ea7267b6?s=96&d=mm&r=g","caption":"Benoit Charette"},"description":"Benoit Charette \/ Propri\u00e9taire et r\u00e9dacteur en chef Benoit Charette pratique le journalisme automobile depuis bient\u00f4t 30 ans. Il a fait ses classes au c\u00f4t\u00e9 de Daniel H\u00e9raud et au Carnet de route de 1992 \u00e0 2001. Il est fondateur, copropri\u00e9taire et r\u00e9dacteur en chef de L\u2019Annuel de l\u2019automobile, qu\u2019il publie depuis 2001. Il a anim\u00e9 les \u00e9missions RPM et RPM+ sur V et les L\u00e9gendes de la route sur Historia. \u00c0 la radio depuis 1986, il reprend l\u2019antenne cette ann\u00e9e sur les ondes de Cogeco et participe pour la deuxi\u00e8me ann\u00e9e \u00e0 l\u2019\u00e9mission Passion Auto sur RDS en plus de mettre en ligne le site Web officiel de L\u2019Annuel de l\u2019automobile sur annuelauto.ca.","sameAs":["https:\/\/annuelauto.ca\/"],"url":"https:\/\/news.canadamotorjobs.com\/fr\/author\/benoit-charette\/"}]}},"_links":{"self":[{"href":"https:\/\/news.canadamotorjobs.com\/fr\/wp-json\/wp\/v2\/posts\/184553"}],"collection":[{"href":"https:\/\/news.canadamotorjobs.com\/fr\/wp-json\/wp\/v2\/posts"}],"about":[{"href":"https:\/\/news.canadamotorjobs.com\/fr\/wp-json\/wp\/v2\/types\/post"}],"author":[{"embeddable":true,"href":"https:\/\/news.canadamotorjobs.com\/fr\/wp-json\/wp\/v2\/users\/8"}],"replies":[{"embeddable":true,"href":"https:\/\/news.canadamotorjobs.com\/fr\/wp-json\/wp\/v2\/comments?post=184553"}],"version-history":[{"count":3,"href":"https:\/\/news.canadamotorjobs.com\/fr\/wp-json\/wp\/v2\/posts\/184553\/revisions"}],"predecessor-version":[{"id":184580,"href":"https:\/\/news.canadamotorjobs.com\/fr\/wp-json\/wp\/v2\/posts\/184553\/revisions\/184580"}],"wp:featuredmedia":[{"embeddable":true,"href":"https:\/\/news.canadamotorjobs.com\/fr\/wp-json\/wp\/v2\/media\/184555"}],"wp:attachment":[{"href":"https:\/\/news.canadamotorjobs.com\/fr\/wp-json\/wp\/v2\/media?parent=184553"}],"wp:term":[{"taxonomy":"category","embeddable":true,"href":"https:\/\/news.canadamotorjobs.com\/fr\/wp-json\/wp\/v2\/categories?post=184553"},{"taxonomy":"post_tag","embeddable":true,"href":"https:\/\/news.canadamotorjobs.com\/fr\/wp-json\/wp\/v2\/tags?post=184553"}],"curies":[{"name":"wp","href":"https:\/\/api.w.org\/{rel}","templated":true}]}}