{"id":184517,"date":"2024-12-12T14:24:38","date_gmt":"2024-12-12T19:24:38","guid":{"rendered":"https:\/\/news.canadamotorjobs.com\/?p=184517"},"modified":"2024-12-12T14:29:10","modified_gmt":"2024-12-12T19:29:10","slug":"90-des-acheteurs-de-vehicules-electriques-vont-en-racheter-un-autre-selon-un-sondage","status":"publish","type":"post","link":"https:\/\/news.canadamotorjobs.com\/fr\/90-des-acheteurs-de-vehicules-electriques-vont-en-racheter-un-autre-selon-un-sondage\/","title":{"rendered":"90 % des acheteurs de v\u00e9hicules \u00e9lectriques vont en racheter un autre, selon un sondage"},"content":{"rendered":"<\/p>\n<p><strong>\u2022\u00a0\u00a0\u00a0 Un nouveau sondage r\u00e9v\u00e8le que 92 % des propri\u00e9taires de v\u00e9hicules \u00e9lectriques vont en racheter un autre.<\/strong><\/p>\n<p>Il se dit beaucoup de choses lorsqu\u2019il est question de v\u00e9hicules \u00e9lectriques. Tant\u00f4t, on parle de l\u2019adoption plus fr\u00e9n\u00e9tique de la technologie en certains endroits, alors qu\u2019\u00e0 d\u2019autres moments, c\u2019est le ralentissement de la demande dans certains coins de la plan\u00e8te qui retient l\u2019attention.<\/p>\n<p>Une chose semble \u00e9vidente, toutefois, lorsqu\u2019on sonde les propri\u00e9taires de mod\u00e8les ; la tr\u00e8s grande majorit\u00e9 ne souhaite pas retourner en arri\u00e8re.<\/p>\n<p>\u00c0 ce propos, une r\u00e9cente \u00e9tude vient nous offrir une perspective claire. En effet, selon une enqu\u00eate men\u00e9e par un groupe de pression international, neuf propri\u00e9taires de v\u00e9hicules \u00e9lectriques sur dix affirment qu\u2019ils opteront de nouveau pour ce type de mod\u00e8le lors de leur prochain achat. La principale raison \u00e9voqu\u00e9e a trait aux co\u00fbts d\u2019exploitation moins \u00e9lev\u00e9s de ce type de v\u00e9hicule.<\/p>\n<p>\u00a0<\/p>\n<p><\/p>\n<figure><img decoding=\"async\" src=\"https:\/\/news.canadamotorjobs.com\/wp-content\/uploads\/2024\/12\/MY25_Cadillac_Optiq_GMCB6570-5.jpg\" alt=\"Le Cadillac Optiq 2025\" \/><figcaption>Le Cadillac Optiq 2025 | Auto123.com<\/figcaption><\/figure>\n<p>Sur les quelque 23 000 conducteurs sond\u00e9s par le groupe <em>Global EV Drivers Alliance<\/em>, qui repr\u00e9sente environ 336 000 conducteurs de v\u00e9hicules \u00e9lectriques, 92 % d\u2019entre eux pr\u00e9voient d\u2019en racheter un. \u00c0 l\u2019inverse, seulement 1 % d\u00e9clarent qu\u2019ils retourneront vers un mod\u00e8le \u00e0 essence.<\/p>\n<p>Le reste, environ 4 % estiment qu\u2019ils iront pour un v\u00e9hicule hybride rechargeable.<\/p>\n<p>\u00ab Ce que nous constatons, c\u2019est qu\u2019il n\u2019y a pas de grande diff\u00e9rence entre ce que les conducteurs ont v\u00e9cu en Norv\u00e8ge et ce qui se passe dans d\u2019autres pays. Les personnes qui optent pour un v\u00e9hicule \u00e9lectrique sont satisfaites de leur choix \u00bb, a d\u00e9clar\u00e9 Petter Haugneland, secr\u00e9taire g\u00e9n\u00e9ral adjoint de l\u2019Association norv\u00e9gienne des v\u00e9hicules \u00e9lectriques.<\/p>\n<p>Outre le fait qu\u2019un mod\u00e8le \u00e9lectrique s\u2019av\u00e8re moins co\u00fbteux \u00e0 utiliser \u00e0 long terme, selon les propri\u00e9taires, d\u2019autres arguments sont avanc\u00e9s par ces derniers pour expliquer pourquoi ils vont acqu\u00e9rir de nouveau un mod\u00e8le tout \u00e9lectrique lors de leur prochain achat. Viennent ensuite les raisons suivantes : un meilleur choix pour l\u2019environnement, l\u2019agr\u00e9ment de conduite, les plus faibles frais d\u2019entretien, ainsi que les incitatifs des autorit\u00e9s.<\/p>\n<p><\/p>\n<figure><img decoding=\"async\" src=\"https:\/\/news.canadamotorjobs.com\/wp-content\/uploads\/2024\/12\/20231230_114924-1.jpg\" alt=\"Un Tesla Model Y, au chargement an Alberta\" \/><figcaption>Un Tesla Model Y, au chargement an Alberta | Auto123.com<\/figcaption><\/figure>\n<p><strong>Des frustrations tout de m\u00eame<\/strong><\/p>\n<p>Parmi les irritants, l\u2019infrastructure de recharge est le principal inconv\u00e9nient cit\u00e9 par les participants qui proviennent de 18 pays, dont les \u00c9tats-Unis, l\u2019Autriche, le Br\u00e9sil, le Canada, la France et l\u2019Inde.<\/p>\n<p>Dans ce cas, les r\u00e9ponses varient assur\u00e9ment d\u2019un endroit \u00e0 un autre. Bien que ce ne soit pas cit\u00e9 dans la nouvelle rapport\u00e9e, il est facile d\u2019imaginer que l\u2019infrastructure de recharge est moins un probl\u00e8me au Qu\u00e9bec qu\u2019elle ne peut l\u2019\u00eatre dans le Wyoming, aux \u00c9tats-Unis.<\/p>\n<p>Petter Haugneland a ajout\u00e9 que \u00ab Si les d\u00e9cideurs politiques veulent aider les clients potentiels, ils doivent rendre le prix des v\u00e9hicules comp\u00e9titifs et am\u00e9liorer l\u2019infrastructure de recharge. \u00bb<\/p>\n<p>Le prix est certes un enjeu d\u2019importance. Les gens qui se sont d\u00e9j\u00e0 procur\u00e9 un v\u00e9hicule \u00e9lectrique l\u2019ont fait parce qu\u2019ils en avaient les moyens. Pour d\u2019autres consommateurs, l\u2019arriv\u00e9e de solutions plus abordables sera n\u00e9cessaire pour les convaincre de faire le saut. Plusieurs ont \u00e9t\u00e9 promis par quelques constructeurs, alors il faudra voir quel sera leur impact le jour o\u00f9 ils seront commercialis\u00e9s.<\/p>\n<p><\/p>\n<figure><img decoding=\"async\" src=\"https:\/\/news.canadamotorjobs.com\/wp-content\/uploads\/2024\/12\/Concession_Hyundai-1.jpg\" alt=\"Un Genesis GV60, au chargement, dans le Maine\" \/><figcaption>Un Genesis GV60, au chargement, dans le Maine | Auto123.com<\/figcaption><\/figure>\n<p style=\"padding-top: 15px\">Contenu original de <a href=\"https:\/\/www.auto123.com\/fr\/actualites\/sondage-vehicules-electriques-90%-fideles\/72174\/\">auto123<\/a>.<\/p>\n<p>Le texte <a rel=\"nofollow\" href=\"https:\/\/annuelauto.ca\/90-des-acheteurs-de-vehicules-electriques-vont-en-racheter-un-autre-selon-un-sondage\/\">90 % des acheteurs de v\u00e9hicules \u00e9lectriques vont en racheter un autre, selon un sondage<\/a> provient de <a rel=\"nofollow\" href=\"https:\/\/annuelauto.ca\">L&#8217;annuel de l&#8217;automobile &#8211; Actualit\u00e9 automobile<\/a><\/p>\n<p><\/p>\n","protected":false},"excerpt":{"rendered":"<p>\u2022\u00a0\u00a0\u00a0 Un nouveau sondage r\u00e9v\u00e8le que 92 % des propri\u00e9taires de v\u00e9hicules \u00e9lectriques vont en racheter un autre. Il se dit beaucoup de choses lorsqu\u2019il est question de v\u00e9hicules \u00e9lectriques. Tant\u00f4t, on parle de l\u2019adoption plus fr\u00e9n\u00e9tique de la technologie en certains endroits, alors qu\u2019\u00e0 d\u2019autres moments, c\u2019est le ralentissement de la demande dans certains [&hellip;]<\/p>\n","protected":false},"author":8,"featured_media":184519,"comment_status":"close","ping_status":"closed","sticky":false,"template":"","format":"standard","meta":{"_monsterinsights_skip_tracking":false,"_monsterinsights_sitenote_active":false,"_monsterinsights_sitenote_note":"","_monsterinsights_sitenote_category":0,"footnotes":""},"categories":[101],"tags":[],"yoast_head":"<!-- This site is optimized with the Yoast SEO plugin v23.2 - https:\/\/yoast.com\/wordpress\/plugins\/seo\/ -->\n<title>90 % des acheteurs de v\u00e9hicules \u00e9lectriques vont en racheter un autre, selon un sondage - CanadaMotorJobs.com<\/title>\n<meta name=\"description\" content=\"90 % des acheteurs de v\u00e9hicules \u00e9lectriques vont en racheter un autre, selon un sondage - Benoit Charette - Annuel automobile - CanadaMotorJobs.com.\" \/>\n<meta name=\"robots\" content=\"index, follow, max-snippet:-1, max-image-preview:large, max-video-preview:-1\" \/>\n<meta property=\"og:locale\" content=\"fr_CA\" \/>\n<meta property=\"og:type\" content=\"article\" \/>\n<meta property=\"og:title\" content=\"90 % des acheteurs de v\u00e9hicules \u00e9lectriques vont en racheter un autre, selon un sondage - CanadaMotorJobs.com\" \/>\n<meta property=\"og:description\" content=\"90 % des acheteurs de v\u00e9hicules \u00e9lectriques vont en racheter un autre, selon un sondage - Benoit Charette - Annuel automobile - CanadaMotorJobs.com.\" \/>\n<meta property=\"og:url\" content=\"https:\/\/news.canadamotorjobs.com\/fr\/90-des-acheteurs-de-vehicules-electriques-vont-en-racheter-un-autre-selon-un-sondage\/\" \/>\n<meta property=\"og:site_name\" content=\"CanadaMotorJobs.com\" \/>\n<meta property=\"article:publisher\" content=\"https:\/\/www.facebook.com\/canadamotorjobs\/\" \/>\n<meta property=\"article:published_time\" content=\"2024-12-12T19:24:38+00:00\" \/>\n<meta property=\"article:modified_time\" content=\"2024-12-12T19:29:10+00:00\" \/>\n<meta property=\"og:image\" content=\"https:\/\/news.canadamotorjobs.com\/wp-content\/uploads\/2024\/12\/MY25_Cadillac_Optiq_GMCB6570.jpg\" \/>\n\t<meta property=\"og:image:width\" content=\"1200\" \/>\n\t<meta property=\"og:image:height\" content=\"801\" \/>\n\t<meta property=\"og:image:type\" content=\"image\/jpeg\" \/>\n<meta name=\"author\" content=\"Benoit Charette\" \/>\n<meta name=\"twitter:card\" content=\"summary_large_image\" \/>\n<meta name=\"twitter:creator\" content=\"@canadamotorjobs\" \/>\n<meta name=\"twitter:site\" content=\"@canadamotorjobs\" \/>\n<meta name=\"twitter:label1\" content=\"\u00c9crit par\" \/>\n\t<meta name=\"twitter:data1\" content=\"Benoit Charette\" \/>\n\t<meta name=\"twitter:label2\" content=\"Estimation du temps de lecture\" \/>\n\t<meta name=\"twitter:data2\" content=\"3 minutes\" \/>\n<!-- \/ Yoast SEO plugin. -->","yoast_head_json":{"title":"90 % des acheteurs de v\u00e9hicules \u00e9lectriques vont en racheter un autre, selon un sondage - CanadaMotorJobs.com","description":"90 % des acheteurs de v\u00e9hicules \u00e9lectriques vont en racheter un autre, selon un sondage - Benoit Charette - Annuel automobile - CanadaMotorJobs.com.","robots":{"index":"index","follow":"follow","max-snippet":"max-snippet:-1","max-image-preview":"max-image-preview:large","max-video-preview":"max-video-preview:-1"},"og_locale":"fr_CA","og_type":"article","og_title":"90 % des acheteurs de v\u00e9hicules \u00e9lectriques vont en racheter un autre, selon un sondage - CanadaMotorJobs.com","og_description":"90 % des acheteurs de v\u00e9hicules \u00e9lectriques vont en racheter un autre, selon un sondage - Benoit Charette - Annuel automobile - CanadaMotorJobs.com.","og_url":"https:\/\/news.canadamotorjobs.com\/fr\/90-des-acheteurs-de-vehicules-electriques-vont-en-racheter-un-autre-selon-un-sondage\/","og_site_name":"CanadaMotorJobs.com","article_publisher":"https:\/\/www.facebook.com\/canadamotorjobs\/","article_published_time":"2024-12-12T19:24:38+00:00","article_modified_time":"2024-12-12T19:29:10+00:00","og_image":[{"width":1200,"height":801,"url":"https:\/\/news.canadamotorjobs.com\/wp-content\/uploads\/2024\/12\/MY25_Cadillac_Optiq_GMCB6570.jpg","type":"image\/jpeg"}],"author":"Benoit Charette","twitter_card":"summary_large_image","twitter_creator":"@canadamotorjobs","twitter_site":"@canadamotorjobs","twitter_misc":{"\u00c9crit par":"Benoit Charette","Estimation du temps de lecture":"3 minutes"},"schema":{"@context":"https:\/\/schema.org","@graph":[{"@type":"Article","@id":"https:\/\/news.canadamotorjobs.com\/fr\/90-des-acheteurs-de-vehicules-electriques-vont-en-racheter-un-autre-selon-un-sondage\/#article","isPartOf":{"@id":"https:\/\/news.canadamotorjobs.com\/fr\/90-des-acheteurs-de-vehicules-electriques-vont-en-racheter-un-autre-selon-un-sondage\/"},"author":{"name":"Benoit Charette","@id":"https:\/\/news.canadamotorjobs.com\/#\/schema\/person\/51793d1f87d44011d7bcc2ed99269a90"},"headline":"90 % des acheteurs de v\u00e9hicules \u00e9lectriques vont en racheter un autre, selon un sondage","datePublished":"2024-12-12T19:24:38+00:00","dateModified":"2024-12-12T19:29:10+00:00","mainEntityOfPage":{"@id":"https:\/\/news.canadamotorjobs.com\/fr\/90-des-acheteurs-de-vehicules-electriques-vont-en-racheter-un-autre-selon-un-sondage\/"},"wordCount":647,"publisher":{"@id":"https:\/\/news.canadamotorjobs.com\/#organization"},"image":{"@id":"https:\/\/news.canadamotorjobs.com\/fr\/90-des-acheteurs-de-vehicules-electriques-vont-en-racheter-un-autre-selon-un-sondage\/#primaryimage"},"thumbnailUrl":"https:\/\/news.canadamotorjobs.com\/wp-content\/uploads\/2024\/12\/MY25_Cadillac_Optiq_GMCB6570.jpg","articleSection":["Annuel automobile"],"inLanguage":"fr-CA"},{"@type":"WebPage","@id":"https:\/\/news.canadamotorjobs.com\/fr\/90-des-acheteurs-de-vehicules-electriques-vont-en-racheter-un-autre-selon-un-sondage\/","url":"https:\/\/news.canadamotorjobs.com\/fr\/90-des-acheteurs-de-vehicules-electriques-vont-en-racheter-un-autre-selon-un-sondage\/","name":"90 % des acheteurs de v\u00e9hicules \u00e9lectriques vont en racheter un autre, selon un sondage - CanadaMotorJobs.com","isPartOf":{"@id":"https:\/\/news.canadamotorjobs.com\/#website"},"primaryImageOfPage":{"@id":"https:\/\/news.canadamotorjobs.com\/fr\/90-des-acheteurs-de-vehicules-electriques-vont-en-racheter-un-autre-selon-un-sondage\/#primaryimage"},"image":{"@id":"https:\/\/news.canadamotorjobs.com\/fr\/90-des-acheteurs-de-vehicules-electriques-vont-en-racheter-un-autre-selon-un-sondage\/#primaryimage"},"thumbnailUrl":"https:\/\/news.canadamotorjobs.com\/wp-content\/uploads\/2024\/12\/MY25_Cadillac_Optiq_GMCB6570.jpg","datePublished":"2024-12-12T19:24:38+00:00","dateModified":"2024-12-12T19:29:10+00:00","description":"90 % des acheteurs de v\u00e9hicules \u00e9lectriques vont en racheter un autre, selon un sondage - Benoit Charette - Annuel automobile - CanadaMotorJobs.com.","breadcrumb":{"@id":"https:\/\/news.canadamotorjobs.com\/fr\/90-des-acheteurs-de-vehicules-electriques-vont-en-racheter-un-autre-selon-un-sondage\/#breadcrumb"},"inLanguage":"fr-CA","potentialAction":[{"@type":"ReadAction","target":["https:\/\/news.canadamotorjobs.com\/fr\/90-des-acheteurs-de-vehicules-electriques-vont-en-racheter-un-autre-selon-un-sondage\/"]}]},{"@type":"ImageObject","inLanguage":"fr-CA","@id":"https:\/\/news.canadamotorjobs.com\/fr\/90-des-acheteurs-de-vehicules-electriques-vont-en-racheter-un-autre-selon-un-sondage\/#primaryimage","url":"https:\/\/news.canadamotorjobs.com\/wp-content\/uploads\/2024\/12\/MY25_Cadillac_Optiq_GMCB6570.jpg","contentUrl":"https:\/\/news.canadamotorjobs.com\/wp-content\/uploads\/2024\/12\/MY25_Cadillac_Optiq_GMCB6570.jpg","width":1200,"height":801},{"@type":"BreadcrumbList","@id":"https:\/\/news.canadamotorjobs.com\/fr\/90-des-acheteurs-de-vehicules-electriques-vont-en-racheter-un-autre-selon-un-sondage\/#breadcrumb","itemListElement":[{"@type":"ListItem","position":1,"name":"Home","item":"https:\/\/news.canadamotorjobs.com\/fr\/blog\/"},{"@type":"ListItem","position":2,"name":"90 % des acheteurs de v\u00e9hicules \u00e9lectriques vont en racheter un autre, selon un sondage"}]},{"@type":"WebSite","@id":"https:\/\/news.canadamotorjobs.com\/#website","url":"https:\/\/news.canadamotorjobs.com\/","name":"CanadaMotorJobs.com","description":"Automotive Jobs","publisher":{"@id":"https:\/\/news.canadamotorjobs.com\/#organization"},"potentialAction":[{"@type":"SearchAction","target":{"@type":"EntryPoint","urlTemplate":"https:\/\/news.canadamotorjobs.com\/?s={search_term_string}"},"query-input":"required name=search_term_string"}],"inLanguage":"fr-CA"},{"@type":"Organization","@id":"https:\/\/news.canadamotorjobs.com\/#organization","name":"Canada Motor Jobs","url":"https:\/\/news.canadamotorjobs.com\/","logo":{"@type":"ImageObject","inLanguage":"fr-CA","@id":"https:\/\/news.canadamotorjobs.com\/#\/schema\/logo\/image\/","url":"https:\/\/news.canadamotorjobs.com\/wp-content\/uploads\/2022\/10\/logo-canada-motor-jobs-1.png","contentUrl":"https:\/\/news.canadamotorjobs.com\/wp-content\/uploads\/2022\/10\/logo-canada-motor-jobs-1.png","width":800,"height":400,"caption":"Canada Motor Jobs"},"image":{"@id":"https:\/\/news.canadamotorjobs.com\/#\/schema\/logo\/image\/"},"sameAs":["https:\/\/www.facebook.com\/canadamotorjobs\/","https:\/\/x.com\/canadamotorjobs","https:\/\/www.instagram.com\/canadamotorjobs\/","https:\/\/www.linkedin.com\/company\/canadamotorjobs"]},{"@type":"Person","@id":"https:\/\/news.canadamotorjobs.com\/#\/schema\/person\/51793d1f87d44011d7bcc2ed99269a90","name":"Benoit Charette","image":{"@type":"ImageObject","inLanguage":"fr-CA","@id":"https:\/\/news.canadamotorjobs.com\/#\/schema\/person\/image\/","url":"https:\/\/secure.gravatar.com\/avatar\/45f3d2eebcccd909668d7ce7ea7267b6?s=96&d=mm&r=g","contentUrl":"https:\/\/secure.gravatar.com\/avatar\/45f3d2eebcccd909668d7ce7ea7267b6?s=96&d=mm&r=g","caption":"Benoit Charette"},"description":"Benoit Charette \/ Propri\u00e9taire et r\u00e9dacteur en chef Benoit Charette pratique le journalisme automobile depuis bient\u00f4t 30 ans. Il a fait ses classes au c\u00f4t\u00e9 de Daniel H\u00e9raud et au Carnet de route de 1992 \u00e0 2001. Il est fondateur, copropri\u00e9taire et r\u00e9dacteur en chef de L\u2019Annuel de l\u2019automobile, qu\u2019il publie depuis 2001. Il a anim\u00e9 les \u00e9missions RPM et RPM+ sur V et les L\u00e9gendes de la route sur Historia. \u00c0 la radio depuis 1986, il reprend l\u2019antenne cette ann\u00e9e sur les ondes de Cogeco et participe pour la deuxi\u00e8me ann\u00e9e \u00e0 l\u2019\u00e9mission Passion Auto sur RDS en plus de mettre en ligne le site Web officiel de L\u2019Annuel de l\u2019automobile sur annuelauto.ca.","sameAs":["https:\/\/annuelauto.ca\/"],"url":"https:\/\/news.canadamotorjobs.com\/fr\/author\/benoit-charette\/"}]}},"_links":{"self":[{"href":"https:\/\/news.canadamotorjobs.com\/fr\/wp-json\/wp\/v2\/posts\/184517"}],"collection":[{"href":"https:\/\/news.canadamotorjobs.com\/fr\/wp-json\/wp\/v2\/posts"}],"about":[{"href":"https:\/\/news.canadamotorjobs.com\/fr\/wp-json\/wp\/v2\/types\/post"}],"author":[{"embeddable":true,"href":"https:\/\/news.canadamotorjobs.com\/fr\/wp-json\/wp\/v2\/users\/8"}],"replies":[{"embeddable":true,"href":"https:\/\/news.canadamotorjobs.com\/fr\/wp-json\/wp\/v2\/comments?post=184517"}],"version-history":[{"count":3,"href":"https:\/\/news.canadamotorjobs.com\/fr\/wp-json\/wp\/v2\/posts\/184517\/revisions"}],"predecessor-version":[{"id":184552,"href":"https:\/\/news.canadamotorjobs.com\/fr\/wp-json\/wp\/v2\/posts\/184517\/revisions\/184552"}],"wp:featuredmedia":[{"embeddable":true,"href":"https:\/\/news.canadamotorjobs.com\/fr\/wp-json\/wp\/v2\/media\/184519"}],"wp:attachment":[{"href":"https:\/\/news.canadamotorjobs.com\/fr\/wp-json\/wp\/v2\/media?parent=184517"}],"wp:term":[{"taxonomy":"category","embeddable":true,"href":"https:\/\/news.canadamotorjobs.com\/fr\/wp-json\/wp\/v2\/categories?post=184517"},{"taxonomy":"post_tag","embeddable":true,"href":"https:\/\/news.canadamotorjobs.com\/fr\/wp-json\/wp\/v2\/tags?post=184517"}],"curies":[{"name":"wp","href":"https:\/\/api.w.org\/{rel}","templated":true}]}}