{"id":184471,"date":"2024-12-12T07:29:50","date_gmt":"2024-12-12T12:29:50","guid":{"rendered":"https:\/\/news.canadamotorjobs.com\/?p=184471"},"modified":"2024-12-12T07:43:53","modified_gmt":"2024-12-12T12:43:53","slug":"tesla-relance-lidee-dun-modele-a-moins-de-30-000","status":"publish","type":"post","link":"https:\/\/news.canadamotorjobs.com\/fr\/tesla-relance-lidee-dun-modele-a-moins-de-30-000\/","title":{"rendered":"Tesla relance l\u2019id\u00e9e d\u2019un mod\u00e8le \u00e0 moins de 30 000 $"},"content":{"rendered":"<\/p>\n<h3>Un projet baptis\u00e9 \u00ab Model Q \u00bb en pr\u00e9paration<\/h3>\n<p>\nLes espoirs d\u2019un v\u00e9hicule Tesla abordable ne sont pas morts. Selon un rapport de <strong>Deutsche Bank<\/strong>, une nouvelle Tesla \u00e0 moins de <strong>30 000 $ USD<\/strong> pourrait arriver, surnomm\u00e9e \u00ab Model Q \u00bb. Cependant, ce prix inclut le cr\u00e9dit d\u2019imp\u00f4t de 7 500 $ pr\u00e9vu par l\u2019<strong>Inflation Reduction Act aux \u00c9Tats-Unis<\/strong>, un programme dont la p\u00e9rennit\u00e9 reste incertaine.<\/p>\n<h3>Une promesse relanc\u00e9e pour 2025<\/h3>\n<p>\nTesla et son PDG, <strong>Elon Musk<\/strong>, avaient d\u00e9j\u00e0 \u00e9voqu\u00e9 l\u2019id\u00e9e d\u2019un mod\u00e8le d\u2019entr\u00e9e de gamme que certains avaient baptis\u00e9 Model 2, mais l\u2019arriv\u00e9e de leur robotaxi avait laiss\u00e9 penser que ce projet avait \u00e9t\u00e9 abandonn\u00e9. D\u00e9sormais, <strong>Travis Axelrod<\/strong>, responsable des relations avec les investisseurs chez Tesla, a confirm\u00e9 \u00e0 Deutsche Bank qu\u2019un mod\u00e8le d\u2019entr\u00e9e de gamme pourrait \u00eatre lanc\u00e9 dans la premi\u00e8re moiti\u00e9 de <strong>2025<\/strong>.<\/p>\n<p>Voici ce que r\u00e9v\u00e8le le rapport :<\/p>\n<blockquote><p>\u00ab Le nouveau mod\u00e8le Tesla (que nous appelons \u2018Model Q\u2019) devrait \u00eatre lanc\u00e9 au premier semestre 2025 \u00e0 un prix inf\u00e9rieur \u00e0 30 000 $, cr\u00e9dits inclus. Sans subvention, son prix atteindrait 37 499 $. \u00bb Nous serons sans doute plus pr\u00e8s de 50 000$ quand le mod\u00e8le arrivera au Canada.<\/p><\/blockquote>\n<p><\/p>\n<h3>Pas un mod\u00e8le enti\u00e8rement nouveau<\/h3>\n<p>\nSelon les analystes, il est peu probable que le <strong>Model Q<\/strong> soit un tout nouveau v\u00e9hicule. Les rumeurs sugg\u00e8rent qu\u2019il pourrait s\u2019agir d\u2019une version simplifi\u00e9e du <strong>Model 3<\/strong>, avec des mat\u00e9riaux int\u00e9rieurs moins co\u00fbteux, des moteurs moins puissants et une batterie de plus petite capacit\u00e9.<\/p>\n<p>Le mod\u00e8le serait fabriqu\u00e9 sur les lignes de production existantes, ce qui renforce cette hypoth\u00e8se. De plus, Tesla pourrait \u00e9galement introduire une version \u00e0 trois rang\u00e9es et empattement long de la <strong>Model Y<\/strong> en Chine, selon le rapport.<\/p>\n<h3>Tesla sous pression face \u00e0 ses concurrents<\/h3>\n<p>\nLe mod\u00e8le le plus abordable actuellement disponible chez Tesla est la <strong>Model 3<\/strong>, avec un prix de d\u00e9part de <strong>44 130 $<\/strong>, hors cr\u00e9dit d\u2019imp\u00f4t. Ce tarif reste bien loin de l\u2019objectif de 30 000 $. Tesla est confront\u00e9 \u00e0 une concurrence accrue de constructeurs proposant des v\u00e9hicules \u00e9lectriques \u00e0 des prix plus accessibles, ce qui explique cette strat\u00e9gie d\u2019entr\u00e9e de gamme.<\/p>\n<p>Avec des renseignements de Jalopnik<\/p>\n<p>Le texte <a rel=\"nofollow\" href=\"https:\/\/annuelauto.ca\/tesla-model-q-30-000-dollars\/\">Tesla relance l\u2019id\u00e9e d\u2019un mod\u00e8le \u00e0 moins de 30 000 $<\/a> provient de <a rel=\"nofollow\" href=\"https:\/\/annuelauto.ca\">L&#8217;annuel de l&#8217;automobile &#8211; Actualit\u00e9 automobile<\/a><\/p>\n<p><\/p>\n","protected":false},"excerpt":{"rendered":"<p>Un projet baptis\u00e9 \u00ab Model Q \u00bb en pr\u00e9paration Les espoirs d\u2019un v\u00e9hicule Tesla abordable ne sont pas morts. Selon un rapport de Deutsche Bank, une nouvelle Tesla \u00e0 moins de 30 000 $ USD pourrait arriver, surnomm\u00e9e \u00ab Model Q \u00bb. Cependant, ce prix inclut le cr\u00e9dit d\u2019imp\u00f4t de 7 500 $ pr\u00e9vu par [&hellip;]<\/p>\n","protected":false},"author":8,"featured_media":184473,"comment_status":"close","ping_status":"closed","sticky":false,"template":"","format":"standard","meta":{"_monsterinsights_skip_tracking":false,"_monsterinsights_sitenote_active":false,"_monsterinsights_sitenote_note":"","_monsterinsights_sitenote_category":0,"footnotes":""},"categories":[101],"tags":[],"yoast_head":"<!-- This site is optimized with the Yoast SEO plugin v23.2 - https:\/\/yoast.com\/wordpress\/plugins\/seo\/ -->\n<title>Tesla relance l\u2019id\u00e9e d\u2019un mod\u00e8le \u00e0 moins de 30 000 $ - CanadaMotorJobs.com<\/title>\n<meta name=\"description\" content=\"Tesla relance l\u2019id\u00e9e d\u2019un mod\u00e8le \u00e0 moins de 30 000 $ - Benoit Charette - Annuel automobile - CanadaMotorJobs.com.\" \/>\n<meta name=\"robots\" content=\"index, follow, max-snippet:-1, max-image-preview:large, max-video-preview:-1\" \/>\n<meta property=\"og:locale\" content=\"fr_CA\" \/>\n<meta property=\"og:type\" content=\"article\" \/>\n<meta property=\"og:title\" content=\"Tesla relance l\u2019id\u00e9e d\u2019un mod\u00e8le \u00e0 moins de 30 000 $ - CanadaMotorJobs.com\" \/>\n<meta property=\"og:description\" content=\"Tesla relance l\u2019id\u00e9e d\u2019un mod\u00e8le \u00e0 moins de 30 000 $ - Benoit Charette - Annuel automobile - CanadaMotorJobs.com.\" \/>\n<meta property=\"og:url\" content=\"https:\/\/news.canadamotorjobs.com\/fr\/tesla-relance-lidee-dun-modele-a-moins-de-30-000\/\" \/>\n<meta property=\"og:site_name\" content=\"CanadaMotorJobs.com\" \/>\n<meta property=\"article:publisher\" content=\"https:\/\/www.facebook.com\/canadamotorjobs\/\" \/>\n<meta property=\"article:published_time\" content=\"2024-12-12T12:29:50+00:00\" \/>\n<meta property=\"article:modified_time\" content=\"2024-12-12T12:43:53+00:00\" \/>\n<meta property=\"og:image\" content=\"https:\/\/news.canadamotorjobs.com\/wp-content\/uploads\/2024\/12\/0_0-8.png\" \/>\n\t<meta property=\"og:image:width\" content=\"1200\" \/>\n\t<meta property=\"og:image:height\" content=\"673\" \/>\n\t<meta property=\"og:image:type\" content=\"image\/png\" \/>\n<meta name=\"author\" content=\"Benoit Charette\" \/>\n<meta name=\"twitter:card\" content=\"summary_large_image\" \/>\n<meta name=\"twitter:creator\" content=\"@canadamotorjobs\" \/>\n<meta name=\"twitter:site\" content=\"@canadamotorjobs\" \/>\n<meta name=\"twitter:label1\" content=\"\u00c9crit par\" \/>\n\t<meta name=\"twitter:data1\" content=\"Benoit Charette\" \/>\n\t<meta name=\"twitter:label2\" content=\"Estimation du temps de lecture\" \/>\n\t<meta name=\"twitter:data2\" content=\"2 minutes\" \/>\n<!-- \/ Yoast SEO plugin. -->","yoast_head_json":{"title":"Tesla relance l\u2019id\u00e9e d\u2019un mod\u00e8le \u00e0 moins de 30 000 $ - CanadaMotorJobs.com","description":"Tesla relance l\u2019id\u00e9e d\u2019un mod\u00e8le \u00e0 moins de 30 000 $ - Benoit Charette - Annuel automobile - CanadaMotorJobs.com.","robots":{"index":"index","follow":"follow","max-snippet":"max-snippet:-1","max-image-preview":"max-image-preview:large","max-video-preview":"max-video-preview:-1"},"og_locale":"fr_CA","og_type":"article","og_title":"Tesla relance l\u2019id\u00e9e d\u2019un mod\u00e8le \u00e0 moins de 30 000 $ - CanadaMotorJobs.com","og_description":"Tesla relance l\u2019id\u00e9e d\u2019un mod\u00e8le \u00e0 moins de 30 000 $ - Benoit Charette - Annuel automobile - CanadaMotorJobs.com.","og_url":"https:\/\/news.canadamotorjobs.com\/fr\/tesla-relance-lidee-dun-modele-a-moins-de-30-000\/","og_site_name":"CanadaMotorJobs.com","article_publisher":"https:\/\/www.facebook.com\/canadamotorjobs\/","article_published_time":"2024-12-12T12:29:50+00:00","article_modified_time":"2024-12-12T12:43:53+00:00","og_image":[{"width":1200,"height":673,"url":"https:\/\/news.canadamotorjobs.com\/wp-content\/uploads\/2024\/12\/0_0-8.png","type":"image\/png"}],"author":"Benoit Charette","twitter_card":"summary_large_image","twitter_creator":"@canadamotorjobs","twitter_site":"@canadamotorjobs","twitter_misc":{"\u00c9crit par":"Benoit Charette","Estimation du temps de lecture":"2 minutes"},"schema":{"@context":"https:\/\/schema.org","@graph":[{"@type":"Article","@id":"https:\/\/news.canadamotorjobs.com\/fr\/tesla-relance-lidee-dun-modele-a-moins-de-30-000\/#article","isPartOf":{"@id":"https:\/\/news.canadamotorjobs.com\/fr\/tesla-relance-lidee-dun-modele-a-moins-de-30-000\/"},"author":{"name":"Benoit Charette","@id":"https:\/\/news.canadamotorjobs.com\/#\/schema\/person\/51793d1f87d44011d7bcc2ed99269a90"},"headline":"Tesla relance l\u2019id\u00e9e d\u2019un mod\u00e8le \u00e0 moins de 30 000 $","datePublished":"2024-12-12T12:29:50+00:00","dateModified":"2024-12-12T12:43:53+00:00","mainEntityOfPage":{"@id":"https:\/\/news.canadamotorjobs.com\/fr\/tesla-relance-lidee-dun-modele-a-moins-de-30-000\/"},"wordCount":406,"publisher":{"@id":"https:\/\/news.canadamotorjobs.com\/#organization"},"image":{"@id":"https:\/\/news.canadamotorjobs.com\/fr\/tesla-relance-lidee-dun-modele-a-moins-de-30-000\/#primaryimage"},"thumbnailUrl":"https:\/\/news.canadamotorjobs.com\/wp-content\/uploads\/2024\/12\/0_0-8.png","articleSection":["Annuel automobile"],"inLanguage":"fr-CA"},{"@type":"WebPage","@id":"https:\/\/news.canadamotorjobs.com\/fr\/tesla-relance-lidee-dun-modele-a-moins-de-30-000\/","url":"https:\/\/news.canadamotorjobs.com\/fr\/tesla-relance-lidee-dun-modele-a-moins-de-30-000\/","name":"Tesla relance l\u2019id\u00e9e d\u2019un mod\u00e8le \u00e0 moins de 30 000 $ - CanadaMotorJobs.com","isPartOf":{"@id":"https:\/\/news.canadamotorjobs.com\/#website"},"primaryImageOfPage":{"@id":"https:\/\/news.canadamotorjobs.com\/fr\/tesla-relance-lidee-dun-modele-a-moins-de-30-000\/#primaryimage"},"image":{"@id":"https:\/\/news.canadamotorjobs.com\/fr\/tesla-relance-lidee-dun-modele-a-moins-de-30-000\/#primaryimage"},"thumbnailUrl":"https:\/\/news.canadamotorjobs.com\/wp-content\/uploads\/2024\/12\/0_0-8.png","datePublished":"2024-12-12T12:29:50+00:00","dateModified":"2024-12-12T12:43:53+00:00","description":"Tesla relance l\u2019id\u00e9e d\u2019un mod\u00e8le \u00e0 moins de 30 000 $ - Benoit Charette - Annuel automobile - CanadaMotorJobs.com.","breadcrumb":{"@id":"https:\/\/news.canadamotorjobs.com\/fr\/tesla-relance-lidee-dun-modele-a-moins-de-30-000\/#breadcrumb"},"inLanguage":"fr-CA","potentialAction":[{"@type":"ReadAction","target":["https:\/\/news.canadamotorjobs.com\/fr\/tesla-relance-lidee-dun-modele-a-moins-de-30-000\/"]}]},{"@type":"ImageObject","inLanguage":"fr-CA","@id":"https:\/\/news.canadamotorjobs.com\/fr\/tesla-relance-lidee-dun-modele-a-moins-de-30-000\/#primaryimage","url":"https:\/\/news.canadamotorjobs.com\/wp-content\/uploads\/2024\/12\/0_0-8.png","contentUrl":"https:\/\/news.canadamotorjobs.com\/wp-content\/uploads\/2024\/12\/0_0-8.png","width":1200,"height":673},{"@type":"BreadcrumbList","@id":"https:\/\/news.canadamotorjobs.com\/fr\/tesla-relance-lidee-dun-modele-a-moins-de-30-000\/#breadcrumb","itemListElement":[{"@type":"ListItem","position":1,"name":"Home","item":"https:\/\/news.canadamotorjobs.com\/fr\/blog\/"},{"@type":"ListItem","position":2,"name":"Tesla relance l\u2019id\u00e9e d\u2019un mod\u00e8le \u00e0 moins de 30 000 $"}]},{"@type":"WebSite","@id":"https:\/\/news.canadamotorjobs.com\/#website","url":"https:\/\/news.canadamotorjobs.com\/","name":"CanadaMotorJobs.com","description":"Automotive Jobs","publisher":{"@id":"https:\/\/news.canadamotorjobs.com\/#organization"},"potentialAction":[{"@type":"SearchAction","target":{"@type":"EntryPoint","urlTemplate":"https:\/\/news.canadamotorjobs.com\/?s={search_term_string}"},"query-input":"required name=search_term_string"}],"inLanguage":"fr-CA"},{"@type":"Organization","@id":"https:\/\/news.canadamotorjobs.com\/#organization","name":"Canada Motor Jobs","url":"https:\/\/news.canadamotorjobs.com\/","logo":{"@type":"ImageObject","inLanguage":"fr-CA","@id":"https:\/\/news.canadamotorjobs.com\/#\/schema\/logo\/image\/","url":"https:\/\/news.canadamotorjobs.com\/wp-content\/uploads\/2022\/10\/logo-canada-motor-jobs-1.png","contentUrl":"https:\/\/news.canadamotorjobs.com\/wp-content\/uploads\/2022\/10\/logo-canada-motor-jobs-1.png","width":800,"height":400,"caption":"Canada Motor Jobs"},"image":{"@id":"https:\/\/news.canadamotorjobs.com\/#\/schema\/logo\/image\/"},"sameAs":["https:\/\/www.facebook.com\/canadamotorjobs\/","https:\/\/x.com\/canadamotorjobs","https:\/\/www.instagram.com\/canadamotorjobs\/","https:\/\/www.linkedin.com\/company\/canadamotorjobs"]},{"@type":"Person","@id":"https:\/\/news.canadamotorjobs.com\/#\/schema\/person\/51793d1f87d44011d7bcc2ed99269a90","name":"Benoit Charette","image":{"@type":"ImageObject","inLanguage":"fr-CA","@id":"https:\/\/news.canadamotorjobs.com\/#\/schema\/person\/image\/","url":"https:\/\/secure.gravatar.com\/avatar\/45f3d2eebcccd909668d7ce7ea7267b6?s=96&d=mm&r=g","contentUrl":"https:\/\/secure.gravatar.com\/avatar\/45f3d2eebcccd909668d7ce7ea7267b6?s=96&d=mm&r=g","caption":"Benoit Charette"},"description":"Benoit Charette \/ Propri\u00e9taire et r\u00e9dacteur en chef Benoit Charette pratique le journalisme automobile depuis bient\u00f4t 30 ans. Il a fait ses classes au c\u00f4t\u00e9 de Daniel H\u00e9raud et au Carnet de route de 1992 \u00e0 2001. Il est fondateur, copropri\u00e9taire et r\u00e9dacteur en chef de L\u2019Annuel de l\u2019automobile, qu\u2019il publie depuis 2001. Il a anim\u00e9 les \u00e9missions RPM et RPM+ sur V et les L\u00e9gendes de la route sur Historia. \u00c0 la radio depuis 1986, il reprend l\u2019antenne cette ann\u00e9e sur les ondes de Cogeco et participe pour la deuxi\u00e8me ann\u00e9e \u00e0 l\u2019\u00e9mission Passion Auto sur RDS en plus de mettre en ligne le site Web officiel de L\u2019Annuel de l\u2019automobile sur annuelauto.ca.","sameAs":["https:\/\/annuelauto.ca\/"],"url":"https:\/\/news.canadamotorjobs.com\/fr\/author\/benoit-charette\/"}]}},"_links":{"self":[{"href":"https:\/\/news.canadamotorjobs.com\/fr\/wp-json\/wp\/v2\/posts\/184471"}],"collection":[{"href":"https:\/\/news.canadamotorjobs.com\/fr\/wp-json\/wp\/v2\/posts"}],"about":[{"href":"https:\/\/news.canadamotorjobs.com\/fr\/wp-json\/wp\/v2\/types\/post"}],"author":[{"embeddable":true,"href":"https:\/\/news.canadamotorjobs.com\/fr\/wp-json\/wp\/v2\/users\/8"}],"replies":[{"embeddable":true,"href":"https:\/\/news.canadamotorjobs.com\/fr\/wp-json\/wp\/v2\/comments?post=184471"}],"version-history":[{"count":2,"href":"https:\/\/news.canadamotorjobs.com\/fr\/wp-json\/wp\/v2\/posts\/184471\/revisions"}],"predecessor-version":[{"id":184475,"href":"https:\/\/news.canadamotorjobs.com\/fr\/wp-json\/wp\/v2\/posts\/184471\/revisions\/184475"}],"wp:featuredmedia":[{"embeddable":true,"href":"https:\/\/news.canadamotorjobs.com\/fr\/wp-json\/wp\/v2\/media\/184473"}],"wp:attachment":[{"href":"https:\/\/news.canadamotorjobs.com\/fr\/wp-json\/wp\/v2\/media?parent=184471"}],"wp:term":[{"taxonomy":"category","embeddable":true,"href":"https:\/\/news.canadamotorjobs.com\/fr\/wp-json\/wp\/v2\/categories?post=184471"},{"taxonomy":"post_tag","embeddable":true,"href":"https:\/\/news.canadamotorjobs.com\/fr\/wp-json\/wp\/v2\/tags?post=184471"}],"curies":[{"name":"wp","href":"https:\/\/api.w.org\/{rel}","templated":true}]}}