{"id":184412,"date":"2024-12-11T14:24:50","date_gmt":"2024-12-11T19:24:50","guid":{"rendered":"https:\/\/news.canadamotorjobs.com\/?p=184412"},"modified":"2024-12-11T14:29:21","modified_gmt":"2024-12-11T19:29:21","slug":"cadillac-fixe-le-prix-americain-de-lescalade-iq-a-129-900","status":"publish","type":"post","link":"https:\/\/news.canadamotorjobs.com\/fr\/cadillac-fixe-le-prix-americain-de-lescalade-iq-a-129-900\/","title":{"rendered":"Cadillac fixe le prix am\u00e9ricain de l\u2019Escalade IQ \u00e0 129\u2009900 $"},"content":{"rendered":"<\/p>\n<p><strong>\u2022\u00a0\u00a0\u00a0 Cadillac va vendre son Escalade IQ \u00e0 partir de 129 900 $ aux \u00c9tats-Unis.<\/strong><\/p>\n<p>L\u2019un des prochains v\u00e9hicules \u00e9lectriques attendus sur les routes nord-am\u00e9ricaines est la version \u00e0 batterie du VUS Cadillac Escalade. Simplement baptis\u00e9 Escalade IQ, le produit sera int\u00e9ressant \u00e0 surveiller, car il repr\u00e9sente l\u2019image de Cadillac, la vieille, alors qu\u2019on lui demande de porter aussi celle de demain, tourn\u00e9e vers les \u00e9lectrons.<\/p>\n<p>Le mod\u00e8le est si important pour la marque que Cadillac n\u2019a pas daign\u00e9 bon changer son nom pour l\u2019arrimer avec ceux des autres nouveaux produits \u00e9lectriques du constructeur, dont les appellations finissent toutes par les lettres IQ.<\/p>\n<p>Sans surprise, le mod\u00e8le va reposer au sommet de la hi\u00e9rarchie, avec tout le luxe et l\u2019opulence que cela sous-entend. Et avec la facture, aussi, qui sera sal\u00e9e. On attend les prix pour les versions canadiennes, mais Cadillac vient de nous en donner une id\u00e9e en divulguant ceux du mod\u00e8le pour le march\u00e9 am\u00e9ricain.<\/p>\n<p><\/p>\n<figure><img decoding=\"async\" src=\"https:\/\/news.canadamotorjobs.com\/wp-content\/uploads\/2024\/12\/MY25_CADILLAC_ESCALADE_IQ_SPORT_B__RJM11320_crop-5.jpg\" alt=\"Le Cadillac Escalade IQ Sport 2025\" \/><figcaption>Le Cadillac Escalade IQ Sport 2025 | Auto123.com<\/figcaption><\/figure>\n<p><strong>On fr\u00f4le les 130 000 $<\/strong><\/p>\n<p>L\u2019Escalade IQ sera offert \u00e0 partir de 129 900 $ US, ce qui est plus de 40 000 $ US que le prix de base de la version \u00e0 Essence. Extrapolons un peu. Chez nous, l\u2019Escalade se vend \u00e0 partir de 115 000 $ CA. En ajoutant, disons 50 000 $ CA \u00e0 la facture, \u00e7a voudrait dire quelque chose autour de 165 000 $ CA pour la variante \u00e9lectrique.<\/p>\n<p>Le mod\u00e8le va offrir toute la grandiloquence que l\u2019on attend d\u2019un v\u00e9hicule de cette cat\u00e9gorie. Son autonomie devrait \u00eatre sup\u00e9rieure \u00e0 700 km, comme elle l\u2019est avec des produits de poids similaire au sein de l\u2019empire de General Motors, comme le Chevrolet Silverado EV.<\/p>\n<p>Quant aux versions annonc\u00e9es, il est question de Luxe 1 et 2 et de Sport 1 et 2. Une variante \u00e0 empattement allong\u00e9 sera ult\u00e9rieurement propos\u00e9e. On peut s\u2019attendre \u00e0 un prix similaire, voire identique, entre les mod\u00e8les Luxe 1 et Sport 1. On a d\u00e9j\u00e0 vu Cadillac agir de la sorte, le mod\u00e8le Sport offrant le m\u00eame \u00e9quipement, mais une allure diff\u00e9rente.<\/p>\n<p>Bien s\u00fbr, nous \u00e9viterons ici de nous \u00e9tendre sur les d\u00e9tails des versions am\u00e9ricaines, car des diff\u00e9rences pourraient marquer celles qui nous seront r\u00e9serv\u00e9es, \u00e0 commencer par la fourchette de prix.<\/p>\n<p><\/p>\n<figure><img decoding=\"async\" src=\"https:\/\/news.canadamotorjobs.com\/wp-content\/uploads\/2024\/12\/MY25_CADILLAC_ESCALADE_IQ_SPORT_B__GMCA5036a-1.jpg\" alt=\"Le Cadillac Escalade IQ Sport 2025, port de chargement\" \/><figcaption>Le Cadillac Escalade IQ Sport 2025, port de chargement | Auto123.com<\/figcaption><\/figure>\n<p style=\"padding-top: 15px\">Contenu original de <a href=\"https:\/\/www.auto123.com\/fr\/actualites\/cadillac-escalade-iq-2025-prix-usa\/72172\/\">auto123<\/a>.<\/p>\n<p>Le texte <a rel=\"nofollow\" href=\"https:\/\/annuelauto.ca\/cadillac-fixe-le-prix-americain-de-lescalade-iq-a-129%e2%80%89900\/\">Cadillac fixe le prix am\u00e9ricain de l\u2019Escalade IQ \u00e0 129\u2009900 $<\/a> provient de <a rel=\"nofollow\" href=\"https:\/\/annuelauto.ca\">L&#8217;annuel de l&#8217;automobile &#8211; Actualit\u00e9 automobile<\/a><\/p>\n<p><\/p>\n","protected":false},"excerpt":{"rendered":"<p>\u2022\u00a0\u00a0\u00a0 Cadillac va vendre son Escalade IQ \u00e0 partir de 129 900 $ aux \u00c9tats-Unis. L\u2019un des prochains v\u00e9hicules \u00e9lectriques attendus sur les routes nord-am\u00e9ricaines est la version \u00e0 batterie du VUS Cadillac Escalade. Simplement baptis\u00e9 Escalade IQ, le produit sera int\u00e9ressant \u00e0 surveiller, car il repr\u00e9sente l\u2019image de Cadillac, la vieille, alors qu\u2019on lui [&hellip;]<\/p>\n","protected":false},"author":8,"featured_media":184414,"comment_status":"close","ping_status":"closed","sticky":false,"template":"","format":"standard","meta":{"_monsterinsights_skip_tracking":false,"_monsterinsights_sitenote_active":false,"_monsterinsights_sitenote_note":"","_monsterinsights_sitenote_category":0,"footnotes":""},"categories":[101],"tags":[],"yoast_head":"<!-- This site is optimized with the Yoast SEO plugin v23.2 - https:\/\/yoast.com\/wordpress\/plugins\/seo\/ -->\n<title>Cadillac fixe le prix am\u00e9ricain de l\u2019Escalade IQ \u00e0 129\u2009900 $ - CanadaMotorJobs.com<\/title>\n<meta name=\"description\" content=\"Cadillac fixe le prix am\u00e9ricain de l\u2019Escalade IQ \u00e0 129\u2009900 $ - Benoit Charette - Annuel automobile - CanadaMotorJobs.com.\" \/>\n<meta name=\"robots\" content=\"index, follow, max-snippet:-1, max-image-preview:large, max-video-preview:-1\" \/>\n<meta property=\"og:locale\" content=\"fr_CA\" \/>\n<meta property=\"og:type\" content=\"article\" \/>\n<meta property=\"og:title\" content=\"Cadillac fixe le prix am\u00e9ricain de l\u2019Escalade IQ \u00e0 129\u2009900 $ - CanadaMotorJobs.com\" \/>\n<meta property=\"og:description\" content=\"Cadillac fixe le prix am\u00e9ricain de l\u2019Escalade IQ \u00e0 129\u2009900 $ - Benoit Charette - Annuel automobile - CanadaMotorJobs.com.\" \/>\n<meta property=\"og:url\" content=\"https:\/\/news.canadamotorjobs.com\/fr\/cadillac-fixe-le-prix-americain-de-lescalade-iq-a-129-900\/\" \/>\n<meta property=\"og:site_name\" content=\"CanadaMotorJobs.com\" \/>\n<meta property=\"article:publisher\" content=\"https:\/\/www.facebook.com\/canadamotorjobs\/\" \/>\n<meta property=\"article:published_time\" content=\"2024-12-11T19:24:50+00:00\" \/>\n<meta property=\"article:modified_time\" content=\"2024-12-11T19:29:21+00:00\" \/>\n<meta property=\"og:image\" content=\"https:\/\/news.canadamotorjobs.com\/wp-content\/uploads\/2024\/12\/MY25_CADILLAC_ESCALADE_IQ_SPORT_B__RJM11320_crop.jpg\" \/>\n\t<meta property=\"og:image:width\" content=\"1200\" \/>\n\t<meta property=\"og:image:height\" content=\"703\" \/>\n\t<meta property=\"og:image:type\" content=\"image\/jpeg\" \/>\n<meta name=\"author\" content=\"Benoit Charette\" \/>\n<meta name=\"twitter:card\" content=\"summary_large_image\" \/>\n<meta name=\"twitter:creator\" content=\"@canadamotorjobs\" \/>\n<meta name=\"twitter:site\" content=\"@canadamotorjobs\" \/>\n<meta name=\"twitter:label1\" content=\"\u00c9crit par\" \/>\n\t<meta name=\"twitter:data1\" content=\"Benoit Charette\" \/>\n\t<meta name=\"twitter:label2\" content=\"Estimation du temps de lecture\" \/>\n\t<meta name=\"twitter:data2\" content=\"2 minutes\" \/>\n<!-- \/ Yoast SEO plugin. -->","yoast_head_json":{"title":"Cadillac fixe le prix am\u00e9ricain de l\u2019Escalade IQ \u00e0 129\u2009900 $ - CanadaMotorJobs.com","description":"Cadillac fixe le prix am\u00e9ricain de l\u2019Escalade IQ \u00e0 129\u2009900 $ - Benoit Charette - Annuel automobile - CanadaMotorJobs.com.","robots":{"index":"index","follow":"follow","max-snippet":"max-snippet:-1","max-image-preview":"max-image-preview:large","max-video-preview":"max-video-preview:-1"},"og_locale":"fr_CA","og_type":"article","og_title":"Cadillac fixe le prix am\u00e9ricain de l\u2019Escalade IQ \u00e0 129\u2009900 $ - CanadaMotorJobs.com","og_description":"Cadillac fixe le prix am\u00e9ricain de l\u2019Escalade IQ \u00e0 129\u2009900 $ - Benoit Charette - Annuel automobile - CanadaMotorJobs.com.","og_url":"https:\/\/news.canadamotorjobs.com\/fr\/cadillac-fixe-le-prix-americain-de-lescalade-iq-a-129-900\/","og_site_name":"CanadaMotorJobs.com","article_publisher":"https:\/\/www.facebook.com\/canadamotorjobs\/","article_published_time":"2024-12-11T19:24:50+00:00","article_modified_time":"2024-12-11T19:29:21+00:00","og_image":[{"width":1200,"height":703,"url":"https:\/\/news.canadamotorjobs.com\/wp-content\/uploads\/2024\/12\/MY25_CADILLAC_ESCALADE_IQ_SPORT_B__RJM11320_crop.jpg","type":"image\/jpeg"}],"author":"Benoit Charette","twitter_card":"summary_large_image","twitter_creator":"@canadamotorjobs","twitter_site":"@canadamotorjobs","twitter_misc":{"\u00c9crit par":"Benoit Charette","Estimation du temps de lecture":"2 minutes"},"schema":{"@context":"https:\/\/schema.org","@graph":[{"@type":"Article","@id":"https:\/\/news.canadamotorjobs.com\/fr\/cadillac-fixe-le-prix-americain-de-lescalade-iq-a-129-900\/#article","isPartOf":{"@id":"https:\/\/news.canadamotorjobs.com\/fr\/cadillac-fixe-le-prix-americain-de-lescalade-iq-a-129-900\/"},"author":{"name":"Benoit Charette","@id":"https:\/\/news.canadamotorjobs.com\/#\/schema\/person\/51793d1f87d44011d7bcc2ed99269a90"},"headline":"Cadillac fixe le prix am\u00e9ricain de l\u2019Escalade IQ \u00e0 129\u2009900 $","datePublished":"2024-12-11T19:24:50+00:00","dateModified":"2024-12-11T19:29:21+00:00","mainEntityOfPage":{"@id":"https:\/\/news.canadamotorjobs.com\/fr\/cadillac-fixe-le-prix-americain-de-lescalade-iq-a-129-900\/"},"wordCount":428,"publisher":{"@id":"https:\/\/news.canadamotorjobs.com\/#organization"},"image":{"@id":"https:\/\/news.canadamotorjobs.com\/fr\/cadillac-fixe-le-prix-americain-de-lescalade-iq-a-129-900\/#primaryimage"},"thumbnailUrl":"https:\/\/news.canadamotorjobs.com\/wp-content\/uploads\/2024\/12\/MY25_CADILLAC_ESCALADE_IQ_SPORT_B__RJM11320_crop.jpg","articleSection":["Annuel automobile"],"inLanguage":"fr-CA"},{"@type":"WebPage","@id":"https:\/\/news.canadamotorjobs.com\/fr\/cadillac-fixe-le-prix-americain-de-lescalade-iq-a-129-900\/","url":"https:\/\/news.canadamotorjobs.com\/fr\/cadillac-fixe-le-prix-americain-de-lescalade-iq-a-129-900\/","name":"Cadillac fixe le prix am\u00e9ricain de l\u2019Escalade IQ \u00e0 129\u2009900 $ - CanadaMotorJobs.com","isPartOf":{"@id":"https:\/\/news.canadamotorjobs.com\/#website"},"primaryImageOfPage":{"@id":"https:\/\/news.canadamotorjobs.com\/fr\/cadillac-fixe-le-prix-americain-de-lescalade-iq-a-129-900\/#primaryimage"},"image":{"@id":"https:\/\/news.canadamotorjobs.com\/fr\/cadillac-fixe-le-prix-americain-de-lescalade-iq-a-129-900\/#primaryimage"},"thumbnailUrl":"https:\/\/news.canadamotorjobs.com\/wp-content\/uploads\/2024\/12\/MY25_CADILLAC_ESCALADE_IQ_SPORT_B__RJM11320_crop.jpg","datePublished":"2024-12-11T19:24:50+00:00","dateModified":"2024-12-11T19:29:21+00:00","description":"Cadillac fixe le prix am\u00e9ricain de l\u2019Escalade IQ \u00e0 129\u2009900 $ - Benoit Charette - Annuel automobile - CanadaMotorJobs.com.","breadcrumb":{"@id":"https:\/\/news.canadamotorjobs.com\/fr\/cadillac-fixe-le-prix-americain-de-lescalade-iq-a-129-900\/#breadcrumb"},"inLanguage":"fr-CA","potentialAction":[{"@type":"ReadAction","target":["https:\/\/news.canadamotorjobs.com\/fr\/cadillac-fixe-le-prix-americain-de-lescalade-iq-a-129-900\/"]}]},{"@type":"ImageObject","inLanguage":"fr-CA","@id":"https:\/\/news.canadamotorjobs.com\/fr\/cadillac-fixe-le-prix-americain-de-lescalade-iq-a-129-900\/#primaryimage","url":"https:\/\/news.canadamotorjobs.com\/wp-content\/uploads\/2024\/12\/MY25_CADILLAC_ESCALADE_IQ_SPORT_B__RJM11320_crop.jpg","contentUrl":"https:\/\/news.canadamotorjobs.com\/wp-content\/uploads\/2024\/12\/MY25_CADILLAC_ESCALADE_IQ_SPORT_B__RJM11320_crop.jpg","width":1200,"height":703},{"@type":"BreadcrumbList","@id":"https:\/\/news.canadamotorjobs.com\/fr\/cadillac-fixe-le-prix-americain-de-lescalade-iq-a-129-900\/#breadcrumb","itemListElement":[{"@type":"ListItem","position":1,"name":"Home","item":"https:\/\/news.canadamotorjobs.com\/fr\/blog\/"},{"@type":"ListItem","position":2,"name":"Cadillac fixe le prix am\u00e9ricain de l\u2019Escalade IQ \u00e0 129\u2009900 $"}]},{"@type":"WebSite","@id":"https:\/\/news.canadamotorjobs.com\/#website","url":"https:\/\/news.canadamotorjobs.com\/","name":"CanadaMotorJobs.com","description":"Automotive Jobs","publisher":{"@id":"https:\/\/news.canadamotorjobs.com\/#organization"},"potentialAction":[{"@type":"SearchAction","target":{"@type":"EntryPoint","urlTemplate":"https:\/\/news.canadamotorjobs.com\/?s={search_term_string}"},"query-input":"required name=search_term_string"}],"inLanguage":"fr-CA"},{"@type":"Organization","@id":"https:\/\/news.canadamotorjobs.com\/#organization","name":"Canada Motor Jobs","url":"https:\/\/news.canadamotorjobs.com\/","logo":{"@type":"ImageObject","inLanguage":"fr-CA","@id":"https:\/\/news.canadamotorjobs.com\/#\/schema\/logo\/image\/","url":"https:\/\/news.canadamotorjobs.com\/wp-content\/uploads\/2022\/10\/logo-canada-motor-jobs-1.png","contentUrl":"https:\/\/news.canadamotorjobs.com\/wp-content\/uploads\/2022\/10\/logo-canada-motor-jobs-1.png","width":800,"height":400,"caption":"Canada Motor Jobs"},"image":{"@id":"https:\/\/news.canadamotorjobs.com\/#\/schema\/logo\/image\/"},"sameAs":["https:\/\/www.facebook.com\/canadamotorjobs\/","https:\/\/x.com\/canadamotorjobs","https:\/\/www.instagram.com\/canadamotorjobs\/","https:\/\/www.linkedin.com\/company\/canadamotorjobs"]},{"@type":"Person","@id":"https:\/\/news.canadamotorjobs.com\/#\/schema\/person\/51793d1f87d44011d7bcc2ed99269a90","name":"Benoit Charette","image":{"@type":"ImageObject","inLanguage":"fr-CA","@id":"https:\/\/news.canadamotorjobs.com\/#\/schema\/person\/image\/","url":"https:\/\/secure.gravatar.com\/avatar\/45f3d2eebcccd909668d7ce7ea7267b6?s=96&d=mm&r=g","contentUrl":"https:\/\/secure.gravatar.com\/avatar\/45f3d2eebcccd909668d7ce7ea7267b6?s=96&d=mm&r=g","caption":"Benoit Charette"},"description":"Benoit Charette \/ Propri\u00e9taire et r\u00e9dacteur en chef Benoit Charette pratique le journalisme automobile depuis bient\u00f4t 30 ans. Il a fait ses classes au c\u00f4t\u00e9 de Daniel H\u00e9raud et au Carnet de route de 1992 \u00e0 2001. Il est fondateur, copropri\u00e9taire et r\u00e9dacteur en chef de L\u2019Annuel de l\u2019automobile, qu\u2019il publie depuis 2001. Il a anim\u00e9 les \u00e9missions RPM et RPM+ sur V et les L\u00e9gendes de la route sur Historia. \u00c0 la radio depuis 1986, il reprend l\u2019antenne cette ann\u00e9e sur les ondes de Cogeco et participe pour la deuxi\u00e8me ann\u00e9e \u00e0 l\u2019\u00e9mission Passion Auto sur RDS en plus de mettre en ligne le site Web officiel de L\u2019Annuel de l\u2019automobile sur annuelauto.ca.","sameAs":["https:\/\/annuelauto.ca\/"],"url":"https:\/\/news.canadamotorjobs.com\/fr\/author\/benoit-charette\/"}]}},"_links":{"self":[{"href":"https:\/\/news.canadamotorjobs.com\/fr\/wp-json\/wp\/v2\/posts\/184412"}],"collection":[{"href":"https:\/\/news.canadamotorjobs.com\/fr\/wp-json\/wp\/v2\/posts"}],"about":[{"href":"https:\/\/news.canadamotorjobs.com\/fr\/wp-json\/wp\/v2\/types\/post"}],"author":[{"embeddable":true,"href":"https:\/\/news.canadamotorjobs.com\/fr\/wp-json\/wp\/v2\/users\/8"}],"replies":[{"embeddable":true,"href":"https:\/\/news.canadamotorjobs.com\/fr\/wp-json\/wp\/v2\/comments?post=184412"}],"version-history":[{"count":3,"href":"https:\/\/news.canadamotorjobs.com\/fr\/wp-json\/wp\/v2\/posts\/184412\/revisions"}],"predecessor-version":[{"id":184443,"href":"https:\/\/news.canadamotorjobs.com\/fr\/wp-json\/wp\/v2\/posts\/184412\/revisions\/184443"}],"wp:featuredmedia":[{"embeddable":true,"href":"https:\/\/news.canadamotorjobs.com\/fr\/wp-json\/wp\/v2\/media\/184414"}],"wp:attachment":[{"href":"https:\/\/news.canadamotorjobs.com\/fr\/wp-json\/wp\/v2\/media?parent=184412"}],"wp:term":[{"taxonomy":"category","embeddable":true,"href":"https:\/\/news.canadamotorjobs.com\/fr\/wp-json\/wp\/v2\/categories?post=184412"},{"taxonomy":"post_tag","embeddable":true,"href":"https:\/\/news.canadamotorjobs.com\/fr\/wp-json\/wp\/v2\/tags?post=184412"}],"curies":[{"name":"wp","href":"https:\/\/api.w.org\/{rel}","templated":true}]}}