{"id":184314,"date":"2024-12-11T08:42:15","date_gmt":"2024-12-11T13:42:15","guid":{"rendered":"https:\/\/news.canadamotorjobs.com\/?p=184314"},"modified":"2024-12-11T08:44:03","modified_gmt":"2024-12-11T13:44:03","slug":"mercedes-benz-lance-une-peinture-capable-de-produire-de-lenergie-solaire","status":"publish","type":"post","link":"https:\/\/news.canadamotorjobs.com\/fr\/mercedes-benz-lance-une-peinture-capable-de-produire-de-lenergie-solaire\/","title":{"rendered":"Mercedes Benz lance une peinture capable de produire de l\u2019\u00e9nergie solaire"},"content":{"rendered":"<\/p>\n<h3>La peinture photovolta\u00efque<\/h3>\n<p>\nMercedes-Benz s\u2019appr\u00eate \u00e0 bouleverser le monde de l\u2019automobile en int\u00e9grant des propri\u00e9t\u00e9s photovolta\u00efques directement dans la peinture de ses v\u00e9hicules. Cette innovation permettra aux voitures de produire de l\u2019\u00e9nergie solaire sans l\u2019utilisation de panneaux solaires traditionnels. Imaginez une couche ultra-mince, plus fine qu\u2019un cheveu humain, pesant seulement 50 grammes par m\u00e8tre carr\u00e9 et offrant un rendement \u00e9nerg\u00e9tique de 20 %. Cette technologie promet de transformer l\u2019autonomie et l\u2019efficacit\u00e9 des v\u00e9hicules \u00e9lectriques.<\/p>\n<h3>Une autonomie impressionnante gr\u00e2ce \u00e0 la lumi\u00e8re du soleil<\/h3>\n<p>\nMercedes-Benz affirme que cette peinture pourrait g\u00e9n\u00e9rer suffisamment d\u2019\u00e9nergie pour parcourir jusqu\u2019\u00e0 <strong>12 000 kilom\u00e8tres par an<\/strong> dans une ville comme Stuttgart, en Allemagne, et jusqu\u2019\u00e0 <strong>20 000 kilom\u00e8tres<\/strong> sous le soleil californien \u00e0 Los Angeles. Cela \u00e9quivaut \u00e0 environ 20 \u00e0 34 kilom\u00e8tres d\u2019autonomie quotidienne. De plus, cette \u00e9nergie exc\u00e9dentaire pourrait \u00eatre utilis\u00e9e pour alimenter d\u2019autres syst\u00e8mes gr\u00e2ce \u00e0 une fonction de recharge bidirectionnelle. Par exemple, un v\u00e9hicule pourrait recharger des \u00e9quipements de camping ou m\u00eame renvoyer de l\u2019\u00e9nergie dans le r\u00e9seau domestique.<\/p>\n<h3>Une approche durable et \u00e9conomique<\/h3>\n<p>\nMercedes-Benz place la durabilit\u00e9 au c\u0153ur de cette innovation. La peinture photovolta\u00efque sera fabriqu\u00e9e sans m\u00e9taux rares ni silicium, utilisant uniquement des mat\u00e9riaux non toxiques et recyclables. En outre, elle est beaucoup moins co\u00fbteuse \u00e0 produire que les panneaux solaires classiques, ouvrant la voie \u00e0 une adoption plus large. Cette avanc\u00e9e s\u2019inscrit dans une strat\u00e9gie plus vaste, incluant des batteries am\u00e9lior\u00e9es, des mat\u00e9riaux biosourc\u00e9s, et des v\u00e9hicules connect\u00e9s. Mercedes illustre cette vision avec son prototype Vision EQXX, une vitrine des technologies \u00e0 venir.<\/p>\n<h3>Un avenir radieux pour les v\u00e9hicules \u00e9lectriques<\/h3>\n<p>\nAlors qu\u2019il y a vingt ans, les tentatives d\u2019int\u00e9grer des panneaux solaires sur les voitures semblaient limit\u00e9es, Mercedes-Benz donne aujourd\u2019hui un aper\u00e7u du futur. Cette technologie, qui combine innovation, durabilit\u00e9 et efficacit\u00e9, pourrait inspirer d\u2019autres constructeurs automobiles \u00e0 suivre le m\u00eame chemin. Avec cette initiative, Mercedes-Benz confirme son r\u00f4le de leader dans l\u2019\u00e9lectrification de l\u2019industrie automobile et ouvre de nouvelles possibilit\u00e9s pour une mobilit\u00e9 respectueuse de l\u2019environnement.<\/p>\n<p>Avec des renseignements d&#8217;Auto Evolution<\/p>\n<p>Le texte <a rel=\"nofollow\" href=\"https:\/\/annuelauto.ca\/mercedes-peinture-photovoltaique-vehicules-solaires\/\">Mercedes Benz lance une peinture capable de produire de l\u2019\u00e9nergie solaire<\/a> provient de <a rel=\"nofollow\" href=\"https:\/\/annuelauto.ca\">L&#8217;annuel de l&#8217;automobile &#8211; Actualit\u00e9 automobile<\/a><\/p>\n<p><\/p>\n","protected":false},"excerpt":{"rendered":"<p>La peinture photovolta\u00efque Mercedes-Benz s\u2019appr\u00eate \u00e0 bouleverser le monde de l\u2019automobile en int\u00e9grant des propri\u00e9t\u00e9s photovolta\u00efques directement dans la peinture de ses v\u00e9hicules. Cette innovation permettra aux voitures de produire de l\u2019\u00e9nergie solaire sans l\u2019utilisation de panneaux solaires traditionnels. Imaginez une couche ultra-mince, plus fine qu\u2019un cheveu humain, pesant seulement 50 grammes par m\u00e8tre carr\u00e9 [&hellip;]<\/p>\n","protected":false},"author":8,"featured_media":184316,"comment_status":"close","ping_status":"closed","sticky":false,"template":"","format":"standard","meta":{"_monsterinsights_skip_tracking":false,"_monsterinsights_sitenote_active":false,"_monsterinsights_sitenote_note":"","_monsterinsights_sitenote_category":0,"footnotes":""},"categories":[101],"tags":[],"yoast_head":"<!-- This site is optimized with the Yoast SEO plugin v23.2 - https:\/\/yoast.com\/wordpress\/plugins\/seo\/ -->\n<title>Mercedes Benz lance une peinture capable de produire de l\u2019\u00e9nergie solaire - CanadaMotorJobs.com<\/title>\n<meta name=\"description\" content=\"Mercedes Benz lance une peinture capable de produire de l\u2019\u00e9nergie solaire - Benoit Charette - Annuel automobile - CanadaMotorJobs.com.\" \/>\n<meta name=\"robots\" content=\"index, follow, max-snippet:-1, max-image-preview:large, max-video-preview:-1\" \/>\n<meta property=\"og:locale\" content=\"fr_CA\" \/>\n<meta property=\"og:type\" content=\"article\" \/>\n<meta property=\"og:title\" content=\"Mercedes Benz lance une peinture capable de produire de l\u2019\u00e9nergie solaire - CanadaMotorJobs.com\" \/>\n<meta property=\"og:description\" content=\"Mercedes Benz lance une peinture capable de produire de l\u2019\u00e9nergie solaire - Benoit Charette - Annuel automobile - CanadaMotorJobs.com.\" \/>\n<meta property=\"og:url\" content=\"https:\/\/news.canadamotorjobs.com\/fr\/mercedes-benz-lance-une-peinture-capable-de-produire-de-lenergie-solaire\/\" \/>\n<meta property=\"og:site_name\" content=\"CanadaMotorJobs.com\" \/>\n<meta property=\"article:publisher\" content=\"https:\/\/www.facebook.com\/canadamotorjobs\/\" \/>\n<meta property=\"article:published_time\" content=\"2024-12-11T13:42:15+00:00\" \/>\n<meta property=\"article:modified_time\" content=\"2024-12-11T13:44:03+00:00\" \/>\n<meta property=\"og:image\" content=\"https:\/\/news.canadamotorjobs.com\/wp-content\/uploads\/2024\/12\/Screenshot-2024-12-05-at-13.54.44.jpg\" \/>\n\t<meta property=\"og:image:width\" content=\"1200\" \/>\n\t<meta property=\"og:image:height\" content=\"675\" \/>\n\t<meta property=\"og:image:type\" content=\"image\/jpeg\" \/>\n<meta name=\"author\" content=\"Benoit Charette\" \/>\n<meta name=\"twitter:card\" content=\"summary_large_image\" \/>\n<meta name=\"twitter:creator\" content=\"@canadamotorjobs\" \/>\n<meta name=\"twitter:site\" content=\"@canadamotorjobs\" \/>\n<meta name=\"twitter:label1\" content=\"\u00c9crit par\" \/>\n\t<meta name=\"twitter:data1\" content=\"Benoit Charette\" \/>\n\t<meta name=\"twitter:label2\" content=\"Estimation du temps de lecture\" \/>\n\t<meta name=\"twitter:data2\" content=\"2 minutes\" \/>\n<!-- \/ Yoast SEO plugin. -->","yoast_head_json":{"title":"Mercedes Benz lance une peinture capable de produire de l\u2019\u00e9nergie solaire - CanadaMotorJobs.com","description":"Mercedes Benz lance une peinture capable de produire de l\u2019\u00e9nergie solaire - Benoit Charette - Annuel automobile - CanadaMotorJobs.com.","robots":{"index":"index","follow":"follow","max-snippet":"max-snippet:-1","max-image-preview":"max-image-preview:large","max-video-preview":"max-video-preview:-1"},"og_locale":"fr_CA","og_type":"article","og_title":"Mercedes Benz lance une peinture capable de produire de l\u2019\u00e9nergie solaire - CanadaMotorJobs.com","og_description":"Mercedes Benz lance une peinture capable de produire de l\u2019\u00e9nergie solaire - Benoit Charette - Annuel automobile - CanadaMotorJobs.com.","og_url":"https:\/\/news.canadamotorjobs.com\/fr\/mercedes-benz-lance-une-peinture-capable-de-produire-de-lenergie-solaire\/","og_site_name":"CanadaMotorJobs.com","article_publisher":"https:\/\/www.facebook.com\/canadamotorjobs\/","article_published_time":"2024-12-11T13:42:15+00:00","article_modified_time":"2024-12-11T13:44:03+00:00","og_image":[{"width":1200,"height":675,"url":"https:\/\/news.canadamotorjobs.com\/wp-content\/uploads\/2024\/12\/Screenshot-2024-12-05-at-13.54.44.jpg","type":"image\/jpeg"}],"author":"Benoit Charette","twitter_card":"summary_large_image","twitter_creator":"@canadamotorjobs","twitter_site":"@canadamotorjobs","twitter_misc":{"\u00c9crit par":"Benoit Charette","Estimation du temps de lecture":"2 minutes"},"schema":{"@context":"https:\/\/schema.org","@graph":[{"@type":"Article","@id":"https:\/\/news.canadamotorjobs.com\/fr\/mercedes-benz-lance-une-peinture-capable-de-produire-de-lenergie-solaire\/#article","isPartOf":{"@id":"https:\/\/news.canadamotorjobs.com\/fr\/mercedes-benz-lance-une-peinture-capable-de-produire-de-lenergie-solaire\/"},"author":{"name":"Benoit Charette","@id":"https:\/\/news.canadamotorjobs.com\/#\/schema\/person\/51793d1f87d44011d7bcc2ed99269a90"},"headline":"Mercedes Benz lance une peinture capable de produire de l\u2019\u00e9nergie solaire","datePublished":"2024-12-11T13:42:15+00:00","dateModified":"2024-12-11T13:44:03+00:00","mainEntityOfPage":{"@id":"https:\/\/news.canadamotorjobs.com\/fr\/mercedes-benz-lance-une-peinture-capable-de-produire-de-lenergie-solaire\/"},"wordCount":415,"publisher":{"@id":"https:\/\/news.canadamotorjobs.com\/#organization"},"image":{"@id":"https:\/\/news.canadamotorjobs.com\/fr\/mercedes-benz-lance-une-peinture-capable-de-produire-de-lenergie-solaire\/#primaryimage"},"thumbnailUrl":"https:\/\/news.canadamotorjobs.com\/wp-content\/uploads\/2024\/12\/Screenshot-2024-12-05-at-13.54.44.jpg","articleSection":["Annuel automobile"],"inLanguage":"fr-CA"},{"@type":"WebPage","@id":"https:\/\/news.canadamotorjobs.com\/fr\/mercedes-benz-lance-une-peinture-capable-de-produire-de-lenergie-solaire\/","url":"https:\/\/news.canadamotorjobs.com\/fr\/mercedes-benz-lance-une-peinture-capable-de-produire-de-lenergie-solaire\/","name":"Mercedes Benz lance une peinture capable de produire de l\u2019\u00e9nergie solaire - CanadaMotorJobs.com","isPartOf":{"@id":"https:\/\/news.canadamotorjobs.com\/#website"},"primaryImageOfPage":{"@id":"https:\/\/news.canadamotorjobs.com\/fr\/mercedes-benz-lance-une-peinture-capable-de-produire-de-lenergie-solaire\/#primaryimage"},"image":{"@id":"https:\/\/news.canadamotorjobs.com\/fr\/mercedes-benz-lance-une-peinture-capable-de-produire-de-lenergie-solaire\/#primaryimage"},"thumbnailUrl":"https:\/\/news.canadamotorjobs.com\/wp-content\/uploads\/2024\/12\/Screenshot-2024-12-05-at-13.54.44.jpg","datePublished":"2024-12-11T13:42:15+00:00","dateModified":"2024-12-11T13:44:03+00:00","description":"Mercedes Benz lance une peinture capable de produire de l\u2019\u00e9nergie solaire - Benoit Charette - Annuel automobile - CanadaMotorJobs.com.","breadcrumb":{"@id":"https:\/\/news.canadamotorjobs.com\/fr\/mercedes-benz-lance-une-peinture-capable-de-produire-de-lenergie-solaire\/#breadcrumb"},"inLanguage":"fr-CA","potentialAction":[{"@type":"ReadAction","target":["https:\/\/news.canadamotorjobs.com\/fr\/mercedes-benz-lance-une-peinture-capable-de-produire-de-lenergie-solaire\/"]}]},{"@type":"ImageObject","inLanguage":"fr-CA","@id":"https:\/\/news.canadamotorjobs.com\/fr\/mercedes-benz-lance-une-peinture-capable-de-produire-de-lenergie-solaire\/#primaryimage","url":"https:\/\/news.canadamotorjobs.com\/wp-content\/uploads\/2024\/12\/Screenshot-2024-12-05-at-13.54.44.jpg","contentUrl":"https:\/\/news.canadamotorjobs.com\/wp-content\/uploads\/2024\/12\/Screenshot-2024-12-05-at-13.54.44.jpg","width":1200,"height":675},{"@type":"BreadcrumbList","@id":"https:\/\/news.canadamotorjobs.com\/fr\/mercedes-benz-lance-une-peinture-capable-de-produire-de-lenergie-solaire\/#breadcrumb","itemListElement":[{"@type":"ListItem","position":1,"name":"Home","item":"https:\/\/news.canadamotorjobs.com\/fr\/blog\/"},{"@type":"ListItem","position":2,"name":"Mercedes Benz lance une peinture capable de produire de l\u2019\u00e9nergie solaire"}]},{"@type":"WebSite","@id":"https:\/\/news.canadamotorjobs.com\/#website","url":"https:\/\/news.canadamotorjobs.com\/","name":"CanadaMotorJobs.com","description":"Automotive Jobs","publisher":{"@id":"https:\/\/news.canadamotorjobs.com\/#organization"},"potentialAction":[{"@type":"SearchAction","target":{"@type":"EntryPoint","urlTemplate":"https:\/\/news.canadamotorjobs.com\/?s={search_term_string}"},"query-input":"required name=search_term_string"}],"inLanguage":"fr-CA"},{"@type":"Organization","@id":"https:\/\/news.canadamotorjobs.com\/#organization","name":"Canada Motor Jobs","url":"https:\/\/news.canadamotorjobs.com\/","logo":{"@type":"ImageObject","inLanguage":"fr-CA","@id":"https:\/\/news.canadamotorjobs.com\/#\/schema\/logo\/image\/","url":"https:\/\/news.canadamotorjobs.com\/wp-content\/uploads\/2022\/10\/logo-canada-motor-jobs-1.png","contentUrl":"https:\/\/news.canadamotorjobs.com\/wp-content\/uploads\/2022\/10\/logo-canada-motor-jobs-1.png","width":800,"height":400,"caption":"Canada Motor Jobs"},"image":{"@id":"https:\/\/news.canadamotorjobs.com\/#\/schema\/logo\/image\/"},"sameAs":["https:\/\/www.facebook.com\/canadamotorjobs\/","https:\/\/x.com\/canadamotorjobs","https:\/\/www.instagram.com\/canadamotorjobs\/","https:\/\/www.linkedin.com\/company\/canadamotorjobs"]},{"@type":"Person","@id":"https:\/\/news.canadamotorjobs.com\/#\/schema\/person\/51793d1f87d44011d7bcc2ed99269a90","name":"Benoit Charette","image":{"@type":"ImageObject","inLanguage":"fr-CA","@id":"https:\/\/news.canadamotorjobs.com\/#\/schema\/person\/image\/","url":"https:\/\/secure.gravatar.com\/avatar\/45f3d2eebcccd909668d7ce7ea7267b6?s=96&d=mm&r=g","contentUrl":"https:\/\/secure.gravatar.com\/avatar\/45f3d2eebcccd909668d7ce7ea7267b6?s=96&d=mm&r=g","caption":"Benoit Charette"},"description":"Benoit Charette \/ Propri\u00e9taire et r\u00e9dacteur en chef Benoit Charette pratique le journalisme automobile depuis bient\u00f4t 30 ans. Il a fait ses classes au c\u00f4t\u00e9 de Daniel H\u00e9raud et au Carnet de route de 1992 \u00e0 2001. Il est fondateur, copropri\u00e9taire et r\u00e9dacteur en chef de L\u2019Annuel de l\u2019automobile, qu\u2019il publie depuis 2001. Il a anim\u00e9 les \u00e9missions RPM et RPM+ sur V et les L\u00e9gendes de la route sur Historia. \u00c0 la radio depuis 1986, il reprend l\u2019antenne cette ann\u00e9e sur les ondes de Cogeco et participe pour la deuxi\u00e8me ann\u00e9e \u00e0 l\u2019\u00e9mission Passion Auto sur RDS en plus de mettre en ligne le site Web officiel de L\u2019Annuel de l\u2019automobile sur annuelauto.ca.","sameAs":["https:\/\/annuelauto.ca\/"],"url":"https:\/\/news.canadamotorjobs.com\/fr\/author\/benoit-charette\/"}]}},"_links":{"self":[{"href":"https:\/\/news.canadamotorjobs.com\/fr\/wp-json\/wp\/v2\/posts\/184314"}],"collection":[{"href":"https:\/\/news.canadamotorjobs.com\/fr\/wp-json\/wp\/v2\/posts"}],"about":[{"href":"https:\/\/news.canadamotorjobs.com\/fr\/wp-json\/wp\/v2\/types\/post"}],"author":[{"embeddable":true,"href":"https:\/\/news.canadamotorjobs.com\/fr\/wp-json\/wp\/v2\/users\/8"}],"replies":[{"embeddable":true,"href":"https:\/\/news.canadamotorjobs.com\/fr\/wp-json\/wp\/v2\/comments?post=184314"}],"version-history":[{"count":2,"href":"https:\/\/news.canadamotorjobs.com\/fr\/wp-json\/wp\/v2\/posts\/184314\/revisions"}],"predecessor-version":[{"id":184318,"href":"https:\/\/news.canadamotorjobs.com\/fr\/wp-json\/wp\/v2\/posts\/184314\/revisions\/184318"}],"wp:featuredmedia":[{"embeddable":true,"href":"https:\/\/news.canadamotorjobs.com\/fr\/wp-json\/wp\/v2\/media\/184316"}],"wp:attachment":[{"href":"https:\/\/news.canadamotorjobs.com\/fr\/wp-json\/wp\/v2\/media?parent=184314"}],"wp:term":[{"taxonomy":"category","embeddable":true,"href":"https:\/\/news.canadamotorjobs.com\/fr\/wp-json\/wp\/v2\/categories?post=184314"},{"taxonomy":"post_tag","embeddable":true,"href":"https:\/\/news.canadamotorjobs.com\/fr\/wp-json\/wp\/v2\/tags?post=184314"}],"curies":[{"name":"wp","href":"https:\/\/api.w.org\/{rel}","templated":true}]}}