{"id":184160,"date":"2024-12-11T02:24:31","date_gmt":"2024-12-11T07:24:31","guid":{"rendered":"https:\/\/news.canadamotorjobs.com\/?p=184160"},"modified":"2024-12-11T02:30:35","modified_gmt":"2024-12-11T07:30:35","slug":"mercedes-amg-purespeed-la-f1-sinvite-dans-un-modele-de-production","status":"publish","type":"post","link":"https:\/\/news.canadamotorjobs.com\/fr\/mercedes-amg-purespeed-la-f1-sinvite-dans-un-modele-de-production\/","title":{"rendered":"Mercedes-AMG PureSpeed : La F1 s\u2019invite dans un mod\u00e8le de production"},"content":{"rendered":"<\/p>\n<p>Mercedes-AMG surprend le monde automobile avec la PureSpeed, une d\u00e9clinaison radicale de la SL63, d\u00e9pourvue de toit et de pare-brise, et int\u00e9grant des r\u00e9f\u00e9rences directes \u00e0 l\u2019univers de la Formule 1. Limit\u00e9e \u00e0 seulement 250 exemplaires, elle fait partie de la nouvelle s\u00e9rie \u00ab Mythos \u00bb de Mercedes, regroupant des mod\u00e8les ultra-exclusifs.<\/p>\n<p><strong>Un hommage au sport automobile centenaire de Mercedes<\/strong><\/p>\n<p>Pr\u00e9sent\u00e9e six mois apr\u00e8s son concept initial, la PureSpeed conserve les traits marquants qui l\u2019ont rendue si unique. Elle arbore une barre \u00ab halo \u00bb inspir\u00e9e de la Formule 1 qui divise l\u2019habitacle, ainsi que deux bossages derri\u00e8re les si\u00e8ges, un clin d\u2019\u0153il direct \u00e0 la l\u00e9gendaire 300SLR.<\/p>\n<p>\u00a0<\/p>\n<p><\/p>\n<figure><img decoding=\"async\" src=\"https:\/\/news.canadamotorjobs.com\/wp-content\/uploads\/2024\/12\/mercedes-amg-purespeed_6-5.jpg\" alt=\"La Mercedes-AMG PureSpeed, trois quarts arri\u00e8re\" \/><figcaption>La Mercedes-AMG PureSpeed, trois quarts arri\u00e8re | Auto123.com<\/figcaption><\/figure>\n<p><strong>L\u2019h\u00e9ritage de la Targa Florio<\/strong><\/p>\n<p>Les couleurs rouge et noir, ainsi que le num\u00e9ro 10 sur les ailes, \u00e9voquent la Mercedes-Benz de la Targa Florio de 1924, victorieuse de cette course mythique. Pour s\u00e9duire les supporters italiens, Mercedes avait alors peint ses voitures aux couleurs des constructeurs italiens. Pour les puristes, une finition argent mat est \u00e9galement propos\u00e9e, en hommage aux teintes historiques des voitures allemandes de course.<\/p>\n<p><\/p>\n<figure><img decoding=\"async\" src=\"https:\/\/news.canadamotorjobs.com\/wp-content\/uploads\/2024\/12\/mercedes-amg-purespeed_14-1.jpg\" alt=\"La Mercedes-AMG PureSpeed, roue, section arri\u00e8re\" \/><figcaption>La Mercedes-AMG PureSpeed, roue, section arri\u00e8re | Auto123.com<\/figcaption><\/figure>\n<p><strong>Technologie et design inspir\u00e9s de la modernit\u00e9<\/strong><\/p>\n<p>Le design de la PureSpeed ne se limite pas \u00e0 l\u2019hommage r\u00e9tro. Son faci\u00e8s reprend des \u00e9l\u00e9ments stylistiques de la super voiture AMG One, tandis que des d\u00e9tails a\u00e9rodynamiques pr\u00e9cis ont \u00e9t\u00e9 ajout\u00e9s pour compenser l\u2019absence de toit et de pare-brise.<\/p>\n<ul><\/p>\n<li>\u2022\u00a0\u00a0\u00a0 M\u00e9canique de haut niveau : Le moteur V8 biturbo de 4,0 litres d\u00e9veloppe 577 chevaux, associ\u00e9 \u00e0 une transmission automatique \u00e0 neuf rapports, une transmission int\u00e9grale, un syst\u00e8me de contr\u00f4le hydraulique du roulis et une direction aux roues arri\u00e8re.<\/li>\n<p><\/p>\n<li>\u2022\u00a0\u00a0\u00a0 S\u00e9curit\u00e9 renforc\u00e9e : Le \u00ab halo \u00bb est une pi\u00e8ce structurale en acier, compl\u00e9t\u00e9e par des arceaux d\u00e9ployables derri\u00e8re les si\u00e8ges pour une s\u00e9curit\u00e9 maximale.<\/li>\n<p>\n<\/ul>\n<p>\u00a0<\/p>\n<p><\/p>\n<figure><img decoding=\"async\" src=\"https:\/\/news.canadamotorjobs.com\/wp-content\/uploads\/2024\/12\/mercedes-amg-purespeed_15-1.jpg\" alt=\"La Mercedes-AMG PureSpeed, de haut\" \/><figcaption>La Mercedes-AMG PureSpeed, de haut | Auto123.com<\/figcaption><\/figure>\n<figure><img decoding=\"async\" src=\"https:\/\/news.canadamotorjobs.com\/wp-content\/uploads\/2024\/12\/mercedes-amg-purespeed_2-1.jpg\" alt=\"La Mercedes-AMG PureSpeed, avant\" \/><figcaption>La Mercedes-AMG PureSpeed, avant | Auto123.com<\/figcaption><\/figure>\n<p><strong>Une exp\u00e9rience de conduite unique<\/strong><\/p>\n<p>Mercedes fournit deux casques a\u00e9rodynamiques avec chaque PureSpeed. Ces derniers int\u00e8grent un syst\u00e8me d\u2019interphone permettant au conducteur et au passager de communiquer, mais aussi de se connecter au syst\u00e8me multim\u00e9dia pour \u00e9couter de la musique ou passer des appels.<\/p>\n<p><\/p>\n<figure><img decoding=\"async\" src=\"https:\/\/news.canadamotorjobs.com\/wp-content\/uploads\/2024\/12\/mercedes-amg-purespeed_29-1.jpg\" alt=\"La Mercedes-AMG PureSpeed, volant, tableau de bord\" \/><figcaption>La Mercedes-AMG PureSpeed, volant, tableau de bord | Auto123.com<\/figcaption><\/figure>\n<figure><img decoding=\"async\" src=\"https:\/\/news.canadamotorjobs.com\/wp-content\/uploads\/2024\/12\/mercedes-amg-purespeed_30-1.jpg\" alt=\"La Mercedes-AMG PureSpeed, si\u00e8ges\" \/><figcaption>La Mercedes-AMG PureSpeed, si\u00e8ges | Auto123.com<\/figcaption><\/figure>\n<p><strong>Un habitacle minimaliste et raffin\u00e9<\/strong><\/p>\n<p>L\u2019int\u00e9rieur reste fid\u00e8le au luxe AMG avec une touche d\u2019exclusivit\u00e9, comme une horloge IWC Schaffhausen tr\u00f4nant sur le tableau de bord. Et pour ceux qui s\u2019inqui\u00e8tent des intemp\u00e9ries, un toit en toile est fourni, utilisable uniquement \u00e0 l\u2019arr\u00eat, rappelant les voitures de course d\u2019antan.<\/p>\n<p><strong>Un bijou r\u00e9serv\u00e9 aux collectionneurs<\/strong><\/p>\n<p>Bien que le prix n\u2019ait pas encore \u00e9t\u00e9 annonc\u00e9, il est clair que la PureSpeed s\u2019adresse aux passionn\u00e9s pr\u00eats \u00e0 investir dans une pi\u00e8ce d\u2019histoire automobile.<\/p>\n<p>Contrairement \u00e0 d\u2019autres \u00e9ditions limit\u00e9es souvent \u00e9puis\u00e9es avant leur lancement officiel, il semble encore possible d\u2019en commander une. Si vous r\u00eavez d\u2019incarner l\u2019esprit de Stirling Moss, il est temps de contacter votre concessionnaire Mercedes.<\/p>\n<p><\/p>\n<figure><img decoding=\"async\" src=\"https:\/\/news.canadamotorjobs.com\/wp-content\/uploads\/2024\/12\/mercedes-amg-purespeed_17-1.jpg\" alt=\"La Mercedes-AMG PureSpeed, de profil\" \/><figcaption>La Mercedes-AMG PureSpeed, de profil | Auto123.com<\/figcaption><\/figure>\n<figure><img decoding=\"async\" src=\"https:\/\/news.canadamotorjobs.com\/wp-content\/uploads\/2024\/12\/mercedes-amg-purespeed_10-1.jpg\" alt=\"La Mercedes-AMG PureSpeed, sur la route\" \/><figcaption>La Mercedes-AMG PureSpeed, sur la route | Auto123.com<\/figcaption><\/figure>\n<figure><img decoding=\"async\" src=\"https:\/\/news.canadamotorjobs.com\/wp-content\/uploads\/2024\/12\/mercedes-amg-purespeed_20-1.jpg\" alt=\"La Mercedes-AMG PureSpeed, phare, \u00e9cusson &#039;10&#039;\" \/><figcaption>La Mercedes-AMG PureSpeed, phare, \u00e9cusson &#8217;10&#8217; | Auto123.com<\/figcaption><\/figure>\n<figure><img decoding=\"async\" src=\"https:\/\/news.canadamotorjobs.com\/wp-content\/uploads\/2024\/12\/mercedes-amg-purespeed_24-1.jpg\" alt=\"La Mercedes-AMG PureSpeed, logo AMG\" \/><figcaption>La Mercedes-AMG PureSpeed, logo AMG | Auto123.com<\/figcaption><\/figure>\n<figure><img decoding=\"async\" src=\"https:\/\/news.canadamotorjobs.com\/wp-content\/uploads\/2024\/12\/mercedes-amg-purespeed_8-1.jpg\" alt=\"La Mercedes-AMG PureSpeed, arri\u00e8re\" \/><figcaption>La Mercedes-AMG PureSpeed, arri\u00e8re | Auto123.com<\/figcaption><\/figure>\n<p style=\"padding-top: 15px\">Contenu original de <a href=\"https:\/\/www.auto123.com\/fr\/actualites\/mercedes-amg-purespeed-f1-production\/72167\/\">auto123<\/a>.<\/p>\n<p>Le texte <a rel=\"nofollow\" href=\"https:\/\/annuelauto.ca\/mercedes-amg-purespeed-la-f1-sinvite-dans-un-modele-de-production\/\">Mercedes-AMG PureSpeed : La F1 s\u2019invite dans un mod\u00e8le de production<\/a> provient de <a rel=\"nofollow\" href=\"https:\/\/annuelauto.ca\">L&#8217;annuel de l&#8217;automobile &#8211; Actualit\u00e9 automobile<\/a><\/p>\n<p><\/p>\n","protected":false},"excerpt":{"rendered":"<p>Mercedes-AMG surprend le monde automobile avec la PureSpeed, une d\u00e9clinaison radicale de la SL63, d\u00e9pourvue de toit et de pare-brise, et int\u00e9grant des r\u00e9f\u00e9rences directes \u00e0 l\u2019univers de la Formule 1. Limit\u00e9e \u00e0 seulement 250 exemplaires, elle fait partie de la nouvelle s\u00e9rie \u00ab Mythos \u00bb de Mercedes, regroupant des mod\u00e8les ultra-exclusifs. Un hommage au [&hellip;]<\/p>\n","protected":false},"author":8,"featured_media":184162,"comment_status":"close","ping_status":"closed","sticky":false,"template":"","format":"standard","meta":{"_monsterinsights_skip_tracking":false,"_monsterinsights_sitenote_active":false,"_monsterinsights_sitenote_note":"","_monsterinsights_sitenote_category":0,"footnotes":""},"categories":[101],"tags":[],"yoast_head":"<!-- This site is optimized with the Yoast SEO plugin v23.2 - https:\/\/yoast.com\/wordpress\/plugins\/seo\/ -->\n<title>Mercedes-AMG PureSpeed : La F1 s\u2019invite dans un mod\u00e8le de production - CanadaMotorJobs.com<\/title>\n<meta name=\"description\" content=\"Mercedes-AMG PureSpeed : La F1 s\u2019invite dans un mod\u00e8le de production - Benoit Charette - Annuel automobile - CanadaMotorJobs.com.\" \/>\n<meta name=\"robots\" content=\"index, follow, max-snippet:-1, max-image-preview:large, max-video-preview:-1\" \/>\n<meta property=\"og:locale\" content=\"fr_CA\" \/>\n<meta property=\"og:type\" content=\"article\" \/>\n<meta property=\"og:title\" content=\"Mercedes-AMG PureSpeed : La F1 s\u2019invite dans un mod\u00e8le de production - CanadaMotorJobs.com\" \/>\n<meta property=\"og:description\" content=\"Mercedes-AMG PureSpeed : La F1 s\u2019invite dans un mod\u00e8le de production - Benoit Charette - Annuel automobile - CanadaMotorJobs.com.\" \/>\n<meta property=\"og:url\" content=\"https:\/\/news.canadamotorjobs.com\/fr\/mercedes-amg-purespeed-la-f1-sinvite-dans-un-modele-de-production\/\" \/>\n<meta property=\"og:site_name\" content=\"CanadaMotorJobs.com\" \/>\n<meta property=\"article:publisher\" content=\"https:\/\/www.facebook.com\/canadamotorjobs\/\" \/>\n<meta property=\"article:published_time\" content=\"2024-12-11T07:24:31+00:00\" \/>\n<meta property=\"article:modified_time\" content=\"2024-12-11T07:30:35+00:00\" \/>\n<meta property=\"og:image\" content=\"https:\/\/news.canadamotorjobs.com\/wp-content\/uploads\/2024\/12\/mercedes-amg-purespeed_6.jpg\" \/>\n\t<meta property=\"og:image:width\" content=\"1200\" \/>\n\t<meta property=\"og:image:height\" content=\"801\" \/>\n\t<meta property=\"og:image:type\" content=\"image\/jpeg\" \/>\n<meta name=\"author\" content=\"Benoit Charette\" \/>\n<meta name=\"twitter:card\" content=\"summary_large_image\" \/>\n<meta name=\"twitter:creator\" content=\"@canadamotorjobs\" \/>\n<meta name=\"twitter:site\" content=\"@canadamotorjobs\" \/>\n<meta name=\"twitter:label1\" content=\"\u00c9crit par\" \/>\n\t<meta name=\"twitter:data1\" content=\"Benoit Charette\" \/>\n\t<meta name=\"twitter:label2\" content=\"Estimation du temps de lecture\" \/>\n\t<meta name=\"twitter:data2\" content=\"3 minutes\" \/>\n<!-- \/ Yoast SEO plugin. -->","yoast_head_json":{"title":"Mercedes-AMG PureSpeed : La F1 s\u2019invite dans un mod\u00e8le de production - CanadaMotorJobs.com","description":"Mercedes-AMG PureSpeed : La F1 s\u2019invite dans un mod\u00e8le de production - Benoit Charette - Annuel automobile - CanadaMotorJobs.com.","robots":{"index":"index","follow":"follow","max-snippet":"max-snippet:-1","max-image-preview":"max-image-preview:large","max-video-preview":"max-video-preview:-1"},"og_locale":"fr_CA","og_type":"article","og_title":"Mercedes-AMG PureSpeed : La F1 s\u2019invite dans un mod\u00e8le de production - CanadaMotorJobs.com","og_description":"Mercedes-AMG PureSpeed : La F1 s\u2019invite dans un mod\u00e8le de production - Benoit Charette - Annuel automobile - CanadaMotorJobs.com.","og_url":"https:\/\/news.canadamotorjobs.com\/fr\/mercedes-amg-purespeed-la-f1-sinvite-dans-un-modele-de-production\/","og_site_name":"CanadaMotorJobs.com","article_publisher":"https:\/\/www.facebook.com\/canadamotorjobs\/","article_published_time":"2024-12-11T07:24:31+00:00","article_modified_time":"2024-12-11T07:30:35+00:00","og_image":[{"width":1200,"height":801,"url":"https:\/\/news.canadamotorjobs.com\/wp-content\/uploads\/2024\/12\/mercedes-amg-purespeed_6.jpg","type":"image\/jpeg"}],"author":"Benoit Charette","twitter_card":"summary_large_image","twitter_creator":"@canadamotorjobs","twitter_site":"@canadamotorjobs","twitter_misc":{"\u00c9crit par":"Benoit Charette","Estimation du temps de lecture":"3 minutes"},"schema":{"@context":"https:\/\/schema.org","@graph":[{"@type":"Article","@id":"https:\/\/news.canadamotorjobs.com\/fr\/mercedes-amg-purespeed-la-f1-sinvite-dans-un-modele-de-production\/#article","isPartOf":{"@id":"https:\/\/news.canadamotorjobs.com\/fr\/mercedes-amg-purespeed-la-f1-sinvite-dans-un-modele-de-production\/"},"author":{"name":"Benoit Charette","@id":"https:\/\/news.canadamotorjobs.com\/#\/schema\/person\/51793d1f87d44011d7bcc2ed99269a90"},"headline":"Mercedes-AMG PureSpeed : La F1 s\u2019invite dans un mod\u00e8le de production","datePublished":"2024-12-11T07:24:31+00:00","dateModified":"2024-12-11T07:30:35+00:00","mainEntityOfPage":{"@id":"https:\/\/news.canadamotorjobs.com\/fr\/mercedes-amg-purespeed-la-f1-sinvite-dans-un-modele-de-production\/"},"wordCount":626,"publisher":{"@id":"https:\/\/news.canadamotorjobs.com\/#organization"},"image":{"@id":"https:\/\/news.canadamotorjobs.com\/fr\/mercedes-amg-purespeed-la-f1-sinvite-dans-un-modele-de-production\/#primaryimage"},"thumbnailUrl":"https:\/\/news.canadamotorjobs.com\/wp-content\/uploads\/2024\/12\/mercedes-amg-purespeed_6.jpg","articleSection":["Annuel automobile"],"inLanguage":"fr-CA"},{"@type":"WebPage","@id":"https:\/\/news.canadamotorjobs.com\/fr\/mercedes-amg-purespeed-la-f1-sinvite-dans-un-modele-de-production\/","url":"https:\/\/news.canadamotorjobs.com\/fr\/mercedes-amg-purespeed-la-f1-sinvite-dans-un-modele-de-production\/","name":"Mercedes-AMG PureSpeed : La F1 s\u2019invite dans un mod\u00e8le de production - CanadaMotorJobs.com","isPartOf":{"@id":"https:\/\/news.canadamotorjobs.com\/#website"},"primaryImageOfPage":{"@id":"https:\/\/news.canadamotorjobs.com\/fr\/mercedes-amg-purespeed-la-f1-sinvite-dans-un-modele-de-production\/#primaryimage"},"image":{"@id":"https:\/\/news.canadamotorjobs.com\/fr\/mercedes-amg-purespeed-la-f1-sinvite-dans-un-modele-de-production\/#primaryimage"},"thumbnailUrl":"https:\/\/news.canadamotorjobs.com\/wp-content\/uploads\/2024\/12\/mercedes-amg-purespeed_6.jpg","datePublished":"2024-12-11T07:24:31+00:00","dateModified":"2024-12-11T07:30:35+00:00","description":"Mercedes-AMG PureSpeed : La F1 s\u2019invite dans un mod\u00e8le de production - Benoit Charette - Annuel automobile - CanadaMotorJobs.com.","breadcrumb":{"@id":"https:\/\/news.canadamotorjobs.com\/fr\/mercedes-amg-purespeed-la-f1-sinvite-dans-un-modele-de-production\/#breadcrumb"},"inLanguage":"fr-CA","potentialAction":[{"@type":"ReadAction","target":["https:\/\/news.canadamotorjobs.com\/fr\/mercedes-amg-purespeed-la-f1-sinvite-dans-un-modele-de-production\/"]}]},{"@type":"ImageObject","inLanguage":"fr-CA","@id":"https:\/\/news.canadamotorjobs.com\/fr\/mercedes-amg-purespeed-la-f1-sinvite-dans-un-modele-de-production\/#primaryimage","url":"https:\/\/news.canadamotorjobs.com\/wp-content\/uploads\/2024\/12\/mercedes-amg-purespeed_6.jpg","contentUrl":"https:\/\/news.canadamotorjobs.com\/wp-content\/uploads\/2024\/12\/mercedes-amg-purespeed_6.jpg","width":1200,"height":801},{"@type":"BreadcrumbList","@id":"https:\/\/news.canadamotorjobs.com\/fr\/mercedes-amg-purespeed-la-f1-sinvite-dans-un-modele-de-production\/#breadcrumb","itemListElement":[{"@type":"ListItem","position":1,"name":"Home","item":"https:\/\/news.canadamotorjobs.com\/fr\/blog\/"},{"@type":"ListItem","position":2,"name":"Mercedes-AMG PureSpeed : La F1 s\u2019invite dans un mod\u00e8le de production"}]},{"@type":"WebSite","@id":"https:\/\/news.canadamotorjobs.com\/#website","url":"https:\/\/news.canadamotorjobs.com\/","name":"CanadaMotorJobs.com","description":"Automotive Jobs","publisher":{"@id":"https:\/\/news.canadamotorjobs.com\/#organization"},"potentialAction":[{"@type":"SearchAction","target":{"@type":"EntryPoint","urlTemplate":"https:\/\/news.canadamotorjobs.com\/?s={search_term_string}"},"query-input":"required name=search_term_string"}],"inLanguage":"fr-CA"},{"@type":"Organization","@id":"https:\/\/news.canadamotorjobs.com\/#organization","name":"Canada Motor Jobs","url":"https:\/\/news.canadamotorjobs.com\/","logo":{"@type":"ImageObject","inLanguage":"fr-CA","@id":"https:\/\/news.canadamotorjobs.com\/#\/schema\/logo\/image\/","url":"https:\/\/news.canadamotorjobs.com\/wp-content\/uploads\/2022\/10\/logo-canada-motor-jobs-1.png","contentUrl":"https:\/\/news.canadamotorjobs.com\/wp-content\/uploads\/2022\/10\/logo-canada-motor-jobs-1.png","width":800,"height":400,"caption":"Canada Motor Jobs"},"image":{"@id":"https:\/\/news.canadamotorjobs.com\/#\/schema\/logo\/image\/"},"sameAs":["https:\/\/www.facebook.com\/canadamotorjobs\/","https:\/\/x.com\/canadamotorjobs","https:\/\/www.instagram.com\/canadamotorjobs\/","https:\/\/www.linkedin.com\/company\/canadamotorjobs"]},{"@type":"Person","@id":"https:\/\/news.canadamotorjobs.com\/#\/schema\/person\/51793d1f87d44011d7bcc2ed99269a90","name":"Benoit Charette","image":{"@type":"ImageObject","inLanguage":"fr-CA","@id":"https:\/\/news.canadamotorjobs.com\/#\/schema\/person\/image\/","url":"https:\/\/secure.gravatar.com\/avatar\/45f3d2eebcccd909668d7ce7ea7267b6?s=96&d=mm&r=g","contentUrl":"https:\/\/secure.gravatar.com\/avatar\/45f3d2eebcccd909668d7ce7ea7267b6?s=96&d=mm&r=g","caption":"Benoit Charette"},"description":"Benoit Charette \/ Propri\u00e9taire et r\u00e9dacteur en chef Benoit Charette pratique le journalisme automobile depuis bient\u00f4t 30 ans. Il a fait ses classes au c\u00f4t\u00e9 de Daniel H\u00e9raud et au Carnet de route de 1992 \u00e0 2001. Il est fondateur, copropri\u00e9taire et r\u00e9dacteur en chef de L\u2019Annuel de l\u2019automobile, qu\u2019il publie depuis 2001. Il a anim\u00e9 les \u00e9missions RPM et RPM+ sur V et les L\u00e9gendes de la route sur Historia. \u00c0 la radio depuis 1986, il reprend l\u2019antenne cette ann\u00e9e sur les ondes de Cogeco et participe pour la deuxi\u00e8me ann\u00e9e \u00e0 l\u2019\u00e9mission Passion Auto sur RDS en plus de mettre en ligne le site Web officiel de L\u2019Annuel de l\u2019automobile sur annuelauto.ca.","sameAs":["https:\/\/annuelauto.ca\/"],"url":"https:\/\/news.canadamotorjobs.com\/fr\/author\/benoit-charette\/"}]}},"_links":{"self":[{"href":"https:\/\/news.canadamotorjobs.com\/fr\/wp-json\/wp\/v2\/posts\/184160"}],"collection":[{"href":"https:\/\/news.canadamotorjobs.com\/fr\/wp-json\/wp\/v2\/posts"}],"about":[{"href":"https:\/\/news.canadamotorjobs.com\/fr\/wp-json\/wp\/v2\/types\/post"}],"author":[{"embeddable":true,"href":"https:\/\/news.canadamotorjobs.com\/fr\/wp-json\/wp\/v2\/users\/8"}],"replies":[{"embeddable":true,"href":"https:\/\/news.canadamotorjobs.com\/fr\/wp-json\/wp\/v2\/comments?post=184160"}],"version-history":[{"count":3,"href":"https:\/\/news.canadamotorjobs.com\/fr\/wp-json\/wp\/v2\/posts\/184160\/revisions"}],"predecessor-version":[{"id":184227,"href":"https:\/\/news.canadamotorjobs.com\/fr\/wp-json\/wp\/v2\/posts\/184160\/revisions\/184227"}],"wp:featuredmedia":[{"embeddable":true,"href":"https:\/\/news.canadamotorjobs.com\/fr\/wp-json\/wp\/v2\/media\/184162"}],"wp:attachment":[{"href":"https:\/\/news.canadamotorjobs.com\/fr\/wp-json\/wp\/v2\/media?parent=184160"}],"wp:term":[{"taxonomy":"category","embeddable":true,"href":"https:\/\/news.canadamotorjobs.com\/fr\/wp-json\/wp\/v2\/categories?post=184160"},{"taxonomy":"post_tag","embeddable":true,"href":"https:\/\/news.canadamotorjobs.com\/fr\/wp-json\/wp\/v2\/tags?post=184160"}],"curies":[{"name":"wp","href":"https:\/\/api.w.org\/{rel}","templated":true}]}}