{"id":184120,"date":"2024-12-11T02:24:33","date_gmt":"2024-12-11T07:24:33","guid":{"rendered":"https:\/\/news.canadamotorjobs.com\/?p=184120"},"modified":"2024-12-11T02:30:05","modified_gmt":"2024-12-11T07:30:05","slug":"production-lancee-pour-le-vus-lucid-gravity","status":"publish","type":"post","link":"https:\/\/news.canadamotorjobs.com\/fr\/production-lancee-pour-le-vus-lucid-gravity\/","title":{"rendered":"Production lanc\u00e9e pour le VUS Lucid Gravity"},"content":{"rendered":"<\/p>\n<p>Le fabricant Lucid Motors a lanc\u00e9 la semaine derni\u00e8re la fabrication de son deuxi\u00e8me mod\u00e8le, le VUS Gravity. Ce dernier nous avait \u00e9t\u00e9 pr\u00e9sent\u00e9 en grande pompe au Salon de l\u2019auto de Los Angeles de 2023, il y a 13 mois.<\/p>\n<p>Les premiers exemplaires du mod\u00e8le ont commenc\u00e9 \u00e0 sortir de l\u2019usine Casa Grande que la compagnie op\u00e8re en Arizona, aux \u00c9tats-Unis.<\/p>\n<p>Le d\u00e9but de la production du Gravity est un moment important pour Lucid. Apr\u00e8s avoir lanc\u00e9 la berline Air, dont le tirage est beaucoup plus limit\u00e9, l\u2019arriv\u00e9e d\u2019un VUS, le type de mod\u00e8le qui se vend, va permettre \u00e0 la compagnie d\u2019aller jouer dans la cour des grands.<\/p>\n<p>Car pour g\u00e9n\u00e9rer des revenus et accumuler des liquidit\u00e9s, les ventes doivent \u00eatre au rendez-vous. Or, l\u2019Air, en raison de son prix \u00e9lev\u00e9, ne fait pas courir les foules. Au troisi\u00e8me trimestre de cette ann\u00e9e, la compagnie n\u2019a \u00e9coul\u00e9 que 2781 unit\u00e9s. C\u2019est peu, mais \u00e7a demeure quelque 90 % de plus qu\u2019\u00e0 la m\u00eame p\u00e9riode en 2023. Avec un VUS, \u00e7a devrait aider.<\/p>\n<p>\u00a0<\/p>\n<p><\/p>\n<figure><img decoding=\"async\" src=\"https:\/\/news.canadamotorjobs.com\/wp-content\/uploads\/2024\/12\/lucid_gravity_4-5.jpeg\" alt=\"Lucid Gravity 2025, de profil\" \/><figcaption>Lucid Gravity 2025, de profil | Auto123.com<\/figcaption><\/figure>\n<p><strong>Un Grand Touring d&#8217;abord<\/strong><\/p>\n<p>La compagnie va d\u2019abord proposer une variante un peu plus ch\u00e8re. Le Gravity Grand Touring sera propos\u00e9e \u00e0 environ 95 000 $ US. Une variante Touring va suivre plus tard en 2025, \u00e0 un prix tournant autour de 80 000 $ US. Il faudra voir pour les prix canadiens au moment o\u00f9 le mod\u00e8le va se pointer chez nous.<\/p>\n<p>La compagnie a aussi laiss\u00e9 entendre qu\u2019une troisi\u00e8me d\u00e9clinaison (Pure) plus d\u00e9nud\u00e9e serait \u00e9ventuellement introduite, avec un prix encore plus all\u00e9chant.<\/p>\n<p>Le Lucid Gravity Grand Touring propose une cavalerie de 828 chevaux et une autonomie estim\u00e9e par l\u2019entreprise \u00e0 quelque 700 km. Si cela s\u2019av\u00e8re, ce sera sup\u00e9rieur \u00e0 n\u2019importe quel autre VUS \u00e9lectrique que l\u2019on peut trouver sur le march\u00e9.<\/p>\n<p>Lucid travaille aussi sur un VUS plus compact qui aura pour mission d\u2019aller concurrencer le Tesla Model Y. Ce produit serait lanc\u00e9 \u00e0 la fin de l\u2019ann\u00e9e 2026. On a laiss\u00e9 entendre un prix de base sous les 50 000 $ US dans son cas, mais c\u2019est encore tr\u00e8s t\u00f4t.<\/p>\n<p>Il est \u00e0 souligner que Lucid poss\u00e8de aussi une usine en Arabie Saoudite. Des agrandissements sont pr\u00e9vus pour qu\u2019\u00e9ventuellement, la production puisse \u00eatre de 150 000 mod\u00e8les par ann\u00e9e pour \u00eatre en mesure de r\u00e9pondre \u00e0 la demande.<\/p>\n<p>On le voit, la compagnie a des plans clairs. Reste \u00e0 savoir si tout cela sera viable. Le tout risque de passer par le succ\u00e8s (ou l\u2019\u00e9chec) du VUS Gravity.<\/p>\n<p><\/p>\n<figure><img decoding=\"async\" src=\"https:\/\/news.canadamotorjobs.com\/wp-content\/uploads\/2024\/12\/lucid_gravity_1-1.jpeg\" alt=\"Lucid Gravity 2025, int\u00e9rieur\" \/><figcaption>Lucid Gravity 2025, int\u00e9rieur | Auto123.com<\/figcaption><\/figure>\n<figure><img decoding=\"async\" src=\"https:\/\/news.canadamotorjobs.com\/wp-content\/uploads\/2024\/12\/lucid_gravity_420-1.jpeg\" alt=\"Lucid Gravity 2025, avant\" \/><figcaption>Lucid Gravity 2025, avant | Auto123.com<\/figcaption><\/figure>\n<figure><img decoding=\"async\" src=\"https:\/\/news.canadamotorjobs.com\/wp-content\/uploads\/2024\/12\/lucid_gravity_87-1.jpeg\" alt=\"Lucid Gravity 2025, arri\u00e8re\" \/><figcaption>Lucid Gravity 2025, arri\u00e8re | Auto123.com<\/figcaption><\/figure>\n<p style=\"padding-top: 15px\">Contenu original de <a href=\"https:\/\/www.auto123.com\/fr\/actualites\/lucid-gravity-vus-production-lancee\/72166\/\">auto123<\/a>.<\/p>\n<p>Le texte <a rel=\"nofollow\" href=\"https:\/\/annuelauto.ca\/production-lancee-pour-le-vus-lucid-gravity\/\">Production lanc\u00e9e pour le VUS Lucid Gravity<\/a> provient de <a rel=\"nofollow\" href=\"https:\/\/annuelauto.ca\">L&#8217;annuel de l&#8217;automobile &#8211; Actualit\u00e9 automobile<\/a><\/p>\n<p><\/p>\n","protected":false},"excerpt":{"rendered":"<p>Le fabricant Lucid Motors a lanc\u00e9 la semaine derni\u00e8re la fabrication de son deuxi\u00e8me mod\u00e8le, le VUS Gravity. Ce dernier nous avait \u00e9t\u00e9 pr\u00e9sent\u00e9 en grande pompe au Salon de l\u2019auto de Los Angeles de 2023, il y a 13 mois. Les premiers exemplaires du mod\u00e8le ont commenc\u00e9 \u00e0 sortir de l\u2019usine Casa Grande que [&hellip;]<\/p>\n","protected":false},"author":8,"featured_media":184122,"comment_status":"close","ping_status":"closed","sticky":false,"template":"","format":"standard","meta":{"_monsterinsights_skip_tracking":false,"_monsterinsights_sitenote_active":false,"_monsterinsights_sitenote_note":"","_monsterinsights_sitenote_category":0,"footnotes":""},"categories":[101],"tags":[],"yoast_head":"<!-- This site is optimized with the Yoast SEO plugin v23.2 - https:\/\/yoast.com\/wordpress\/plugins\/seo\/ -->\n<title>Production lanc\u00e9e pour le VUS Lucid Gravity - CanadaMotorJobs.com<\/title>\n<meta name=\"description\" content=\"Production lanc\u00e9e pour le VUS Lucid Gravity - Benoit Charette - Annuel automobile - CanadaMotorJobs.com.\" \/>\n<meta name=\"robots\" content=\"index, follow, max-snippet:-1, max-image-preview:large, max-video-preview:-1\" \/>\n<meta property=\"og:locale\" content=\"fr_CA\" \/>\n<meta property=\"og:type\" content=\"article\" \/>\n<meta property=\"og:title\" content=\"Production lanc\u00e9e pour le VUS Lucid Gravity - CanadaMotorJobs.com\" \/>\n<meta property=\"og:description\" content=\"Production lanc\u00e9e pour le VUS Lucid Gravity - Benoit Charette - Annuel automobile - CanadaMotorJobs.com.\" \/>\n<meta property=\"og:url\" content=\"https:\/\/news.canadamotorjobs.com\/fr\/production-lancee-pour-le-vus-lucid-gravity\/\" \/>\n<meta property=\"og:site_name\" content=\"CanadaMotorJobs.com\" \/>\n<meta property=\"article:publisher\" content=\"https:\/\/www.facebook.com\/canadamotorjobs\/\" \/>\n<meta property=\"article:published_time\" content=\"2024-12-11T07:24:33+00:00\" \/>\n<meta property=\"article:modified_time\" content=\"2024-12-11T07:30:05+00:00\" \/>\n<meta property=\"og:image\" content=\"https:\/\/news.canadamotorjobs.com\/wp-content\/uploads\/2024\/12\/lucid_gravity_4.jpeg\" \/>\n\t<meta property=\"og:image:width\" content=\"1200\" \/>\n\t<meta property=\"og:image:height\" content=\"800\" \/>\n\t<meta property=\"og:image:type\" content=\"image\/jpeg\" \/>\n<meta name=\"author\" content=\"Benoit Charette\" \/>\n<meta name=\"twitter:card\" content=\"summary_large_image\" \/>\n<meta name=\"twitter:creator\" content=\"@canadamotorjobs\" \/>\n<meta name=\"twitter:site\" content=\"@canadamotorjobs\" \/>\n<meta name=\"twitter:label1\" content=\"\u00c9crit par\" \/>\n\t<meta name=\"twitter:data1\" content=\"Benoit Charette\" \/>\n\t<meta name=\"twitter:label2\" content=\"Estimation du temps de lecture\" \/>\n\t<meta name=\"twitter:data2\" content=\"2 minutes\" \/>\n<!-- \/ Yoast SEO plugin. -->","yoast_head_json":{"title":"Production lanc\u00e9e pour le VUS Lucid Gravity - CanadaMotorJobs.com","description":"Production lanc\u00e9e pour le VUS Lucid Gravity - Benoit Charette - Annuel automobile - CanadaMotorJobs.com.","robots":{"index":"index","follow":"follow","max-snippet":"max-snippet:-1","max-image-preview":"max-image-preview:large","max-video-preview":"max-video-preview:-1"},"og_locale":"fr_CA","og_type":"article","og_title":"Production lanc\u00e9e pour le VUS Lucid Gravity - CanadaMotorJobs.com","og_description":"Production lanc\u00e9e pour le VUS Lucid Gravity - Benoit Charette - Annuel automobile - CanadaMotorJobs.com.","og_url":"https:\/\/news.canadamotorjobs.com\/fr\/production-lancee-pour-le-vus-lucid-gravity\/","og_site_name":"CanadaMotorJobs.com","article_publisher":"https:\/\/www.facebook.com\/canadamotorjobs\/","article_published_time":"2024-12-11T07:24:33+00:00","article_modified_time":"2024-12-11T07:30:05+00:00","og_image":[{"width":1200,"height":800,"url":"https:\/\/news.canadamotorjobs.com\/wp-content\/uploads\/2024\/12\/lucid_gravity_4.jpeg","type":"image\/jpeg"}],"author":"Benoit Charette","twitter_card":"summary_large_image","twitter_creator":"@canadamotorjobs","twitter_site":"@canadamotorjobs","twitter_misc":{"\u00c9crit par":"Benoit Charette","Estimation du temps de lecture":"2 minutes"},"schema":{"@context":"https:\/\/schema.org","@graph":[{"@type":"Article","@id":"https:\/\/news.canadamotorjobs.com\/fr\/production-lancee-pour-le-vus-lucid-gravity\/#article","isPartOf":{"@id":"https:\/\/news.canadamotorjobs.com\/fr\/production-lancee-pour-le-vus-lucid-gravity\/"},"author":{"name":"Benoit Charette","@id":"https:\/\/news.canadamotorjobs.com\/#\/schema\/person\/51793d1f87d44011d7bcc2ed99269a90"},"headline":"Production lanc\u00e9e pour le VUS Lucid Gravity","datePublished":"2024-12-11T07:24:33+00:00","dateModified":"2024-12-11T07:30:05+00:00","mainEntityOfPage":{"@id":"https:\/\/news.canadamotorjobs.com\/fr\/production-lancee-pour-le-vus-lucid-gravity\/"},"wordCount":498,"publisher":{"@id":"https:\/\/news.canadamotorjobs.com\/#organization"},"image":{"@id":"https:\/\/news.canadamotorjobs.com\/fr\/production-lancee-pour-le-vus-lucid-gravity\/#primaryimage"},"thumbnailUrl":"https:\/\/news.canadamotorjobs.com\/wp-content\/uploads\/2024\/12\/lucid_gravity_4.jpeg","articleSection":["Annuel automobile"],"inLanguage":"fr-CA"},{"@type":"WebPage","@id":"https:\/\/news.canadamotorjobs.com\/fr\/production-lancee-pour-le-vus-lucid-gravity\/","url":"https:\/\/news.canadamotorjobs.com\/fr\/production-lancee-pour-le-vus-lucid-gravity\/","name":"Production lanc\u00e9e pour le VUS Lucid Gravity - CanadaMotorJobs.com","isPartOf":{"@id":"https:\/\/news.canadamotorjobs.com\/#website"},"primaryImageOfPage":{"@id":"https:\/\/news.canadamotorjobs.com\/fr\/production-lancee-pour-le-vus-lucid-gravity\/#primaryimage"},"image":{"@id":"https:\/\/news.canadamotorjobs.com\/fr\/production-lancee-pour-le-vus-lucid-gravity\/#primaryimage"},"thumbnailUrl":"https:\/\/news.canadamotorjobs.com\/wp-content\/uploads\/2024\/12\/lucid_gravity_4.jpeg","datePublished":"2024-12-11T07:24:33+00:00","dateModified":"2024-12-11T07:30:05+00:00","description":"Production lanc\u00e9e pour le VUS Lucid Gravity - Benoit Charette - Annuel automobile - CanadaMotorJobs.com.","breadcrumb":{"@id":"https:\/\/news.canadamotorjobs.com\/fr\/production-lancee-pour-le-vus-lucid-gravity\/#breadcrumb"},"inLanguage":"fr-CA","potentialAction":[{"@type":"ReadAction","target":["https:\/\/news.canadamotorjobs.com\/fr\/production-lancee-pour-le-vus-lucid-gravity\/"]}]},{"@type":"ImageObject","inLanguage":"fr-CA","@id":"https:\/\/news.canadamotorjobs.com\/fr\/production-lancee-pour-le-vus-lucid-gravity\/#primaryimage","url":"https:\/\/news.canadamotorjobs.com\/wp-content\/uploads\/2024\/12\/lucid_gravity_4.jpeg","contentUrl":"https:\/\/news.canadamotorjobs.com\/wp-content\/uploads\/2024\/12\/lucid_gravity_4.jpeg","width":1200,"height":800},{"@type":"BreadcrumbList","@id":"https:\/\/news.canadamotorjobs.com\/fr\/production-lancee-pour-le-vus-lucid-gravity\/#breadcrumb","itemListElement":[{"@type":"ListItem","position":1,"name":"Home","item":"https:\/\/news.canadamotorjobs.com\/fr\/blog\/"},{"@type":"ListItem","position":2,"name":"Production lanc\u00e9e pour le VUS Lucid Gravity"}]},{"@type":"WebSite","@id":"https:\/\/news.canadamotorjobs.com\/#website","url":"https:\/\/news.canadamotorjobs.com\/","name":"CanadaMotorJobs.com","description":"Automotive Jobs","publisher":{"@id":"https:\/\/news.canadamotorjobs.com\/#organization"},"potentialAction":[{"@type":"SearchAction","target":{"@type":"EntryPoint","urlTemplate":"https:\/\/news.canadamotorjobs.com\/?s={search_term_string}"},"query-input":"required name=search_term_string"}],"inLanguage":"fr-CA"},{"@type":"Organization","@id":"https:\/\/news.canadamotorjobs.com\/#organization","name":"Canada Motor Jobs","url":"https:\/\/news.canadamotorjobs.com\/","logo":{"@type":"ImageObject","inLanguage":"fr-CA","@id":"https:\/\/news.canadamotorjobs.com\/#\/schema\/logo\/image\/","url":"https:\/\/news.canadamotorjobs.com\/wp-content\/uploads\/2022\/10\/logo-canada-motor-jobs-1.png","contentUrl":"https:\/\/news.canadamotorjobs.com\/wp-content\/uploads\/2022\/10\/logo-canada-motor-jobs-1.png","width":800,"height":400,"caption":"Canada Motor Jobs"},"image":{"@id":"https:\/\/news.canadamotorjobs.com\/#\/schema\/logo\/image\/"},"sameAs":["https:\/\/www.facebook.com\/canadamotorjobs\/","https:\/\/x.com\/canadamotorjobs","https:\/\/www.instagram.com\/canadamotorjobs\/","https:\/\/www.linkedin.com\/company\/canadamotorjobs"]},{"@type":"Person","@id":"https:\/\/news.canadamotorjobs.com\/#\/schema\/person\/51793d1f87d44011d7bcc2ed99269a90","name":"Benoit Charette","image":{"@type":"ImageObject","inLanguage":"fr-CA","@id":"https:\/\/news.canadamotorjobs.com\/#\/schema\/person\/image\/","url":"https:\/\/secure.gravatar.com\/avatar\/45f3d2eebcccd909668d7ce7ea7267b6?s=96&d=mm&r=g","contentUrl":"https:\/\/secure.gravatar.com\/avatar\/45f3d2eebcccd909668d7ce7ea7267b6?s=96&d=mm&r=g","caption":"Benoit Charette"},"description":"Benoit Charette \/ Propri\u00e9taire et r\u00e9dacteur en chef Benoit Charette pratique le journalisme automobile depuis bient\u00f4t 30 ans. Il a fait ses classes au c\u00f4t\u00e9 de Daniel H\u00e9raud et au Carnet de route de 1992 \u00e0 2001. Il est fondateur, copropri\u00e9taire et r\u00e9dacteur en chef de L\u2019Annuel de l\u2019automobile, qu\u2019il publie depuis 2001. Il a anim\u00e9 les \u00e9missions RPM et RPM+ sur V et les L\u00e9gendes de la route sur Historia. \u00c0 la radio depuis 1986, il reprend l\u2019antenne cette ann\u00e9e sur les ondes de Cogeco et participe pour la deuxi\u00e8me ann\u00e9e \u00e0 l\u2019\u00e9mission Passion Auto sur RDS en plus de mettre en ligne le site Web officiel de L\u2019Annuel de l\u2019automobile sur annuelauto.ca.","sameAs":["https:\/\/annuelauto.ca\/"],"url":"https:\/\/news.canadamotorjobs.com\/fr\/author\/benoit-charette\/"}]}},"_links":{"self":[{"href":"https:\/\/news.canadamotorjobs.com\/fr\/wp-json\/wp\/v2\/posts\/184120"}],"collection":[{"href":"https:\/\/news.canadamotorjobs.com\/fr\/wp-json\/wp\/v2\/posts"}],"about":[{"href":"https:\/\/news.canadamotorjobs.com\/fr\/wp-json\/wp\/v2\/types\/post"}],"author":[{"embeddable":true,"href":"https:\/\/news.canadamotorjobs.com\/fr\/wp-json\/wp\/v2\/users\/8"}],"replies":[{"embeddable":true,"href":"https:\/\/news.canadamotorjobs.com\/fr\/wp-json\/wp\/v2\/comments?post=184120"}],"version-history":[{"count":3,"href":"https:\/\/news.canadamotorjobs.com\/fr\/wp-json\/wp\/v2\/posts\/184120\/revisions"}],"predecessor-version":[{"id":184159,"href":"https:\/\/news.canadamotorjobs.com\/fr\/wp-json\/wp\/v2\/posts\/184120\/revisions\/184159"}],"wp:featuredmedia":[{"embeddable":true,"href":"https:\/\/news.canadamotorjobs.com\/fr\/wp-json\/wp\/v2\/media\/184122"}],"wp:attachment":[{"href":"https:\/\/news.canadamotorjobs.com\/fr\/wp-json\/wp\/v2\/media?parent=184120"}],"wp:term":[{"taxonomy":"category","embeddable":true,"href":"https:\/\/news.canadamotorjobs.com\/fr\/wp-json\/wp\/v2\/categories?post=184120"},{"taxonomy":"post_tag","embeddable":true,"href":"https:\/\/news.canadamotorjobs.com\/fr\/wp-json\/wp\/v2\/tags?post=184120"}],"curies":[{"name":"wp","href":"https:\/\/api.w.org\/{rel}","templated":true}]}}