{"id":184078,"date":"2024-12-10T11:18:44","date_gmt":"2024-12-10T16:18:44","guid":{"rendered":"https:\/\/news.canadamotorjobs.com\/?p=184078"},"modified":"2024-12-10T11:29:29","modified_gmt":"2024-12-10T16:29:29","slug":"nissan-prepare-le-successeur-de-la-leaf","status":"publish","type":"post","link":"https:\/\/news.canadamotorjobs.com\/fr\/nissan-prepare-le-successeur-de-la-leaf\/","title":{"rendered":"Nissan Pr\u00e9pare le Successeur de la Leaf"},"content":{"rendered":"<\/p>\n<p>Nissan s\u2019appr\u00eate \u00e0 tourner la page de la Leaf, premier v\u00e9hicule \u00e9lectrique produit en s\u00e9rie aux \u00c9tats-Unis. En 2025, la marque japonaise d\u00e9voilera un nouveau mod\u00e8le \u00e9lectrique au style radicalement diff\u00e9rent, selon des photos espionnes r\u00e9cemment publi\u00e9es.<\/p>\n<h3>Un genre de VUS<\/h3>\n<p>\nLe futur mod\u00e8le abandonnera la silhouette de berline compacte de la Leaf pour adopter une esth\u00e9tique de <strong>crossover-coup\u00e9<\/strong>. Malgr\u00e9 un lourd camouflage, les images r\u00e9v\u00e8lent des proportions dynamiques, avec des porte-\u00e0-faux courts et une ligne de toit fluide. Ce nouveau design s\u2019inspire des mod\u00e8les r\u00e9cents de Nissan, notamment les phares du Murano et de l\u2019Armada.<\/p>\n<p>Le port de charge est positionn\u00e9 sur le c\u00f4t\u00e9 passager avant, \u00e0 la diff\u00e9rence de la Leaf actuelle qui avait son port \u00e0 l\u2019avant.<\/p>\n<h3>Plus de Performance et d\u2019Autonomie<\/h3>\n<p>\nBas\u00e9 sur la plateforme <strong>CMF-EV<\/strong>, d\u00e9j\u00e0 utilis\u00e9e pour le Nissan Ariya et la Renault Megane E-Tech, ce nouveau mod\u00e8le offrira une autonomie augment\u00e9e de 25 % par rapport \u00e0 la g\u00e9n\u00e9ration actuelle. Cette avanc\u00e9e pourrait s\u00e9duire une client\u00e8le \u00e0 la recherche d\u2019une meilleure performance \u00e9nerg\u00e9tique.<\/p>\n<h3>L&#8217;Avenir du Nom &#8220;Leaf&#8221; En Discussion<\/h3>\n<p>\nLe nom de ce nouveau mod\u00e8le reste incertain. Selon <strong>Ponz Pandikuthira<\/strong>, responsable de la planification chez Nissan Americas, la question est toujours en d\u00e9bat. Bien que la Leaf ait marqu\u00e9 l\u2019histoire des v\u00e9hicules \u00e9lectriques, Nissan pourrait vouloir adopter une nouvelle identit\u00e9 pour ce chapitre.<\/p>\n<h3>Une R\u00e9invention Strat\u00e9giquement Plac\u00e9e<\/h3>\n<p>\nPr\u00e9vu pour une commercialisation en 2025, ce crossover-coup\u00e9 renforcera l\u2019offre \u00e9lectrique de Nissan et contribuera \u00e0 son engagement vers un futur plus durable. Avec un design audacieux et des performances am\u00e9lior\u00e9es, ce mod\u00e8le semble destin\u00e9 \u00e0 s\u00e9duire un large public.<\/p>\n<p>Avec des renseignements d&#8217;Automotive News<\/p>\n<p>\u00a0<\/p>\n<p>Le texte <a rel=\"nofollow\" href=\"https:\/\/annuelauto.ca\/nissan-prepare-le-successeur-de-la-leaf\/\">Nissan Pr\u00e9pare le Successeur de la Leaf<\/a> provient de <a rel=\"nofollow\" href=\"https:\/\/annuelauto.ca\">L&#8217;annuel de l&#8217;automobile &#8211; Actualit\u00e9 automobile<\/a><\/p>\n<p><\/p>\n","protected":false},"excerpt":{"rendered":"<p>Nissan s\u2019appr\u00eate \u00e0 tourner la page de la Leaf, premier v\u00e9hicule \u00e9lectrique produit en s\u00e9rie aux \u00c9tats-Unis. En 2025, la marque japonaise d\u00e9voilera un nouveau mod\u00e8le \u00e9lectrique au style radicalement diff\u00e9rent, selon des photos espionnes r\u00e9cemment publi\u00e9es. Un genre de VUS Le futur mod\u00e8le abandonnera la silhouette de berline compacte de la Leaf pour adopter [&hellip;]<\/p>\n","protected":false},"author":8,"featured_media":184080,"comment_status":"close","ping_status":"closed","sticky":false,"template":"","format":"standard","meta":{"_monsterinsights_skip_tracking":false,"_monsterinsights_sitenote_active":false,"_monsterinsights_sitenote_note":"","_monsterinsights_sitenote_category":0,"footnotes":""},"categories":[101],"tags":[],"yoast_head":"<!-- This site is optimized with the Yoast SEO plugin v23.2 - https:\/\/yoast.com\/wordpress\/plugins\/seo\/ -->\n<title>Nissan Pr\u00e9pare le Successeur de la Leaf - CanadaMotorJobs.com<\/title>\n<meta name=\"description\" content=\"Nissan Pr\u00e9pare le Successeur de la Leaf - Benoit Charette - Annuel automobile - CanadaMotorJobs.com.\" \/>\n<meta name=\"robots\" content=\"index, follow, max-snippet:-1, max-image-preview:large, max-video-preview:-1\" \/>\n<meta property=\"og:locale\" content=\"fr_CA\" \/>\n<meta property=\"og:type\" content=\"article\" \/>\n<meta property=\"og:title\" content=\"Nissan Pr\u00e9pare le Successeur de la Leaf - CanadaMotorJobs.com\" \/>\n<meta property=\"og:description\" content=\"Nissan Pr\u00e9pare le Successeur de la Leaf - Benoit Charette - Annuel automobile - CanadaMotorJobs.com.\" \/>\n<meta property=\"og:url\" content=\"https:\/\/news.canadamotorjobs.com\/fr\/nissan-prepare-le-successeur-de-la-leaf\/\" \/>\n<meta property=\"og:site_name\" content=\"CanadaMotorJobs.com\" \/>\n<meta property=\"article:publisher\" content=\"https:\/\/www.facebook.com\/canadamotorjobs\/\" \/>\n<meta property=\"article:published_time\" content=\"2024-12-10T16:18:44+00:00\" \/>\n<meta property=\"article:modified_time\" content=\"2024-12-10T16:29:29+00:00\" \/>\n<meta property=\"og:image\" content=\"https:\/\/news.canadamotorjobs.com\/wp-content\/uploads\/2024\/12\/nissan-leaf-mk3-camo-front-quarter.jpg\" \/>\n\t<meta property=\"og:image:width\" content=\"1200\" \/>\n\t<meta property=\"og:image:height\" content=\"795\" \/>\n\t<meta property=\"og:image:type\" content=\"image\/jpeg\" \/>\n<meta name=\"author\" content=\"Benoit Charette\" \/>\n<meta name=\"twitter:card\" content=\"summary_large_image\" \/>\n<meta name=\"twitter:creator\" content=\"@canadamotorjobs\" \/>\n<meta name=\"twitter:site\" content=\"@canadamotorjobs\" \/>\n<meta name=\"twitter:label1\" content=\"\u00c9crit par\" \/>\n\t<meta name=\"twitter:data1\" content=\"Benoit Charette\" \/>\n\t<meta name=\"twitter:label2\" content=\"Estimation du temps de lecture\" \/>\n\t<meta name=\"twitter:data2\" content=\"2 minutes\" \/>\n<!-- \/ Yoast SEO plugin. -->","yoast_head_json":{"title":"Nissan Pr\u00e9pare le Successeur de la Leaf - CanadaMotorJobs.com","description":"Nissan Pr\u00e9pare le Successeur de la Leaf - Benoit Charette - Annuel automobile - CanadaMotorJobs.com.","robots":{"index":"index","follow":"follow","max-snippet":"max-snippet:-1","max-image-preview":"max-image-preview:large","max-video-preview":"max-video-preview:-1"},"og_locale":"fr_CA","og_type":"article","og_title":"Nissan Pr\u00e9pare le Successeur de la Leaf - CanadaMotorJobs.com","og_description":"Nissan Pr\u00e9pare le Successeur de la Leaf - Benoit Charette - Annuel automobile - CanadaMotorJobs.com.","og_url":"https:\/\/news.canadamotorjobs.com\/fr\/nissan-prepare-le-successeur-de-la-leaf\/","og_site_name":"CanadaMotorJobs.com","article_publisher":"https:\/\/www.facebook.com\/canadamotorjobs\/","article_published_time":"2024-12-10T16:18:44+00:00","article_modified_time":"2024-12-10T16:29:29+00:00","og_image":[{"width":1200,"height":795,"url":"https:\/\/news.canadamotorjobs.com\/wp-content\/uploads\/2024\/12\/nissan-leaf-mk3-camo-front-quarter.jpg","type":"image\/jpeg"}],"author":"Benoit Charette","twitter_card":"summary_large_image","twitter_creator":"@canadamotorjobs","twitter_site":"@canadamotorjobs","twitter_misc":{"\u00c9crit par":"Benoit Charette","Estimation du temps de lecture":"2 minutes"},"schema":{"@context":"https:\/\/schema.org","@graph":[{"@type":"Article","@id":"https:\/\/news.canadamotorjobs.com\/fr\/nissan-prepare-le-successeur-de-la-leaf\/#article","isPartOf":{"@id":"https:\/\/news.canadamotorjobs.com\/fr\/nissan-prepare-le-successeur-de-la-leaf\/"},"author":{"name":"Benoit Charette","@id":"https:\/\/news.canadamotorjobs.com\/#\/schema\/person\/51793d1f87d44011d7bcc2ed99269a90"},"headline":"Nissan Pr\u00e9pare le Successeur de la Leaf","datePublished":"2024-12-10T16:18:44+00:00","dateModified":"2024-12-10T16:29:29+00:00","mainEntityOfPage":{"@id":"https:\/\/news.canadamotorjobs.com\/fr\/nissan-prepare-le-successeur-de-la-leaf\/"},"wordCount":334,"publisher":{"@id":"https:\/\/news.canadamotorjobs.com\/#organization"},"image":{"@id":"https:\/\/news.canadamotorjobs.com\/fr\/nissan-prepare-le-successeur-de-la-leaf\/#primaryimage"},"thumbnailUrl":"https:\/\/news.canadamotorjobs.com\/wp-content\/uploads\/2024\/12\/nissan-leaf-mk3-camo-front-quarter.jpg","articleSection":["Annuel automobile"],"inLanguage":"fr-CA"},{"@type":"WebPage","@id":"https:\/\/news.canadamotorjobs.com\/fr\/nissan-prepare-le-successeur-de-la-leaf\/","url":"https:\/\/news.canadamotorjobs.com\/fr\/nissan-prepare-le-successeur-de-la-leaf\/","name":"Nissan Pr\u00e9pare le Successeur de la Leaf - CanadaMotorJobs.com","isPartOf":{"@id":"https:\/\/news.canadamotorjobs.com\/#website"},"primaryImageOfPage":{"@id":"https:\/\/news.canadamotorjobs.com\/fr\/nissan-prepare-le-successeur-de-la-leaf\/#primaryimage"},"image":{"@id":"https:\/\/news.canadamotorjobs.com\/fr\/nissan-prepare-le-successeur-de-la-leaf\/#primaryimage"},"thumbnailUrl":"https:\/\/news.canadamotorjobs.com\/wp-content\/uploads\/2024\/12\/nissan-leaf-mk3-camo-front-quarter.jpg","datePublished":"2024-12-10T16:18:44+00:00","dateModified":"2024-12-10T16:29:29+00:00","description":"Nissan Pr\u00e9pare le Successeur de la Leaf - Benoit Charette - Annuel automobile - CanadaMotorJobs.com.","breadcrumb":{"@id":"https:\/\/news.canadamotorjobs.com\/fr\/nissan-prepare-le-successeur-de-la-leaf\/#breadcrumb"},"inLanguage":"fr-CA","potentialAction":[{"@type":"ReadAction","target":["https:\/\/news.canadamotorjobs.com\/fr\/nissan-prepare-le-successeur-de-la-leaf\/"]}]},{"@type":"ImageObject","inLanguage":"fr-CA","@id":"https:\/\/news.canadamotorjobs.com\/fr\/nissan-prepare-le-successeur-de-la-leaf\/#primaryimage","url":"https:\/\/news.canadamotorjobs.com\/wp-content\/uploads\/2024\/12\/nissan-leaf-mk3-camo-front-quarter.jpg","contentUrl":"https:\/\/news.canadamotorjobs.com\/wp-content\/uploads\/2024\/12\/nissan-leaf-mk3-camo-front-quarter.jpg","width":1200,"height":795},{"@type":"BreadcrumbList","@id":"https:\/\/news.canadamotorjobs.com\/fr\/nissan-prepare-le-successeur-de-la-leaf\/#breadcrumb","itemListElement":[{"@type":"ListItem","position":1,"name":"Home","item":"https:\/\/news.canadamotorjobs.com\/fr\/blog\/"},{"@type":"ListItem","position":2,"name":"Nissan Pr\u00e9pare le Successeur de la Leaf"}]},{"@type":"WebSite","@id":"https:\/\/news.canadamotorjobs.com\/#website","url":"https:\/\/news.canadamotorjobs.com\/","name":"CanadaMotorJobs.com","description":"Automotive Jobs","publisher":{"@id":"https:\/\/news.canadamotorjobs.com\/#organization"},"potentialAction":[{"@type":"SearchAction","target":{"@type":"EntryPoint","urlTemplate":"https:\/\/news.canadamotorjobs.com\/?s={search_term_string}"},"query-input":"required name=search_term_string"}],"inLanguage":"fr-CA"},{"@type":"Organization","@id":"https:\/\/news.canadamotorjobs.com\/#organization","name":"Canada Motor Jobs","url":"https:\/\/news.canadamotorjobs.com\/","logo":{"@type":"ImageObject","inLanguage":"fr-CA","@id":"https:\/\/news.canadamotorjobs.com\/#\/schema\/logo\/image\/","url":"https:\/\/news.canadamotorjobs.com\/wp-content\/uploads\/2022\/10\/logo-canada-motor-jobs-1.png","contentUrl":"https:\/\/news.canadamotorjobs.com\/wp-content\/uploads\/2022\/10\/logo-canada-motor-jobs-1.png","width":800,"height":400,"caption":"Canada Motor Jobs"},"image":{"@id":"https:\/\/news.canadamotorjobs.com\/#\/schema\/logo\/image\/"},"sameAs":["https:\/\/www.facebook.com\/canadamotorjobs\/","https:\/\/x.com\/canadamotorjobs","https:\/\/www.instagram.com\/canadamotorjobs\/","https:\/\/www.linkedin.com\/company\/canadamotorjobs"]},{"@type":"Person","@id":"https:\/\/news.canadamotorjobs.com\/#\/schema\/person\/51793d1f87d44011d7bcc2ed99269a90","name":"Benoit Charette","image":{"@type":"ImageObject","inLanguage":"fr-CA","@id":"https:\/\/news.canadamotorjobs.com\/#\/schema\/person\/image\/","url":"https:\/\/secure.gravatar.com\/avatar\/45f3d2eebcccd909668d7ce7ea7267b6?s=96&d=mm&r=g","contentUrl":"https:\/\/secure.gravatar.com\/avatar\/45f3d2eebcccd909668d7ce7ea7267b6?s=96&d=mm&r=g","caption":"Benoit Charette"},"description":"Benoit Charette \/ Propri\u00e9taire et r\u00e9dacteur en chef Benoit Charette pratique le journalisme automobile depuis bient\u00f4t 30 ans. Il a fait ses classes au c\u00f4t\u00e9 de Daniel H\u00e9raud et au Carnet de route de 1992 \u00e0 2001. Il est fondateur, copropri\u00e9taire et r\u00e9dacteur en chef de L\u2019Annuel de l\u2019automobile, qu\u2019il publie depuis 2001. Il a anim\u00e9 les \u00e9missions RPM et RPM+ sur V et les L\u00e9gendes de la route sur Historia. \u00c0 la radio depuis 1986, il reprend l\u2019antenne cette ann\u00e9e sur les ondes de Cogeco et participe pour la deuxi\u00e8me ann\u00e9e \u00e0 l\u2019\u00e9mission Passion Auto sur RDS en plus de mettre en ligne le site Web officiel de L\u2019Annuel de l\u2019automobile sur annuelauto.ca.","sameAs":["https:\/\/annuelauto.ca\/"],"url":"https:\/\/news.canadamotorjobs.com\/fr\/author\/benoit-charette\/"}]}},"_links":{"self":[{"href":"https:\/\/news.canadamotorjobs.com\/fr\/wp-json\/wp\/v2\/posts\/184078"}],"collection":[{"href":"https:\/\/news.canadamotorjobs.com\/fr\/wp-json\/wp\/v2\/posts"}],"about":[{"href":"https:\/\/news.canadamotorjobs.com\/fr\/wp-json\/wp\/v2\/types\/post"}],"author":[{"embeddable":true,"href":"https:\/\/news.canadamotorjobs.com\/fr\/wp-json\/wp\/v2\/users\/8"}],"replies":[{"embeddable":true,"href":"https:\/\/news.canadamotorjobs.com\/fr\/wp-json\/wp\/v2\/comments?post=184078"}],"version-history":[{"count":2,"href":"https:\/\/news.canadamotorjobs.com\/fr\/wp-json\/wp\/v2\/posts\/184078\/revisions"}],"predecessor-version":[{"id":184082,"href":"https:\/\/news.canadamotorjobs.com\/fr\/wp-json\/wp\/v2\/posts\/184078\/revisions\/184082"}],"wp:featuredmedia":[{"embeddable":true,"href":"https:\/\/news.canadamotorjobs.com\/fr\/wp-json\/wp\/v2\/media\/184080"}],"wp:attachment":[{"href":"https:\/\/news.canadamotorjobs.com\/fr\/wp-json\/wp\/v2\/media?parent=184078"}],"wp:term":[{"taxonomy":"category","embeddable":true,"href":"https:\/\/news.canadamotorjobs.com\/fr\/wp-json\/wp\/v2\/categories?post=184078"},{"taxonomy":"post_tag","embeddable":true,"href":"https:\/\/news.canadamotorjobs.com\/fr\/wp-json\/wp\/v2\/tags?post=184078"}],"curies":[{"name":"wp","href":"https:\/\/api.w.org\/{rel}","templated":true}]}}