{"id":184051,"date":"2024-12-10T09:19:11","date_gmt":"2024-12-10T14:19:11","guid":{"rendered":"https:\/\/news.canadamotorjobs.com\/?p=184051"},"modified":"2024-12-10T09:29:20","modified_gmt":"2024-12-10T14:29:20","slug":"stellantis-et-catl-investiront-61-milliards-dans-une-usine-de-batteries-en-espagne","status":"publish","type":"post","link":"https:\/\/news.canadamotorjobs.com\/fr\/stellantis-et-catl-investiront-61-milliards-dans-une-usine-de-batteries-en-espagne\/","title":{"rendered":"Stellantis et CATL investiront 6,1 milliards  dans une usine de batteries en Espagne"},"content":{"rendered":"<\/p>\n<p>Stellantis et le fabricant chinois de batteries CATL ont annonc\u00e9 un investissement colossal de 6,1 milliards de dollars pour construire l&#8217;une des plus grandes usines de batteries pour v\u00e9hicules \u00e9lectriques (V\u00c9S) en Europe. Situ\u00e9e \u00e0 c\u00f4t\u00e9 de l&#8217;usine de Stellantis \u00e0 Saragosse, dans le nord-est de l&#8217;Espagne, cette installation produira des batteries au phosphate de fer et de lithium (LFP) d\u00e8s la fin de 2026. Cette gigafactory pourrait atteindre une capacit\u00e9 de 50 gigawattheures (GWh), soit de quoi alimenter en moyenne 700 000 v\u00e9hicules par jour, selon la base de donn\u00e9es des v\u00e9hicules \u00e9lectriques bas\u00e9e aux Pays-Bas.<\/p>\n<h3>Pourquoi l\u2019Espagne?<\/h3>\n<p>\nL\u2019Espagne, deuxi\u00e8me producteur automobile europ\u00e9en apr\u00e8s l\u2019Allemagne, s\u2019impose comme un emplacement strat\u00e9gique pour les usines de batteries gr\u00e2ce \u00e0 ses ressources abondantes en \u00e9nergie solaire et \u00e9olienne. L\u2019\u00e9nergie solaire y est 20 % \u00e0 25 % moins ch\u00e8re qu\u2019en Europe centrale, et les ressources \u00e9oliennes de la p\u00e9ninsule ib\u00e9rique surpassent la moyenne de l\u2019UE de 5 % \u00e0 10 %, selon une \u00e9tude de McKinsey.<\/p>\n<p>Cette usine s&#8217;inscrit dans un plan plus vaste de 5 milliards \u20ac annonc\u00e9 en 2020 par l&#8217;Espagne pour attirer la production de V\u00c9 et de batteries gr\u00e2ce \u00e0 des fonds de relance de l&#8217;UE. Stellantis a d\u00e9j\u00e0 re\u00e7u environ 300 millions \u20ac dans le cadre de ce programme.<\/p>\n<h3>Une r\u00e9ponse aux d\u00e9fis du march\u00e9 europ\u00e9en<\/h3>\n<p>\nAvec cette initiative, Stellantis et CATL visent \u00e0 r\u00e9pondre aux d\u00e9fis de l\u2019industrie des V\u00c9 en Europe :<\/p>\n<ul><\/p>\n<li>Co\u00fbt \u00e9lev\u00e9 des v\u00e9hicules \u00e9lectriques : Les batteries LFP, moins ch\u00e8res et plus durables, pourraient s\u00e9duire une client\u00e8le encore r\u00e9ticente \u00e0 adopter les V\u00c9S.<\/li>\n<p><\/p>\n<li>Souverainet\u00e9 industrielle europ\u00e9enne : L\u2019Europe cherche \u00e0 r\u00e9duire sa d\u00e9pendance vis-\u00e0-vis de la Chine dans le secteur des batteries, m\u00eame si des obstacles bureaucratiques et une demande plus lente que pr\u00e9vue freinent certains projets ailleurs dans l&#8217;UE.<\/li>\n<p>\n<\/ul>\n<p>\nStellantis renforce ainsi son portefeuille de V\u00c9 abordables dans les segments des berlines compactes (B) et des SUV (C) en Europe.<\/p>\n<h3>Un projet ambitieux, mais prudent<\/h3>\n<p>\nStellantis et CATL ont pr\u00e9cis\u00e9 que la capacit\u00e9 de l\u2019usine d\u00e9pendra de l\u2019\u00e9volution du march\u00e9 des V\u00c9 en Europe et du soutien des autorit\u00e9s locales. Alors que d\u2019autres projets europ\u00e9ens peinent \u00e0 d\u00e9coller, ce partenariat s\u2019inscrit dans une strat\u00e9gie plus large :<\/p>\n<ul><\/p>\n<li>Gigafactory en France : Stellantis, via son joint-venture ACC avec Mercedes-Benz et TotalEnergies, a d\u00e9marr\u00e9 la production en France. Cependant, des projets similaires en Italie et en Allemagne sont ralentis par une faible demande de V\u00c9.<\/li>\n<p><\/p>\n<li>Expansion de CATL en Europe : La future usine de Saragosse sera la troisi\u00e8me de CATL en Europe, apr\u00e8s une usine en Allemagne et une autre en Hongrie.<\/li>\n<p>\n<\/ul>\n<p><\/p>\n<h3>L&#8217;Espagne r\u00e9compens\u00e9e pour sa diplomatie commerciale<\/h3>\n<p>\nLe choix de l\u2019Espagne pour cette usine refl\u00e8te \u00e9galement sa position dans le d\u00e9bat sur les tarifs de l\u2019UE pour les importations de V\u00c9S chinois. Contrairement \u00e0 l\u2019Italie et \u00e0 la France, qui ont soutenu ces mesures, l\u2019Espagne s\u2019est abstenue, \u00e9vitant ainsi une \u00e9ventuelle guerre commerciale avec la Chine.<\/p>\n<h3>Un projet cl\u00e9 pour l&#8217;avenir des V\u00c9S en Europe<\/h3>\n<p>\nCet investissement majeur entre Stellantis et CATL marque un tournant dans l\u2019\u00e9lectrification du parc automobile europ\u00e9en, avec l&#8217;Espagne en t\u00eate de cette transition gr\u00e2ce \u00e0 ses atouts g\u00e9ographiques, industriels et diplomatiques.<\/p>\n<p>Avec des renseignements d&#8217;Automotive News<\/p>\n<p>Le texte <a rel=\"nofollow\" href=\"https:\/\/annuelauto.ca\/stellantis-catl-usine-batteries-espagne\/\">Stellantis et CATL investiront 6,1 milliards  dans une usine de batteries en Espagne<\/a> provient de <a rel=\"nofollow\" href=\"https:\/\/annuelauto.ca\">L&#8217;annuel de l&#8217;automobile &#8211; Actualit\u00e9 automobile<\/a><\/p>\n<p><\/p>\n","protected":false},"excerpt":{"rendered":"<p>Stellantis et le fabricant chinois de batteries CATL ont annonc\u00e9 un investissement colossal de 6,1 milliards de dollars pour construire l&#8217;une des plus grandes usines de batteries pour v\u00e9hicules \u00e9lectriques (V\u00c9S) en Europe. Situ\u00e9e \u00e0 c\u00f4t\u00e9 de l&#8217;usine de Stellantis \u00e0 Saragosse, dans le nord-est de l&#8217;Espagne, cette installation produira des batteries au phosphate de [&hellip;]<\/p>\n","protected":false},"author":8,"featured_media":184053,"comment_status":"close","ping_status":"closed","sticky":false,"template":"","format":"standard","meta":{"_monsterinsights_skip_tracking":false,"_monsterinsights_sitenote_active":false,"_monsterinsights_sitenote_note":"","_monsterinsights_sitenote_category":0,"footnotes":""},"categories":[101],"tags":[],"yoast_head":"<!-- This site is optimized with the Yoast SEO plugin v23.2 - https:\/\/yoast.com\/wordpress\/plugins\/seo\/ -->\n<title>Stellantis et CATL investiront 6,1 milliards dans une usine de batteries en Espagne - CanadaMotorJobs.com<\/title>\n<meta name=\"description\" content=\"Stellantis et CATL investiront 6,1 milliards dans une usine de batteries en Espagne - Benoit Charette - Annuel automobile - CanadaMotorJobs.com.\" \/>\n<meta name=\"robots\" content=\"index, follow, max-snippet:-1, max-image-preview:large, max-video-preview:-1\" \/>\n<meta property=\"og:locale\" content=\"fr_CA\" \/>\n<meta property=\"og:type\" content=\"article\" \/>\n<meta property=\"og:title\" content=\"Stellantis et CATL investiront 6,1 milliards dans une usine de batteries en Espagne - CanadaMotorJobs.com\" \/>\n<meta property=\"og:description\" content=\"Stellantis et CATL investiront 6,1 milliards dans une usine de batteries en Espagne - Benoit Charette - Annuel automobile - CanadaMotorJobs.com.\" \/>\n<meta property=\"og:url\" content=\"https:\/\/news.canadamotorjobs.com\/fr\/stellantis-et-catl-investiront-61-milliards-dans-une-usine-de-batteries-en-espagne\/\" \/>\n<meta property=\"og:site_name\" content=\"CanadaMotorJobs.com\" \/>\n<meta property=\"article:publisher\" content=\"https:\/\/www.facebook.com\/canadamotorjobs\/\" \/>\n<meta property=\"article:published_time\" content=\"2024-12-10T14:19:11+00:00\" \/>\n<meta property=\"article:modified_time\" content=\"2024-12-10T14:29:20+00:00\" \/>\n<meta property=\"og:image\" content=\"https:\/\/news.canadamotorjobs.com\/wp-content\/uploads\/2024\/12\/HERO-Stellantis-CATL-JV-Signing.png\" \/>\n\t<meta property=\"og:image:width\" content=\"1800\" \/>\n\t<meta property=\"og:image:height\" content=\"1062\" \/>\n\t<meta property=\"og:image:type\" content=\"image\/png\" \/>\n<meta name=\"author\" content=\"Benoit Charette\" \/>\n<meta name=\"twitter:card\" content=\"summary_large_image\" \/>\n<meta name=\"twitter:creator\" content=\"@canadamotorjobs\" \/>\n<meta name=\"twitter:site\" content=\"@canadamotorjobs\" \/>\n<meta name=\"twitter:label1\" content=\"\u00c9crit par\" \/>\n\t<meta name=\"twitter:data1\" content=\"Benoit Charette\" \/>\n\t<meta name=\"twitter:label2\" content=\"Estimation du temps de lecture\" \/>\n\t<meta name=\"twitter:data2\" content=\"3 minutes\" \/>\n<!-- \/ Yoast SEO plugin. -->","yoast_head_json":{"title":"Stellantis et CATL investiront 6,1 milliards dans une usine de batteries en Espagne - CanadaMotorJobs.com","description":"Stellantis et CATL investiront 6,1 milliards dans une usine de batteries en Espagne - Benoit Charette - Annuel automobile - CanadaMotorJobs.com.","robots":{"index":"index","follow":"follow","max-snippet":"max-snippet:-1","max-image-preview":"max-image-preview:large","max-video-preview":"max-video-preview:-1"},"og_locale":"fr_CA","og_type":"article","og_title":"Stellantis et CATL investiront 6,1 milliards dans une usine de batteries en Espagne - CanadaMotorJobs.com","og_description":"Stellantis et CATL investiront 6,1 milliards dans une usine de batteries en Espagne - Benoit Charette - Annuel automobile - CanadaMotorJobs.com.","og_url":"https:\/\/news.canadamotorjobs.com\/fr\/stellantis-et-catl-investiront-61-milliards-dans-une-usine-de-batteries-en-espagne\/","og_site_name":"CanadaMotorJobs.com","article_publisher":"https:\/\/www.facebook.com\/canadamotorjobs\/","article_published_time":"2024-12-10T14:19:11+00:00","article_modified_time":"2024-12-10T14:29:20+00:00","og_image":[{"width":1800,"height":1062,"url":"https:\/\/news.canadamotorjobs.com\/wp-content\/uploads\/2024\/12\/HERO-Stellantis-CATL-JV-Signing.png","type":"image\/png"}],"author":"Benoit Charette","twitter_card":"summary_large_image","twitter_creator":"@canadamotorjobs","twitter_site":"@canadamotorjobs","twitter_misc":{"\u00c9crit par":"Benoit Charette","Estimation du temps de lecture":"3 minutes"},"schema":{"@context":"https:\/\/schema.org","@graph":[{"@type":"Article","@id":"https:\/\/news.canadamotorjobs.com\/fr\/stellantis-et-catl-investiront-61-milliards-dans-une-usine-de-batteries-en-espagne\/#article","isPartOf":{"@id":"https:\/\/news.canadamotorjobs.com\/fr\/stellantis-et-catl-investiront-61-milliards-dans-une-usine-de-batteries-en-espagne\/"},"author":{"name":"Benoit Charette","@id":"https:\/\/news.canadamotorjobs.com\/#\/schema\/person\/51793d1f87d44011d7bcc2ed99269a90"},"headline":"Stellantis et CATL investiront 6,1 milliards dans une usine de batteries en Espagne","datePublished":"2024-12-10T14:19:11+00:00","dateModified":"2024-12-10T14:29:20+00:00","mainEntityOfPage":{"@id":"https:\/\/news.canadamotorjobs.com\/fr\/stellantis-et-catl-investiront-61-milliards-dans-une-usine-de-batteries-en-espagne\/"},"wordCount":615,"publisher":{"@id":"https:\/\/news.canadamotorjobs.com\/#organization"},"image":{"@id":"https:\/\/news.canadamotorjobs.com\/fr\/stellantis-et-catl-investiront-61-milliards-dans-une-usine-de-batteries-en-espagne\/#primaryimage"},"thumbnailUrl":"https:\/\/news.canadamotorjobs.com\/wp-content\/uploads\/2024\/12\/HERO-Stellantis-CATL-JV-Signing.png","articleSection":["Annuel automobile"],"inLanguage":"fr-CA"},{"@type":"WebPage","@id":"https:\/\/news.canadamotorjobs.com\/fr\/stellantis-et-catl-investiront-61-milliards-dans-une-usine-de-batteries-en-espagne\/","url":"https:\/\/news.canadamotorjobs.com\/fr\/stellantis-et-catl-investiront-61-milliards-dans-une-usine-de-batteries-en-espagne\/","name":"Stellantis et CATL investiront 6,1 milliards dans une usine de batteries en Espagne - CanadaMotorJobs.com","isPartOf":{"@id":"https:\/\/news.canadamotorjobs.com\/#website"},"primaryImageOfPage":{"@id":"https:\/\/news.canadamotorjobs.com\/fr\/stellantis-et-catl-investiront-61-milliards-dans-une-usine-de-batteries-en-espagne\/#primaryimage"},"image":{"@id":"https:\/\/news.canadamotorjobs.com\/fr\/stellantis-et-catl-investiront-61-milliards-dans-une-usine-de-batteries-en-espagne\/#primaryimage"},"thumbnailUrl":"https:\/\/news.canadamotorjobs.com\/wp-content\/uploads\/2024\/12\/HERO-Stellantis-CATL-JV-Signing.png","datePublished":"2024-12-10T14:19:11+00:00","dateModified":"2024-12-10T14:29:20+00:00","description":"Stellantis et CATL investiront 6,1 milliards dans une usine de batteries en Espagne - Benoit Charette - Annuel automobile - CanadaMotorJobs.com.","breadcrumb":{"@id":"https:\/\/news.canadamotorjobs.com\/fr\/stellantis-et-catl-investiront-61-milliards-dans-une-usine-de-batteries-en-espagne\/#breadcrumb"},"inLanguage":"fr-CA","potentialAction":[{"@type":"ReadAction","target":["https:\/\/news.canadamotorjobs.com\/fr\/stellantis-et-catl-investiront-61-milliards-dans-une-usine-de-batteries-en-espagne\/"]}]},{"@type":"ImageObject","inLanguage":"fr-CA","@id":"https:\/\/news.canadamotorjobs.com\/fr\/stellantis-et-catl-investiront-61-milliards-dans-une-usine-de-batteries-en-espagne\/#primaryimage","url":"https:\/\/news.canadamotorjobs.com\/wp-content\/uploads\/2024\/12\/HERO-Stellantis-CATL-JV-Signing.png","contentUrl":"https:\/\/news.canadamotorjobs.com\/wp-content\/uploads\/2024\/12\/HERO-Stellantis-CATL-JV-Signing.png","width":1800,"height":1062},{"@type":"BreadcrumbList","@id":"https:\/\/news.canadamotorjobs.com\/fr\/stellantis-et-catl-investiront-61-milliards-dans-une-usine-de-batteries-en-espagne\/#breadcrumb","itemListElement":[{"@type":"ListItem","position":1,"name":"Home","item":"https:\/\/news.canadamotorjobs.com\/fr\/blog\/"},{"@type":"ListItem","position":2,"name":"Stellantis et CATL investiront 6,1 milliards dans une usine de batteries en Espagne"}]},{"@type":"WebSite","@id":"https:\/\/news.canadamotorjobs.com\/#website","url":"https:\/\/news.canadamotorjobs.com\/","name":"CanadaMotorJobs.com","description":"Automotive Jobs","publisher":{"@id":"https:\/\/news.canadamotorjobs.com\/#organization"},"potentialAction":[{"@type":"SearchAction","target":{"@type":"EntryPoint","urlTemplate":"https:\/\/news.canadamotorjobs.com\/?s={search_term_string}"},"query-input":"required name=search_term_string"}],"inLanguage":"fr-CA"},{"@type":"Organization","@id":"https:\/\/news.canadamotorjobs.com\/#organization","name":"Canada Motor Jobs","url":"https:\/\/news.canadamotorjobs.com\/","logo":{"@type":"ImageObject","inLanguage":"fr-CA","@id":"https:\/\/news.canadamotorjobs.com\/#\/schema\/logo\/image\/","url":"https:\/\/news.canadamotorjobs.com\/wp-content\/uploads\/2022\/10\/logo-canada-motor-jobs-1.png","contentUrl":"https:\/\/news.canadamotorjobs.com\/wp-content\/uploads\/2022\/10\/logo-canada-motor-jobs-1.png","width":800,"height":400,"caption":"Canada Motor Jobs"},"image":{"@id":"https:\/\/news.canadamotorjobs.com\/#\/schema\/logo\/image\/"},"sameAs":["https:\/\/www.facebook.com\/canadamotorjobs\/","https:\/\/x.com\/canadamotorjobs","https:\/\/www.instagram.com\/canadamotorjobs\/","https:\/\/www.linkedin.com\/company\/canadamotorjobs"]},{"@type":"Person","@id":"https:\/\/news.canadamotorjobs.com\/#\/schema\/person\/51793d1f87d44011d7bcc2ed99269a90","name":"Benoit Charette","image":{"@type":"ImageObject","inLanguage":"fr-CA","@id":"https:\/\/news.canadamotorjobs.com\/#\/schema\/person\/image\/","url":"https:\/\/secure.gravatar.com\/avatar\/45f3d2eebcccd909668d7ce7ea7267b6?s=96&d=mm&r=g","contentUrl":"https:\/\/secure.gravatar.com\/avatar\/45f3d2eebcccd909668d7ce7ea7267b6?s=96&d=mm&r=g","caption":"Benoit Charette"},"description":"Benoit Charette \/ Propri\u00e9taire et r\u00e9dacteur en chef Benoit Charette pratique le journalisme automobile depuis bient\u00f4t 30 ans. Il a fait ses classes au c\u00f4t\u00e9 de Daniel H\u00e9raud et au Carnet de route de 1992 \u00e0 2001. Il est fondateur, copropri\u00e9taire et r\u00e9dacteur en chef de L\u2019Annuel de l\u2019automobile, qu\u2019il publie depuis 2001. Il a anim\u00e9 les \u00e9missions RPM et RPM+ sur V et les L\u00e9gendes de la route sur Historia. \u00c0 la radio depuis 1986, il reprend l\u2019antenne cette ann\u00e9e sur les ondes de Cogeco et participe pour la deuxi\u00e8me ann\u00e9e \u00e0 l\u2019\u00e9mission Passion Auto sur RDS en plus de mettre en ligne le site Web officiel de L\u2019Annuel de l\u2019automobile sur annuelauto.ca.","sameAs":["https:\/\/annuelauto.ca\/"],"url":"https:\/\/news.canadamotorjobs.com\/fr\/author\/benoit-charette\/"}]}},"_links":{"self":[{"href":"https:\/\/news.canadamotorjobs.com\/fr\/wp-json\/wp\/v2\/posts\/184051"}],"collection":[{"href":"https:\/\/news.canadamotorjobs.com\/fr\/wp-json\/wp\/v2\/posts"}],"about":[{"href":"https:\/\/news.canadamotorjobs.com\/fr\/wp-json\/wp\/v2\/types\/post"}],"author":[{"embeddable":true,"href":"https:\/\/news.canadamotorjobs.com\/fr\/wp-json\/wp\/v2\/users\/8"}],"replies":[{"embeddable":true,"href":"https:\/\/news.canadamotorjobs.com\/fr\/wp-json\/wp\/v2\/comments?post=184051"}],"version-history":[{"count":2,"href":"https:\/\/news.canadamotorjobs.com\/fr\/wp-json\/wp\/v2\/posts\/184051\/revisions"}],"predecessor-version":[{"id":184055,"href":"https:\/\/news.canadamotorjobs.com\/fr\/wp-json\/wp\/v2\/posts\/184051\/revisions\/184055"}],"wp:featuredmedia":[{"embeddable":true,"href":"https:\/\/news.canadamotorjobs.com\/fr\/wp-json\/wp\/v2\/media\/184053"}],"wp:attachment":[{"href":"https:\/\/news.canadamotorjobs.com\/fr\/wp-json\/wp\/v2\/media?parent=184051"}],"wp:term":[{"taxonomy":"category","embeddable":true,"href":"https:\/\/news.canadamotorjobs.com\/fr\/wp-json\/wp\/v2\/categories?post=184051"},{"taxonomy":"post_tag","embeddable":true,"href":"https:\/\/news.canadamotorjobs.com\/fr\/wp-json\/wp\/v2\/tags?post=184051"}],"curies":[{"name":"wp","href":"https:\/\/api.w.org\/{rel}","templated":true}]}}