{"id":184028,"date":"2024-12-10T09:03:51","date_gmt":"2024-12-10T14:03:51","guid":{"rendered":"https:\/\/news.canadamotorjobs.com\/?p=184028"},"modified":"2024-12-10T09:13:50","modified_gmt":"2024-12-10T14:13:50","slug":"les-quebecois-gardent-leurs-voitures-plus-longtemps-un-bon-ou-un-mauvais-calcul","status":"publish","type":"post","link":"https:\/\/news.canadamotorjobs.com\/fr\/les-quebecois-gardent-leurs-voitures-plus-longtemps-un-bon-ou-un-mauvais-calcul\/","title":{"rendered":"Les Qu\u00e9b\u00e9cois gardent leurs voitures plus longtemps : un bon ou un mauvais calcul?"},"content":{"rendered":"<\/p>\n<p>Les routes du Qu\u00e9bec, et du Canada, sont de plus en plus peupl\u00e9es de voitures \u00e2g\u00e9es. L\u2019\u00e2ge moyen d\u2019un v\u00e9hicule au Qu\u00e9bec avoisine maintenant <strong>11 ans<\/strong>, un chiffre similaire \u00e0 la tendance nord-am\u00e9ricaine o\u00f9 l\u2019\u00e2ge moyen a grimp\u00e9 \u00e0 <strong>13,6 ans<\/strong> contre <strong>8,4 ans<\/strong> il y a trois d\u00e9cennies. Cette \u00e9volution s\u2019explique en partie par l\u2019am\u00e9lioration de la durabilit\u00e9 des v\u00e9hicules et par des co\u00fbts croissants d\u2019acquisition. Cependant, malgr\u00e9 cette long\u00e9vit\u00e9 accrue, plusieurs propri\u00e9taires qu\u00e9b\u00e9cois n\u00e9gligent l\u2019entretien et les r\u00e9parations, une d\u00e9cision qui pourrait leur co\u00fbter cher \u00e0 long terme.<\/p>\n<h3>Pourquoi les voitures durent plus longtemps<\/h3>\n<p>\nLes v\u00e9hicules modernes sont mieux con\u00e7us, avec des composants plus r\u00e9sistants. Auparavant, atteindre 160 000 km (100 000 milles) relevait de l\u2019exploit; aujourd\u2019hui, c\u2019est la norme. De plus, l\u2019inflation, les perturbations des cha\u00eenes d\u2019approvisionnement et la hausse des taux d\u2019int\u00e9r\u00eat rendent les v\u00e9hicules neufs moins abordables.<\/p>\n<p>En cons\u00e9quence, les ventes de v\u00e9hicules neufs au Canada ont chut\u00e9 de pr\u00e8s de 15 % depuis la pand\u00e9mie. Les Qu\u00e9b\u00e9cois, comme leurs voisins am\u00e9ricains, pr\u00e9f\u00e8rent conserver leurs voitures et effectuer des r\u00e9parations plut\u00f4t que d\u2019assumer les co\u00fbts \u00e9lev\u00e9s d\u2019un nouveau v\u00e9hicule.<\/p>\n<h3>R\u00e9duire les co\u00fbts d\u2019entretien : un pari risqu\u00e9<\/h3>\n<p>\nAu Qu\u00e9bec, plus de <strong>25 % des automobilistes reportent l\u2019entretien de base<\/strong>, comme la rotation des pneus ou les changements d\u2019huile, selon des donn\u00e9es de Carfax Canada. Cette tendance s\u2019est accentu\u00e9e avec l\u2019augmentation des co\u00fbts de la vie.<\/p>\n<p>Les d\u00e9taillants de pi\u00e8ces automobiles, comme Napa et AutoZone, observent une baisse des ventes de pneus premium ou de services tels que les r\u00e9parations de freins. Or, diff\u00e9rer ces entretiens peut transformer des probl\u00e8mes mineurs en r\u00e9parations co\u00fbteuses. Par exemple, n\u00e9gliger des pneus de qualit\u00e9 pourrait entra\u00eener un remplacement plus fr\u00e9quent ou des risques accrus sur la route.<\/p>\n<h3>Les v\u00e9hicules \u00e9lectriques : une solution partielle<\/h3>\n<p>\nLes v\u00e9hicules \u00e9lectriques (V\u00c9S) pourraient modifier cette dynamique, car ils n\u00e9cessitent moins d\u2019entretien (pas de changements d\u2019huile moteur, moins de pi\u00e8ces mobiles). Cependant, avec une part de march\u00e9 encore limit\u00e9e au Qu\u00e9bec, leur impact sur la demande d\u2019entretien reste marginal pour l\u2019instant.<\/p>\n<h3>Un retour in\u00e9vitable \u00e0 l\u2019entretien<\/h3>\n<p>\nLes tendances pass\u00e9es montrent que le report des r\u00e9parations n\u2019est souvent qu\u2019une \u00e9tape temporaire. Durant la r\u00e9cession de 2008-2009, les d\u00e9taillants de pi\u00e8ces et services automobiles avaient rebondi rapidement lorsque les consommateurs r\u00e9alisaient que reporter l\u2019entretien devenait plus co\u00fbteux \u00e0 long terme.<\/p>\n<p>Selon des experts de l\u2019industrie, un entretien r\u00e9gulier reste la meilleure fa\u00e7on de prolonger la vie d\u2019un v\u00e9hicule et de r\u00e9duire les frais impr\u00e9vus. Comme le souligne Philip Daniele, PDG d\u2019AutoZone :<\/p>\n<blockquote><p>\u00ab Reporter l\u2019entretien d\u2019aujourd\u2019hui m\u00e8ne \u00e0 des r\u00e9parations majeures demain. \u00bb<\/p><\/blockquote>\n<p><\/p>\n<h3><strong>Conclusion : Entretien r\u00e9gulier ou r\u00e9parations co\u00fbteuses<\/strong><\/h3>\n<p>\nGarder une voiture plus longtemps est \u00e9conomiquement judicieux, mais \u00e0 condition de ne pas n\u00e9gliger l\u2019entretien. Au Qu\u00e9bec, o\u00f9 l\u2019automobile est essentielle pour de nombreuses familles, un entretien r\u00e9gulier est un petit investissement pour \u00e9viter de grandes d\u00e9penses.<\/p>\n<p>\u00a0<\/p>\n<p>Le texte <a rel=\"nofollow\" href=\"https:\/\/annuelauto.ca\/voitures-quebec-entretien-risque\/\">Les Qu\u00e9b\u00e9cois gardent leurs voitures plus longtemps : un bon ou un mauvais calcul?<\/a> provient de <a rel=\"nofollow\" href=\"https:\/\/annuelauto.ca\">L&#8217;annuel de l&#8217;automobile &#8211; Actualit\u00e9 automobile<\/a><\/p>\n<p><\/p>\n","protected":false},"excerpt":{"rendered":"<p>Les routes du Qu\u00e9bec, et du Canada, sont de plus en plus peupl\u00e9es de voitures \u00e2g\u00e9es. L\u2019\u00e2ge moyen d\u2019un v\u00e9hicule au Qu\u00e9bec avoisine maintenant 11 ans, un chiffre similaire \u00e0 la tendance nord-am\u00e9ricaine o\u00f9 l\u2019\u00e2ge moyen a grimp\u00e9 \u00e0 13,6 ans contre 8,4 ans il y a trois d\u00e9cennies. Cette \u00e9volution s\u2019explique en partie par [&hellip;]<\/p>\n","protected":false},"author":8,"featured_media":184030,"comment_status":"close","ping_status":"closed","sticky":false,"template":"","format":"standard","meta":{"_monsterinsights_skip_tracking":false,"_monsterinsights_sitenote_active":false,"_monsterinsights_sitenote_note":"","_monsterinsights_sitenote_category":0,"footnotes":""},"categories":[101],"tags":[],"yoast_head":"<!-- This site is optimized with the Yoast SEO plugin v23.2 - https:\/\/yoast.com\/wordpress\/plugins\/seo\/ -->\n<title>Les Qu\u00e9b\u00e9cois gardent leurs voitures plus longtemps : un bon ou un mauvais calcul? - CanadaMotorJobs.com<\/title>\n<meta name=\"description\" content=\"Les Qu\u00e9b\u00e9cois gardent leurs voitures plus longtemps : un bon ou un mauvais calcul? - Benoit Charette - Annuel automobile - CanadaMotorJobs.com.\" \/>\n<meta name=\"robots\" content=\"index, follow, max-snippet:-1, max-image-preview:large, max-video-preview:-1\" \/>\n<meta property=\"og:locale\" content=\"fr_CA\" \/>\n<meta property=\"og:type\" content=\"article\" \/>\n<meta property=\"og:title\" content=\"Les Qu\u00e9b\u00e9cois gardent leurs voitures plus longtemps : un bon ou un mauvais calcul? - CanadaMotorJobs.com\" \/>\n<meta property=\"og:description\" content=\"Les Qu\u00e9b\u00e9cois gardent leurs voitures plus longtemps : un bon ou un mauvais calcul? - Benoit Charette - Annuel automobile - CanadaMotorJobs.com.\" \/>\n<meta property=\"og:url\" content=\"https:\/\/news.canadamotorjobs.com\/fr\/les-quebecois-gardent-leurs-voitures-plus-longtemps-un-bon-ou-un-mauvais-calcul\/\" \/>\n<meta property=\"og:site_name\" content=\"CanadaMotorJobs.com\" \/>\n<meta property=\"article:publisher\" content=\"https:\/\/www.facebook.com\/canadamotorjobs\/\" \/>\n<meta property=\"article:published_time\" content=\"2024-12-10T14:03:51+00:00\" \/>\n<meta property=\"article:modified_time\" content=\"2024-12-10T14:13:50+00:00\" \/>\n<meta property=\"og:image\" content=\"https:\/\/news.canadamotorjobs.com\/wp-content\/uploads\/2024\/12\/2013-toyota-corolla_100424604_h.jpg\" \/>\n\t<meta property=\"og:image:width\" content=\"1200\" \/>\n\t<meta property=\"og:image:height\" content=\"800\" \/>\n\t<meta property=\"og:image:type\" content=\"image\/jpeg\" \/>\n<meta name=\"author\" content=\"Benoit Charette\" \/>\n<meta name=\"twitter:card\" content=\"summary_large_image\" \/>\n<meta name=\"twitter:creator\" content=\"@canadamotorjobs\" \/>\n<meta name=\"twitter:site\" content=\"@canadamotorjobs\" \/>\n<meta name=\"twitter:label1\" content=\"\u00c9crit par\" \/>\n\t<meta name=\"twitter:data1\" content=\"Benoit Charette\" \/>\n\t<meta name=\"twitter:label2\" content=\"Estimation du temps de lecture\" \/>\n\t<meta name=\"twitter:data2\" content=\"3 minutes\" \/>\n<!-- \/ Yoast SEO plugin. -->","yoast_head_json":{"title":"Les Qu\u00e9b\u00e9cois gardent leurs voitures plus longtemps : un bon ou un mauvais calcul? - CanadaMotorJobs.com","description":"Les Qu\u00e9b\u00e9cois gardent leurs voitures plus longtemps : un bon ou un mauvais calcul? - Benoit Charette - Annuel automobile - CanadaMotorJobs.com.","robots":{"index":"index","follow":"follow","max-snippet":"max-snippet:-1","max-image-preview":"max-image-preview:large","max-video-preview":"max-video-preview:-1"},"og_locale":"fr_CA","og_type":"article","og_title":"Les Qu\u00e9b\u00e9cois gardent leurs voitures plus longtemps : un bon ou un mauvais calcul? - CanadaMotorJobs.com","og_description":"Les Qu\u00e9b\u00e9cois gardent leurs voitures plus longtemps : un bon ou un mauvais calcul? - Benoit Charette - Annuel automobile - CanadaMotorJobs.com.","og_url":"https:\/\/news.canadamotorjobs.com\/fr\/les-quebecois-gardent-leurs-voitures-plus-longtemps-un-bon-ou-un-mauvais-calcul\/","og_site_name":"CanadaMotorJobs.com","article_publisher":"https:\/\/www.facebook.com\/canadamotorjobs\/","article_published_time":"2024-12-10T14:03:51+00:00","article_modified_time":"2024-12-10T14:13:50+00:00","og_image":[{"width":1200,"height":800,"url":"https:\/\/news.canadamotorjobs.com\/wp-content\/uploads\/2024\/12\/2013-toyota-corolla_100424604_h.jpg","type":"image\/jpeg"}],"author":"Benoit Charette","twitter_card":"summary_large_image","twitter_creator":"@canadamotorjobs","twitter_site":"@canadamotorjobs","twitter_misc":{"\u00c9crit par":"Benoit Charette","Estimation du temps de lecture":"3 minutes"},"schema":{"@context":"https:\/\/schema.org","@graph":[{"@type":"Article","@id":"https:\/\/news.canadamotorjobs.com\/fr\/les-quebecois-gardent-leurs-voitures-plus-longtemps-un-bon-ou-un-mauvais-calcul\/#article","isPartOf":{"@id":"https:\/\/news.canadamotorjobs.com\/fr\/les-quebecois-gardent-leurs-voitures-plus-longtemps-un-bon-ou-un-mauvais-calcul\/"},"author":{"name":"Benoit Charette","@id":"https:\/\/news.canadamotorjobs.com\/#\/schema\/person\/51793d1f87d44011d7bcc2ed99269a90"},"headline":"Les Qu\u00e9b\u00e9cois gardent leurs voitures plus longtemps : un bon ou un mauvais calcul?","datePublished":"2024-12-10T14:03:51+00:00","dateModified":"2024-12-10T14:13:50+00:00","mainEntityOfPage":{"@id":"https:\/\/news.canadamotorjobs.com\/fr\/les-quebecois-gardent-leurs-voitures-plus-longtemps-un-bon-ou-un-mauvais-calcul\/"},"wordCount":610,"publisher":{"@id":"https:\/\/news.canadamotorjobs.com\/#organization"},"image":{"@id":"https:\/\/news.canadamotorjobs.com\/fr\/les-quebecois-gardent-leurs-voitures-plus-longtemps-un-bon-ou-un-mauvais-calcul\/#primaryimage"},"thumbnailUrl":"https:\/\/news.canadamotorjobs.com\/wp-content\/uploads\/2024\/12\/2013-toyota-corolla_100424604_h.jpg","articleSection":["Annuel automobile"],"inLanguage":"fr-CA"},{"@type":"WebPage","@id":"https:\/\/news.canadamotorjobs.com\/fr\/les-quebecois-gardent-leurs-voitures-plus-longtemps-un-bon-ou-un-mauvais-calcul\/","url":"https:\/\/news.canadamotorjobs.com\/fr\/les-quebecois-gardent-leurs-voitures-plus-longtemps-un-bon-ou-un-mauvais-calcul\/","name":"Les Qu\u00e9b\u00e9cois gardent leurs voitures plus longtemps : un bon ou un mauvais calcul? - CanadaMotorJobs.com","isPartOf":{"@id":"https:\/\/news.canadamotorjobs.com\/#website"},"primaryImageOfPage":{"@id":"https:\/\/news.canadamotorjobs.com\/fr\/les-quebecois-gardent-leurs-voitures-plus-longtemps-un-bon-ou-un-mauvais-calcul\/#primaryimage"},"image":{"@id":"https:\/\/news.canadamotorjobs.com\/fr\/les-quebecois-gardent-leurs-voitures-plus-longtemps-un-bon-ou-un-mauvais-calcul\/#primaryimage"},"thumbnailUrl":"https:\/\/news.canadamotorjobs.com\/wp-content\/uploads\/2024\/12\/2013-toyota-corolla_100424604_h.jpg","datePublished":"2024-12-10T14:03:51+00:00","dateModified":"2024-12-10T14:13:50+00:00","description":"Les Qu\u00e9b\u00e9cois gardent leurs voitures plus longtemps : un bon ou un mauvais calcul? - Benoit Charette - Annuel automobile - CanadaMotorJobs.com.","breadcrumb":{"@id":"https:\/\/news.canadamotorjobs.com\/fr\/les-quebecois-gardent-leurs-voitures-plus-longtemps-un-bon-ou-un-mauvais-calcul\/#breadcrumb"},"inLanguage":"fr-CA","potentialAction":[{"@type":"ReadAction","target":["https:\/\/news.canadamotorjobs.com\/fr\/les-quebecois-gardent-leurs-voitures-plus-longtemps-un-bon-ou-un-mauvais-calcul\/"]}]},{"@type":"ImageObject","inLanguage":"fr-CA","@id":"https:\/\/news.canadamotorjobs.com\/fr\/les-quebecois-gardent-leurs-voitures-plus-longtemps-un-bon-ou-un-mauvais-calcul\/#primaryimage","url":"https:\/\/news.canadamotorjobs.com\/wp-content\/uploads\/2024\/12\/2013-toyota-corolla_100424604_h.jpg","contentUrl":"https:\/\/news.canadamotorjobs.com\/wp-content\/uploads\/2024\/12\/2013-toyota-corolla_100424604_h.jpg","width":1200,"height":800},{"@type":"BreadcrumbList","@id":"https:\/\/news.canadamotorjobs.com\/fr\/les-quebecois-gardent-leurs-voitures-plus-longtemps-un-bon-ou-un-mauvais-calcul\/#breadcrumb","itemListElement":[{"@type":"ListItem","position":1,"name":"Home","item":"https:\/\/news.canadamotorjobs.com\/fr\/blog\/"},{"@type":"ListItem","position":2,"name":"Les Qu\u00e9b\u00e9cois gardent leurs voitures plus longtemps : un bon ou un mauvais calcul?"}]},{"@type":"WebSite","@id":"https:\/\/news.canadamotorjobs.com\/#website","url":"https:\/\/news.canadamotorjobs.com\/","name":"CanadaMotorJobs.com","description":"Automotive Jobs","publisher":{"@id":"https:\/\/news.canadamotorjobs.com\/#organization"},"potentialAction":[{"@type":"SearchAction","target":{"@type":"EntryPoint","urlTemplate":"https:\/\/news.canadamotorjobs.com\/?s={search_term_string}"},"query-input":"required name=search_term_string"}],"inLanguage":"fr-CA"},{"@type":"Organization","@id":"https:\/\/news.canadamotorjobs.com\/#organization","name":"Canada Motor Jobs","url":"https:\/\/news.canadamotorjobs.com\/","logo":{"@type":"ImageObject","inLanguage":"fr-CA","@id":"https:\/\/news.canadamotorjobs.com\/#\/schema\/logo\/image\/","url":"https:\/\/news.canadamotorjobs.com\/wp-content\/uploads\/2022\/10\/logo-canada-motor-jobs-1.png","contentUrl":"https:\/\/news.canadamotorjobs.com\/wp-content\/uploads\/2022\/10\/logo-canada-motor-jobs-1.png","width":800,"height":400,"caption":"Canada Motor Jobs"},"image":{"@id":"https:\/\/news.canadamotorjobs.com\/#\/schema\/logo\/image\/"},"sameAs":["https:\/\/www.facebook.com\/canadamotorjobs\/","https:\/\/x.com\/canadamotorjobs","https:\/\/www.instagram.com\/canadamotorjobs\/","https:\/\/www.linkedin.com\/company\/canadamotorjobs"]},{"@type":"Person","@id":"https:\/\/news.canadamotorjobs.com\/#\/schema\/person\/51793d1f87d44011d7bcc2ed99269a90","name":"Benoit Charette","image":{"@type":"ImageObject","inLanguage":"fr-CA","@id":"https:\/\/news.canadamotorjobs.com\/#\/schema\/person\/image\/","url":"https:\/\/secure.gravatar.com\/avatar\/45f3d2eebcccd909668d7ce7ea7267b6?s=96&d=mm&r=g","contentUrl":"https:\/\/secure.gravatar.com\/avatar\/45f3d2eebcccd909668d7ce7ea7267b6?s=96&d=mm&r=g","caption":"Benoit Charette"},"description":"Benoit Charette \/ Propri\u00e9taire et r\u00e9dacteur en chef Benoit Charette pratique le journalisme automobile depuis bient\u00f4t 30 ans. Il a fait ses classes au c\u00f4t\u00e9 de Daniel H\u00e9raud et au Carnet de route de 1992 \u00e0 2001. Il est fondateur, copropri\u00e9taire et r\u00e9dacteur en chef de L\u2019Annuel de l\u2019automobile, qu\u2019il publie depuis 2001. Il a anim\u00e9 les \u00e9missions RPM et RPM+ sur V et les L\u00e9gendes de la route sur Historia. \u00c0 la radio depuis 1986, il reprend l\u2019antenne cette ann\u00e9e sur les ondes de Cogeco et participe pour la deuxi\u00e8me ann\u00e9e \u00e0 l\u2019\u00e9mission Passion Auto sur RDS en plus de mettre en ligne le site Web officiel de L\u2019Annuel de l\u2019automobile sur annuelauto.ca.","sameAs":["https:\/\/annuelauto.ca\/"],"url":"https:\/\/news.canadamotorjobs.com\/fr\/author\/benoit-charette\/"}]}},"_links":{"self":[{"href":"https:\/\/news.canadamotorjobs.com\/fr\/wp-json\/wp\/v2\/posts\/184028"}],"collection":[{"href":"https:\/\/news.canadamotorjobs.com\/fr\/wp-json\/wp\/v2\/posts"}],"about":[{"href":"https:\/\/news.canadamotorjobs.com\/fr\/wp-json\/wp\/v2\/types\/post"}],"author":[{"embeddable":true,"href":"https:\/\/news.canadamotorjobs.com\/fr\/wp-json\/wp\/v2\/users\/8"}],"replies":[{"embeddable":true,"href":"https:\/\/news.canadamotorjobs.com\/fr\/wp-json\/wp\/v2\/comments?post=184028"}],"version-history":[{"count":2,"href":"https:\/\/news.canadamotorjobs.com\/fr\/wp-json\/wp\/v2\/posts\/184028\/revisions"}],"predecessor-version":[{"id":184032,"href":"https:\/\/news.canadamotorjobs.com\/fr\/wp-json\/wp\/v2\/posts\/184028\/revisions\/184032"}],"wp:featuredmedia":[{"embeddable":true,"href":"https:\/\/news.canadamotorjobs.com\/fr\/wp-json\/wp\/v2\/media\/184030"}],"wp:attachment":[{"href":"https:\/\/news.canadamotorjobs.com\/fr\/wp-json\/wp\/v2\/media?parent=184028"}],"wp:term":[{"taxonomy":"category","embeddable":true,"href":"https:\/\/news.canadamotorjobs.com\/fr\/wp-json\/wp\/v2\/categories?post=184028"},{"taxonomy":"post_tag","embeddable":true,"href":"https:\/\/news.canadamotorjobs.com\/fr\/wp-json\/wp\/v2\/tags?post=184028"}],"curies":[{"name":"wp","href":"https:\/\/api.w.org\/{rel}","templated":true}]}}