{"id":184001,"date":"2024-12-10T08:14:44","date_gmt":"2024-12-10T13:14:44","guid":{"rendered":"https:\/\/news.canadamotorjobs.com\/?p=184001"},"modified":"2024-12-10T08:29:00","modified_gmt":"2024-12-10T13:29:00","slug":"christian-meunier-lancien-patron-de-jeep-revient-chez-nissan","status":"publish","type":"post","link":"https:\/\/news.canadamotorjobs.com\/fr\/christian-meunier-lancien-patron-de-jeep-revient-chez-nissan\/","title":{"rendered":"Christian Meunier : l\u2019ancien patron de Jeep revient chez Nissan"},"content":{"rendered":"<\/p>\n<div class=\"flex max-w-full flex-col flex-grow\"><\/p>\n<div class=\"min-h-8 text-message flex w-full flex-col items-end gap-2 whitespace-normal break-words text-start [.text-message+&amp;]:mt-5\" dir=\"auto\" data-message-author-role=\"assistant\" data-message-id=\"bce7e5db-133b-4096-8cde-4357fcce00a1\" data-message-model-slug=\"gpt-4o\"><\/p>\n<div class=\"flex w-full flex-col gap-1 empty:hidden first:pt-[3px]\"><\/p>\n<div class=\"markdown prose w-full break-words dark:prose-invert light\"><\/p>\n<h3><strong>Un retour strat\u00e9gique pour relancer Nissan et Infiniti<\/strong><\/h3>\n<p>\nChristian Meunier, ancien pr\u00e9sident mondial de Jeep, ancien patron mondial d&#8217;infiniti et ancien PDG de Nissan Canada s\u2019appr\u00eate \u00e0 revenir chez Nissan en tant que pr\u00e9sident de Nissan Am\u00e9riques. Cette nomination, rapport\u00e9e par <em>Automotive News<\/em>, lui confierait la gestion des marques Nissan et Infiniti en Am\u00e9rique du Nord et du Sud. Meunier, qui a d\u00e9j\u00e0 occup\u00e9 le poste de pr\u00e9sident mondial d\u2019Infiniti avant de rejoindre Jeep en 2019, succ\u00e9derait \u00e0 J\u00e9r\u00e9mie Papin. Ce dernier serait promu directeur financier de Nissan, rempla\u00e7ant Stephen Ma. Ces changements, pr\u00e9vus pour le 1er janvier, pourraient s\u2019accompagner d\u2019autres r\u00e9organisations internes. Pour le moment Meunier occuper toujours le poste de CEO chez Jeep et est bas\u00e9 \u00e0 Franklin, au Tennesse, tout juste \u00e0 c\u00f4t\u00e9 du si\u00e8ge social de Nissan.<\/p>\n<h3><strong>Un d\u00e9fi de taille<\/strong><\/h3>\n<p>\nLes ventes de Nissan et Infiniti ont chut\u00e9 de mani\u00e8re significative ces derni\u00e8res ann\u00e9es. En 2022, Nissan a vendu 834 097 v\u00e9hicules aux \u00c9tats-Unis, soit pr\u00e8s de 300 000 de moins qu&#8217;il y a dix ans, repr\u00e9sentant une baisse de 26,3 %. Infiniti souffre encore plus, avec une baisse de 45 % des ventes sur la m\u00eame p\u00e9riode. Le futur s\u2019annonce compliqu\u00e9 pour Infiniti, notamment avec la disparition de la berline Q50 en 2025. Christian Meunier conna\u00eet bien le d\u00e9fi qui l&#8217;attend et il a la cote d&#8221;amour des gens de Nissan qu&#8217;il a fr\u00e9quent\u00e9 durant des ann\u00e9es.<\/p>\n<h3><strong>Des projets pour redresser la barre<\/strong><\/h3>\n<p>\nMalgr\u00e9 les difficult\u00e9s, Nissan mise sur des mod\u00e8les renouvel\u00e9s et des partenariats strat\u00e9giques pour se relancer. Un rapprochement avec Honda est en cours, et selon <em>Automotive News<\/em>, Nissan pourrait m\u00eame acqu\u00e9rir une participation dans son ancien rival. Une annonce officielle pourrait intervenir d\u00e8s le mois prochain. Avec son exp\u00e9rience chez Infiniti et Jeep, Meunier pourrait jouer un r\u00f4le cl\u00e9 dans cette transformation. Ses comp\u00e9tences seront mises \u00e0 rude \u00e9preuve pour relancer les ventes et moderniser les deux marques.<\/p>\n<p>Avec des renseignements de Carscoops<\/p>\n<\/div>\n<p>\n<\/div>\n<p>\n<\/div>\n<p>\n<\/div>\n<p><\/p>\n<div class=\"mb-2 flex gap-3 empty:hidden -ml-2\"><\/p>\n<div class=\"items-center justify-start rounded-xl p-1 flex\"><\/p>\n<div class=\"flex items-center\"><\/div>\n<p>\n<\/div>\n<p>\n<\/div>\n<p>Le texte <a rel=\"nofollow\" href=\"https:\/\/annuelauto.ca\/christian-meunier-lancien-patron-de-jeep-revient-chez-nissan\/\">Christian Meunier : l\u2019ancien patron de Jeep revient chez Nissan<\/a> provient de <a rel=\"nofollow\" href=\"https:\/\/annuelauto.ca\">L&#8217;annuel de l&#8217;automobile &#8211; Actualit\u00e9 automobile<\/a><\/p>\n<p><\/p>\n","protected":false},"excerpt":{"rendered":"<p>Un retour strat\u00e9gique pour relancer Nissan et Infiniti Christian Meunier, ancien pr\u00e9sident mondial de Jeep, ancien patron mondial d&#8217;infiniti et ancien PDG de Nissan Canada s\u2019appr\u00eate \u00e0 revenir chez Nissan en tant que pr\u00e9sident de Nissan Am\u00e9riques. Cette nomination, rapport\u00e9e par Automotive News, lui confierait la gestion des marques Nissan et Infiniti en Am\u00e9rique du [&hellip;]<\/p>\n","protected":false},"author":8,"featured_media":184003,"comment_status":"close","ping_status":"closed","sticky":false,"template":"","format":"standard","meta":{"_monsterinsights_skip_tracking":false,"_monsterinsights_sitenote_active":false,"_monsterinsights_sitenote_note":"","_monsterinsights_sitenote_category":0,"footnotes":""},"categories":[101],"tags":[],"yoast_head":"<!-- This site is optimized with the Yoast SEO plugin v23.2 - https:\/\/yoast.com\/wordpress\/plugins\/seo\/ -->\n<title>Christian Meunier : l\u2019ancien patron de Jeep revient chez Nissan - CanadaMotorJobs.com<\/title>\n<meta name=\"description\" content=\"Christian Meunier : l\u2019ancien patron de Jeep revient chez Nissan - Benoit Charette - Annuel automobile - CanadaMotorJobs.com.\" \/>\n<meta name=\"robots\" content=\"index, follow, max-snippet:-1, max-image-preview:large, max-video-preview:-1\" \/>\n<meta property=\"og:locale\" content=\"fr_CA\" \/>\n<meta property=\"og:type\" content=\"article\" \/>\n<meta property=\"og:title\" content=\"Christian Meunier : l\u2019ancien patron de Jeep revient chez Nissan - CanadaMotorJobs.com\" \/>\n<meta property=\"og:description\" content=\"Christian Meunier : l\u2019ancien patron de Jeep revient chez Nissan - Benoit Charette - Annuel automobile - CanadaMotorJobs.com.\" \/>\n<meta property=\"og:url\" content=\"https:\/\/news.canadamotorjobs.com\/fr\/christian-meunier-lancien-patron-de-jeep-revient-chez-nissan\/\" \/>\n<meta property=\"og:site_name\" content=\"CanadaMotorJobs.com\" \/>\n<meta property=\"article:publisher\" content=\"https:\/\/www.facebook.com\/canadamotorjobs\/\" \/>\n<meta property=\"article:published_time\" content=\"2024-12-10T13:14:44+00:00\" \/>\n<meta property=\"article:modified_time\" content=\"2024-12-10T13:29:00+00:00\" \/>\n<meta property=\"og:image\" content=\"https:\/\/news.canadamotorjobs.com\/wp-content\/uploads\/2024\/12\/Christian-Meunier.jpg\" \/>\n\t<meta property=\"og:image:width\" content=\"1920\" \/>\n\t<meta property=\"og:image:height\" content=\"1080\" \/>\n\t<meta property=\"og:image:type\" content=\"image\/jpeg\" \/>\n<meta name=\"author\" content=\"Benoit Charette\" \/>\n<meta name=\"twitter:card\" content=\"summary_large_image\" \/>\n<meta name=\"twitter:creator\" content=\"@canadamotorjobs\" \/>\n<meta name=\"twitter:site\" content=\"@canadamotorjobs\" \/>\n<meta name=\"twitter:label1\" content=\"\u00c9crit par\" \/>\n\t<meta name=\"twitter:data1\" content=\"Benoit Charette\" \/>\n\t<meta name=\"twitter:label2\" content=\"Estimation du temps de lecture\" \/>\n\t<meta name=\"twitter:data2\" content=\"2 minutes\" \/>\n<!-- \/ Yoast SEO plugin. -->","yoast_head_json":{"title":"Christian Meunier : l\u2019ancien patron de Jeep revient chez Nissan - CanadaMotorJobs.com","description":"Christian Meunier : l\u2019ancien patron de Jeep revient chez Nissan - Benoit Charette - Annuel automobile - CanadaMotorJobs.com.","robots":{"index":"index","follow":"follow","max-snippet":"max-snippet:-1","max-image-preview":"max-image-preview:large","max-video-preview":"max-video-preview:-1"},"og_locale":"fr_CA","og_type":"article","og_title":"Christian Meunier : l\u2019ancien patron de Jeep revient chez Nissan - CanadaMotorJobs.com","og_description":"Christian Meunier : l\u2019ancien patron de Jeep revient chez Nissan - Benoit Charette - Annuel automobile - CanadaMotorJobs.com.","og_url":"https:\/\/news.canadamotorjobs.com\/fr\/christian-meunier-lancien-patron-de-jeep-revient-chez-nissan\/","og_site_name":"CanadaMotorJobs.com","article_publisher":"https:\/\/www.facebook.com\/canadamotorjobs\/","article_published_time":"2024-12-10T13:14:44+00:00","article_modified_time":"2024-12-10T13:29:00+00:00","og_image":[{"width":1920,"height":1080,"url":"https:\/\/news.canadamotorjobs.com\/wp-content\/uploads\/2024\/12\/Christian-Meunier.jpg","type":"image\/jpeg"}],"author":"Benoit Charette","twitter_card":"summary_large_image","twitter_creator":"@canadamotorjobs","twitter_site":"@canadamotorjobs","twitter_misc":{"\u00c9crit par":"Benoit Charette","Estimation du temps de lecture":"2 minutes"},"schema":{"@context":"https:\/\/schema.org","@graph":[{"@type":"Article","@id":"https:\/\/news.canadamotorjobs.com\/fr\/christian-meunier-lancien-patron-de-jeep-revient-chez-nissan\/#article","isPartOf":{"@id":"https:\/\/news.canadamotorjobs.com\/fr\/christian-meunier-lancien-patron-de-jeep-revient-chez-nissan\/"},"author":{"name":"Benoit Charette","@id":"https:\/\/news.canadamotorjobs.com\/#\/schema\/person\/51793d1f87d44011d7bcc2ed99269a90"},"headline":"Christian Meunier : l\u2019ancien patron de Jeep revient chez Nissan","datePublished":"2024-12-10T13:14:44+00:00","dateModified":"2024-12-10T13:29:00+00:00","mainEntityOfPage":{"@id":"https:\/\/news.canadamotorjobs.com\/fr\/christian-meunier-lancien-patron-de-jeep-revient-chez-nissan\/"},"wordCount":388,"publisher":{"@id":"https:\/\/news.canadamotorjobs.com\/#organization"},"image":{"@id":"https:\/\/news.canadamotorjobs.com\/fr\/christian-meunier-lancien-patron-de-jeep-revient-chez-nissan\/#primaryimage"},"thumbnailUrl":"https:\/\/news.canadamotorjobs.com\/wp-content\/uploads\/2024\/12\/Christian-Meunier.jpg","articleSection":["Annuel automobile"],"inLanguage":"fr-CA"},{"@type":"WebPage","@id":"https:\/\/news.canadamotorjobs.com\/fr\/christian-meunier-lancien-patron-de-jeep-revient-chez-nissan\/","url":"https:\/\/news.canadamotorjobs.com\/fr\/christian-meunier-lancien-patron-de-jeep-revient-chez-nissan\/","name":"Christian Meunier : l\u2019ancien patron de Jeep revient chez Nissan - CanadaMotorJobs.com","isPartOf":{"@id":"https:\/\/news.canadamotorjobs.com\/#website"},"primaryImageOfPage":{"@id":"https:\/\/news.canadamotorjobs.com\/fr\/christian-meunier-lancien-patron-de-jeep-revient-chez-nissan\/#primaryimage"},"image":{"@id":"https:\/\/news.canadamotorjobs.com\/fr\/christian-meunier-lancien-patron-de-jeep-revient-chez-nissan\/#primaryimage"},"thumbnailUrl":"https:\/\/news.canadamotorjobs.com\/wp-content\/uploads\/2024\/12\/Christian-Meunier.jpg","datePublished":"2024-12-10T13:14:44+00:00","dateModified":"2024-12-10T13:29:00+00:00","description":"Christian Meunier : l\u2019ancien patron de Jeep revient chez Nissan - Benoit Charette - Annuel automobile - CanadaMotorJobs.com.","breadcrumb":{"@id":"https:\/\/news.canadamotorjobs.com\/fr\/christian-meunier-lancien-patron-de-jeep-revient-chez-nissan\/#breadcrumb"},"inLanguage":"fr-CA","potentialAction":[{"@type":"ReadAction","target":["https:\/\/news.canadamotorjobs.com\/fr\/christian-meunier-lancien-patron-de-jeep-revient-chez-nissan\/"]}]},{"@type":"ImageObject","inLanguage":"fr-CA","@id":"https:\/\/news.canadamotorjobs.com\/fr\/christian-meunier-lancien-patron-de-jeep-revient-chez-nissan\/#primaryimage","url":"https:\/\/news.canadamotorjobs.com\/wp-content\/uploads\/2024\/12\/Christian-Meunier.jpg","contentUrl":"https:\/\/news.canadamotorjobs.com\/wp-content\/uploads\/2024\/12\/Christian-Meunier.jpg","width":1920,"height":1080},{"@type":"BreadcrumbList","@id":"https:\/\/news.canadamotorjobs.com\/fr\/christian-meunier-lancien-patron-de-jeep-revient-chez-nissan\/#breadcrumb","itemListElement":[{"@type":"ListItem","position":1,"name":"Home","item":"https:\/\/news.canadamotorjobs.com\/fr\/blog\/"},{"@type":"ListItem","position":2,"name":"Christian Meunier : l\u2019ancien patron de Jeep revient chez Nissan"}]},{"@type":"WebSite","@id":"https:\/\/news.canadamotorjobs.com\/#website","url":"https:\/\/news.canadamotorjobs.com\/","name":"CanadaMotorJobs.com","description":"Automotive Jobs","publisher":{"@id":"https:\/\/news.canadamotorjobs.com\/#organization"},"potentialAction":[{"@type":"SearchAction","target":{"@type":"EntryPoint","urlTemplate":"https:\/\/news.canadamotorjobs.com\/?s={search_term_string}"},"query-input":"required name=search_term_string"}],"inLanguage":"fr-CA"},{"@type":"Organization","@id":"https:\/\/news.canadamotorjobs.com\/#organization","name":"Canada Motor Jobs","url":"https:\/\/news.canadamotorjobs.com\/","logo":{"@type":"ImageObject","inLanguage":"fr-CA","@id":"https:\/\/news.canadamotorjobs.com\/#\/schema\/logo\/image\/","url":"https:\/\/news.canadamotorjobs.com\/wp-content\/uploads\/2022\/10\/logo-canada-motor-jobs-1.png","contentUrl":"https:\/\/news.canadamotorjobs.com\/wp-content\/uploads\/2022\/10\/logo-canada-motor-jobs-1.png","width":800,"height":400,"caption":"Canada Motor Jobs"},"image":{"@id":"https:\/\/news.canadamotorjobs.com\/#\/schema\/logo\/image\/"},"sameAs":["https:\/\/www.facebook.com\/canadamotorjobs\/","https:\/\/x.com\/canadamotorjobs","https:\/\/www.instagram.com\/canadamotorjobs\/","https:\/\/www.linkedin.com\/company\/canadamotorjobs"]},{"@type":"Person","@id":"https:\/\/news.canadamotorjobs.com\/#\/schema\/person\/51793d1f87d44011d7bcc2ed99269a90","name":"Benoit Charette","image":{"@type":"ImageObject","inLanguage":"fr-CA","@id":"https:\/\/news.canadamotorjobs.com\/#\/schema\/person\/image\/","url":"https:\/\/secure.gravatar.com\/avatar\/45f3d2eebcccd909668d7ce7ea7267b6?s=96&d=mm&r=g","contentUrl":"https:\/\/secure.gravatar.com\/avatar\/45f3d2eebcccd909668d7ce7ea7267b6?s=96&d=mm&r=g","caption":"Benoit Charette"},"description":"Benoit Charette \/ Propri\u00e9taire et r\u00e9dacteur en chef Benoit Charette pratique le journalisme automobile depuis bient\u00f4t 30 ans. Il a fait ses classes au c\u00f4t\u00e9 de Daniel H\u00e9raud et au Carnet de route de 1992 \u00e0 2001. Il est fondateur, copropri\u00e9taire et r\u00e9dacteur en chef de L\u2019Annuel de l\u2019automobile, qu\u2019il publie depuis 2001. Il a anim\u00e9 les \u00e9missions RPM et RPM+ sur V et les L\u00e9gendes de la route sur Historia. \u00c0 la radio depuis 1986, il reprend l\u2019antenne cette ann\u00e9e sur les ondes de Cogeco et participe pour la deuxi\u00e8me ann\u00e9e \u00e0 l\u2019\u00e9mission Passion Auto sur RDS en plus de mettre en ligne le site Web officiel de L\u2019Annuel de l\u2019automobile sur annuelauto.ca.","sameAs":["https:\/\/annuelauto.ca\/"],"url":"https:\/\/news.canadamotorjobs.com\/fr\/author\/benoit-charette\/"}]}},"_links":{"self":[{"href":"https:\/\/news.canadamotorjobs.com\/fr\/wp-json\/wp\/v2\/posts\/184001"}],"collection":[{"href":"https:\/\/news.canadamotorjobs.com\/fr\/wp-json\/wp\/v2\/posts"}],"about":[{"href":"https:\/\/news.canadamotorjobs.com\/fr\/wp-json\/wp\/v2\/types\/post"}],"author":[{"embeddable":true,"href":"https:\/\/news.canadamotorjobs.com\/fr\/wp-json\/wp\/v2\/users\/8"}],"replies":[{"embeddable":true,"href":"https:\/\/news.canadamotorjobs.com\/fr\/wp-json\/wp\/v2\/comments?post=184001"}],"version-history":[{"count":2,"href":"https:\/\/news.canadamotorjobs.com\/fr\/wp-json\/wp\/v2\/posts\/184001\/revisions"}],"predecessor-version":[{"id":184005,"href":"https:\/\/news.canadamotorjobs.com\/fr\/wp-json\/wp\/v2\/posts\/184001\/revisions\/184005"}],"wp:featuredmedia":[{"embeddable":true,"href":"https:\/\/news.canadamotorjobs.com\/fr\/wp-json\/wp\/v2\/media\/184003"}],"wp:attachment":[{"href":"https:\/\/news.canadamotorjobs.com\/fr\/wp-json\/wp\/v2\/media?parent=184001"}],"wp:term":[{"taxonomy":"category","embeddable":true,"href":"https:\/\/news.canadamotorjobs.com\/fr\/wp-json\/wp\/v2\/categories?post=184001"},{"taxonomy":"post_tag","embeddable":true,"href":"https:\/\/news.canadamotorjobs.com\/fr\/wp-json\/wp\/v2\/tags?post=184001"}],"curies":[{"name":"wp","href":"https:\/\/api.w.org\/{rel}","templated":true}]}}