{"id":183950,"date":"2024-12-09T07:57:30","date_gmt":"2024-12-09T12:57:30","guid":{"rendered":"https:\/\/news.canadamotorjobs.com\/?p=183950"},"modified":"2024-12-09T07:59:43","modified_gmt":"2024-12-09T12:59:43","slug":"la-nhtsa-enquete-sur-le-tesla-cybertruck-apres-un-accident-mortel","status":"publish","type":"post","link":"https:\/\/news.canadamotorjobs.com\/fr\/la-nhtsa-enquete-sur-le-tesla-cybertruck-apres-un-accident-mortel\/","title":{"rendered":"La NHTSA enqu\u00eate sur le Tesla Cybertruck apr\u00e8s un accident mortel"},"content":{"rendered":"<\/p>\n<p>Le Tesla Cybertruck qui commence \u00e0 faire ses premi\u00e8res apparitions en sol qu\u00e9b\u00e9cois est d\u00e9j\u00e0 au centre de nombreuses controverses aux \u00c9tats-Unis et fait face \u00e0 une nouvelle \u00e9preuve. Un accident tragique survenu le 27 novembre a co\u00fbt\u00e9 la vie \u00e0 trois \u00e9tudiants, poussant la NHTSA \u00e0 ouvrir une enqu\u00eate sur ce v\u00e9hicule \u00e9lectrique au design unique.<\/p>\n<h3><strong>Un accident qui relance les interrogations<\/strong><\/h3>\n<p>\nL\u2019accident impliquant un Tesla Cybertruck a attir\u00e9 l\u2019attention du public et des m\u00e9dias. Alors que les enqu\u00eates initiales sugg\u00e8rent qu\u2019une vitesse excessive pourrait \u00eatre en cause, l\u2019incident soul\u00e8ve des inqui\u00e9tudes plus larges concernant la s\u00e9curit\u00e9 du v\u00e9hicule. La NHTSA (National Highway Traffic Safety Administration) a d\u00e9clar\u00e9 : &#8220;La NHTSA est au courant de l\u2019accident et recueille des informations aupr\u00e8s du fabricant et des forces de l\u2019ordre.&#8221;<\/p>\n<p>Bien que l\u2019enqu\u00eate soit encore \u00e0 ses d\u00e9buts, les conclusions pourraient conduire \u00e0 un rappel potentiel du Cybertruck, une perspective qui pourrait encore accentuer la pol\u00e9mique autour du mod\u00e8le.<\/p>\n<h3><strong>Le Cybertruck d\u00e9j\u00e0 sous les projecteurs<\/strong><\/h3>\n<p>\nLe Tesla Cybertruck n\u2019est pas \u00e9tranger aux critiques :<\/p>\n<ul><\/p>\n<li><strong>Des rappels ant\u00e9rieurs<\/strong> : Plusieurs probl\u00e8mes techniques ont d\u00e9j\u00e0 affect\u00e9 sa r\u00e9putation.<\/li>\n<p><\/p>\n<li><strong>Un design controvers\u00e9<\/strong> : Sa conception futuriste polarise les opinions.<\/li>\n<p>\n<\/ul>\n<p>\nCet incident est le deuxi\u00e8me accident mortel impliquant un Cybertruck en quelques mois. En ao\u00fbt, un autre v\u00e9hicule avait pris feu apr\u00e8s une sortie de route.<\/p>\n<h3><strong>Un enjeu de s\u00e9curit\u00e9 publique<\/strong><\/h3>\n<p>\nM\u00eame si la vitesse excessive est un facteur probable dans l\u2019accident du 27 novembre, cela n\u2019\u00e9limine pas la n\u00e9cessit\u00e9 de revoir la conception et les fonctionnalit\u00e9s de s\u00e9curit\u00e9 du v\u00e9hicule. Toute am\u00e9lioration pouvant pr\u00e9venir ce type de drames est essentielle.<\/p>\n<h3><strong>L\u2019enqu\u00eate en cours<\/strong><\/h3>\n<p>\nEn l\u2019\u00e9tat actuel, l\u2019enqu\u00eate vise \u00e0 \u00e9tablir si des probl\u00e8mes m\u00e9caniques ou structurels du Cybertruck ont contribu\u00e9 \u00e0 l\u2019accident. Si tel est le cas, Tesla pourrait \u00eatre contraint de proc\u00e9der \u00e0 un rappel pour am\u00e9liorer la s\u00e9curit\u00e9 du v\u00e9hicule.<\/p>\n<p>Avec des renseignements de Motor Biscuit<\/p>\n<p>\u00a0<\/p>\n<p>Le texte <a rel=\"nofollow\" href=\"https:\/\/annuelauto.ca\/enquete-nhtsa-tesla-cybertruck-accident-mortel\/\">La NHTSA enqu\u00eate sur le Tesla Cybertruck apr\u00e8s un accident mortel<\/a> provient de <a rel=\"nofollow\" href=\"https:\/\/annuelauto.ca\">L&#8217;annuel de l&#8217;automobile &#8211; Actualit\u00e9 automobile<\/a><\/p>\n<p><\/p>\n","protected":false},"excerpt":{"rendered":"<p>Le Tesla Cybertruck qui commence \u00e0 faire ses premi\u00e8res apparitions en sol qu\u00e9b\u00e9cois est d\u00e9j\u00e0 au centre de nombreuses controverses aux \u00c9tats-Unis et fait face \u00e0 une nouvelle \u00e9preuve. Un accident tragique survenu le 27 novembre a co\u00fbt\u00e9 la vie \u00e0 trois \u00e9tudiants, poussant la NHTSA \u00e0 ouvrir une enqu\u00eate sur ce v\u00e9hicule \u00e9lectrique au [&hellip;]<\/p>\n","protected":false},"author":8,"featured_media":183952,"comment_status":"close","ping_status":"closed","sticky":false,"template":"","format":"standard","meta":{"_monsterinsights_skip_tracking":false,"_monsterinsights_sitenote_active":false,"_monsterinsights_sitenote_note":"","_monsterinsights_sitenote_category":0,"footnotes":""},"categories":[101],"tags":[],"yoast_head":"<!-- This site is optimized with the Yoast SEO plugin v23.2 - https:\/\/yoast.com\/wordpress\/plugins\/seo\/ -->\n<title>La NHTSA enqu\u00eate sur le Tesla Cybertruck apr\u00e8s un accident mortel - CanadaMotorJobs.com<\/title>\n<meta name=\"description\" content=\"La NHTSA enqu\u00eate sur le Tesla Cybertruck apr\u00e8s un accident mortel - Benoit Charette - Annuel automobile - CanadaMotorJobs.com.\" \/>\n<meta name=\"robots\" content=\"index, follow, max-snippet:-1, max-image-preview:large, max-video-preview:-1\" \/>\n<meta property=\"og:locale\" content=\"fr_CA\" \/>\n<meta property=\"og:type\" content=\"article\" \/>\n<meta property=\"og:title\" content=\"La NHTSA enqu\u00eate sur le Tesla Cybertruck apr\u00e8s un accident mortel - CanadaMotorJobs.com\" \/>\n<meta property=\"og:description\" content=\"La NHTSA enqu\u00eate sur le Tesla Cybertruck apr\u00e8s un accident mortel - Benoit Charette - Annuel automobile - CanadaMotorJobs.com.\" \/>\n<meta property=\"og:url\" content=\"https:\/\/news.canadamotorjobs.com\/fr\/la-nhtsa-enquete-sur-le-tesla-cybertruck-apres-un-accident-mortel\/\" \/>\n<meta property=\"og:site_name\" content=\"CanadaMotorJobs.com\" \/>\n<meta property=\"article:publisher\" content=\"https:\/\/www.facebook.com\/canadamotorjobs\/\" \/>\n<meta property=\"article:published_time\" content=\"2024-12-09T12:57:30+00:00\" \/>\n<meta property=\"article:modified_time\" content=\"2024-12-09T12:59:43+00:00\" \/>\n<meta property=\"og:image\" content=\"https:\/\/news.canadamotorjobs.com\/wp-content\/uploads\/2024\/12\/cybertruck-sacrifice.jpeg\" \/>\n\t<meta property=\"og:image:width\" content=\"1498\" \/>\n\t<meta property=\"og:image:height\" content=\"1248\" \/>\n\t<meta property=\"og:image:type\" content=\"image\/jpeg\" \/>\n<meta name=\"author\" content=\"Benoit Charette\" \/>\n<meta name=\"twitter:card\" content=\"summary_large_image\" \/>\n<meta name=\"twitter:creator\" content=\"@canadamotorjobs\" \/>\n<meta name=\"twitter:site\" content=\"@canadamotorjobs\" \/>\n<meta name=\"twitter:label1\" content=\"\u00c9crit par\" \/>\n\t<meta name=\"twitter:data1\" content=\"Benoit Charette\" \/>\n\t<meta name=\"twitter:label2\" content=\"Estimation du temps de lecture\" \/>\n\t<meta name=\"twitter:data2\" content=\"2 minutes\" \/>\n<!-- \/ Yoast SEO plugin. -->","yoast_head_json":{"title":"La NHTSA enqu\u00eate sur le Tesla Cybertruck apr\u00e8s un accident mortel - CanadaMotorJobs.com","description":"La NHTSA enqu\u00eate sur le Tesla Cybertruck apr\u00e8s un accident mortel - Benoit Charette - Annuel automobile - CanadaMotorJobs.com.","robots":{"index":"index","follow":"follow","max-snippet":"max-snippet:-1","max-image-preview":"max-image-preview:large","max-video-preview":"max-video-preview:-1"},"og_locale":"fr_CA","og_type":"article","og_title":"La NHTSA enqu\u00eate sur le Tesla Cybertruck apr\u00e8s un accident mortel - CanadaMotorJobs.com","og_description":"La NHTSA enqu\u00eate sur le Tesla Cybertruck apr\u00e8s un accident mortel - Benoit Charette - Annuel automobile - CanadaMotorJobs.com.","og_url":"https:\/\/news.canadamotorjobs.com\/fr\/la-nhtsa-enquete-sur-le-tesla-cybertruck-apres-un-accident-mortel\/","og_site_name":"CanadaMotorJobs.com","article_publisher":"https:\/\/www.facebook.com\/canadamotorjobs\/","article_published_time":"2024-12-09T12:57:30+00:00","article_modified_time":"2024-12-09T12:59:43+00:00","og_image":[{"width":1498,"height":1248,"url":"https:\/\/news.canadamotorjobs.com\/wp-content\/uploads\/2024\/12\/cybertruck-sacrifice.jpeg","type":"image\/jpeg"}],"author":"Benoit Charette","twitter_card":"summary_large_image","twitter_creator":"@canadamotorjobs","twitter_site":"@canadamotorjobs","twitter_misc":{"\u00c9crit par":"Benoit Charette","Estimation du temps de lecture":"2 minutes"},"schema":{"@context":"https:\/\/schema.org","@graph":[{"@type":"Article","@id":"https:\/\/news.canadamotorjobs.com\/fr\/la-nhtsa-enquete-sur-le-tesla-cybertruck-apres-un-accident-mortel\/#article","isPartOf":{"@id":"https:\/\/news.canadamotorjobs.com\/fr\/la-nhtsa-enquete-sur-le-tesla-cybertruck-apres-un-accident-mortel\/"},"author":{"name":"Benoit Charette","@id":"https:\/\/news.canadamotorjobs.com\/#\/schema\/person\/51793d1f87d44011d7bcc2ed99269a90"},"headline":"La NHTSA enqu\u00eate sur le Tesla Cybertruck apr\u00e8s un accident mortel","datePublished":"2024-12-09T12:57:30+00:00","dateModified":"2024-12-09T12:59:43+00:00","mainEntityOfPage":{"@id":"https:\/\/news.canadamotorjobs.com\/fr\/la-nhtsa-enquete-sur-le-tesla-cybertruck-apres-un-accident-mortel\/"},"wordCount":396,"publisher":{"@id":"https:\/\/news.canadamotorjobs.com\/#organization"},"image":{"@id":"https:\/\/news.canadamotorjobs.com\/fr\/la-nhtsa-enquete-sur-le-tesla-cybertruck-apres-un-accident-mortel\/#primaryimage"},"thumbnailUrl":"https:\/\/news.canadamotorjobs.com\/wp-content\/uploads\/2024\/12\/cybertruck-sacrifice.jpeg","articleSection":["Annuel automobile"],"inLanguage":"fr-CA"},{"@type":"WebPage","@id":"https:\/\/news.canadamotorjobs.com\/fr\/la-nhtsa-enquete-sur-le-tesla-cybertruck-apres-un-accident-mortel\/","url":"https:\/\/news.canadamotorjobs.com\/fr\/la-nhtsa-enquete-sur-le-tesla-cybertruck-apres-un-accident-mortel\/","name":"La NHTSA enqu\u00eate sur le Tesla Cybertruck apr\u00e8s un accident mortel - CanadaMotorJobs.com","isPartOf":{"@id":"https:\/\/news.canadamotorjobs.com\/#website"},"primaryImageOfPage":{"@id":"https:\/\/news.canadamotorjobs.com\/fr\/la-nhtsa-enquete-sur-le-tesla-cybertruck-apres-un-accident-mortel\/#primaryimage"},"image":{"@id":"https:\/\/news.canadamotorjobs.com\/fr\/la-nhtsa-enquete-sur-le-tesla-cybertruck-apres-un-accident-mortel\/#primaryimage"},"thumbnailUrl":"https:\/\/news.canadamotorjobs.com\/wp-content\/uploads\/2024\/12\/cybertruck-sacrifice.jpeg","datePublished":"2024-12-09T12:57:30+00:00","dateModified":"2024-12-09T12:59:43+00:00","description":"La NHTSA enqu\u00eate sur le Tesla Cybertruck apr\u00e8s un accident mortel - Benoit Charette - Annuel automobile - CanadaMotorJobs.com.","breadcrumb":{"@id":"https:\/\/news.canadamotorjobs.com\/fr\/la-nhtsa-enquete-sur-le-tesla-cybertruck-apres-un-accident-mortel\/#breadcrumb"},"inLanguage":"fr-CA","potentialAction":[{"@type":"ReadAction","target":["https:\/\/news.canadamotorjobs.com\/fr\/la-nhtsa-enquete-sur-le-tesla-cybertruck-apres-un-accident-mortel\/"]}]},{"@type":"ImageObject","inLanguage":"fr-CA","@id":"https:\/\/news.canadamotorjobs.com\/fr\/la-nhtsa-enquete-sur-le-tesla-cybertruck-apres-un-accident-mortel\/#primaryimage","url":"https:\/\/news.canadamotorjobs.com\/wp-content\/uploads\/2024\/12\/cybertruck-sacrifice.jpeg","contentUrl":"https:\/\/news.canadamotorjobs.com\/wp-content\/uploads\/2024\/12\/cybertruck-sacrifice.jpeg","width":1498,"height":1248},{"@type":"BreadcrumbList","@id":"https:\/\/news.canadamotorjobs.com\/fr\/la-nhtsa-enquete-sur-le-tesla-cybertruck-apres-un-accident-mortel\/#breadcrumb","itemListElement":[{"@type":"ListItem","position":1,"name":"Home","item":"https:\/\/news.canadamotorjobs.com\/fr\/blog\/"},{"@type":"ListItem","position":2,"name":"La NHTSA enqu\u00eate sur le Tesla Cybertruck apr\u00e8s un accident mortel"}]},{"@type":"WebSite","@id":"https:\/\/news.canadamotorjobs.com\/#website","url":"https:\/\/news.canadamotorjobs.com\/","name":"CanadaMotorJobs.com","description":"Automotive Jobs","publisher":{"@id":"https:\/\/news.canadamotorjobs.com\/#organization"},"potentialAction":[{"@type":"SearchAction","target":{"@type":"EntryPoint","urlTemplate":"https:\/\/news.canadamotorjobs.com\/?s={search_term_string}"},"query-input":"required name=search_term_string"}],"inLanguage":"fr-CA"},{"@type":"Organization","@id":"https:\/\/news.canadamotorjobs.com\/#organization","name":"Canada Motor Jobs","url":"https:\/\/news.canadamotorjobs.com\/","logo":{"@type":"ImageObject","inLanguage":"fr-CA","@id":"https:\/\/news.canadamotorjobs.com\/#\/schema\/logo\/image\/","url":"https:\/\/news.canadamotorjobs.com\/wp-content\/uploads\/2022\/10\/logo-canada-motor-jobs-1.png","contentUrl":"https:\/\/news.canadamotorjobs.com\/wp-content\/uploads\/2022\/10\/logo-canada-motor-jobs-1.png","width":800,"height":400,"caption":"Canada Motor Jobs"},"image":{"@id":"https:\/\/news.canadamotorjobs.com\/#\/schema\/logo\/image\/"},"sameAs":["https:\/\/www.facebook.com\/canadamotorjobs\/","https:\/\/x.com\/canadamotorjobs","https:\/\/www.instagram.com\/canadamotorjobs\/","https:\/\/www.linkedin.com\/company\/canadamotorjobs"]},{"@type":"Person","@id":"https:\/\/news.canadamotorjobs.com\/#\/schema\/person\/51793d1f87d44011d7bcc2ed99269a90","name":"Benoit Charette","image":{"@type":"ImageObject","inLanguage":"fr-CA","@id":"https:\/\/news.canadamotorjobs.com\/#\/schema\/person\/image\/","url":"https:\/\/secure.gravatar.com\/avatar\/45f3d2eebcccd909668d7ce7ea7267b6?s=96&d=mm&r=g","contentUrl":"https:\/\/secure.gravatar.com\/avatar\/45f3d2eebcccd909668d7ce7ea7267b6?s=96&d=mm&r=g","caption":"Benoit Charette"},"description":"Benoit Charette \/ Propri\u00e9taire et r\u00e9dacteur en chef Benoit Charette pratique le journalisme automobile depuis bient\u00f4t 30 ans. Il a fait ses classes au c\u00f4t\u00e9 de Daniel H\u00e9raud et au Carnet de route de 1992 \u00e0 2001. Il est fondateur, copropri\u00e9taire et r\u00e9dacteur en chef de L\u2019Annuel de l\u2019automobile, qu\u2019il publie depuis 2001. Il a anim\u00e9 les \u00e9missions RPM et RPM+ sur V et les L\u00e9gendes de la route sur Historia. \u00c0 la radio depuis 1986, il reprend l\u2019antenne cette ann\u00e9e sur les ondes de Cogeco et participe pour la deuxi\u00e8me ann\u00e9e \u00e0 l\u2019\u00e9mission Passion Auto sur RDS en plus de mettre en ligne le site Web officiel de L\u2019Annuel de l\u2019automobile sur annuelauto.ca.","sameAs":["https:\/\/annuelauto.ca\/"],"url":"https:\/\/news.canadamotorjobs.com\/fr\/author\/benoit-charette\/"}]}},"_links":{"self":[{"href":"https:\/\/news.canadamotorjobs.com\/fr\/wp-json\/wp\/v2\/posts\/183950"}],"collection":[{"href":"https:\/\/news.canadamotorjobs.com\/fr\/wp-json\/wp\/v2\/posts"}],"about":[{"href":"https:\/\/news.canadamotorjobs.com\/fr\/wp-json\/wp\/v2\/types\/post"}],"author":[{"embeddable":true,"href":"https:\/\/news.canadamotorjobs.com\/fr\/wp-json\/wp\/v2\/users\/8"}],"replies":[{"embeddable":true,"href":"https:\/\/news.canadamotorjobs.com\/fr\/wp-json\/wp\/v2\/comments?post=183950"}],"version-history":[{"count":2,"href":"https:\/\/news.canadamotorjobs.com\/fr\/wp-json\/wp\/v2\/posts\/183950\/revisions"}],"predecessor-version":[{"id":183954,"href":"https:\/\/news.canadamotorjobs.com\/fr\/wp-json\/wp\/v2\/posts\/183950\/revisions\/183954"}],"wp:featuredmedia":[{"embeddable":true,"href":"https:\/\/news.canadamotorjobs.com\/fr\/wp-json\/wp\/v2\/media\/183952"}],"wp:attachment":[{"href":"https:\/\/news.canadamotorjobs.com\/fr\/wp-json\/wp\/v2\/media?parent=183950"}],"wp:term":[{"taxonomy":"category","embeddable":true,"href":"https:\/\/news.canadamotorjobs.com\/fr\/wp-json\/wp\/v2\/categories?post=183950"},{"taxonomy":"post_tag","embeddable":true,"href":"https:\/\/news.canadamotorjobs.com\/fr\/wp-json\/wp\/v2\/tags?post=183950"}],"curies":[{"name":"wp","href":"https:\/\/api.w.org\/{rel}","templated":true}]}}