{"id":183935,"date":"2024-12-09T07:29:40","date_gmt":"2024-12-09T12:29:40","guid":{"rendered":"https:\/\/news.canadamotorjobs.com\/?p=183935"},"modified":"2024-12-09T07:43:44","modified_gmt":"2024-12-09T12:43:44","slug":"la-collection-automobile-abandonnee-de-bachar-el-assad","status":"publish","type":"post","link":"https:\/\/news.canadamotorjobs.com\/fr\/la-collection-automobile-abandonnee-de-bachar-el-assad\/","title":{"rendered":"La collection automobile abandonn\u00e9e de Bachar el-Assad"},"content":{"rendered":"<\/p>\n<p>Suite \u00e0 la chute du r\u00e9gime syrien, des vid\u00e9os ont r\u00e9v\u00e9l\u00e9 une impressionnante collection de voitures abandonn\u00e9e par le dictateur Bachar el-Assad. Si les mod\u00e8les expos\u00e9s fascinent les amateurs, ils rappellent aussi le contraste criant entre le luxe du dirigeant et la souffrance de son peuple.<\/p>\n<h3><strong>La chute du r\u00e9gime et la fuite d\u2019Assad<\/strong><\/h3>\n<p>\nCe matin, Damas est tomb\u00e9e aux mains des rebelles, marquant l\u2019effondrement du gouvernement syrien. Apr\u00e8s 24 ans de r\u00e8gne autoritaire, Bachar el-Assad a fui, obtenant l\u2019asile politique en Russie. Dans sa fuite pr\u00e9cipit\u00e9e, il a laiss\u00e9 derri\u00e8re lui de nombreux biens, dont une collection automobile qui t\u00e9moigne de son opulence. Des combattants syriens ont d\u00e9couvert cette collection dans un entrep\u00f4t situ\u00e9 dans l\u2019ancien palais pr\u00e9sidentiel. Les vid\u00e9os partag\u00e9es sur les r\u00e9seaux sociaux d\u00e9voilent des dizaines de v\u00e9hicules, des classiques aux supercars, en passant par des mod\u00e8les rares.<\/p>\n<h3><strong>Des joyaux automobiles aux mod\u00e8les insolites<\/strong><\/h3>\n<p>\nParmi les voitures expos\u00e9es, certaines attirent imm\u00e9diatement l\u2019attention :<\/p>\n<ul><\/p>\n<li><strong>Supercars iconiques<\/strong> : Lamborghini Diablo, Ferrari F50, Audi R8, Mercedes-Benz SLS AMG et SL65 Black Series.<\/li>\n<p><\/p>\n<li><strong>SUVs et v\u00e9hicules tout-terrain<\/strong> : Plusieurs Toyota FJ Cruisers et Land Cruisers, ainsi qu\u2019un nouveau Land Rover Defender.<\/li>\n<p><\/p>\n<li><strong>Mod\u00e8les rares<\/strong> : Lamborghini LM002, surnomm\u00e9 le &#8220;Rambo Lambo&#8221;, et une limousine Mercedes 600 Grosser, souvent associ\u00e9e aux dictateurs du Moyen-Orient.<\/li>\n<p><\/p>\n<li><strong>L\u2019\u00e9tranget\u00e9 du lot<\/strong> : Un camping-car Revcon Trailblazer des ann\u00e9es 1990, un mod\u00e8le \u00e0 six roues bas\u00e9 sur un Ford F-350 OBS.<\/li>\n<p>\n<\/ul>\n<p>\nhttps:\/\/www.youtube.com\/watch?v=L4sabPZOIKg&amp;t=11s<\/p>\n<h3><strong>Une collection &#8220;modeste&#8221; pour un despote<\/strong><\/h3>\n<p>\nContrairement \u00e0 d\u2019autres dirigeants autoritaires, comme le Sultan de Brunei, la collection d\u2019Assad ne contient pas de mod\u00e8les uniques en usine ni une flotte interminable de Rolls-Royce. Toutefois, les voitures semblent en bon \u00e9tat, pr\u00eates \u00e0 rouler, ce qui les rend particuli\u00e8rement intrigantes.<\/p>\n<h3><strong>Un contraste avec la r\u00e9alit\u00e9 syrienne<\/strong><\/h3>\n<p>\nCette d\u00e9couverte met en lumi\u00e8re un contraste saisissant : le luxe dans lequel vivait el-Assad et la r\u00e9alit\u00e9 du peuple syrien, marqu\u00e9 par une guerre civile de 13 ans. Pendant qu\u2019il accumulait des biens somptueux, son r\u00e9gime perp\u00e9trait des atrocit\u00e9s : massacres, famine et attaques chimiques. Ces voitures ne sont pas seulement des objets de fascination pour les amateurs d\u2019automobile. Elles incarnent aussi les in\u00e9galit\u00e9s et les exc\u00e8s d\u2019un dirigeant qui a v\u00e9cu dans une opulence d\u00e9connect\u00e9e des souffrances de ses concitoyens.<\/p>\n<p>Avec des renseignements de The Drive<\/p>\n<p>Le texte <a rel=\"nofollow\" href=\"https:\/\/annuelauto.ca\/bashar-al-assad-collection-voitures-abandonnees\/\">La collection automobile abandonn\u00e9e de Bachar el-Assad<\/a> provient de <a rel=\"nofollow\" href=\"https:\/\/annuelauto.ca\">L&#8217;annuel de l&#8217;automobile &#8211; Actualit\u00e9 automobile<\/a><\/p>\n<p><\/p>\n","protected":false},"excerpt":{"rendered":"<p>Suite \u00e0 la chute du r\u00e9gime syrien, des vid\u00e9os ont r\u00e9v\u00e9l\u00e9 une impressionnante collection de voitures abandonn\u00e9e par le dictateur Bachar el-Assad. Si les mod\u00e8les expos\u00e9s fascinent les amateurs, ils rappellent aussi le contraste criant entre le luxe du dirigeant et la souffrance de son peuple. La chute du r\u00e9gime et la fuite d\u2019Assad Ce [&hellip;]<\/p>\n","protected":false},"author":8,"featured_media":183937,"comment_status":"close","ping_status":"closed","sticky":false,"template":"","format":"standard","meta":{"_monsterinsights_skip_tracking":false,"_monsterinsights_sitenote_active":false,"_monsterinsights_sitenote_note":"","_monsterinsights_sitenote_category":0,"footnotes":""},"categories":[101],"tags":[],"yoast_head":"<!-- This site is optimized with the Yoast SEO plugin v23.2 - https:\/\/yoast.com\/wordpress\/plugins\/seo\/ -->\n<title>La collection automobile abandonn\u00e9e de Bachar el-Assad - CanadaMotorJobs.com<\/title>\n<meta name=\"description\" content=\"La collection automobile abandonn\u00e9e de Bachar el-Assad - Benoit Charette - Annuel automobile - CanadaMotorJobs.com.\" \/>\n<meta name=\"robots\" content=\"index, follow, max-snippet:-1, max-image-preview:large, max-video-preview:-1\" \/>\n<meta property=\"og:locale\" content=\"fr_CA\" \/>\n<meta property=\"og:type\" content=\"article\" \/>\n<meta property=\"og:title\" content=\"La collection automobile abandonn\u00e9e de Bachar el-Assad - CanadaMotorJobs.com\" \/>\n<meta property=\"og:description\" content=\"La collection automobile abandonn\u00e9e de Bachar el-Assad - Benoit Charette - Annuel automobile - CanadaMotorJobs.com.\" \/>\n<meta property=\"og:url\" content=\"https:\/\/news.canadamotorjobs.com\/fr\/la-collection-automobile-abandonnee-de-bachar-el-assad\/\" \/>\n<meta property=\"og:site_name\" content=\"CanadaMotorJobs.com\" \/>\n<meta property=\"article:publisher\" content=\"https:\/\/www.facebook.com\/canadamotorjobs\/\" \/>\n<meta property=\"article:published_time\" content=\"2024-12-09T12:29:40+00:00\" \/>\n<meta property=\"article:modified_time\" content=\"2024-12-09T12:43:44+00:00\" \/>\n<meta property=\"og:image\" content=\"https:\/\/news.canadamotorjobs.com\/wp-content\/uploads\/2024\/12\/hq720.jpg\" \/>\n\t<meta property=\"og:image:width\" content=\"686\" \/>\n\t<meta property=\"og:image:height\" content=\"386\" \/>\n\t<meta property=\"og:image:type\" content=\"image\/jpeg\" \/>\n<meta name=\"author\" content=\"Benoit Charette\" \/>\n<meta name=\"twitter:card\" content=\"summary_large_image\" \/>\n<meta name=\"twitter:creator\" content=\"@canadamotorjobs\" \/>\n<meta name=\"twitter:site\" content=\"@canadamotorjobs\" \/>\n<meta name=\"twitter:label1\" content=\"\u00c9crit par\" \/>\n\t<meta name=\"twitter:data1\" content=\"Benoit Charette\" \/>\n\t<meta name=\"twitter:label2\" content=\"Estimation du temps de lecture\" \/>\n\t<meta name=\"twitter:data2\" content=\"2 minutes\" \/>\n<!-- \/ Yoast SEO plugin. -->","yoast_head_json":{"title":"La collection automobile abandonn\u00e9e de Bachar el-Assad - CanadaMotorJobs.com","description":"La collection automobile abandonn\u00e9e de Bachar el-Assad - Benoit Charette - Annuel automobile - CanadaMotorJobs.com.","robots":{"index":"index","follow":"follow","max-snippet":"max-snippet:-1","max-image-preview":"max-image-preview:large","max-video-preview":"max-video-preview:-1"},"og_locale":"fr_CA","og_type":"article","og_title":"La collection automobile abandonn\u00e9e de Bachar el-Assad - CanadaMotorJobs.com","og_description":"La collection automobile abandonn\u00e9e de Bachar el-Assad - Benoit Charette - Annuel automobile - CanadaMotorJobs.com.","og_url":"https:\/\/news.canadamotorjobs.com\/fr\/la-collection-automobile-abandonnee-de-bachar-el-assad\/","og_site_name":"CanadaMotorJobs.com","article_publisher":"https:\/\/www.facebook.com\/canadamotorjobs\/","article_published_time":"2024-12-09T12:29:40+00:00","article_modified_time":"2024-12-09T12:43:44+00:00","og_image":[{"width":686,"height":386,"url":"https:\/\/news.canadamotorjobs.com\/wp-content\/uploads\/2024\/12\/hq720.jpg","type":"image\/jpeg"}],"author":"Benoit Charette","twitter_card":"summary_large_image","twitter_creator":"@canadamotorjobs","twitter_site":"@canadamotorjobs","twitter_misc":{"\u00c9crit par":"Benoit Charette","Estimation du temps de lecture":"2 minutes"},"schema":{"@context":"https:\/\/schema.org","@graph":[{"@type":"Article","@id":"https:\/\/news.canadamotorjobs.com\/fr\/la-collection-automobile-abandonnee-de-bachar-el-assad\/#article","isPartOf":{"@id":"https:\/\/news.canadamotorjobs.com\/fr\/la-collection-automobile-abandonnee-de-bachar-el-assad\/"},"author":{"name":"Benoit Charette","@id":"https:\/\/news.canadamotorjobs.com\/#\/schema\/person\/51793d1f87d44011d7bcc2ed99269a90"},"headline":"La collection automobile abandonn\u00e9e de Bachar el-Assad","datePublished":"2024-12-09T12:29:40+00:00","dateModified":"2024-12-09T12:43:44+00:00","mainEntityOfPage":{"@id":"https:\/\/news.canadamotorjobs.com\/fr\/la-collection-automobile-abandonnee-de-bachar-el-assad\/"},"wordCount":459,"publisher":{"@id":"https:\/\/news.canadamotorjobs.com\/#organization"},"image":{"@id":"https:\/\/news.canadamotorjobs.com\/fr\/la-collection-automobile-abandonnee-de-bachar-el-assad\/#primaryimage"},"thumbnailUrl":"https:\/\/news.canadamotorjobs.com\/wp-content\/uploads\/2024\/12\/hq720.jpg","articleSection":["Annuel automobile"],"inLanguage":"fr-CA"},{"@type":"WebPage","@id":"https:\/\/news.canadamotorjobs.com\/fr\/la-collection-automobile-abandonnee-de-bachar-el-assad\/","url":"https:\/\/news.canadamotorjobs.com\/fr\/la-collection-automobile-abandonnee-de-bachar-el-assad\/","name":"La collection automobile abandonn\u00e9e de Bachar el-Assad - CanadaMotorJobs.com","isPartOf":{"@id":"https:\/\/news.canadamotorjobs.com\/#website"},"primaryImageOfPage":{"@id":"https:\/\/news.canadamotorjobs.com\/fr\/la-collection-automobile-abandonnee-de-bachar-el-assad\/#primaryimage"},"image":{"@id":"https:\/\/news.canadamotorjobs.com\/fr\/la-collection-automobile-abandonnee-de-bachar-el-assad\/#primaryimage"},"thumbnailUrl":"https:\/\/news.canadamotorjobs.com\/wp-content\/uploads\/2024\/12\/hq720.jpg","datePublished":"2024-12-09T12:29:40+00:00","dateModified":"2024-12-09T12:43:44+00:00","description":"La collection automobile abandonn\u00e9e de Bachar el-Assad - Benoit Charette - Annuel automobile - CanadaMotorJobs.com.","breadcrumb":{"@id":"https:\/\/news.canadamotorjobs.com\/fr\/la-collection-automobile-abandonnee-de-bachar-el-assad\/#breadcrumb"},"inLanguage":"fr-CA","potentialAction":[{"@type":"ReadAction","target":["https:\/\/news.canadamotorjobs.com\/fr\/la-collection-automobile-abandonnee-de-bachar-el-assad\/"]}]},{"@type":"ImageObject","inLanguage":"fr-CA","@id":"https:\/\/news.canadamotorjobs.com\/fr\/la-collection-automobile-abandonnee-de-bachar-el-assad\/#primaryimage","url":"https:\/\/news.canadamotorjobs.com\/wp-content\/uploads\/2024\/12\/hq720.jpg","contentUrl":"https:\/\/news.canadamotorjobs.com\/wp-content\/uploads\/2024\/12\/hq720.jpg","width":686,"height":386},{"@type":"BreadcrumbList","@id":"https:\/\/news.canadamotorjobs.com\/fr\/la-collection-automobile-abandonnee-de-bachar-el-assad\/#breadcrumb","itemListElement":[{"@type":"ListItem","position":1,"name":"Home","item":"https:\/\/news.canadamotorjobs.com\/fr\/blog\/"},{"@type":"ListItem","position":2,"name":"La collection automobile abandonn\u00e9e de Bachar el-Assad"}]},{"@type":"WebSite","@id":"https:\/\/news.canadamotorjobs.com\/#website","url":"https:\/\/news.canadamotorjobs.com\/","name":"CanadaMotorJobs.com","description":"Automotive Jobs","publisher":{"@id":"https:\/\/news.canadamotorjobs.com\/#organization"},"potentialAction":[{"@type":"SearchAction","target":{"@type":"EntryPoint","urlTemplate":"https:\/\/news.canadamotorjobs.com\/?s={search_term_string}"},"query-input":"required name=search_term_string"}],"inLanguage":"fr-CA"},{"@type":"Organization","@id":"https:\/\/news.canadamotorjobs.com\/#organization","name":"Canada Motor Jobs","url":"https:\/\/news.canadamotorjobs.com\/","logo":{"@type":"ImageObject","inLanguage":"fr-CA","@id":"https:\/\/news.canadamotorjobs.com\/#\/schema\/logo\/image\/","url":"https:\/\/news.canadamotorjobs.com\/wp-content\/uploads\/2022\/10\/logo-canada-motor-jobs-1.png","contentUrl":"https:\/\/news.canadamotorjobs.com\/wp-content\/uploads\/2022\/10\/logo-canada-motor-jobs-1.png","width":800,"height":400,"caption":"Canada Motor Jobs"},"image":{"@id":"https:\/\/news.canadamotorjobs.com\/#\/schema\/logo\/image\/"},"sameAs":["https:\/\/www.facebook.com\/canadamotorjobs\/","https:\/\/x.com\/canadamotorjobs","https:\/\/www.instagram.com\/canadamotorjobs\/","https:\/\/www.linkedin.com\/company\/canadamotorjobs"]},{"@type":"Person","@id":"https:\/\/news.canadamotorjobs.com\/#\/schema\/person\/51793d1f87d44011d7bcc2ed99269a90","name":"Benoit Charette","image":{"@type":"ImageObject","inLanguage":"fr-CA","@id":"https:\/\/news.canadamotorjobs.com\/#\/schema\/person\/image\/","url":"https:\/\/secure.gravatar.com\/avatar\/45f3d2eebcccd909668d7ce7ea7267b6?s=96&d=mm&r=g","contentUrl":"https:\/\/secure.gravatar.com\/avatar\/45f3d2eebcccd909668d7ce7ea7267b6?s=96&d=mm&r=g","caption":"Benoit Charette"},"description":"Benoit Charette \/ Propri\u00e9taire et r\u00e9dacteur en chef Benoit Charette pratique le journalisme automobile depuis bient\u00f4t 30 ans. Il a fait ses classes au c\u00f4t\u00e9 de Daniel H\u00e9raud et au Carnet de route de 1992 \u00e0 2001. Il est fondateur, copropri\u00e9taire et r\u00e9dacteur en chef de L\u2019Annuel de l\u2019automobile, qu\u2019il publie depuis 2001. Il a anim\u00e9 les \u00e9missions RPM et RPM+ sur V et les L\u00e9gendes de la route sur Historia. \u00c0 la radio depuis 1986, il reprend l\u2019antenne cette ann\u00e9e sur les ondes de Cogeco et participe pour la deuxi\u00e8me ann\u00e9e \u00e0 l\u2019\u00e9mission Passion Auto sur RDS en plus de mettre en ligne le site Web officiel de L\u2019Annuel de l\u2019automobile sur annuelauto.ca.","sameAs":["https:\/\/annuelauto.ca\/"],"url":"https:\/\/news.canadamotorjobs.com\/fr\/author\/benoit-charette\/"}]}},"_links":{"self":[{"href":"https:\/\/news.canadamotorjobs.com\/fr\/wp-json\/wp\/v2\/posts\/183935"}],"collection":[{"href":"https:\/\/news.canadamotorjobs.com\/fr\/wp-json\/wp\/v2\/posts"}],"about":[{"href":"https:\/\/news.canadamotorjobs.com\/fr\/wp-json\/wp\/v2\/types\/post"}],"author":[{"embeddable":true,"href":"https:\/\/news.canadamotorjobs.com\/fr\/wp-json\/wp\/v2\/users\/8"}],"replies":[{"embeddable":true,"href":"https:\/\/news.canadamotorjobs.com\/fr\/wp-json\/wp\/v2\/comments?post=183935"}],"version-history":[{"count":2,"href":"https:\/\/news.canadamotorjobs.com\/fr\/wp-json\/wp\/v2\/posts\/183935\/revisions"}],"predecessor-version":[{"id":183939,"href":"https:\/\/news.canadamotorjobs.com\/fr\/wp-json\/wp\/v2\/posts\/183935\/revisions\/183939"}],"wp:featuredmedia":[{"embeddable":true,"href":"https:\/\/news.canadamotorjobs.com\/fr\/wp-json\/wp\/v2\/media\/183937"}],"wp:attachment":[{"href":"https:\/\/news.canadamotorjobs.com\/fr\/wp-json\/wp\/v2\/media?parent=183935"}],"wp:term":[{"taxonomy":"category","embeddable":true,"href":"https:\/\/news.canadamotorjobs.com\/fr\/wp-json\/wp\/v2\/categories?post=183935"},{"taxonomy":"post_tag","embeddable":true,"href":"https:\/\/news.canadamotorjobs.com\/fr\/wp-json\/wp\/v2\/tags?post=183935"}],"curies":[{"name":"wp","href":"https:\/\/api.w.org\/{rel}","templated":true}]}}