{"id":183858,"date":"2024-12-08T08:20:12","date_gmt":"2024-12-08T13:20:12","guid":{"rendered":"https:\/\/news.canadamotorjobs.com\/?p=183858"},"modified":"2024-12-08T08:29:19","modified_gmt":"2024-12-08T13:29:19","slug":"la-production-automobile-canadienne-en-declin","status":"publish","type":"post","link":"https:\/\/news.canadamotorjobs.com\/fr\/la-production-automobile-canadienne-en-declin\/","title":{"rendered":"La production automobile canadienne en d\u00e9clin"},"content":{"rendered":"<\/p>\n<h3>Le plus beau niveau depuis des d\u00e9cennies<\/h3>\n<p>\nLa production de v\u00e9hicules au Canada est en d\u00e9clin marqu\u00e9, avec seulement <strong>1,3 million de voitures et camions l\u00e9gers attendus en 2024<\/strong>, le niveau le plus bas depuis des d\u00e9cennies, \u00e0 l&#8217;exception de la pand\u00e9mie de Covid-19. Cette baisse, caus\u00e9e par le ralentissement de la demande et l&#8217;arr\u00eat des usines par des constructeurs am\u00e9ricains, met en lumi\u00e8re les d\u00e9fis auxquels l&#8217;industrie fait face, selon un rapport du <strong>Trillium Network for Advanced Manufacturing<\/strong>.<\/p>\n<h3>Une chute brutale depuis 2018<\/h3>\n<p>\nEn <strong>2018<\/strong>, les usines canadiennes produisaient plus de <strong>2 millions de v\u00e9hicules<\/strong> par an. Aujourd&#8217;hui, elles ont gliss\u00e9 \u00e0 la <strong>troisi\u00e8me position<\/strong> parmi les fournisseurs de v\u00e9hicules au Canada, derri\u00e8re les <strong>\u00c9tats-Unis<\/strong> et le <strong>Mexique<\/strong>, ce dernier devenant le <strong>deuxi\u00e8me fournisseur<\/strong>.<\/p>\n<p>Selon Trillium, cette baisse refl\u00e8te les pertes de parts de march\u00e9 des constructeurs am\u00e9ricains face \u00e0 leurs concurrents asiatiques et leur lutte pour s&#8217;adapter \u00e0 l&#8217;\u00e8re des v\u00e9hicules \u00e9lectriques.<\/p>\n<h3>Les usines am\u00e9ricain en difficult\u00e9<\/h3>\n<p>\nPlusieurs usines des grands constructeurs de Detroit au Canada ont vu leurs activit\u00e9s r\u00e9duites ou suspendues :<\/p>\n<ul><\/p>\n<li><strong>Ford<\/strong> \u00e0 Oakville (Ontario) n\u2019assemble rien actuellement. Le constructeur a annul\u00e9 en avril son projet de fabriquer un grand VUS \u00e9lectrique et pr\u00e9voit d\u00e9sormais de produire des pickups F-Series Super Duty \u00e0 partir de <strong>2026<\/strong>.<\/li>\n<p><\/p>\n<li><strong>Stellantis<\/strong> \u00e0 Brampton (Ontario) a cess\u00e9 la production de la berline Chrysler 300C il y a un an, mais devrait reprendre avec un mod\u00e8le <strong>Jeep<\/strong> \u00e0 l\u2019avenir.<\/li>\n<p><\/p>\n<li><strong>General Motors<\/strong> \u00e0 Ingersoll (Ontario) continue de fabriquer des fourgons \u00e9lectriques commerciaux, mais \u00e0 un rythme bien en de\u00e7\u00e0 de sa capacit\u00e9.<\/li>\n<p>\n<\/ul>\n<p><\/p>\n<h3>La mont\u00e9e du Mexique et le r\u00f4le des consommateurs canadiens<\/h3>\n<p>\nAujourd&#8217;hui, <strong>50 % des voitures et camions l\u00e9gers vendus au Canada<\/strong> sont produits aux \u00c9tats-Unis, tandis que le Mexique repr\u00e9sente d\u00e9sormais <strong>15 %<\/strong> du march\u00e9. La part des v\u00e9hicules fabriqu\u00e9s au Canada a chut\u00e9 \u00e0 seulement <strong>9 %<\/strong>, le reste provenant d&#8217;Asie et d&#8217;Europe.<\/p>\n<h3>L&#8217;industrie des pi\u00e8ces en croissance<\/h3>\n<p>\nMalgr\u00e9 ce d\u00e9clin, le secteur des pi\u00e8ces automobiles au Canada est en pleine expansion, soutenant les usines nord-am\u00e9ricaines. Par exemple :<\/p>\n<ul><\/p>\n<li><strong>Ford<\/strong> produit des moteurs en Ontario pour ses pickups lourds construits \u00e0 Louisville, Kentucky.<\/li>\n<p><\/p>\n<li>Des fournisseurs ind\u00e9pendants comme <strong>Magna International<\/strong> et <strong>Martinrea International<\/strong> exploitent des usines au Canada, aux \u00c9tats-Unis et au Mexique.<\/li>\n<p>\n<\/ul>\n<p>\nCependant, toute tentative de r\u00e9introduire des tarifs commerciaux, comme l&#8217;a sugg\u00e9r\u00e9 l&#8217;ancien pr\u00e9sident Donald Trump, pourrait perturber cet \u00e9quilibre. Selon <strong>Brendan Sweeney<\/strong> de Trillium, &#8220;imposer des tarifs au Canada reviendrait \u00e0 augmenter les co\u00fbts des v\u00e9hicules embl\u00e9matiques comme les F-250 et F-350&#8221;.<\/p>\n<h3>Une opportunit\u00e9 pour restructurer l&#8217;industrie nord-am\u00e9ricaine ?<\/h3>\n<p>\nLes d\u00e9fis actuels offrent une occasion pour les \u00c9tats-Unis et le Canada de pousser le Mexique \u00e0 r\u00e9former ses pratiques, tout en reconnaissant que l&#8217;int\u00e9gration \u00e9troite de l&#8217;industrie automobile nord-am\u00e9ricaine rend toute rupture p\u00e9rilleuse.<\/p>\n<h3>Avec des renseignements d&#8217;Automotive News Canada<\/h3>\n<p>\n\u00a0<\/p>\n<p>Le texte <a rel=\"nofollow\" href=\"https:\/\/annuelauto.ca\/la-production-automobile-canadienne-en-declin\/\">La production automobile canadienne en d\u00e9clin<\/a> provient de <a rel=\"nofollow\" href=\"https:\/\/annuelauto.ca\">L&#8217;annuel de l&#8217;automobile &#8211; Actualit\u00e9 automobile<\/a><\/p>\n<p><\/p>\n","protected":false},"excerpt":{"rendered":"<p>Le plus beau niveau depuis des d\u00e9cennies La production de v\u00e9hicules au Canada est en d\u00e9clin marqu\u00e9, avec seulement 1,3 million de voitures et camions l\u00e9gers attendus en 2024, le niveau le plus bas depuis des d\u00e9cennies, \u00e0 l&#8217;exception de la pand\u00e9mie de Covid-19. Cette baisse, caus\u00e9e par le ralentissement de la demande et l&#8217;arr\u00eat [&hellip;]<\/p>\n","protected":false},"author":8,"featured_media":183860,"comment_status":"close","ping_status":"closed","sticky":false,"template":"","format":"standard","meta":{"_monsterinsights_skip_tracking":false,"_monsterinsights_sitenote_active":false,"_monsterinsights_sitenote_note":"","_monsterinsights_sitenote_category":0,"footnotes":""},"categories":[101],"tags":[],"yoast_head":"<!-- This site is optimized with the Yoast SEO plugin v23.2 - https:\/\/yoast.com\/wordpress\/plugins\/seo\/ -->\n<title>La production automobile canadienne en d\u00e9clin - CanadaMotorJobs.com<\/title>\n<meta name=\"description\" content=\"La production automobile canadienne en d\u00e9clin - Benoit Charette - Annuel automobile - CanadaMotorJobs.com.\" \/>\n<meta name=\"robots\" content=\"index, follow, max-snippet:-1, max-image-preview:large, max-video-preview:-1\" \/>\n<meta property=\"og:locale\" content=\"fr_CA\" \/>\n<meta property=\"og:type\" content=\"article\" \/>\n<meta property=\"og:title\" content=\"La production automobile canadienne en d\u00e9clin - CanadaMotorJobs.com\" \/>\n<meta property=\"og:description\" content=\"La production automobile canadienne en d\u00e9clin - Benoit Charette - Annuel automobile - CanadaMotorJobs.com.\" \/>\n<meta property=\"og:url\" content=\"https:\/\/news.canadamotorjobs.com\/fr\/la-production-automobile-canadienne-en-declin\/\" \/>\n<meta property=\"og:site_name\" content=\"CanadaMotorJobs.com\" \/>\n<meta property=\"article:publisher\" content=\"https:\/\/www.facebook.com\/canadamotorjobs\/\" \/>\n<meta property=\"article:published_time\" content=\"2024-12-08T13:20:12+00:00\" \/>\n<meta property=\"article:modified_time\" content=\"2024-12-08T13:29:19+00:00\" \/>\n<meta property=\"og:image\" content=\"https:\/\/news.canadamotorjobs.com\/wp-content\/uploads\/2024\/12\/CA_BU024_006EVirgrek973r1m2tdg6am55bkfk8__mid.jpg\" \/>\n\t<meta property=\"og:image:width\" content=\"800\" \/>\n\t<meta property=\"og:image:height\" content=\"533\" \/>\n\t<meta property=\"og:image:type\" content=\"image\/jpeg\" \/>\n<meta name=\"author\" content=\"Benoit Charette\" \/>\n<meta name=\"twitter:card\" content=\"summary_large_image\" \/>\n<meta name=\"twitter:creator\" content=\"@canadamotorjobs\" \/>\n<meta name=\"twitter:site\" content=\"@canadamotorjobs\" \/>\n<meta name=\"twitter:label1\" content=\"\u00c9crit par\" \/>\n\t<meta name=\"twitter:data1\" content=\"Benoit Charette\" \/>\n\t<meta name=\"twitter:label2\" content=\"Estimation du temps de lecture\" \/>\n\t<meta name=\"twitter:data2\" content=\"3 minutes\" \/>\n<!-- \/ Yoast SEO plugin. -->","yoast_head_json":{"title":"La production automobile canadienne en d\u00e9clin - CanadaMotorJobs.com","description":"La production automobile canadienne en d\u00e9clin - Benoit Charette - Annuel automobile - CanadaMotorJobs.com.","robots":{"index":"index","follow":"follow","max-snippet":"max-snippet:-1","max-image-preview":"max-image-preview:large","max-video-preview":"max-video-preview:-1"},"og_locale":"fr_CA","og_type":"article","og_title":"La production automobile canadienne en d\u00e9clin - CanadaMotorJobs.com","og_description":"La production automobile canadienne en d\u00e9clin - Benoit Charette - Annuel automobile - CanadaMotorJobs.com.","og_url":"https:\/\/news.canadamotorjobs.com\/fr\/la-production-automobile-canadienne-en-declin\/","og_site_name":"CanadaMotorJobs.com","article_publisher":"https:\/\/www.facebook.com\/canadamotorjobs\/","article_published_time":"2024-12-08T13:20:12+00:00","article_modified_time":"2024-12-08T13:29:19+00:00","og_image":[{"width":800,"height":533,"url":"https:\/\/news.canadamotorjobs.com\/wp-content\/uploads\/2024\/12\/CA_BU024_006EVirgrek973r1m2tdg6am55bkfk8__mid.jpg","type":"image\/jpeg"}],"author":"Benoit Charette","twitter_card":"summary_large_image","twitter_creator":"@canadamotorjobs","twitter_site":"@canadamotorjobs","twitter_misc":{"\u00c9crit par":"Benoit Charette","Estimation du temps de lecture":"3 minutes"},"schema":{"@context":"https:\/\/schema.org","@graph":[{"@type":"Article","@id":"https:\/\/news.canadamotorjobs.com\/fr\/la-production-automobile-canadienne-en-declin\/#article","isPartOf":{"@id":"https:\/\/news.canadamotorjobs.com\/fr\/la-production-automobile-canadienne-en-declin\/"},"author":{"name":"Benoit Charette","@id":"https:\/\/news.canadamotorjobs.com\/#\/schema\/person\/51793d1f87d44011d7bcc2ed99269a90"},"headline":"La production automobile canadienne en d\u00e9clin","datePublished":"2024-12-08T13:20:12+00:00","dateModified":"2024-12-08T13:29:19+00:00","mainEntityOfPage":{"@id":"https:\/\/news.canadamotorjobs.com\/fr\/la-production-automobile-canadienne-en-declin\/"},"wordCount":526,"publisher":{"@id":"https:\/\/news.canadamotorjobs.com\/#organization"},"image":{"@id":"https:\/\/news.canadamotorjobs.com\/fr\/la-production-automobile-canadienne-en-declin\/#primaryimage"},"thumbnailUrl":"https:\/\/news.canadamotorjobs.com\/wp-content\/uploads\/2024\/12\/CA_BU024_006EVirgrek973r1m2tdg6am55bkfk8__mid.jpg","articleSection":["Annuel automobile"],"inLanguage":"fr-CA"},{"@type":"WebPage","@id":"https:\/\/news.canadamotorjobs.com\/fr\/la-production-automobile-canadienne-en-declin\/","url":"https:\/\/news.canadamotorjobs.com\/fr\/la-production-automobile-canadienne-en-declin\/","name":"La production automobile canadienne en d\u00e9clin - CanadaMotorJobs.com","isPartOf":{"@id":"https:\/\/news.canadamotorjobs.com\/#website"},"primaryImageOfPage":{"@id":"https:\/\/news.canadamotorjobs.com\/fr\/la-production-automobile-canadienne-en-declin\/#primaryimage"},"image":{"@id":"https:\/\/news.canadamotorjobs.com\/fr\/la-production-automobile-canadienne-en-declin\/#primaryimage"},"thumbnailUrl":"https:\/\/news.canadamotorjobs.com\/wp-content\/uploads\/2024\/12\/CA_BU024_006EVirgrek973r1m2tdg6am55bkfk8__mid.jpg","datePublished":"2024-12-08T13:20:12+00:00","dateModified":"2024-12-08T13:29:19+00:00","description":"La production automobile canadienne en d\u00e9clin - Benoit Charette - Annuel automobile - CanadaMotorJobs.com.","breadcrumb":{"@id":"https:\/\/news.canadamotorjobs.com\/fr\/la-production-automobile-canadienne-en-declin\/#breadcrumb"},"inLanguage":"fr-CA","potentialAction":[{"@type":"ReadAction","target":["https:\/\/news.canadamotorjobs.com\/fr\/la-production-automobile-canadienne-en-declin\/"]}]},{"@type":"ImageObject","inLanguage":"fr-CA","@id":"https:\/\/news.canadamotorjobs.com\/fr\/la-production-automobile-canadienne-en-declin\/#primaryimage","url":"https:\/\/news.canadamotorjobs.com\/wp-content\/uploads\/2024\/12\/CA_BU024_006EVirgrek973r1m2tdg6am55bkfk8__mid.jpg","contentUrl":"https:\/\/news.canadamotorjobs.com\/wp-content\/uploads\/2024\/12\/CA_BU024_006EVirgrek973r1m2tdg6am55bkfk8__mid.jpg","width":800,"height":533},{"@type":"BreadcrumbList","@id":"https:\/\/news.canadamotorjobs.com\/fr\/la-production-automobile-canadienne-en-declin\/#breadcrumb","itemListElement":[{"@type":"ListItem","position":1,"name":"Home","item":"https:\/\/news.canadamotorjobs.com\/fr\/blog\/"},{"@type":"ListItem","position":2,"name":"La production automobile canadienne en d\u00e9clin"}]},{"@type":"WebSite","@id":"https:\/\/news.canadamotorjobs.com\/#website","url":"https:\/\/news.canadamotorjobs.com\/","name":"CanadaMotorJobs.com","description":"Automotive Jobs","publisher":{"@id":"https:\/\/news.canadamotorjobs.com\/#organization"},"potentialAction":[{"@type":"SearchAction","target":{"@type":"EntryPoint","urlTemplate":"https:\/\/news.canadamotorjobs.com\/?s={search_term_string}"},"query-input":"required name=search_term_string"}],"inLanguage":"fr-CA"},{"@type":"Organization","@id":"https:\/\/news.canadamotorjobs.com\/#organization","name":"Canada Motor Jobs","url":"https:\/\/news.canadamotorjobs.com\/","logo":{"@type":"ImageObject","inLanguage":"fr-CA","@id":"https:\/\/news.canadamotorjobs.com\/#\/schema\/logo\/image\/","url":"https:\/\/news.canadamotorjobs.com\/wp-content\/uploads\/2022\/10\/logo-canada-motor-jobs-1.png","contentUrl":"https:\/\/news.canadamotorjobs.com\/wp-content\/uploads\/2022\/10\/logo-canada-motor-jobs-1.png","width":800,"height":400,"caption":"Canada Motor Jobs"},"image":{"@id":"https:\/\/news.canadamotorjobs.com\/#\/schema\/logo\/image\/"},"sameAs":["https:\/\/www.facebook.com\/canadamotorjobs\/","https:\/\/x.com\/canadamotorjobs","https:\/\/www.instagram.com\/canadamotorjobs\/","https:\/\/www.linkedin.com\/company\/canadamotorjobs"]},{"@type":"Person","@id":"https:\/\/news.canadamotorjobs.com\/#\/schema\/person\/51793d1f87d44011d7bcc2ed99269a90","name":"Benoit Charette","image":{"@type":"ImageObject","inLanguage":"fr-CA","@id":"https:\/\/news.canadamotorjobs.com\/#\/schema\/person\/image\/","url":"https:\/\/secure.gravatar.com\/avatar\/45f3d2eebcccd909668d7ce7ea7267b6?s=96&d=mm&r=g","contentUrl":"https:\/\/secure.gravatar.com\/avatar\/45f3d2eebcccd909668d7ce7ea7267b6?s=96&d=mm&r=g","caption":"Benoit Charette"},"description":"Benoit Charette \/ Propri\u00e9taire et r\u00e9dacteur en chef Benoit Charette pratique le journalisme automobile depuis bient\u00f4t 30 ans. Il a fait ses classes au c\u00f4t\u00e9 de Daniel H\u00e9raud et au Carnet de route de 1992 \u00e0 2001. Il est fondateur, copropri\u00e9taire et r\u00e9dacteur en chef de L\u2019Annuel de l\u2019automobile, qu\u2019il publie depuis 2001. Il a anim\u00e9 les \u00e9missions RPM et RPM+ sur V et les L\u00e9gendes de la route sur Historia. \u00c0 la radio depuis 1986, il reprend l\u2019antenne cette ann\u00e9e sur les ondes de Cogeco et participe pour la deuxi\u00e8me ann\u00e9e \u00e0 l\u2019\u00e9mission Passion Auto sur RDS en plus de mettre en ligne le site Web officiel de L\u2019Annuel de l\u2019automobile sur annuelauto.ca.","sameAs":["https:\/\/annuelauto.ca\/"],"url":"https:\/\/news.canadamotorjobs.com\/fr\/author\/benoit-charette\/"}]}},"_links":{"self":[{"href":"https:\/\/news.canadamotorjobs.com\/fr\/wp-json\/wp\/v2\/posts\/183858"}],"collection":[{"href":"https:\/\/news.canadamotorjobs.com\/fr\/wp-json\/wp\/v2\/posts"}],"about":[{"href":"https:\/\/news.canadamotorjobs.com\/fr\/wp-json\/wp\/v2\/types\/post"}],"author":[{"embeddable":true,"href":"https:\/\/news.canadamotorjobs.com\/fr\/wp-json\/wp\/v2\/users\/8"}],"replies":[{"embeddable":true,"href":"https:\/\/news.canadamotorjobs.com\/fr\/wp-json\/wp\/v2\/comments?post=183858"}],"version-history":[{"count":2,"href":"https:\/\/news.canadamotorjobs.com\/fr\/wp-json\/wp\/v2\/posts\/183858\/revisions"}],"predecessor-version":[{"id":183862,"href":"https:\/\/news.canadamotorjobs.com\/fr\/wp-json\/wp\/v2\/posts\/183858\/revisions\/183862"}],"wp:featuredmedia":[{"embeddable":true,"href":"https:\/\/news.canadamotorjobs.com\/fr\/wp-json\/wp\/v2\/media\/183860"}],"wp:attachment":[{"href":"https:\/\/news.canadamotorjobs.com\/fr\/wp-json\/wp\/v2\/media?parent=183858"}],"wp:term":[{"taxonomy":"category","embeddable":true,"href":"https:\/\/news.canadamotorjobs.com\/fr\/wp-json\/wp\/v2\/categories?post=183858"},{"taxonomy":"post_tag","embeddable":true,"href":"https:\/\/news.canadamotorjobs.com\/fr\/wp-json\/wp\/v2\/tags?post=183858"}],"curies":[{"name":"wp","href":"https:\/\/api.w.org\/{rel}","templated":true}]}}