{"id":183830,"date":"2024-12-08T02:24:25","date_gmt":"2024-12-08T07:24:25","guid":{"rendered":"https:\/\/news.canadamotorjobs.com\/?p=183830"},"modified":"2024-12-08T02:29:13","modified_gmt":"2024-12-08T07:29:13","slug":"volkswagen-face-a-une-deuxieme-vague-de-greves-en-allemagne","status":"publish","type":"post","link":"https:\/\/news.canadamotorjobs.com\/fr\/volkswagen-face-a-une-deuxieme-vague-de-greves-en-allemagne\/","title":{"rendered":"Volkswagen face \u00e0 une deuxi\u00e8me vague de gr\u00e8ves en Allemagne"},"content":{"rendered":"<\/p>\n<p>Les employ\u00e9s de Volkswagen en Allemagne pr\u00e9voient une deuxi\u00e8me s\u00e9rie de gr\u00e8ves le 9 d\u00e9cembre, alors que la direction et les syndicats reprendront les n\u00e9gociations pour r\u00e9duire les co\u00fbts de la marque phare du constructeur.<\/p>\n<p>Le syndicat IG Metall a annonc\u00e9 que les travailleurs se mettront en gr\u00e8ve pendant quatre heures, et ce, \u00e0 l\u2019int\u00e9rieur de neuf sites. L\u2019arr\u00eat sera deux fois plus long que lors des premi\u00e8res actions du 2 d\u00e9cembre. Cette prolongation devrait doubler les pertes de temps de production dans les usines allemandes de Volkswagen.<\/p>\n<p><strong>Tensions sur les r\u00e9ductions de co\u00fbts<\/strong><\/p>\n<p>Volkswagen demande une r\u00e9duction de salaire de 10 %, justifiant celle-ci par la n\u00e9cessit\u00e9 de baisser les co\u00fbts pour rester concurrentielle face \u00e0 la concurrence chinoise et \u00e0 la diminution de la demande europ\u00e9enne.<\/p>\n<p>Les dirigeants de la compagnie, dont le chef de la direction Oliver Blume, affirment qu\u2019il y a au moins trois usines exc\u00e9dentaires en Allemagne et que des mesures drastiques sont in\u00e9vitables. Blume a d\u00e9clar\u00e9 le 4 d\u00e9cembre, devant 20 000 employ\u00e9s \u00e0 Wolfsburg, que des fermetures d\u2019usines et des r\u00e9ductions de salaire \u00e9taient n\u00e9cessaires pour affronter un march\u00e9 europ\u00e9en faible et une adoption plus lente que pr\u00e9vu des v\u00e9hicules \u00e9lectriques.<\/p>\n<p><strong>La r\u00e9ponse du syndicat IG Metall<\/strong><\/p>\n<p>Thorsten Groeger, n\u00e9gociateur pour IG Metall, a vivement critiqu\u00e9 Blume, affirmant ceci : \u00ab Cela frise la moquerie quand Oliver Blume souhaite un joyeux No\u00ebl aux employ\u00e9s tout en envisageant de placer des lettres de licenciement sous le sapin. \u00bb<\/p>\n<p>IG Metall a promis d\u2019intensifier la pression lors des gr\u00e8ves pr\u00e9vues le 9 d\u00e9cembre, dans le but de forcer la direction \u00e0 faire des concessions lors des n\u00e9gociations.<\/p>\n<p><\/p>\n<figure><img decoding=\"async\" src=\"https:\/\/news.canadamotorjobs.com\/wp-content\/uploads\/2024\/12\/volkswagen-id-3-001-5.jpg\" alt=\"La Volkswagen ID.3 (Europe)\" \/><figcaption>La Volkswagen ID.3 (Europe) | Auto123.com<\/figcaption><\/figure>\n<p><strong>Une production allemande sous-utilis\u00e9e<\/strong><\/p>\n<p>Selon Arno Antlitz, directeur financier de Volkswagen, l\u2019efficacit\u00e9 des usines allemandes doit \u00eatre radicalement am\u00e9lior\u00e9e. Lors d\u2019une conf\u00e9rence \u00e0 Londres, il a d\u00e9clar\u00e9 : \u00ab Sans am\u00e9lioration de leur performance, nous ne pourrons pas maintenir les niveaux actuels d\u2019emploi. \u00bb<\/p>\n<p>Les analystes de la firme Bernstein estiment que l\u2019utilisation des capacit\u00e9s des usines allemandes de Volkswagen a chut\u00e9 \u00e0 moins de 60 % au cours des deux derni\u00e8res d\u00e9cennies, avec une surcapacit\u00e9 estim\u00e9e \u00e0 800 000 unit\u00e9s.<\/p>\n<p><strong>Rassemblement et gr\u00e8ves ouvertes en perspective<\/strong><\/p>\n<p>Le matin du 9 d\u00e9cembre, des milliers de salari\u00e9s sont attendus \u00e0 un rassemblement \u00e0 Wolfsburg, si\u00e8ge social de la compagnie, juste avant la reprise des n\u00e9gociations. Si aucun accord n\u2019est trouv\u00e9, les syndicats menacent de prolonger les gr\u00e8ves, qui pourraient devenir illimit\u00e9es.<\/p>\n<p><\/p>\n<p style=\"padding-top: 15px\">Contenu original de <a href=\"https:\/\/www.auto123.com\/fr\/actualites\/greve-volkswagen-reduction-salaires-2025\/72160\/\">auto123<\/a>.<\/p>\n<p>Le texte <a rel=\"nofollow\" href=\"https:\/\/annuelauto.ca\/volkswagen-face-a-une-deuxieme-vague-de-greves-en-allemagne\/\">Volkswagen face \u00e0 une deuxi\u00e8me vague de gr\u00e8ves en Allemagne<\/a> provient de <a rel=\"nofollow\" href=\"https:\/\/annuelauto.ca\">L&#8217;annuel de l&#8217;automobile &#8211; Actualit\u00e9 automobile<\/a><\/p>\n<p><\/p>\n","protected":false},"excerpt":{"rendered":"<p>Les employ\u00e9s de Volkswagen en Allemagne pr\u00e9voient une deuxi\u00e8me s\u00e9rie de gr\u00e8ves le 9 d\u00e9cembre, alors que la direction et les syndicats reprendront les n\u00e9gociations pour r\u00e9duire les co\u00fbts de la marque phare du constructeur. Le syndicat IG Metall a annonc\u00e9 que les travailleurs se mettront en gr\u00e8ve pendant quatre heures, et ce, \u00e0 l\u2019int\u00e9rieur [&hellip;]<\/p>\n","protected":false},"author":8,"featured_media":183832,"comment_status":"close","ping_status":"closed","sticky":false,"template":"","format":"standard","meta":{"_monsterinsights_skip_tracking":false,"_monsterinsights_sitenote_active":false,"_monsterinsights_sitenote_note":"","_monsterinsights_sitenote_category":0,"footnotes":""},"categories":[101],"tags":[],"yoast_head":"<!-- This site is optimized with the Yoast SEO plugin v23.2 - https:\/\/yoast.com\/wordpress\/plugins\/seo\/ -->\n<title>Volkswagen face \u00e0 une deuxi\u00e8me vague de gr\u00e8ves en Allemagne - CanadaMotorJobs.com<\/title>\n<meta name=\"description\" content=\"Volkswagen face \u00e0 une deuxi\u00e8me vague de gr\u00e8ves en Allemagne - Benoit Charette - Annuel automobile - CanadaMotorJobs.com.\" \/>\n<meta name=\"robots\" content=\"index, follow, max-snippet:-1, max-image-preview:large, max-video-preview:-1\" \/>\n<meta property=\"og:locale\" content=\"fr_CA\" \/>\n<meta property=\"og:type\" content=\"article\" \/>\n<meta property=\"og:title\" content=\"Volkswagen face \u00e0 une deuxi\u00e8me vague de gr\u00e8ves en Allemagne - CanadaMotorJobs.com\" \/>\n<meta property=\"og:description\" content=\"Volkswagen face \u00e0 une deuxi\u00e8me vague de gr\u00e8ves en Allemagne - Benoit Charette - Annuel automobile - CanadaMotorJobs.com.\" \/>\n<meta property=\"og:url\" content=\"https:\/\/news.canadamotorjobs.com\/fr\/volkswagen-face-a-une-deuxieme-vague-de-greves-en-allemagne\/\" \/>\n<meta property=\"og:site_name\" content=\"CanadaMotorJobs.com\" \/>\n<meta property=\"article:publisher\" content=\"https:\/\/www.facebook.com\/canadamotorjobs\/\" \/>\n<meta property=\"article:published_time\" content=\"2024-12-08T07:24:25+00:00\" \/>\n<meta property=\"article:modified_time\" content=\"2024-12-08T07:29:13+00:00\" \/>\n<meta property=\"og:image\" content=\"https:\/\/news.canadamotorjobs.com\/wp-content\/uploads\/2024\/12\/volkswagen-id-3-001.jpg\" \/>\n\t<meta property=\"og:image:width\" content=\"1200\" \/>\n\t<meta property=\"og:image:height\" content=\"800\" \/>\n\t<meta property=\"og:image:type\" content=\"image\/jpeg\" \/>\n<meta name=\"author\" content=\"Benoit Charette\" \/>\n<meta name=\"twitter:card\" content=\"summary_large_image\" \/>\n<meta name=\"twitter:creator\" content=\"@canadamotorjobs\" \/>\n<meta name=\"twitter:site\" content=\"@canadamotorjobs\" \/>\n<meta name=\"twitter:label1\" content=\"\u00c9crit par\" \/>\n\t<meta name=\"twitter:data1\" content=\"Benoit Charette\" \/>\n\t<meta name=\"twitter:label2\" content=\"Estimation du temps de lecture\" \/>\n\t<meta name=\"twitter:data2\" content=\"2 minutes\" \/>\n<!-- \/ Yoast SEO plugin. -->","yoast_head_json":{"title":"Volkswagen face \u00e0 une deuxi\u00e8me vague de gr\u00e8ves en Allemagne - CanadaMotorJobs.com","description":"Volkswagen face \u00e0 une deuxi\u00e8me vague de gr\u00e8ves en Allemagne - Benoit Charette - Annuel automobile - CanadaMotorJobs.com.","robots":{"index":"index","follow":"follow","max-snippet":"max-snippet:-1","max-image-preview":"max-image-preview:large","max-video-preview":"max-video-preview:-1"},"og_locale":"fr_CA","og_type":"article","og_title":"Volkswagen face \u00e0 une deuxi\u00e8me vague de gr\u00e8ves en Allemagne - CanadaMotorJobs.com","og_description":"Volkswagen face \u00e0 une deuxi\u00e8me vague de gr\u00e8ves en Allemagne - Benoit Charette - Annuel automobile - CanadaMotorJobs.com.","og_url":"https:\/\/news.canadamotorjobs.com\/fr\/volkswagen-face-a-une-deuxieme-vague-de-greves-en-allemagne\/","og_site_name":"CanadaMotorJobs.com","article_publisher":"https:\/\/www.facebook.com\/canadamotorjobs\/","article_published_time":"2024-12-08T07:24:25+00:00","article_modified_time":"2024-12-08T07:29:13+00:00","og_image":[{"width":1200,"height":800,"url":"https:\/\/news.canadamotorjobs.com\/wp-content\/uploads\/2024\/12\/volkswagen-id-3-001.jpg","type":"image\/jpeg"}],"author":"Benoit Charette","twitter_card":"summary_large_image","twitter_creator":"@canadamotorjobs","twitter_site":"@canadamotorjobs","twitter_misc":{"\u00c9crit par":"Benoit Charette","Estimation du temps de lecture":"2 minutes"},"schema":{"@context":"https:\/\/schema.org","@graph":[{"@type":"Article","@id":"https:\/\/news.canadamotorjobs.com\/fr\/volkswagen-face-a-une-deuxieme-vague-de-greves-en-allemagne\/#article","isPartOf":{"@id":"https:\/\/news.canadamotorjobs.com\/fr\/volkswagen-face-a-une-deuxieme-vague-de-greves-en-allemagne\/"},"author":{"name":"Benoit Charette","@id":"https:\/\/news.canadamotorjobs.com\/#\/schema\/person\/51793d1f87d44011d7bcc2ed99269a90"},"headline":"Volkswagen face \u00e0 une deuxi\u00e8me vague de gr\u00e8ves en Allemagne","datePublished":"2024-12-08T07:24:25+00:00","dateModified":"2024-12-08T07:29:13+00:00","mainEntityOfPage":{"@id":"https:\/\/news.canadamotorjobs.com\/fr\/volkswagen-face-a-une-deuxieme-vague-de-greves-en-allemagne\/"},"wordCount":483,"publisher":{"@id":"https:\/\/news.canadamotorjobs.com\/#organization"},"image":{"@id":"https:\/\/news.canadamotorjobs.com\/fr\/volkswagen-face-a-une-deuxieme-vague-de-greves-en-allemagne\/#primaryimage"},"thumbnailUrl":"https:\/\/news.canadamotorjobs.com\/wp-content\/uploads\/2024\/12\/volkswagen-id-3-001.jpg","articleSection":["Annuel automobile"],"inLanguage":"fr-CA"},{"@type":"WebPage","@id":"https:\/\/news.canadamotorjobs.com\/fr\/volkswagen-face-a-une-deuxieme-vague-de-greves-en-allemagne\/","url":"https:\/\/news.canadamotorjobs.com\/fr\/volkswagen-face-a-une-deuxieme-vague-de-greves-en-allemagne\/","name":"Volkswagen face \u00e0 une deuxi\u00e8me vague de gr\u00e8ves en Allemagne - CanadaMotorJobs.com","isPartOf":{"@id":"https:\/\/news.canadamotorjobs.com\/#website"},"primaryImageOfPage":{"@id":"https:\/\/news.canadamotorjobs.com\/fr\/volkswagen-face-a-une-deuxieme-vague-de-greves-en-allemagne\/#primaryimage"},"image":{"@id":"https:\/\/news.canadamotorjobs.com\/fr\/volkswagen-face-a-une-deuxieme-vague-de-greves-en-allemagne\/#primaryimage"},"thumbnailUrl":"https:\/\/news.canadamotorjobs.com\/wp-content\/uploads\/2024\/12\/volkswagen-id-3-001.jpg","datePublished":"2024-12-08T07:24:25+00:00","dateModified":"2024-12-08T07:29:13+00:00","description":"Volkswagen face \u00e0 une deuxi\u00e8me vague de gr\u00e8ves en Allemagne - Benoit Charette - Annuel automobile - CanadaMotorJobs.com.","breadcrumb":{"@id":"https:\/\/news.canadamotorjobs.com\/fr\/volkswagen-face-a-une-deuxieme-vague-de-greves-en-allemagne\/#breadcrumb"},"inLanguage":"fr-CA","potentialAction":[{"@type":"ReadAction","target":["https:\/\/news.canadamotorjobs.com\/fr\/volkswagen-face-a-une-deuxieme-vague-de-greves-en-allemagne\/"]}]},{"@type":"ImageObject","inLanguage":"fr-CA","@id":"https:\/\/news.canadamotorjobs.com\/fr\/volkswagen-face-a-une-deuxieme-vague-de-greves-en-allemagne\/#primaryimage","url":"https:\/\/news.canadamotorjobs.com\/wp-content\/uploads\/2024\/12\/volkswagen-id-3-001.jpg","contentUrl":"https:\/\/news.canadamotorjobs.com\/wp-content\/uploads\/2024\/12\/volkswagen-id-3-001.jpg","width":1200,"height":800},{"@type":"BreadcrumbList","@id":"https:\/\/news.canadamotorjobs.com\/fr\/volkswagen-face-a-une-deuxieme-vague-de-greves-en-allemagne\/#breadcrumb","itemListElement":[{"@type":"ListItem","position":1,"name":"Home","item":"https:\/\/news.canadamotorjobs.com\/fr\/blog\/"},{"@type":"ListItem","position":2,"name":"Volkswagen face \u00e0 une deuxi\u00e8me vague de gr\u00e8ves en Allemagne"}]},{"@type":"WebSite","@id":"https:\/\/news.canadamotorjobs.com\/#website","url":"https:\/\/news.canadamotorjobs.com\/","name":"CanadaMotorJobs.com","description":"Automotive Jobs","publisher":{"@id":"https:\/\/news.canadamotorjobs.com\/#organization"},"potentialAction":[{"@type":"SearchAction","target":{"@type":"EntryPoint","urlTemplate":"https:\/\/news.canadamotorjobs.com\/?s={search_term_string}"},"query-input":"required name=search_term_string"}],"inLanguage":"fr-CA"},{"@type":"Organization","@id":"https:\/\/news.canadamotorjobs.com\/#organization","name":"Canada Motor Jobs","url":"https:\/\/news.canadamotorjobs.com\/","logo":{"@type":"ImageObject","inLanguage":"fr-CA","@id":"https:\/\/news.canadamotorjobs.com\/#\/schema\/logo\/image\/","url":"https:\/\/news.canadamotorjobs.com\/wp-content\/uploads\/2022\/10\/logo-canada-motor-jobs-1.png","contentUrl":"https:\/\/news.canadamotorjobs.com\/wp-content\/uploads\/2022\/10\/logo-canada-motor-jobs-1.png","width":800,"height":400,"caption":"Canada Motor Jobs"},"image":{"@id":"https:\/\/news.canadamotorjobs.com\/#\/schema\/logo\/image\/"},"sameAs":["https:\/\/www.facebook.com\/canadamotorjobs\/","https:\/\/x.com\/canadamotorjobs","https:\/\/www.instagram.com\/canadamotorjobs\/","https:\/\/www.linkedin.com\/company\/canadamotorjobs"]},{"@type":"Person","@id":"https:\/\/news.canadamotorjobs.com\/#\/schema\/person\/51793d1f87d44011d7bcc2ed99269a90","name":"Benoit Charette","image":{"@type":"ImageObject","inLanguage":"fr-CA","@id":"https:\/\/news.canadamotorjobs.com\/#\/schema\/person\/image\/","url":"https:\/\/secure.gravatar.com\/avatar\/45f3d2eebcccd909668d7ce7ea7267b6?s=96&d=mm&r=g","contentUrl":"https:\/\/secure.gravatar.com\/avatar\/45f3d2eebcccd909668d7ce7ea7267b6?s=96&d=mm&r=g","caption":"Benoit Charette"},"description":"Benoit Charette \/ Propri\u00e9taire et r\u00e9dacteur en chef Benoit Charette pratique le journalisme automobile depuis bient\u00f4t 30 ans. Il a fait ses classes au c\u00f4t\u00e9 de Daniel H\u00e9raud et au Carnet de route de 1992 \u00e0 2001. Il est fondateur, copropri\u00e9taire et r\u00e9dacteur en chef de L\u2019Annuel de l\u2019automobile, qu\u2019il publie depuis 2001. Il a anim\u00e9 les \u00e9missions RPM et RPM+ sur V et les L\u00e9gendes de la route sur Historia. \u00c0 la radio depuis 1986, il reprend l\u2019antenne cette ann\u00e9e sur les ondes de Cogeco et participe pour la deuxi\u00e8me ann\u00e9e \u00e0 l\u2019\u00e9mission Passion Auto sur RDS en plus de mettre en ligne le site Web officiel de L\u2019Annuel de l\u2019automobile sur annuelauto.ca.","sameAs":["https:\/\/annuelauto.ca\/"],"url":"https:\/\/news.canadamotorjobs.com\/fr\/author\/benoit-charette\/"}]}},"_links":{"self":[{"href":"https:\/\/news.canadamotorjobs.com\/fr\/wp-json\/wp\/v2\/posts\/183830"}],"collection":[{"href":"https:\/\/news.canadamotorjobs.com\/fr\/wp-json\/wp\/v2\/posts"}],"about":[{"href":"https:\/\/news.canadamotorjobs.com\/fr\/wp-json\/wp\/v2\/types\/post"}],"author":[{"embeddable":true,"href":"https:\/\/news.canadamotorjobs.com\/fr\/wp-json\/wp\/v2\/users\/8"}],"replies":[{"embeddable":true,"href":"https:\/\/news.canadamotorjobs.com\/fr\/wp-json\/wp\/v2\/comments?post=183830"}],"version-history":[{"count":3,"href":"https:\/\/news.canadamotorjobs.com\/fr\/wp-json\/wp\/v2\/posts\/183830\/revisions"}],"predecessor-version":[{"id":183857,"href":"https:\/\/news.canadamotorjobs.com\/fr\/wp-json\/wp\/v2\/posts\/183830\/revisions\/183857"}],"wp:featuredmedia":[{"embeddable":true,"href":"https:\/\/news.canadamotorjobs.com\/fr\/wp-json\/wp\/v2\/media\/183832"}],"wp:attachment":[{"href":"https:\/\/news.canadamotorjobs.com\/fr\/wp-json\/wp\/v2\/media?parent=183830"}],"wp:term":[{"taxonomy":"category","embeddable":true,"href":"https:\/\/news.canadamotorjobs.com\/fr\/wp-json\/wp\/v2\/categories?post=183830"},{"taxonomy":"post_tag","embeddable":true,"href":"https:\/\/news.canadamotorjobs.com\/fr\/wp-json\/wp\/v2\/tags?post=183830"}],"curies":[{"name":"wp","href":"https:\/\/api.w.org\/{rel}","templated":true}]}}