{"id":183782,"date":"2024-12-08T02:24:26","date_gmt":"2024-12-08T07:24:26","guid":{"rendered":"https:\/\/news.canadamotorjobs.com\/?p=183782"},"modified":"2024-12-08T02:28:59","modified_gmt":"2024-12-08T07:28:59","slug":"mazda-confirme-la-production-de-son-concept-iconic-sp","status":"publish","type":"post","link":"https:\/\/news.canadamotorjobs.com\/fr\/mazda-confirme-la-production-de-son-concept-iconic-sp\/","title":{"rendered":"Mazda confirme la production de son concept Iconic SP"},"content":{"rendered":"<\/p>\n<p>Mazda confirme son ambition de raviver son h\u00e9ritage de v\u00e9hicules sportifs \u00e0 moteur rotatif, mais avec une touche d\u2019\u00e9lectrification. Le chef de la direction, Masahiro Moro, a r\u00e9cemment d\u00e9clar\u00e9 que le concept Iconic SP, d\u00e9voil\u00e9 au Salon de la mobilit\u00e9 du Japon en 2023, progresse vers une production.<\/p>\n<p><strong>Un successeur spirituel \u00e0 la RX-7 ?<\/strong><\/p>\n<p>Le Mazda Iconic SP pourrait bien devenir le successeur spirituel tant attendu de la l\u00e9gendaire RX-7. Ce coup\u00e9 profite d\u2019un groupe motopropulseur hybride novateur bas\u00e9 sur un moteur rotatif \u00e0 deux rotors, utilis\u00e9 comme g\u00e9n\u00e9rateur pour un syst\u00e8me \u00e9lectrique. Cette configuration d\u00e9livre une puissance combin\u00e9e impressionnante de 365 chevaux, ce qui surpasse les performances qu\u2019offraient les RX-7 et RX-8.<\/p>\n<p>Selon Masahiro Moro, le d\u00e9veloppement avance \u00ab \u00e9tape par \u00e9tape \u00bb. Bien que Mazda n\u2019ait pas encore communiqu\u00e9 de date de lancement, l\u2019enthousiasme autour du projet laisse penser qu\u2019une annonce officielle pourrait survenir dans un avenir rapproch\u00e9.<\/p>\n<p><\/p>\n<figure><img decoding=\"async\" src=\"https:\/\/news.canadamotorjobs.com\/wp-content\/uploads\/2024\/12\/mazda_iconic_sp_2_l-5.jpg\" alt=\"Le concept Mazda Iconic SP, portes ouvertes\" \/><figcaption>Le concept Mazda Iconic SP, portes ouvertes | Auto123.com<\/figcaption><\/figure>\n<figure><img decoding=\"async\" src=\"https:\/\/news.canadamotorjobs.com\/wp-content\/uploads\/2024\/12\/int_qtr_l-1.jpg-1.jpg\" alt=\"Le concept Mazda Iconic SP, int\u00e9rieur\" \/><figcaption>Le concept Mazda Iconic SP, int\u00e9rieur | Auto123.com<\/figcaption><\/figure>\n<p><strong>Une hybridation au service de l\u2019innovation<\/strong><\/p>\n<p>Le moteur hybride de la Mazda Iconic SP n\u2019est pas qu\u2019un clin d\u2019\u0153il au pass\u00e9. En tant que prolongateur d\u2019autonomie, il g\u00e9n\u00e8re de l\u2019\u00e9lectricit\u00e9 pour une batterie plus compacte, r\u00e9duisant ainsi le poids total du v\u00e9hicule. Ce choix technique r\u00e9pond \u00e0 l\u2019un des principaux d\u00e9fis de l\u2019industrie des v\u00e9hicules \u00e9lectriques : le compromis entre autonomie et l\u00e9g\u00e8ret\u00e9.<\/p>\n<p><strong>Une puissance adapt\u00e9e aux attentes am\u00e9ricaines<\/strong><\/p>\n<p>Le dirigeant a pr\u00e9cis\u00e9 que le moteur rotatif \u00e0 deux rotors est con\u00e7u pour produire davantage d\u2019\u00e9lectricit\u00e9, une caract\u00e9ristique particuli\u00e8rement adapt\u00e9e au march\u00e9 nord-am\u00e9ricain, o\u00f9 les consommateurs privil\u00e9gient la puissance et les performances.<\/p>\n<p>Lors de la pr\u00e9sentation du concept, Masahiro Moro a d\u00e9crit l\u2019Iconic SP comme un symbole de l\u2019engagement de Mazda pour un avenir o\u00f9 plaisir de conduite et innovation coexistent. De plus, le responsable du design de Mazda, Masashi Nakayama, a confirm\u00e9 que le concept a \u00e9t\u00e9 con\u00e7u avec une intention claire de production. Il a ajout\u00e9, cependant, que Mazda travaille pr\u00e9sentement \u00e0 surmonter des \u00ab obstacles techniques \u00bb avant de finaliser ce projet.<\/p>\n<p><\/p>\n<figure><img decoding=\"async\" src=\"https:\/\/news.canadamotorjobs.com\/wp-content\/uploads\/2024\/12\/mazda_iconic_sp_3_l-1.jpg\" alt=\"Le concept Mazda Iconic SP, avant\" \/><figcaption>Le concept Mazda Iconic SP, avant | Auto123.com<\/figcaption><\/figure>\n<figure><img decoding=\"async\" src=\"https:\/\/news.canadamotorjobs.com\/wp-content\/uploads\/2024\/12\/mazda_iconic_sp_4_l-1.jpg\" alt=\"Le concept Mazda Iconic SP, arri\u00e8re\" \/><figcaption>Le concept Mazda Iconic SP, arri\u00e8re | Auto123.com<\/figcaption><\/figure>\n<figure><img decoding=\"async\" src=\"https:\/\/news.canadamotorjobs.com\/wp-content\/uploads\/2024\/12\/front_qtr_l-1.jpg\" alt=\"Le concept Mazda Iconic SP, trois quarts avant\" \/><figcaption>Le concept Mazda Iconic SP, trois quarts avant | Auto123.com<\/figcaption><\/figure>\n<figure><img decoding=\"async\" src=\"https:\/\/news.canadamotorjobs.com\/wp-content\/uploads\/2024\/12\/rear_qtr_l-1.jpg\" alt=\"Le concept Mazda Iconic SP, trois quarts arri\u00e8re\" \/><figcaption>Le concept Mazda Iconic SP, trois quarts arri\u00e8re | Auto123.com<\/figcaption><\/figure>\n<p style=\"padding-top: 15px\">Contenu original de <a href=\"https:\/\/www.auto123.com\/fr\/actualites\/mazda-iconic-sp-production-successeur-rx7\/72159\/\">auto123<\/a>.<\/p>\n<p>Le texte <a rel=\"nofollow\" href=\"https:\/\/annuelauto.ca\/mazda-confirme-la-production-de-son-concept-iconic-sp\/\">Mazda confirme la production de son concept Iconic SP<\/a> provient de <a rel=\"nofollow\" href=\"https:\/\/annuelauto.ca\">L&#8217;annuel de l&#8217;automobile &#8211; Actualit\u00e9 automobile<\/a><\/p>\n<p><\/p>\n","protected":false},"excerpt":{"rendered":"<p>Mazda confirme son ambition de raviver son h\u00e9ritage de v\u00e9hicules sportifs \u00e0 moteur rotatif, mais avec une touche d\u2019\u00e9lectrification. Le chef de la direction, Masahiro Moro, a r\u00e9cemment d\u00e9clar\u00e9 que le concept Iconic SP, d\u00e9voil\u00e9 au Salon de la mobilit\u00e9 du Japon en 2023, progresse vers une production. Un successeur spirituel \u00e0 la RX-7 ? [&hellip;]<\/p>\n","protected":false},"author":8,"featured_media":183784,"comment_status":"close","ping_status":"closed","sticky":false,"template":"","format":"standard","meta":{"_monsterinsights_skip_tracking":false,"_monsterinsights_sitenote_active":false,"_monsterinsights_sitenote_note":"","_monsterinsights_sitenote_category":0,"footnotes":""},"categories":[101],"tags":[],"yoast_head":"<!-- This site is optimized with the Yoast SEO plugin v23.2 - https:\/\/yoast.com\/wordpress\/plugins\/seo\/ -->\n<title>Mazda confirme la production de son concept Iconic SP - CanadaMotorJobs.com<\/title>\n<meta name=\"description\" content=\"Mazda confirme la production de son concept Iconic SP - Benoit Charette - Annuel automobile - CanadaMotorJobs.com.\" \/>\n<meta name=\"robots\" content=\"index, follow, max-snippet:-1, max-image-preview:large, max-video-preview:-1\" \/>\n<meta property=\"og:locale\" content=\"fr_CA\" \/>\n<meta property=\"og:type\" content=\"article\" \/>\n<meta property=\"og:title\" content=\"Mazda confirme la production de son concept Iconic SP - CanadaMotorJobs.com\" \/>\n<meta property=\"og:description\" content=\"Mazda confirme la production de son concept Iconic SP - Benoit Charette - Annuel automobile - CanadaMotorJobs.com.\" \/>\n<meta property=\"og:url\" content=\"https:\/\/news.canadamotorjobs.com\/fr\/mazda-confirme-la-production-de-son-concept-iconic-sp\/\" \/>\n<meta property=\"og:site_name\" content=\"CanadaMotorJobs.com\" \/>\n<meta property=\"article:publisher\" content=\"https:\/\/www.facebook.com\/canadamotorjobs\/\" \/>\n<meta property=\"article:published_time\" content=\"2024-12-08T07:24:26+00:00\" \/>\n<meta property=\"article:modified_time\" content=\"2024-12-08T07:28:59+00:00\" \/>\n<meta property=\"og:image\" content=\"https:\/\/news.canadamotorjobs.com\/wp-content\/uploads\/2024\/12\/mazda_iconic_sp_2_l.jpg\" \/>\n\t<meta property=\"og:image:width\" content=\"1200\" \/>\n\t<meta property=\"og:image:height\" content=\"599\" \/>\n\t<meta property=\"og:image:type\" content=\"image\/jpeg\" \/>\n<meta name=\"author\" content=\"Benoit Charette\" \/>\n<meta name=\"twitter:card\" content=\"summary_large_image\" \/>\n<meta name=\"twitter:creator\" content=\"@canadamotorjobs\" \/>\n<meta name=\"twitter:site\" content=\"@canadamotorjobs\" \/>\n<meta name=\"twitter:label1\" content=\"\u00c9crit par\" \/>\n\t<meta name=\"twitter:data1\" content=\"Benoit Charette\" \/>\n\t<meta name=\"twitter:label2\" content=\"Estimation du temps de lecture\" \/>\n\t<meta name=\"twitter:data2\" content=\"2 minutes\" \/>\n<!-- \/ Yoast SEO plugin. -->","yoast_head_json":{"title":"Mazda confirme la production de son concept Iconic SP - CanadaMotorJobs.com","description":"Mazda confirme la production de son concept Iconic SP - Benoit Charette - Annuel automobile - CanadaMotorJobs.com.","robots":{"index":"index","follow":"follow","max-snippet":"max-snippet:-1","max-image-preview":"max-image-preview:large","max-video-preview":"max-video-preview:-1"},"og_locale":"fr_CA","og_type":"article","og_title":"Mazda confirme la production de son concept Iconic SP - CanadaMotorJobs.com","og_description":"Mazda confirme la production de son concept Iconic SP - Benoit Charette - Annuel automobile - CanadaMotorJobs.com.","og_url":"https:\/\/news.canadamotorjobs.com\/fr\/mazda-confirme-la-production-de-son-concept-iconic-sp\/","og_site_name":"CanadaMotorJobs.com","article_publisher":"https:\/\/www.facebook.com\/canadamotorjobs\/","article_published_time":"2024-12-08T07:24:26+00:00","article_modified_time":"2024-12-08T07:28:59+00:00","og_image":[{"width":1200,"height":599,"url":"https:\/\/news.canadamotorjobs.com\/wp-content\/uploads\/2024\/12\/mazda_iconic_sp_2_l.jpg","type":"image\/jpeg"}],"author":"Benoit Charette","twitter_card":"summary_large_image","twitter_creator":"@canadamotorjobs","twitter_site":"@canadamotorjobs","twitter_misc":{"\u00c9crit par":"Benoit Charette","Estimation du temps de lecture":"2 minutes"},"schema":{"@context":"https:\/\/schema.org","@graph":[{"@type":"Article","@id":"https:\/\/news.canadamotorjobs.com\/fr\/mazda-confirme-la-production-de-son-concept-iconic-sp\/#article","isPartOf":{"@id":"https:\/\/news.canadamotorjobs.com\/fr\/mazda-confirme-la-production-de-son-concept-iconic-sp\/"},"author":{"name":"Benoit Charette","@id":"https:\/\/news.canadamotorjobs.com\/#\/schema\/person\/51793d1f87d44011d7bcc2ed99269a90"},"headline":"Mazda confirme la production de son concept Iconic SP","datePublished":"2024-12-08T07:24:26+00:00","dateModified":"2024-12-08T07:28:59+00:00","mainEntityOfPage":{"@id":"https:\/\/news.canadamotorjobs.com\/fr\/mazda-confirme-la-production-de-son-concept-iconic-sp\/"},"wordCount":453,"publisher":{"@id":"https:\/\/news.canadamotorjobs.com\/#organization"},"image":{"@id":"https:\/\/news.canadamotorjobs.com\/fr\/mazda-confirme-la-production-de-son-concept-iconic-sp\/#primaryimage"},"thumbnailUrl":"https:\/\/news.canadamotorjobs.com\/wp-content\/uploads\/2024\/12\/mazda_iconic_sp_2_l.jpg","articleSection":["Annuel automobile"],"inLanguage":"fr-CA"},{"@type":"WebPage","@id":"https:\/\/news.canadamotorjobs.com\/fr\/mazda-confirme-la-production-de-son-concept-iconic-sp\/","url":"https:\/\/news.canadamotorjobs.com\/fr\/mazda-confirme-la-production-de-son-concept-iconic-sp\/","name":"Mazda confirme la production de son concept Iconic SP - CanadaMotorJobs.com","isPartOf":{"@id":"https:\/\/news.canadamotorjobs.com\/#website"},"primaryImageOfPage":{"@id":"https:\/\/news.canadamotorjobs.com\/fr\/mazda-confirme-la-production-de-son-concept-iconic-sp\/#primaryimage"},"image":{"@id":"https:\/\/news.canadamotorjobs.com\/fr\/mazda-confirme-la-production-de-son-concept-iconic-sp\/#primaryimage"},"thumbnailUrl":"https:\/\/news.canadamotorjobs.com\/wp-content\/uploads\/2024\/12\/mazda_iconic_sp_2_l.jpg","datePublished":"2024-12-08T07:24:26+00:00","dateModified":"2024-12-08T07:28:59+00:00","description":"Mazda confirme la production de son concept Iconic SP - Benoit Charette - Annuel automobile - CanadaMotorJobs.com.","breadcrumb":{"@id":"https:\/\/news.canadamotorjobs.com\/fr\/mazda-confirme-la-production-de-son-concept-iconic-sp\/#breadcrumb"},"inLanguage":"fr-CA","potentialAction":[{"@type":"ReadAction","target":["https:\/\/news.canadamotorjobs.com\/fr\/mazda-confirme-la-production-de-son-concept-iconic-sp\/"]}]},{"@type":"ImageObject","inLanguage":"fr-CA","@id":"https:\/\/news.canadamotorjobs.com\/fr\/mazda-confirme-la-production-de-son-concept-iconic-sp\/#primaryimage","url":"https:\/\/news.canadamotorjobs.com\/wp-content\/uploads\/2024\/12\/mazda_iconic_sp_2_l.jpg","contentUrl":"https:\/\/news.canadamotorjobs.com\/wp-content\/uploads\/2024\/12\/mazda_iconic_sp_2_l.jpg","width":1200,"height":599},{"@type":"BreadcrumbList","@id":"https:\/\/news.canadamotorjobs.com\/fr\/mazda-confirme-la-production-de-son-concept-iconic-sp\/#breadcrumb","itemListElement":[{"@type":"ListItem","position":1,"name":"Home","item":"https:\/\/news.canadamotorjobs.com\/fr\/blog\/"},{"@type":"ListItem","position":2,"name":"Mazda confirme la production de son concept Iconic SP"}]},{"@type":"WebSite","@id":"https:\/\/news.canadamotorjobs.com\/#website","url":"https:\/\/news.canadamotorjobs.com\/","name":"CanadaMotorJobs.com","description":"Automotive Jobs","publisher":{"@id":"https:\/\/news.canadamotorjobs.com\/#organization"},"potentialAction":[{"@type":"SearchAction","target":{"@type":"EntryPoint","urlTemplate":"https:\/\/news.canadamotorjobs.com\/?s={search_term_string}"},"query-input":"required name=search_term_string"}],"inLanguage":"fr-CA"},{"@type":"Organization","@id":"https:\/\/news.canadamotorjobs.com\/#organization","name":"Canada Motor Jobs","url":"https:\/\/news.canadamotorjobs.com\/","logo":{"@type":"ImageObject","inLanguage":"fr-CA","@id":"https:\/\/news.canadamotorjobs.com\/#\/schema\/logo\/image\/","url":"https:\/\/news.canadamotorjobs.com\/wp-content\/uploads\/2022\/10\/logo-canada-motor-jobs-1.png","contentUrl":"https:\/\/news.canadamotorjobs.com\/wp-content\/uploads\/2022\/10\/logo-canada-motor-jobs-1.png","width":800,"height":400,"caption":"Canada Motor Jobs"},"image":{"@id":"https:\/\/news.canadamotorjobs.com\/#\/schema\/logo\/image\/"},"sameAs":["https:\/\/www.facebook.com\/canadamotorjobs\/","https:\/\/x.com\/canadamotorjobs","https:\/\/www.instagram.com\/canadamotorjobs\/","https:\/\/www.linkedin.com\/company\/canadamotorjobs"]},{"@type":"Person","@id":"https:\/\/news.canadamotorjobs.com\/#\/schema\/person\/51793d1f87d44011d7bcc2ed99269a90","name":"Benoit Charette","image":{"@type":"ImageObject","inLanguage":"fr-CA","@id":"https:\/\/news.canadamotorjobs.com\/#\/schema\/person\/image\/","url":"https:\/\/secure.gravatar.com\/avatar\/45f3d2eebcccd909668d7ce7ea7267b6?s=96&d=mm&r=g","contentUrl":"https:\/\/secure.gravatar.com\/avatar\/45f3d2eebcccd909668d7ce7ea7267b6?s=96&d=mm&r=g","caption":"Benoit Charette"},"description":"Benoit Charette \/ Propri\u00e9taire et r\u00e9dacteur en chef Benoit Charette pratique le journalisme automobile depuis bient\u00f4t 30 ans. Il a fait ses classes au c\u00f4t\u00e9 de Daniel H\u00e9raud et au Carnet de route de 1992 \u00e0 2001. Il est fondateur, copropri\u00e9taire et r\u00e9dacteur en chef de L\u2019Annuel de l\u2019automobile, qu\u2019il publie depuis 2001. Il a anim\u00e9 les \u00e9missions RPM et RPM+ sur V et les L\u00e9gendes de la route sur Historia. \u00c0 la radio depuis 1986, il reprend l\u2019antenne cette ann\u00e9e sur les ondes de Cogeco et participe pour la deuxi\u00e8me ann\u00e9e \u00e0 l\u2019\u00e9mission Passion Auto sur RDS en plus de mettre en ligne le site Web officiel de L\u2019Annuel de l\u2019automobile sur annuelauto.ca.","sameAs":["https:\/\/annuelauto.ca\/"],"url":"https:\/\/news.canadamotorjobs.com\/fr\/author\/benoit-charette\/"}]}},"_links":{"self":[{"href":"https:\/\/news.canadamotorjobs.com\/fr\/wp-json\/wp\/v2\/posts\/183782"}],"collection":[{"href":"https:\/\/news.canadamotorjobs.com\/fr\/wp-json\/wp\/v2\/posts"}],"about":[{"href":"https:\/\/news.canadamotorjobs.com\/fr\/wp-json\/wp\/v2\/types\/post"}],"author":[{"embeddable":true,"href":"https:\/\/news.canadamotorjobs.com\/fr\/wp-json\/wp\/v2\/users\/8"}],"replies":[{"embeddable":true,"href":"https:\/\/news.canadamotorjobs.com\/fr\/wp-json\/wp\/v2\/comments?post=183782"}],"version-history":[{"count":3,"href":"https:\/\/news.canadamotorjobs.com\/fr\/wp-json\/wp\/v2\/posts\/183782\/revisions"}],"predecessor-version":[{"id":183829,"href":"https:\/\/news.canadamotorjobs.com\/fr\/wp-json\/wp\/v2\/posts\/183782\/revisions\/183829"}],"wp:featuredmedia":[{"embeddable":true,"href":"https:\/\/news.canadamotorjobs.com\/fr\/wp-json\/wp\/v2\/media\/183784"}],"wp:attachment":[{"href":"https:\/\/news.canadamotorjobs.com\/fr\/wp-json\/wp\/v2\/media?parent=183782"}],"wp:term":[{"taxonomy":"category","embeddable":true,"href":"https:\/\/news.canadamotorjobs.com\/fr\/wp-json\/wp\/v2\/categories?post=183782"},{"taxonomy":"post_tag","embeddable":true,"href":"https:\/\/news.canadamotorjobs.com\/fr\/wp-json\/wp\/v2\/tags?post=183782"}],"curies":[{"name":"wp","href":"https:\/\/api.w.org\/{rel}","templated":true}]}}