{"id":183674,"date":"2024-12-07T02:24:30","date_gmt":"2024-12-07T07:24:30","guid":{"rendered":"https:\/\/news.canadamotorjobs.com\/?p=183674"},"modified":"2024-12-07T02:29:23","modified_gmt":"2024-12-07T07:29:23","slug":"lancement-de-nissan-energy-et-lacces-a-17-800-bornes-de-tesla","status":"publish","type":"post","link":"https:\/\/news.canadamotorjobs.com\/fr\/lancement-de-nissan-energy-et-lacces-a-17-800-bornes-de-tesla\/","title":{"rendered":"Lancement de Nissan Energy\u2026 et l\u2019acc\u00e8s \u00e0 17\u2009800 bornes de Tesla"},"content":{"rendered":"<\/p>\n<p>Nissan avait de bonnes nouvelles \u00e0 communiquer aux propri\u00e9taires de son VUS Ariya hier alors que la compagnie annon\u00e7ait le lancement du r\u00e9seau de recharge Nissan Energy (NECN : Nissan Energy Charging Network).<\/p>\n<p>La particularit\u00e9 de ce dernier, c\u2019est qu\u2019il va donner aux propri\u00e9taires l\u2019acc\u00e8s \u00e0 17 800 bornes du r\u00e9seau de Tesla aux \u00c9tats-Unis et au Canada. Le tout sera op\u00e9rationnel \u00e0 compter de mardi prochain, soit le 10 d\u00e9cembre.<\/p>\n<p>En tout, l\u2019ajout de ces bornes accessibles pour les d\u00e9tenteurs de mod\u00e8les Ariya porte le total \u00e0 100 000 stations de recharge publiques aux \u00c9tats-Unis et \u00e0 quelque 25 000 au Canada.<\/p>\n<p>Les propri\u00e9taires auront besoin d\u2019un adaptateur pour \u00eatre en mesure de se brancher aux prises NACS (North American Charging Standard) de Tesla. Il sera offert par Nissan au prix de 309 99 $ CA, et il peut \u00eatre command\u00e9 aupr\u00e8s des concessionnaires de la marque.<\/p>\n<p>\u00c0 compter de 2025, les mod\u00e8les \u00e9lectriques arborant le logo de Nissan et destin\u00e9s \u00e0 nos march\u00e9s seront fabriqu\u00e9s avec le port NACS.<\/p>\n<p><\/p>\n<figure><img decoding=\"async\" src=\"https:\/\/news.canadamotorjobs.com\/wp-content\/uploads\/2024\/12\/nissan-ariya-e4orce-2024_6-5.jpg\" alt=\"Le Nissan Ariya e4orce\" \/><figcaption>Le Nissan Ariya e4orce | Auto123.com<\/figcaption><\/figure>\n<p>Nissan rappelle qu\u2019en plus de l\u2019acc\u00e8s aux chargeurs de Tesla, le r\u00e9seau NECN comprend \u00e9galement l\u2019acc\u00e8s aux r\u00e9seaux ChargeHub, Shell, Flo, Chargepoint, Circuit \u00e9lectrique, BC Hydro, ainsi que Ivy. Aux \u00c9tats-Unis, on parle des r\u00e9seaux Electrify America, Shell, Chargepoint et EVgo.<\/p>\n<p>Et le processus est simplifi\u00e9 avec l\u2019application MyNissan. Cette derni\u00e8re permet aux propri\u00e9taires de rep\u00e9rer des bornes \u00e0 distance pour v\u00e9rifier leur disponibilit\u00e9, surveiller l\u2019\u00e9tat de la recharge de leur v\u00e9hicule et aussi proc\u00e9der au paiement via l\u2019appli.<\/p>\n<p>Les v\u00e9hicules Nissan (nouvelles \u00e0 venir concernant l\u2019autre mod\u00e8le \u00e9lectrique de la marque, la berline LEAF) rejoignent ainsi ceux de Ford, de General Motors et de Volvo qui ont acc\u00e8s aux bornes de Tesla. D\u2019autres vont suivre en 2025, alors que quantit\u00e9 de constructeurs ont d\u00e9cid\u00e9 d\u2019embo\u00eeter le pas avec l\u2019utilisation des ports NACS de Tesla.<\/p>\n<p>Une mesure de plus qui est susceptible de faire la diff\u00e9rence pour certains entre l\u2019achat d\u2019un mod\u00e8le \u00e9lectrique ou le report de ce geste.<\/p>\n<p><\/p>\n<p style=\"padding-top: 15px\">Contenu original de <a href=\"https:\/\/www.auto123.com\/fr\/actualites\/nissan-energy-tesla-bornes-recharge\/72156\/\">auto123<\/a>.<\/p>\n<p>Le texte <a rel=\"nofollow\" href=\"https:\/\/annuelauto.ca\/lancement-de-nissan-energy-et-lacces-a-17%e2%80%89800-bornes-de-tesla\/\">Lancement de Nissan Energy\u2026 et l\u2019acc\u00e8s \u00e0 17\u2009800 bornes de Tesla<\/a> provient de <a rel=\"nofollow\" href=\"https:\/\/annuelauto.ca\">L&#8217;annuel de l&#8217;automobile &#8211; Actualit\u00e9 automobile<\/a><\/p>\n<p><\/p>\n","protected":false},"excerpt":{"rendered":"<p>Nissan avait de bonnes nouvelles \u00e0 communiquer aux propri\u00e9taires de son VUS Ariya hier alors que la compagnie annon\u00e7ait le lancement du r\u00e9seau de recharge Nissan Energy (NECN : Nissan Energy Charging Network). La particularit\u00e9 de ce dernier, c\u2019est qu\u2019il va donner aux propri\u00e9taires l\u2019acc\u00e8s \u00e0 17 800 bornes du r\u00e9seau de Tesla aux \u00c9tats-Unis [&hellip;]<\/p>\n","protected":false},"author":8,"featured_media":183676,"comment_status":"close","ping_status":"closed","sticky":false,"template":"","format":"standard","meta":{"_monsterinsights_skip_tracking":false,"_monsterinsights_sitenote_active":false,"_monsterinsights_sitenote_note":"","_monsterinsights_sitenote_category":0,"footnotes":""},"categories":[101],"tags":[],"yoast_head":"<!-- This site is optimized with the Yoast SEO plugin v23.2 - https:\/\/yoast.com\/wordpress\/plugins\/seo\/ -->\n<title>Lancement de Nissan Energy\u2026 et l\u2019acc\u00e8s \u00e0 17\u2009800 bornes de Tesla - CanadaMotorJobs.com<\/title>\n<meta name=\"description\" content=\"Lancement de Nissan Energy\u2026 et l\u2019acc\u00e8s \u00e0 17\u2009800 bornes de Tesla - Benoit Charette - Annuel automobile - CanadaMotorJobs.com.\" \/>\n<meta name=\"robots\" content=\"index, follow, max-snippet:-1, max-image-preview:large, max-video-preview:-1\" \/>\n<meta property=\"og:locale\" content=\"fr_CA\" \/>\n<meta property=\"og:type\" content=\"article\" \/>\n<meta property=\"og:title\" content=\"Lancement de Nissan Energy\u2026 et l\u2019acc\u00e8s \u00e0 17\u2009800 bornes de Tesla - CanadaMotorJobs.com\" \/>\n<meta property=\"og:description\" content=\"Lancement de Nissan Energy\u2026 et l\u2019acc\u00e8s \u00e0 17\u2009800 bornes de Tesla - Benoit Charette - Annuel automobile - CanadaMotorJobs.com.\" \/>\n<meta property=\"og:url\" content=\"https:\/\/news.canadamotorjobs.com\/fr\/lancement-de-nissan-energy-et-lacces-a-17-800-bornes-de-tesla\/\" \/>\n<meta property=\"og:site_name\" content=\"CanadaMotorJobs.com\" \/>\n<meta property=\"article:publisher\" content=\"https:\/\/www.facebook.com\/canadamotorjobs\/\" \/>\n<meta property=\"article:published_time\" content=\"2024-12-07T07:24:30+00:00\" \/>\n<meta property=\"article:modified_time\" content=\"2024-12-07T07:29:23+00:00\" \/>\n<meta property=\"og:image\" content=\"https:\/\/news.canadamotorjobs.com\/wp-content\/uploads\/2024\/12\/nissan-ariya-e4orce-2024_6.jpg\" \/>\n\t<meta property=\"og:image:width\" content=\"1200\" \/>\n\t<meta property=\"og:image:height\" content=\"800\" \/>\n\t<meta property=\"og:image:type\" content=\"image\/jpeg\" \/>\n<meta name=\"author\" content=\"Benoit Charette\" \/>\n<meta name=\"twitter:card\" content=\"summary_large_image\" \/>\n<meta name=\"twitter:creator\" content=\"@canadamotorjobs\" \/>\n<meta name=\"twitter:site\" content=\"@canadamotorjobs\" \/>\n<meta name=\"twitter:label1\" content=\"\u00c9crit par\" \/>\n\t<meta name=\"twitter:data1\" content=\"Benoit Charette\" \/>\n\t<meta name=\"twitter:label2\" content=\"Estimation du temps de lecture\" \/>\n\t<meta name=\"twitter:data2\" content=\"2 minutes\" \/>\n<!-- \/ Yoast SEO plugin. -->","yoast_head_json":{"title":"Lancement de Nissan Energy\u2026 et l\u2019acc\u00e8s \u00e0 17\u2009800 bornes de Tesla - CanadaMotorJobs.com","description":"Lancement de Nissan Energy\u2026 et l\u2019acc\u00e8s \u00e0 17\u2009800 bornes de Tesla - Benoit Charette - Annuel automobile - CanadaMotorJobs.com.","robots":{"index":"index","follow":"follow","max-snippet":"max-snippet:-1","max-image-preview":"max-image-preview:large","max-video-preview":"max-video-preview:-1"},"og_locale":"fr_CA","og_type":"article","og_title":"Lancement de Nissan Energy\u2026 et l\u2019acc\u00e8s \u00e0 17\u2009800 bornes de Tesla - CanadaMotorJobs.com","og_description":"Lancement de Nissan Energy\u2026 et l\u2019acc\u00e8s \u00e0 17\u2009800 bornes de Tesla - Benoit Charette - Annuel automobile - CanadaMotorJobs.com.","og_url":"https:\/\/news.canadamotorjobs.com\/fr\/lancement-de-nissan-energy-et-lacces-a-17-800-bornes-de-tesla\/","og_site_name":"CanadaMotorJobs.com","article_publisher":"https:\/\/www.facebook.com\/canadamotorjobs\/","article_published_time":"2024-12-07T07:24:30+00:00","article_modified_time":"2024-12-07T07:29:23+00:00","og_image":[{"width":1200,"height":800,"url":"https:\/\/news.canadamotorjobs.com\/wp-content\/uploads\/2024\/12\/nissan-ariya-e4orce-2024_6.jpg","type":"image\/jpeg"}],"author":"Benoit Charette","twitter_card":"summary_large_image","twitter_creator":"@canadamotorjobs","twitter_site":"@canadamotorjobs","twitter_misc":{"\u00c9crit par":"Benoit Charette","Estimation du temps de lecture":"2 minutes"},"schema":{"@context":"https:\/\/schema.org","@graph":[{"@type":"Article","@id":"https:\/\/news.canadamotorjobs.com\/fr\/lancement-de-nissan-energy-et-lacces-a-17-800-bornes-de-tesla\/#article","isPartOf":{"@id":"https:\/\/news.canadamotorjobs.com\/fr\/lancement-de-nissan-energy-et-lacces-a-17-800-bornes-de-tesla\/"},"author":{"name":"Benoit Charette","@id":"https:\/\/news.canadamotorjobs.com\/#\/schema\/person\/51793d1f87d44011d7bcc2ed99269a90"},"headline":"Lancement de Nissan Energy\u2026 et l\u2019acc\u00e8s \u00e0 17\u2009800 bornes de Tesla","datePublished":"2024-12-07T07:24:30+00:00","dateModified":"2024-12-07T07:29:23+00:00","mainEntityOfPage":{"@id":"https:\/\/news.canadamotorjobs.com\/fr\/lancement-de-nissan-energy-et-lacces-a-17-800-bornes-de-tesla\/"},"wordCount":404,"publisher":{"@id":"https:\/\/news.canadamotorjobs.com\/#organization"},"image":{"@id":"https:\/\/news.canadamotorjobs.com\/fr\/lancement-de-nissan-energy-et-lacces-a-17-800-bornes-de-tesla\/#primaryimage"},"thumbnailUrl":"https:\/\/news.canadamotorjobs.com\/wp-content\/uploads\/2024\/12\/nissan-ariya-e4orce-2024_6.jpg","articleSection":["Annuel automobile"],"inLanguage":"fr-CA"},{"@type":"WebPage","@id":"https:\/\/news.canadamotorjobs.com\/fr\/lancement-de-nissan-energy-et-lacces-a-17-800-bornes-de-tesla\/","url":"https:\/\/news.canadamotorjobs.com\/fr\/lancement-de-nissan-energy-et-lacces-a-17-800-bornes-de-tesla\/","name":"Lancement de Nissan Energy\u2026 et l\u2019acc\u00e8s \u00e0 17\u2009800 bornes de Tesla - CanadaMotorJobs.com","isPartOf":{"@id":"https:\/\/news.canadamotorjobs.com\/#website"},"primaryImageOfPage":{"@id":"https:\/\/news.canadamotorjobs.com\/fr\/lancement-de-nissan-energy-et-lacces-a-17-800-bornes-de-tesla\/#primaryimage"},"image":{"@id":"https:\/\/news.canadamotorjobs.com\/fr\/lancement-de-nissan-energy-et-lacces-a-17-800-bornes-de-tesla\/#primaryimage"},"thumbnailUrl":"https:\/\/news.canadamotorjobs.com\/wp-content\/uploads\/2024\/12\/nissan-ariya-e4orce-2024_6.jpg","datePublished":"2024-12-07T07:24:30+00:00","dateModified":"2024-12-07T07:29:23+00:00","description":"Lancement de Nissan Energy\u2026 et l\u2019acc\u00e8s \u00e0 17\u2009800 bornes de Tesla - Benoit Charette - Annuel automobile - CanadaMotorJobs.com.","breadcrumb":{"@id":"https:\/\/news.canadamotorjobs.com\/fr\/lancement-de-nissan-energy-et-lacces-a-17-800-bornes-de-tesla\/#breadcrumb"},"inLanguage":"fr-CA","potentialAction":[{"@type":"ReadAction","target":["https:\/\/news.canadamotorjobs.com\/fr\/lancement-de-nissan-energy-et-lacces-a-17-800-bornes-de-tesla\/"]}]},{"@type":"ImageObject","inLanguage":"fr-CA","@id":"https:\/\/news.canadamotorjobs.com\/fr\/lancement-de-nissan-energy-et-lacces-a-17-800-bornes-de-tesla\/#primaryimage","url":"https:\/\/news.canadamotorjobs.com\/wp-content\/uploads\/2024\/12\/nissan-ariya-e4orce-2024_6.jpg","contentUrl":"https:\/\/news.canadamotorjobs.com\/wp-content\/uploads\/2024\/12\/nissan-ariya-e4orce-2024_6.jpg","width":1200,"height":800},{"@type":"BreadcrumbList","@id":"https:\/\/news.canadamotorjobs.com\/fr\/lancement-de-nissan-energy-et-lacces-a-17-800-bornes-de-tesla\/#breadcrumb","itemListElement":[{"@type":"ListItem","position":1,"name":"Home","item":"https:\/\/news.canadamotorjobs.com\/fr\/blog\/"},{"@type":"ListItem","position":2,"name":"Lancement de Nissan Energy\u2026 et l\u2019acc\u00e8s \u00e0 17\u2009800 bornes de Tesla"}]},{"@type":"WebSite","@id":"https:\/\/news.canadamotorjobs.com\/#website","url":"https:\/\/news.canadamotorjobs.com\/","name":"CanadaMotorJobs.com","description":"Automotive Jobs","publisher":{"@id":"https:\/\/news.canadamotorjobs.com\/#organization"},"potentialAction":[{"@type":"SearchAction","target":{"@type":"EntryPoint","urlTemplate":"https:\/\/news.canadamotorjobs.com\/?s={search_term_string}"},"query-input":"required name=search_term_string"}],"inLanguage":"fr-CA"},{"@type":"Organization","@id":"https:\/\/news.canadamotorjobs.com\/#organization","name":"Canada Motor Jobs","url":"https:\/\/news.canadamotorjobs.com\/","logo":{"@type":"ImageObject","inLanguage":"fr-CA","@id":"https:\/\/news.canadamotorjobs.com\/#\/schema\/logo\/image\/","url":"https:\/\/news.canadamotorjobs.com\/wp-content\/uploads\/2022\/10\/logo-canada-motor-jobs-1.png","contentUrl":"https:\/\/news.canadamotorjobs.com\/wp-content\/uploads\/2022\/10\/logo-canada-motor-jobs-1.png","width":800,"height":400,"caption":"Canada Motor Jobs"},"image":{"@id":"https:\/\/news.canadamotorjobs.com\/#\/schema\/logo\/image\/"},"sameAs":["https:\/\/www.facebook.com\/canadamotorjobs\/","https:\/\/x.com\/canadamotorjobs","https:\/\/www.instagram.com\/canadamotorjobs\/","https:\/\/www.linkedin.com\/company\/canadamotorjobs"]},{"@type":"Person","@id":"https:\/\/news.canadamotorjobs.com\/#\/schema\/person\/51793d1f87d44011d7bcc2ed99269a90","name":"Benoit Charette","image":{"@type":"ImageObject","inLanguage":"fr-CA","@id":"https:\/\/news.canadamotorjobs.com\/#\/schema\/person\/image\/","url":"https:\/\/secure.gravatar.com\/avatar\/45f3d2eebcccd909668d7ce7ea7267b6?s=96&d=mm&r=g","contentUrl":"https:\/\/secure.gravatar.com\/avatar\/45f3d2eebcccd909668d7ce7ea7267b6?s=96&d=mm&r=g","caption":"Benoit Charette"},"description":"Benoit Charette \/ Propri\u00e9taire et r\u00e9dacteur en chef Benoit Charette pratique le journalisme automobile depuis bient\u00f4t 30 ans. Il a fait ses classes au c\u00f4t\u00e9 de Daniel H\u00e9raud et au Carnet de route de 1992 \u00e0 2001. Il est fondateur, copropri\u00e9taire et r\u00e9dacteur en chef de L\u2019Annuel de l\u2019automobile, qu\u2019il publie depuis 2001. Il a anim\u00e9 les \u00e9missions RPM et RPM+ sur V et les L\u00e9gendes de la route sur Historia. \u00c0 la radio depuis 1986, il reprend l\u2019antenne cette ann\u00e9e sur les ondes de Cogeco et participe pour la deuxi\u00e8me ann\u00e9e \u00e0 l\u2019\u00e9mission Passion Auto sur RDS en plus de mettre en ligne le site Web officiel de L\u2019Annuel de l\u2019automobile sur annuelauto.ca.","sameAs":["https:\/\/annuelauto.ca\/"],"url":"https:\/\/news.canadamotorjobs.com\/fr\/author\/benoit-charette\/"}]}},"_links":{"self":[{"href":"https:\/\/news.canadamotorjobs.com\/fr\/wp-json\/wp\/v2\/posts\/183674"}],"collection":[{"href":"https:\/\/news.canadamotorjobs.com\/fr\/wp-json\/wp\/v2\/posts"}],"about":[{"href":"https:\/\/news.canadamotorjobs.com\/fr\/wp-json\/wp\/v2\/types\/post"}],"author":[{"embeddable":true,"href":"https:\/\/news.canadamotorjobs.com\/fr\/wp-json\/wp\/v2\/users\/8"}],"replies":[{"embeddable":true,"href":"https:\/\/news.canadamotorjobs.com\/fr\/wp-json\/wp\/v2\/comments?post=183674"}],"version-history":[{"count":3,"href":"https:\/\/news.canadamotorjobs.com\/fr\/wp-json\/wp\/v2\/posts\/183674\/revisions"}],"predecessor-version":[{"id":183701,"href":"https:\/\/news.canadamotorjobs.com\/fr\/wp-json\/wp\/v2\/posts\/183674\/revisions\/183701"}],"wp:featuredmedia":[{"embeddable":true,"href":"https:\/\/news.canadamotorjobs.com\/fr\/wp-json\/wp\/v2\/media\/183676"}],"wp:attachment":[{"href":"https:\/\/news.canadamotorjobs.com\/fr\/wp-json\/wp\/v2\/media?parent=183674"}],"wp:term":[{"taxonomy":"category","embeddable":true,"href":"https:\/\/news.canadamotorjobs.com\/fr\/wp-json\/wp\/v2\/categories?post=183674"},{"taxonomy":"post_tag","embeddable":true,"href":"https:\/\/news.canadamotorjobs.com\/fr\/wp-json\/wp\/v2\/tags?post=183674"}],"curies":[{"name":"wp","href":"https:\/\/api.w.org\/{rel}","templated":true}]}}