{"id":183642,"date":"2024-12-07T02:24:31","date_gmt":"2024-12-07T07:24:31","guid":{"rendered":"https:\/\/news.canadamotorjobs.com\/?p=183642"},"modified":"2024-12-07T02:29:12","modified_gmt":"2024-12-07T07:29:12","slug":"40-moins-de-prototypes-en-2024-pour-volkswagen","status":"publish","type":"post","link":"https:\/\/news.canadamotorjobs.com\/fr\/40-moins-de-prototypes-en-2024-pour-volkswagen\/","title":{"rendered":"40 % moins de prototypes en 2024 pour Volkswagen"},"content":{"rendered":"<\/p>\n<p><strong>\u2022\u00a0\u00a0\u00a0 Volkswagen aura produit moins de prototypes en 2024, question de commencer \u00e0 r\u00e9duire ses d\u00e9penses.<\/strong><\/p>\n<p>Si vous avez suivi l\u2019actualit\u00e9 automobile ces derniers mois, vous savez que Volkswagen est aux prises avec des difficult\u00e9s financi\u00e8res et des d\u00e9fis de taille pour redresser sa situation. La menace de suppression d\u2019emplois et de fermeture d\u2019usine en Allemagne a d\u00e9j\u00e0 entra\u00een\u00e9 la mobilisation des travailleurs l\u00e0-bas qui y sont all\u00e9s de premiers d\u00e9brayages cibl\u00e9s en d\u00e9but de semaine. \u00c7a va brasser entre la partie patronale et le syndicat IG Metall au cours des prochaines semaines.<\/p>\n<p>Ce qui est clair, c\u2019est que la compagnie doit r\u00e9duire ses d\u00e9penses. Les fermetures d\u2019usines et l\u2019\u00e9limination de postes sont bien s\u00fbr une solution, mais il y en a d\u2019autres. Notamment, le constructeur a d\u00e9j\u00e0 commenc\u00e9 \u00e0 r\u00e9duire ses co\u00fbts d\u2019exploitation en r\u00e9duisant le nombre de prototypes qu\u2019il construit. Cette ann\u00e9e, la compagnie en a fabriqu\u00e9 40 % de moins que d\u2019habitude.<\/p>\n<p>\u00a0<\/p>\n<p><\/p>\n<figure><img decoding=\"async\" src=\"https:\/\/news.canadamotorjobs.com\/wp-content\/uploads\/2024\/12\/Large-15731-2023ID.4-5.jpg\" alt=\"Le Volkswagen ID.4\" \/><figcaption>Le Volkswagen ID.4 | Auto123.com<\/figcaption><\/figure>\n<p>Kai Gr\u00fcnitz, le responsable du d\u00e9veloppement technique chez Volkswagen, a expliqu\u00e9 \u00e0 Automobilwoche, un magazine associ\u00e9 \u00e0 Automotive News Europe, comment la compagnie entendait \u00e9conomiser de l\u2019argent, outre la question des prototypes.<\/p>\n<p>Une autre des solutions appliqu\u00e9es est la r\u00e9duction du temps pour le d\u00e9veloppement d\u2019un nouveau mod\u00e8le ; le but est de le faire en 30-36 mois. Pour les nouveaux v\u00e9hicules qui utilisent une plateforme existante, l\u2019objectif est de finaliser le produit encore plus rapidement. Selon Gr\u00fcnitz, si Volkswagen s\u2019en tenait \u00e0 son ancien mode de fonctionnement, qui consistait \u00e0 prendre quatre \u00e0 cinq ans pour amener un nouveau mod\u00e8le sur le march\u00e9, celui-ci serait d\u00e9j\u00e0 d\u00e9pass\u00e9 au moment de sa mise en vente.<\/p>\n<p>L\u2019acc\u00e9l\u00e9ration du d\u00e9veloppement est facilit\u00e9e par la r\u00e9duction du nombre d\u2019essais en conditions r\u00e9elles.<\/p>\n<p>\u00c9videmment, cela soul\u00e8ve des questions concernant la qualit\u00e9, car ce sont les nombreux tests que l\u2019on m\u00e8ne qui font en sorte qu\u2019on d\u00e9couvre les probl\u00e8mes sur un v\u00e9hicule et qu\u2019on peut en r\u00e9gler une bonne partie avant de le mettre entre les mains des consommateurs. Kai Gr\u00fcnitz affirme que ce n\u2019est plus le cas. Il mentionne que l\u2019entreprise effectue davantage d\u2019essais virtuels pour compenser la r\u00e9duction du nombre d\u2019essais r\u00e9els de v\u00e9hicules.<\/p>\n<p>Il est difficile de ne pas \u00eatre sceptique, mais il faudra voir ce que cette fa\u00e7on de faire va donner \u00e0 long terme.<\/p>\n<p><\/p>\n<figure><img decoding=\"async\" src=\"https:\/\/news.canadamotorjobs.com\/wp-content\/uploads\/2024\/12\/volkswagen-Osnabruck-plant-002-1.jpg\" alt=\"L&#039;usine Osnabruck de Volkswagen\" \/><figcaption>L&#8217;usine Osnabruck de Volkswagen | Auto123.com<\/figcaption><\/figure>\n<p>Comme le mentionne le site Motor 1, Volkswagen a d\u00e9j\u00e0 abandonn\u00e9 son projet de construction d\u2019une usine de deux milliards d\u2019euros. Cette derni\u00e8re devait permettre de fabriquer un v\u00e9hicule en 10 heures seulement. Malgr\u00e9 cela, le nouvel objectif est de \u00ab r\u00e9duire radicalement les temps de fabrication \u00bb \u00e0 l\u2019int\u00e9rieur des usines existantes en installant de nouveaux \u00e9quipements plus perfectionn\u00e9s. Une collaboration plus \u00e9troite avec les fournisseurs permettra \u00e9galement d\u2019am\u00e9liorer l\u2019efficacit\u00e9.<\/p>\n<p>Est-ce que tout cela sera suffisant pour \u00e9viter les suppressions d\u2019emplois et les fermetures d\u2019usines ? C\u2019est difficile \u00e0 dire, mais il semble \u00e9vident que la compagnie est engag\u00e9 dans une course contre la montre.<\/p>\n<p><\/p>\n<p style=\"padding-top: 15px\">Contenu original de <a href=\"https:\/\/www.auto123.com\/fr\/actualites\/moins-de-prototype-volkswagen-2024\/72153\/\">auto123<\/a>.<\/p>\n<p>Le texte <a rel=\"nofollow\" href=\"https:\/\/annuelauto.ca\/40-moins-de-prototypes-en-2024-pour-volkswagen\/\">40 % moins de prototypes en 2024 pour Volkswagen<\/a> provient de <a rel=\"nofollow\" href=\"https:\/\/annuelauto.ca\">L&#8217;annuel de l&#8217;automobile &#8211; Actualit\u00e9 automobile<\/a><\/p>\n<p><\/p>\n","protected":false},"excerpt":{"rendered":"<p>\u2022\u00a0\u00a0\u00a0 Volkswagen aura produit moins de prototypes en 2024, question de commencer \u00e0 r\u00e9duire ses d\u00e9penses. Si vous avez suivi l\u2019actualit\u00e9 automobile ces derniers mois, vous savez que Volkswagen est aux prises avec des difficult\u00e9s financi\u00e8res et des d\u00e9fis de taille pour redresser sa situation. La menace de suppression d\u2019emplois et de fermeture d\u2019usine en [&hellip;]<\/p>\n","protected":false},"author":8,"featured_media":183644,"comment_status":"close","ping_status":"closed","sticky":false,"template":"","format":"standard","meta":{"_monsterinsights_skip_tracking":false,"_monsterinsights_sitenote_active":false,"_monsterinsights_sitenote_note":"","_monsterinsights_sitenote_category":0,"footnotes":""},"categories":[101],"tags":[],"yoast_head":"<!-- This site is optimized with the Yoast SEO plugin v23.2 - https:\/\/yoast.com\/wordpress\/plugins\/seo\/ -->\n<title>40 % moins de prototypes en 2024 pour Volkswagen - CanadaMotorJobs.com<\/title>\n<meta name=\"description\" content=\"40 % moins de prototypes en 2024 pour Volkswagen - Benoit Charette - Annuel automobile - CanadaMotorJobs.com.\" \/>\n<meta name=\"robots\" content=\"index, follow, max-snippet:-1, max-image-preview:large, max-video-preview:-1\" \/>\n<meta property=\"og:locale\" content=\"fr_CA\" \/>\n<meta property=\"og:type\" content=\"article\" \/>\n<meta property=\"og:title\" content=\"40 % moins de prototypes en 2024 pour Volkswagen - CanadaMotorJobs.com\" \/>\n<meta property=\"og:description\" content=\"40 % moins de prototypes en 2024 pour Volkswagen - Benoit Charette - Annuel automobile - CanadaMotorJobs.com.\" \/>\n<meta property=\"og:url\" content=\"https:\/\/news.canadamotorjobs.com\/fr\/40-moins-de-prototypes-en-2024-pour-volkswagen\/\" \/>\n<meta property=\"og:site_name\" content=\"CanadaMotorJobs.com\" \/>\n<meta property=\"article:publisher\" content=\"https:\/\/www.facebook.com\/canadamotorjobs\/\" \/>\n<meta property=\"article:published_time\" content=\"2024-12-07T07:24:31+00:00\" \/>\n<meta property=\"article:modified_time\" content=\"2024-12-07T07:29:12+00:00\" \/>\n<meta property=\"og:image\" content=\"https:\/\/news.canadamotorjobs.com\/wp-content\/uploads\/2024\/12\/Large-15731-2023ID.4.jpg\" \/>\n\t<meta property=\"og:image:width\" content=\"1200\" \/>\n\t<meta property=\"og:image:height\" content=\"800\" \/>\n\t<meta property=\"og:image:type\" content=\"image\/jpeg\" \/>\n<meta name=\"author\" content=\"Benoit Charette\" \/>\n<meta name=\"twitter:card\" content=\"summary_large_image\" \/>\n<meta name=\"twitter:creator\" content=\"@canadamotorjobs\" \/>\n<meta name=\"twitter:site\" content=\"@canadamotorjobs\" \/>\n<meta name=\"twitter:label1\" content=\"\u00c9crit par\" \/>\n\t<meta name=\"twitter:data1\" content=\"Benoit Charette\" \/>\n\t<meta name=\"twitter:label2\" content=\"Estimation du temps de lecture\" \/>\n\t<meta name=\"twitter:data2\" content=\"3 minutes\" \/>\n<!-- \/ Yoast SEO plugin. -->","yoast_head_json":{"title":"40 % moins de prototypes en 2024 pour Volkswagen - CanadaMotorJobs.com","description":"40 % moins de prototypes en 2024 pour Volkswagen - Benoit Charette - Annuel automobile - CanadaMotorJobs.com.","robots":{"index":"index","follow":"follow","max-snippet":"max-snippet:-1","max-image-preview":"max-image-preview:large","max-video-preview":"max-video-preview:-1"},"og_locale":"fr_CA","og_type":"article","og_title":"40 % moins de prototypes en 2024 pour Volkswagen - CanadaMotorJobs.com","og_description":"40 % moins de prototypes en 2024 pour Volkswagen - Benoit Charette - Annuel automobile - CanadaMotorJobs.com.","og_url":"https:\/\/news.canadamotorjobs.com\/fr\/40-moins-de-prototypes-en-2024-pour-volkswagen\/","og_site_name":"CanadaMotorJobs.com","article_publisher":"https:\/\/www.facebook.com\/canadamotorjobs\/","article_published_time":"2024-12-07T07:24:31+00:00","article_modified_time":"2024-12-07T07:29:12+00:00","og_image":[{"width":1200,"height":800,"url":"https:\/\/news.canadamotorjobs.com\/wp-content\/uploads\/2024\/12\/Large-15731-2023ID.4.jpg","type":"image\/jpeg"}],"author":"Benoit Charette","twitter_card":"summary_large_image","twitter_creator":"@canadamotorjobs","twitter_site":"@canadamotorjobs","twitter_misc":{"\u00c9crit par":"Benoit Charette","Estimation du temps de lecture":"3 minutes"},"schema":{"@context":"https:\/\/schema.org","@graph":[{"@type":"Article","@id":"https:\/\/news.canadamotorjobs.com\/fr\/40-moins-de-prototypes-en-2024-pour-volkswagen\/#article","isPartOf":{"@id":"https:\/\/news.canadamotorjobs.com\/fr\/40-moins-de-prototypes-en-2024-pour-volkswagen\/"},"author":{"name":"Benoit Charette","@id":"https:\/\/news.canadamotorjobs.com\/#\/schema\/person\/51793d1f87d44011d7bcc2ed99269a90"},"headline":"40 % moins de prototypes en 2024 pour Volkswagen","datePublished":"2024-12-07T07:24:31+00:00","dateModified":"2024-12-07T07:29:12+00:00","mainEntityOfPage":{"@id":"https:\/\/news.canadamotorjobs.com\/fr\/40-moins-de-prototypes-en-2024-pour-volkswagen\/"},"wordCount":591,"publisher":{"@id":"https:\/\/news.canadamotorjobs.com\/#organization"},"image":{"@id":"https:\/\/news.canadamotorjobs.com\/fr\/40-moins-de-prototypes-en-2024-pour-volkswagen\/#primaryimage"},"thumbnailUrl":"https:\/\/news.canadamotorjobs.com\/wp-content\/uploads\/2024\/12\/Large-15731-2023ID.4.jpg","articleSection":["Annuel automobile"],"inLanguage":"fr-CA"},{"@type":"WebPage","@id":"https:\/\/news.canadamotorjobs.com\/fr\/40-moins-de-prototypes-en-2024-pour-volkswagen\/","url":"https:\/\/news.canadamotorjobs.com\/fr\/40-moins-de-prototypes-en-2024-pour-volkswagen\/","name":"40 % moins de prototypes en 2024 pour Volkswagen - CanadaMotorJobs.com","isPartOf":{"@id":"https:\/\/news.canadamotorjobs.com\/#website"},"primaryImageOfPage":{"@id":"https:\/\/news.canadamotorjobs.com\/fr\/40-moins-de-prototypes-en-2024-pour-volkswagen\/#primaryimage"},"image":{"@id":"https:\/\/news.canadamotorjobs.com\/fr\/40-moins-de-prototypes-en-2024-pour-volkswagen\/#primaryimage"},"thumbnailUrl":"https:\/\/news.canadamotorjobs.com\/wp-content\/uploads\/2024\/12\/Large-15731-2023ID.4.jpg","datePublished":"2024-12-07T07:24:31+00:00","dateModified":"2024-12-07T07:29:12+00:00","description":"40 % moins de prototypes en 2024 pour Volkswagen - Benoit Charette - Annuel automobile - CanadaMotorJobs.com.","breadcrumb":{"@id":"https:\/\/news.canadamotorjobs.com\/fr\/40-moins-de-prototypes-en-2024-pour-volkswagen\/#breadcrumb"},"inLanguage":"fr-CA","potentialAction":[{"@type":"ReadAction","target":["https:\/\/news.canadamotorjobs.com\/fr\/40-moins-de-prototypes-en-2024-pour-volkswagen\/"]}]},{"@type":"ImageObject","inLanguage":"fr-CA","@id":"https:\/\/news.canadamotorjobs.com\/fr\/40-moins-de-prototypes-en-2024-pour-volkswagen\/#primaryimage","url":"https:\/\/news.canadamotorjobs.com\/wp-content\/uploads\/2024\/12\/Large-15731-2023ID.4.jpg","contentUrl":"https:\/\/news.canadamotorjobs.com\/wp-content\/uploads\/2024\/12\/Large-15731-2023ID.4.jpg","width":1200,"height":800},{"@type":"BreadcrumbList","@id":"https:\/\/news.canadamotorjobs.com\/fr\/40-moins-de-prototypes-en-2024-pour-volkswagen\/#breadcrumb","itemListElement":[{"@type":"ListItem","position":1,"name":"Home","item":"https:\/\/news.canadamotorjobs.com\/fr\/blog\/"},{"@type":"ListItem","position":2,"name":"40 % moins de prototypes en 2024 pour Volkswagen"}]},{"@type":"WebSite","@id":"https:\/\/news.canadamotorjobs.com\/#website","url":"https:\/\/news.canadamotorjobs.com\/","name":"CanadaMotorJobs.com","description":"Automotive Jobs","publisher":{"@id":"https:\/\/news.canadamotorjobs.com\/#organization"},"potentialAction":[{"@type":"SearchAction","target":{"@type":"EntryPoint","urlTemplate":"https:\/\/news.canadamotorjobs.com\/?s={search_term_string}"},"query-input":"required name=search_term_string"}],"inLanguage":"fr-CA"},{"@type":"Organization","@id":"https:\/\/news.canadamotorjobs.com\/#organization","name":"Canada Motor Jobs","url":"https:\/\/news.canadamotorjobs.com\/","logo":{"@type":"ImageObject","inLanguage":"fr-CA","@id":"https:\/\/news.canadamotorjobs.com\/#\/schema\/logo\/image\/","url":"https:\/\/news.canadamotorjobs.com\/wp-content\/uploads\/2022\/10\/logo-canada-motor-jobs-1.png","contentUrl":"https:\/\/news.canadamotorjobs.com\/wp-content\/uploads\/2022\/10\/logo-canada-motor-jobs-1.png","width":800,"height":400,"caption":"Canada Motor Jobs"},"image":{"@id":"https:\/\/news.canadamotorjobs.com\/#\/schema\/logo\/image\/"},"sameAs":["https:\/\/www.facebook.com\/canadamotorjobs\/","https:\/\/x.com\/canadamotorjobs","https:\/\/www.instagram.com\/canadamotorjobs\/","https:\/\/www.linkedin.com\/company\/canadamotorjobs"]},{"@type":"Person","@id":"https:\/\/news.canadamotorjobs.com\/#\/schema\/person\/51793d1f87d44011d7bcc2ed99269a90","name":"Benoit Charette","image":{"@type":"ImageObject","inLanguage":"fr-CA","@id":"https:\/\/news.canadamotorjobs.com\/#\/schema\/person\/image\/","url":"https:\/\/secure.gravatar.com\/avatar\/45f3d2eebcccd909668d7ce7ea7267b6?s=96&d=mm&r=g","contentUrl":"https:\/\/secure.gravatar.com\/avatar\/45f3d2eebcccd909668d7ce7ea7267b6?s=96&d=mm&r=g","caption":"Benoit Charette"},"description":"Benoit Charette \/ Propri\u00e9taire et r\u00e9dacteur en chef Benoit Charette pratique le journalisme automobile depuis bient\u00f4t 30 ans. Il a fait ses classes au c\u00f4t\u00e9 de Daniel H\u00e9raud et au Carnet de route de 1992 \u00e0 2001. Il est fondateur, copropri\u00e9taire et r\u00e9dacteur en chef de L\u2019Annuel de l\u2019automobile, qu\u2019il publie depuis 2001. Il a anim\u00e9 les \u00e9missions RPM et RPM+ sur V et les L\u00e9gendes de la route sur Historia. \u00c0 la radio depuis 1986, il reprend l\u2019antenne cette ann\u00e9e sur les ondes de Cogeco et participe pour la deuxi\u00e8me ann\u00e9e \u00e0 l\u2019\u00e9mission Passion Auto sur RDS en plus de mettre en ligne le site Web officiel de L\u2019Annuel de l\u2019automobile sur annuelauto.ca.","sameAs":["https:\/\/annuelauto.ca\/"],"url":"https:\/\/news.canadamotorjobs.com\/fr\/author\/benoit-charette\/"}]}},"_links":{"self":[{"href":"https:\/\/news.canadamotorjobs.com\/fr\/wp-json\/wp\/v2\/posts\/183642"}],"collection":[{"href":"https:\/\/news.canadamotorjobs.com\/fr\/wp-json\/wp\/v2\/posts"}],"about":[{"href":"https:\/\/news.canadamotorjobs.com\/fr\/wp-json\/wp\/v2\/types\/post"}],"author":[{"embeddable":true,"href":"https:\/\/news.canadamotorjobs.com\/fr\/wp-json\/wp\/v2\/users\/8"}],"replies":[{"embeddable":true,"href":"https:\/\/news.canadamotorjobs.com\/fr\/wp-json\/wp\/v2\/comments?post=183642"}],"version-history":[{"count":3,"href":"https:\/\/news.canadamotorjobs.com\/fr\/wp-json\/wp\/v2\/posts\/183642\/revisions"}],"predecessor-version":[{"id":183673,"href":"https:\/\/news.canadamotorjobs.com\/fr\/wp-json\/wp\/v2\/posts\/183642\/revisions\/183673"}],"wp:featuredmedia":[{"embeddable":true,"href":"https:\/\/news.canadamotorjobs.com\/fr\/wp-json\/wp\/v2\/media\/183644"}],"wp:attachment":[{"href":"https:\/\/news.canadamotorjobs.com\/fr\/wp-json\/wp\/v2\/media?parent=183642"}],"wp:term":[{"taxonomy":"category","embeddable":true,"href":"https:\/\/news.canadamotorjobs.com\/fr\/wp-json\/wp\/v2\/categories?post=183642"},{"taxonomy":"post_tag","embeddable":true,"href":"https:\/\/news.canadamotorjobs.com\/fr\/wp-json\/wp\/v2\/tags?post=183642"}],"curies":[{"name":"wp","href":"https:\/\/api.w.org\/{rel}","templated":true}]}}