{"id":183614,"date":"2024-12-07T02:24:31","date_gmt":"2024-12-07T07:24:31","guid":{"rendered":"https:\/\/news.canadamotorjobs.com\/?p=183614"},"modified":"2024-12-07T02:28:58","modified_gmt":"2024-12-07T07:28:58","slug":"recaro-sauve-de-la-faillite-par-le-groupe-italien-proma","status":"publish","type":"post","link":"https:\/\/news.canadamotorjobs.com\/fr\/recaro-sauve-de-la-faillite-par-le-groupe-italien-proma\/","title":{"rendered":"Recaro sauv\u00e9 de la faillite par le groupe italien Proma"},"content":{"rendered":"<\/p>\n<p>Apr\u00e8s des mois d\u2019incertitude, le fabricant de si\u00e8ges Recaro, c\u00e9l\u00e8bre fournisseur allemand de si\u00e8ges automobiles, en particulier pour les v\u00e9hicules performants, entre dans une nouvelle \u00e8re. Apr\u00e8s avoir d\u00e9pos\u00e9 une demande de protection contre la faillite en juillet, l\u2019entreprise a trouv\u00e9 un nouveau souffle gr\u00e2ce \u00e0 un investisseur strat\u00e9gique : le groupe Proma, un fabricant italien de si\u00e8ges automobiles.<\/p>\n<p>Selon le site Piston Heads, Proma a sign\u00e9 un accord d\u2019investissement pour prendre le contr\u00f4le de Recaro et pr\u00e9voit de relancer la production d\u00e8s le d\u00e9but de l\u2019ann\u00e9e prochaine.<\/p>\n<p><strong>Un plan de relance structur\u00e9<\/strong><\/p>\n<p>Dans le cadre de cette transition, Proma conservera plusieurs employ\u00e9s des d\u00e9partements des ventes et de la technologie au si\u00e8ge de Recaro \u00e0 Kirchheim unter Teck, en Allemagne. Le site, qui emploie actuellement 215 personnes, comprend \u00e9galement une usine de production.<\/p>\n<p>Cependant, une partie de la production de Recaro sera transf\u00e9r\u00e9e vers les usines italiennes de Proma, qui exploite 26 sites industriels sur trois continents.<\/p>\n<p><\/p>\n<figure><img decoding=\"async\" src=\"https:\/\/news.canadamotorjobs.com\/wp-content\/uploads\/2024\/12\/audi-r8-v10-recaro-seats-5.jpg\" alt=\"Des si\u00e8ges Recaro dans une Audi R8\" \/><figcaption>Des si\u00e8ges Recaro dans une Audi R8 | Auto123.com<\/figcaption><\/figure>\n<p><strong>Une reprise cibl\u00e9e et limit\u00e9e<\/strong><\/p>\n<p>L\u2019acquisition par Proma ne concernera pas les op\u00e9rations nord-am\u00e9ricaines et japonaises de Recaro, qui resteront intactes. De plus, les divisions de Recaro d\u00e9di\u00e9es aux si\u00e8ges d\u2019avion, de bureau, de jeux vid\u00e9os et con\u00e7us pour les b\u00e9b\u00e9s ne seront pas affect\u00e9es par ce changement de propri\u00e9taire.<\/p>\n<blockquote><p><\/p>\n<p>\u00ab Notre investissement dans Recaro renforcera notre capacit\u00e9 \u00e0 offrir des produits de si\u00e8ges haut de gamme tout en adoptant les innovations les plus avanc\u00e9es dans le secteur automobile. \u00bb<\/p>\n<p>\u2013 Luca Pino, PDG de Proma Group<\/p>\n<p>\n<\/p><\/blockquote>\n<p>Un avenir prometteur pour une marque iconique<\/p>\n<p>Recaro, qui a travers\u00e9 des moments difficiles cette ann\u00e9e, semble bien positionn\u00e9e pour un retour \u00e0 l\u2019avant-sc\u00e8ne gr\u00e2ce \u00e0 Proma. Avec un accent renouvel\u00e9 sur l\u2019innovation et la qualit\u00e9, cette collaboration promet de maintenir Recaro en tant que chef de file dans le domaine des si\u00e8ges automobiles hautes performances.<\/p>\n<p><\/p>\n<p style=\"padding-top: 15px\">Contenu original de <a href=\"https:\/\/www.auto123.com\/fr\/actualites\/recaro-automotive-relance-proma-group\/72154\/\">auto123<\/a>.<\/p>\n<p>Le texte <a rel=\"nofollow\" href=\"https:\/\/annuelauto.ca\/recaro-sauve-de-la-faillite-par-le-groupe-italien-proma\/\">Recaro sauv\u00e9 de la faillite par le groupe italien Proma<\/a> provient de <a rel=\"nofollow\" href=\"https:\/\/annuelauto.ca\">L&#8217;annuel de l&#8217;automobile &#8211; Actualit\u00e9 automobile<\/a><\/p>\n<p><\/p>\n","protected":false},"excerpt":{"rendered":"<p>Apr\u00e8s des mois d\u2019incertitude, le fabricant de si\u00e8ges Recaro, c\u00e9l\u00e8bre fournisseur allemand de si\u00e8ges automobiles, en particulier pour les v\u00e9hicules performants, entre dans une nouvelle \u00e8re. Apr\u00e8s avoir d\u00e9pos\u00e9 une demande de protection contre la faillite en juillet, l\u2019entreprise a trouv\u00e9 un nouveau souffle gr\u00e2ce \u00e0 un investisseur strat\u00e9gique : le groupe Proma, un fabricant [&hellip;]<\/p>\n","protected":false},"author":8,"featured_media":183616,"comment_status":"close","ping_status":"closed","sticky":false,"template":"","format":"standard","meta":{"_monsterinsights_skip_tracking":false,"_monsterinsights_sitenote_active":false,"_monsterinsights_sitenote_note":"","_monsterinsights_sitenote_category":0,"footnotes":""},"categories":[101],"tags":[],"yoast_head":"<!-- This site is optimized with the Yoast SEO plugin v23.2 - https:\/\/yoast.com\/wordpress\/plugins\/seo\/ -->\n<title>Recaro sauv\u00e9 de la faillite par le groupe italien Proma - CanadaMotorJobs.com<\/title>\n<meta name=\"description\" content=\"Recaro sauv\u00e9 de la faillite par le groupe italien Proma - Benoit Charette - Annuel automobile - CanadaMotorJobs.com.\" \/>\n<meta name=\"robots\" content=\"index, follow, max-snippet:-1, max-image-preview:large, max-video-preview:-1\" \/>\n<meta property=\"og:locale\" content=\"fr_CA\" \/>\n<meta property=\"og:type\" content=\"article\" \/>\n<meta property=\"og:title\" content=\"Recaro sauv\u00e9 de la faillite par le groupe italien Proma - CanadaMotorJobs.com\" \/>\n<meta property=\"og:description\" content=\"Recaro sauv\u00e9 de la faillite par le groupe italien Proma - Benoit Charette - Annuel automobile - CanadaMotorJobs.com.\" \/>\n<meta property=\"og:url\" content=\"https:\/\/news.canadamotorjobs.com\/fr\/recaro-sauve-de-la-faillite-par-le-groupe-italien-proma\/\" \/>\n<meta property=\"og:site_name\" content=\"CanadaMotorJobs.com\" \/>\n<meta property=\"article:publisher\" content=\"https:\/\/www.facebook.com\/canadamotorjobs\/\" \/>\n<meta property=\"article:published_time\" content=\"2024-12-07T07:24:31+00:00\" \/>\n<meta property=\"article:modified_time\" content=\"2024-12-07T07:28:58+00:00\" \/>\n<meta property=\"og:image\" content=\"https:\/\/news.canadamotorjobs.com\/wp-content\/uploads\/2024\/12\/audi-r8-v10-recaro-seats.jpg\" \/>\n\t<meta property=\"og:image:width\" content=\"1200\" \/>\n\t<meta property=\"og:image:height\" content=\"434\" \/>\n\t<meta property=\"og:image:type\" content=\"image\/jpeg\" \/>\n<meta name=\"author\" content=\"Benoit Charette\" \/>\n<meta name=\"twitter:card\" content=\"summary_large_image\" \/>\n<meta name=\"twitter:creator\" content=\"@canadamotorjobs\" \/>\n<meta name=\"twitter:site\" content=\"@canadamotorjobs\" \/>\n<meta name=\"twitter:label1\" content=\"\u00c9crit par\" \/>\n\t<meta name=\"twitter:data1\" content=\"Benoit Charette\" \/>\n\t<meta name=\"twitter:label2\" content=\"Estimation du temps de lecture\" \/>\n\t<meta name=\"twitter:data2\" content=\"2 minutes\" \/>\n<!-- \/ Yoast SEO plugin. -->","yoast_head_json":{"title":"Recaro sauv\u00e9 de la faillite par le groupe italien Proma - CanadaMotorJobs.com","description":"Recaro sauv\u00e9 de la faillite par le groupe italien Proma - Benoit Charette - Annuel automobile - CanadaMotorJobs.com.","robots":{"index":"index","follow":"follow","max-snippet":"max-snippet:-1","max-image-preview":"max-image-preview:large","max-video-preview":"max-video-preview:-1"},"og_locale":"fr_CA","og_type":"article","og_title":"Recaro sauv\u00e9 de la faillite par le groupe italien Proma - CanadaMotorJobs.com","og_description":"Recaro sauv\u00e9 de la faillite par le groupe italien Proma - Benoit Charette - Annuel automobile - CanadaMotorJobs.com.","og_url":"https:\/\/news.canadamotorjobs.com\/fr\/recaro-sauve-de-la-faillite-par-le-groupe-italien-proma\/","og_site_name":"CanadaMotorJobs.com","article_publisher":"https:\/\/www.facebook.com\/canadamotorjobs\/","article_published_time":"2024-12-07T07:24:31+00:00","article_modified_time":"2024-12-07T07:28:58+00:00","og_image":[{"width":1200,"height":434,"url":"https:\/\/news.canadamotorjobs.com\/wp-content\/uploads\/2024\/12\/audi-r8-v10-recaro-seats.jpg","type":"image\/jpeg"}],"author":"Benoit Charette","twitter_card":"summary_large_image","twitter_creator":"@canadamotorjobs","twitter_site":"@canadamotorjobs","twitter_misc":{"\u00c9crit par":"Benoit Charette","Estimation du temps de lecture":"2 minutes"},"schema":{"@context":"https:\/\/schema.org","@graph":[{"@type":"Article","@id":"https:\/\/news.canadamotorjobs.com\/fr\/recaro-sauve-de-la-faillite-par-le-groupe-italien-proma\/#article","isPartOf":{"@id":"https:\/\/news.canadamotorjobs.com\/fr\/recaro-sauve-de-la-faillite-par-le-groupe-italien-proma\/"},"author":{"name":"Benoit Charette","@id":"https:\/\/news.canadamotorjobs.com\/#\/schema\/person\/51793d1f87d44011d7bcc2ed99269a90"},"headline":"Recaro sauv\u00e9 de la faillite par le groupe italien Proma","datePublished":"2024-12-07T07:24:31+00:00","dateModified":"2024-12-07T07:28:58+00:00","mainEntityOfPage":{"@id":"https:\/\/news.canadamotorjobs.com\/fr\/recaro-sauve-de-la-faillite-par-le-groupe-italien-proma\/"},"wordCount":385,"publisher":{"@id":"https:\/\/news.canadamotorjobs.com\/#organization"},"image":{"@id":"https:\/\/news.canadamotorjobs.com\/fr\/recaro-sauve-de-la-faillite-par-le-groupe-italien-proma\/#primaryimage"},"thumbnailUrl":"https:\/\/news.canadamotorjobs.com\/wp-content\/uploads\/2024\/12\/audi-r8-v10-recaro-seats.jpg","articleSection":["Annuel automobile"],"inLanguage":"fr-CA"},{"@type":"WebPage","@id":"https:\/\/news.canadamotorjobs.com\/fr\/recaro-sauve-de-la-faillite-par-le-groupe-italien-proma\/","url":"https:\/\/news.canadamotorjobs.com\/fr\/recaro-sauve-de-la-faillite-par-le-groupe-italien-proma\/","name":"Recaro sauv\u00e9 de la faillite par le groupe italien Proma - CanadaMotorJobs.com","isPartOf":{"@id":"https:\/\/news.canadamotorjobs.com\/#website"},"primaryImageOfPage":{"@id":"https:\/\/news.canadamotorjobs.com\/fr\/recaro-sauve-de-la-faillite-par-le-groupe-italien-proma\/#primaryimage"},"image":{"@id":"https:\/\/news.canadamotorjobs.com\/fr\/recaro-sauve-de-la-faillite-par-le-groupe-italien-proma\/#primaryimage"},"thumbnailUrl":"https:\/\/news.canadamotorjobs.com\/wp-content\/uploads\/2024\/12\/audi-r8-v10-recaro-seats.jpg","datePublished":"2024-12-07T07:24:31+00:00","dateModified":"2024-12-07T07:28:58+00:00","description":"Recaro sauv\u00e9 de la faillite par le groupe italien Proma - Benoit Charette - Annuel automobile - CanadaMotorJobs.com.","breadcrumb":{"@id":"https:\/\/news.canadamotorjobs.com\/fr\/recaro-sauve-de-la-faillite-par-le-groupe-italien-proma\/#breadcrumb"},"inLanguage":"fr-CA","potentialAction":[{"@type":"ReadAction","target":["https:\/\/news.canadamotorjobs.com\/fr\/recaro-sauve-de-la-faillite-par-le-groupe-italien-proma\/"]}]},{"@type":"ImageObject","inLanguage":"fr-CA","@id":"https:\/\/news.canadamotorjobs.com\/fr\/recaro-sauve-de-la-faillite-par-le-groupe-italien-proma\/#primaryimage","url":"https:\/\/news.canadamotorjobs.com\/wp-content\/uploads\/2024\/12\/audi-r8-v10-recaro-seats.jpg","contentUrl":"https:\/\/news.canadamotorjobs.com\/wp-content\/uploads\/2024\/12\/audi-r8-v10-recaro-seats.jpg","width":1200,"height":434},{"@type":"BreadcrumbList","@id":"https:\/\/news.canadamotorjobs.com\/fr\/recaro-sauve-de-la-faillite-par-le-groupe-italien-proma\/#breadcrumb","itemListElement":[{"@type":"ListItem","position":1,"name":"Home","item":"https:\/\/news.canadamotorjobs.com\/fr\/blog\/"},{"@type":"ListItem","position":2,"name":"Recaro sauv\u00e9 de la faillite par le groupe italien Proma"}]},{"@type":"WebSite","@id":"https:\/\/news.canadamotorjobs.com\/#website","url":"https:\/\/news.canadamotorjobs.com\/","name":"CanadaMotorJobs.com","description":"Automotive Jobs","publisher":{"@id":"https:\/\/news.canadamotorjobs.com\/#organization"},"potentialAction":[{"@type":"SearchAction","target":{"@type":"EntryPoint","urlTemplate":"https:\/\/news.canadamotorjobs.com\/?s={search_term_string}"},"query-input":"required name=search_term_string"}],"inLanguage":"fr-CA"},{"@type":"Organization","@id":"https:\/\/news.canadamotorjobs.com\/#organization","name":"Canada Motor Jobs","url":"https:\/\/news.canadamotorjobs.com\/","logo":{"@type":"ImageObject","inLanguage":"fr-CA","@id":"https:\/\/news.canadamotorjobs.com\/#\/schema\/logo\/image\/","url":"https:\/\/news.canadamotorjobs.com\/wp-content\/uploads\/2022\/10\/logo-canada-motor-jobs-1.png","contentUrl":"https:\/\/news.canadamotorjobs.com\/wp-content\/uploads\/2022\/10\/logo-canada-motor-jobs-1.png","width":800,"height":400,"caption":"Canada Motor Jobs"},"image":{"@id":"https:\/\/news.canadamotorjobs.com\/#\/schema\/logo\/image\/"},"sameAs":["https:\/\/www.facebook.com\/canadamotorjobs\/","https:\/\/x.com\/canadamotorjobs","https:\/\/www.instagram.com\/canadamotorjobs\/","https:\/\/www.linkedin.com\/company\/canadamotorjobs"]},{"@type":"Person","@id":"https:\/\/news.canadamotorjobs.com\/#\/schema\/person\/51793d1f87d44011d7bcc2ed99269a90","name":"Benoit Charette","image":{"@type":"ImageObject","inLanguage":"fr-CA","@id":"https:\/\/news.canadamotorjobs.com\/#\/schema\/person\/image\/","url":"https:\/\/secure.gravatar.com\/avatar\/45f3d2eebcccd909668d7ce7ea7267b6?s=96&d=mm&r=g","contentUrl":"https:\/\/secure.gravatar.com\/avatar\/45f3d2eebcccd909668d7ce7ea7267b6?s=96&d=mm&r=g","caption":"Benoit Charette"},"description":"Benoit Charette \/ Propri\u00e9taire et r\u00e9dacteur en chef Benoit Charette pratique le journalisme automobile depuis bient\u00f4t 30 ans. Il a fait ses classes au c\u00f4t\u00e9 de Daniel H\u00e9raud et au Carnet de route de 1992 \u00e0 2001. Il est fondateur, copropri\u00e9taire et r\u00e9dacteur en chef de L\u2019Annuel de l\u2019automobile, qu\u2019il publie depuis 2001. Il a anim\u00e9 les \u00e9missions RPM et RPM+ sur V et les L\u00e9gendes de la route sur Historia. \u00c0 la radio depuis 1986, il reprend l\u2019antenne cette ann\u00e9e sur les ondes de Cogeco et participe pour la deuxi\u00e8me ann\u00e9e \u00e0 l\u2019\u00e9mission Passion Auto sur RDS en plus de mettre en ligne le site Web officiel de L\u2019Annuel de l\u2019automobile sur annuelauto.ca.","sameAs":["https:\/\/annuelauto.ca\/"],"url":"https:\/\/news.canadamotorjobs.com\/fr\/author\/benoit-charette\/"}]}},"_links":{"self":[{"href":"https:\/\/news.canadamotorjobs.com\/fr\/wp-json\/wp\/v2\/posts\/183614"}],"collection":[{"href":"https:\/\/news.canadamotorjobs.com\/fr\/wp-json\/wp\/v2\/posts"}],"about":[{"href":"https:\/\/news.canadamotorjobs.com\/fr\/wp-json\/wp\/v2\/types\/post"}],"author":[{"embeddable":true,"href":"https:\/\/news.canadamotorjobs.com\/fr\/wp-json\/wp\/v2\/users\/8"}],"replies":[{"embeddable":true,"href":"https:\/\/news.canadamotorjobs.com\/fr\/wp-json\/wp\/v2\/comments?post=183614"}],"version-history":[{"count":3,"href":"https:\/\/news.canadamotorjobs.com\/fr\/wp-json\/wp\/v2\/posts\/183614\/revisions"}],"predecessor-version":[{"id":183641,"href":"https:\/\/news.canadamotorjobs.com\/fr\/wp-json\/wp\/v2\/posts\/183614\/revisions\/183641"}],"wp:featuredmedia":[{"embeddable":true,"href":"https:\/\/news.canadamotorjobs.com\/fr\/wp-json\/wp\/v2\/media\/183616"}],"wp:attachment":[{"href":"https:\/\/news.canadamotorjobs.com\/fr\/wp-json\/wp\/v2\/media?parent=183614"}],"wp:term":[{"taxonomy":"category","embeddable":true,"href":"https:\/\/news.canadamotorjobs.com\/fr\/wp-json\/wp\/v2\/categories?post=183614"},{"taxonomy":"post_tag","embeddable":true,"href":"https:\/\/news.canadamotorjobs.com\/fr\/wp-json\/wp\/v2\/tags?post=183614"}],"curies":[{"name":"wp","href":"https:\/\/api.w.org\/{rel}","templated":true}]}}