{"id":183526,"date":"2024-12-06T09:01:37","date_gmt":"2024-12-06T14:01:37","guid":{"rendered":"https:\/\/news.canadamotorjobs.com\/?p=183526"},"modified":"2024-12-06T09:13:46","modified_gmt":"2024-12-06T14:13:46","slug":"hyundai-presente-le-palisade-2026","status":"publish","type":"post","link":"https:\/\/news.canadamotorjobs.com\/fr\/hyundai-presente-le-palisade-2026\/","title":{"rendered":"Hyundai pr\u00e9sente le Palisade 2026"},"content":{"rendered":"<\/p>\n<p>Hyundai frappe fort avec la refonte compl\u00e8te de son VUS phare, le Palisade 2026. Ce mod\u00e8le familial, d\u00e9sormais encore plus spacieux, propose jusqu\u2019\u00e0 neuf places et un design r\u00e9solument carr\u00e9, inspir\u00e9 par les lignes pixelis\u00e9es de la gamme \u00e9lectrique de la marque et s&#8217;inspirant aussi du r\u00e9cent Santa Fe. Avec ses jantes imposantes de 21 pouces, un empattement allong\u00e9 et des feux segment\u00e9s rappelant ceux des mod\u00e8les Ioniq, le nouveau Palisade affirme son caract\u00e8re robuste et moderne. Les rectangles massifs \u00e0 l\u2019avant, qui incluent les feux de jour, encadrent une calandre imposante surmont\u00e9e d\u2019une fine bande LED.<\/p>\n<h3>Un int\u00e9rieur r\u00e9invent\u00e9<\/h3>\n<p>\nL\u2019int\u00e9rieur du Hyundai Palisade 2026 a \u00e9t\u00e9 enti\u00e8rement repens\u00e9 pour offrir confort et innovation. Parmi les nouveaut\u00e9s :<\/p>\n<ul><\/p>\n<li>Deux \u00e9crans de 12,3 pouces int\u00e9gr\u00e9s au tableau de bord.<\/li>\n<p><\/p>\n<li>Une vari\u00e9t\u00e9 de boutons physiques pour le contr\u00f4le du climat, de la radio\/multim\u00e9dia et des fonctions principales.<\/li>\n<p><\/p>\n<li>Un s\u00e9lecteur de vitesse d\u00e9plac\u00e9 sur la colonne de direction pour d\u00e9gager de l\u2019espace.<\/li>\n<p>\n<\/ul>\n<p><\/p>\n<h3>La polyvalence au c\u0153ur du design int\u00e9rieur<\/h3>\n<p>\nUne particularit\u00e9 notable est la section centrale modulable entre les si\u00e8ges avant. Elle peut \u00eatre relev\u00e9e pour cr\u00e9er un troisi\u00e8me si\u00e8ge, permettant d\u2019accueillir jusqu\u2019\u00e0 neuf passagers. Ce mod\u00e8le a d\u2019ailleurs \u00e9t\u00e9 con\u00e7u pour le march\u00e9 sud-cor\u00e9en, o\u00f9 les conducteurs de la version \u00e0 neuf places pourront utiliser les voies r\u00e9serv\u00e9es aux bus.<\/p>\n<h3>Un design \u00e9pur\u00e9 \u00e0 l\u2019arri\u00e8re<\/h3>\n<p>\n\u00c0 l\u2019arri\u00e8re, le Palisade adopte un look plus minimaliste. L\u2019\u00e9chappement est dissimul\u00e9 sous le pare-chocs, et l\u2019essuie-glace est astucieusement cach\u00e9 sous le spoiler de toit. Contrairement \u00e0 d\u2019autres mod\u00e8les Hyundai, les feux arri\u00e8re n\u2019empi\u00e8tent pas sur le hayon, renfor\u00e7ant la simplicit\u00e9 visuelle de cette section.<\/p>\n<h3>Un clin d\u2019\u0153il subtil \u00e0 l\u2019identit\u00e9 de Hyundai<\/h3>\n<p>\nLe Palisade 2026 se d\u00e9marque \u00e9galement par des d\u00e9tails uniques, comme le remplacement du traditionnel logo &#8220;H&#8221; sur le volant par quatre points repr\u00e9sentant un &#8220;H&#8221; en code Morse. Une touche de modernit\u00e9 qui refl\u00e8te l\u2019approche audacieuse de Hyundai.<\/p>\n<h3>Vers une motorisation hybride<\/h3>\n<p>\nBien que les sp\u00e9cifications techniques compl\u00e8tes n\u2019aient pas encore \u00e9t\u00e9 divulgu\u00e9es, il est fortement attendu que le Palisade 2026 soit propos\u00e9 en version hybride. Cette \u00e9volution marquerait une premi\u00e8re pour ce mod\u00e8le et renforcerait la transition progressive de Hyundai vers des motorisations \u00e9lectrifi\u00e9es.<\/p>\n<p>Avec des renseignements de Motor 1<\/p>\n<p>\u00a0<\/p>\n<p>Le texte <a rel=\"nofollow\" href=\"https:\/\/annuelauto.ca\/hyundai-presente-le-palisade-2026\/\">Hyundai pr\u00e9sente le Palisade 2026<\/a> provient de <a rel=\"nofollow\" href=\"https:\/\/annuelauto.ca\">L&#8217;annuel de l&#8217;automobile &#8211; Actualit\u00e9 automobile<\/a><\/p>\n<p><\/p>\n","protected":false},"excerpt":{"rendered":"<p>Hyundai frappe fort avec la refonte compl\u00e8te de son VUS phare, le Palisade 2026. Ce mod\u00e8le familial, d\u00e9sormais encore plus spacieux, propose jusqu\u2019\u00e0 neuf places et un design r\u00e9solument carr\u00e9, inspir\u00e9 par les lignes pixelis\u00e9es de la gamme \u00e9lectrique de la marque et s&#8217;inspirant aussi du r\u00e9cent Santa Fe. Avec ses jantes imposantes de 21 [&hellip;]<\/p>\n","protected":false},"author":8,"featured_media":183528,"comment_status":"close","ping_status":"closed","sticky":false,"template":"","format":"standard","meta":{"_monsterinsights_skip_tracking":false,"_monsterinsights_sitenote_active":false,"_monsterinsights_sitenote_note":"","_monsterinsights_sitenote_category":0,"footnotes":""},"categories":[101],"tags":[],"yoast_head":"<!-- This site is optimized with the Yoast SEO plugin v23.2 - https:\/\/yoast.com\/wordpress\/plugins\/seo\/ -->\n<title>Hyundai pr\u00e9sente le Palisade 2026 - CanadaMotorJobs.com<\/title>\n<meta name=\"description\" content=\"Hyundai pr\u00e9sente le Palisade 2026 - Benoit Charette - Annuel automobile - CanadaMotorJobs.com.\" \/>\n<meta name=\"robots\" content=\"index, follow, max-snippet:-1, max-image-preview:large, max-video-preview:-1\" \/>\n<meta property=\"og:locale\" content=\"fr_CA\" \/>\n<meta property=\"og:type\" content=\"article\" \/>\n<meta property=\"og:title\" content=\"Hyundai pr\u00e9sente le Palisade 2026 - CanadaMotorJobs.com\" \/>\n<meta property=\"og:description\" content=\"Hyundai pr\u00e9sente le Palisade 2026 - Benoit Charette - Annuel automobile - CanadaMotorJobs.com.\" \/>\n<meta property=\"og:url\" content=\"https:\/\/news.canadamotorjobs.com\/fr\/hyundai-presente-le-palisade-2026\/\" \/>\n<meta property=\"og:site_name\" content=\"CanadaMotorJobs.com\" \/>\n<meta property=\"article:publisher\" content=\"https:\/\/www.facebook.com\/canadamotorjobs\/\" \/>\n<meta property=\"article:published_time\" content=\"2024-12-06T14:01:37+00:00\" \/>\n<meta property=\"article:modified_time\" content=\"2024-12-06T14:13:46+00:00\" \/>\n<meta property=\"og:image\" content=\"https:\/\/news.canadamotorjobs.com\/wp-content\/uploads\/2024\/12\/2026-hyundai-palisade-korea-spec_100951658.jpg\" \/>\n\t<meta property=\"og:image:width\" content=\"1024\" \/>\n\t<meta property=\"og:image:height\" content=\"576\" \/>\n\t<meta property=\"og:image:type\" content=\"image\/jpeg\" \/>\n<meta name=\"author\" content=\"Benoit Charette\" \/>\n<meta name=\"twitter:card\" content=\"summary_large_image\" \/>\n<meta name=\"twitter:creator\" content=\"@canadamotorjobs\" \/>\n<meta name=\"twitter:site\" content=\"@canadamotorjobs\" \/>\n<meta name=\"twitter:label1\" content=\"\u00c9crit par\" \/>\n\t<meta name=\"twitter:data1\" content=\"Benoit Charette\" \/>\n\t<meta name=\"twitter:label2\" content=\"Estimation du temps de lecture\" \/>\n\t<meta name=\"twitter:data2\" content=\"2 minutes\" \/>\n<!-- \/ Yoast SEO plugin. -->","yoast_head_json":{"title":"Hyundai pr\u00e9sente le Palisade 2026 - CanadaMotorJobs.com","description":"Hyundai pr\u00e9sente le Palisade 2026 - Benoit Charette - Annuel automobile - CanadaMotorJobs.com.","robots":{"index":"index","follow":"follow","max-snippet":"max-snippet:-1","max-image-preview":"max-image-preview:large","max-video-preview":"max-video-preview:-1"},"og_locale":"fr_CA","og_type":"article","og_title":"Hyundai pr\u00e9sente le Palisade 2026 - CanadaMotorJobs.com","og_description":"Hyundai pr\u00e9sente le Palisade 2026 - Benoit Charette - Annuel automobile - CanadaMotorJobs.com.","og_url":"https:\/\/news.canadamotorjobs.com\/fr\/hyundai-presente-le-palisade-2026\/","og_site_name":"CanadaMotorJobs.com","article_publisher":"https:\/\/www.facebook.com\/canadamotorjobs\/","article_published_time":"2024-12-06T14:01:37+00:00","article_modified_time":"2024-12-06T14:13:46+00:00","og_image":[{"width":1024,"height":576,"url":"https:\/\/news.canadamotorjobs.com\/wp-content\/uploads\/2024\/12\/2026-hyundai-palisade-korea-spec_100951658.jpg","type":"image\/jpeg"}],"author":"Benoit Charette","twitter_card":"summary_large_image","twitter_creator":"@canadamotorjobs","twitter_site":"@canadamotorjobs","twitter_misc":{"\u00c9crit par":"Benoit Charette","Estimation du temps de lecture":"2 minutes"},"schema":{"@context":"https:\/\/schema.org","@graph":[{"@type":"Article","@id":"https:\/\/news.canadamotorjobs.com\/fr\/hyundai-presente-le-palisade-2026\/#article","isPartOf":{"@id":"https:\/\/news.canadamotorjobs.com\/fr\/hyundai-presente-le-palisade-2026\/"},"author":{"name":"Benoit Charette","@id":"https:\/\/news.canadamotorjobs.com\/#\/schema\/person\/51793d1f87d44011d7bcc2ed99269a90"},"headline":"Hyundai pr\u00e9sente le Palisade 2026","datePublished":"2024-12-06T14:01:37+00:00","dateModified":"2024-12-06T14:13:46+00:00","mainEntityOfPage":{"@id":"https:\/\/news.canadamotorjobs.com\/fr\/hyundai-presente-le-palisade-2026\/"},"wordCount":445,"publisher":{"@id":"https:\/\/news.canadamotorjobs.com\/#organization"},"image":{"@id":"https:\/\/news.canadamotorjobs.com\/fr\/hyundai-presente-le-palisade-2026\/#primaryimage"},"thumbnailUrl":"https:\/\/news.canadamotorjobs.com\/wp-content\/uploads\/2024\/12\/2026-hyundai-palisade-korea-spec_100951658.jpg","articleSection":["Annuel automobile"],"inLanguage":"fr-CA"},{"@type":"WebPage","@id":"https:\/\/news.canadamotorjobs.com\/fr\/hyundai-presente-le-palisade-2026\/","url":"https:\/\/news.canadamotorjobs.com\/fr\/hyundai-presente-le-palisade-2026\/","name":"Hyundai pr\u00e9sente le Palisade 2026 - CanadaMotorJobs.com","isPartOf":{"@id":"https:\/\/news.canadamotorjobs.com\/#website"},"primaryImageOfPage":{"@id":"https:\/\/news.canadamotorjobs.com\/fr\/hyundai-presente-le-palisade-2026\/#primaryimage"},"image":{"@id":"https:\/\/news.canadamotorjobs.com\/fr\/hyundai-presente-le-palisade-2026\/#primaryimage"},"thumbnailUrl":"https:\/\/news.canadamotorjobs.com\/wp-content\/uploads\/2024\/12\/2026-hyundai-palisade-korea-spec_100951658.jpg","datePublished":"2024-12-06T14:01:37+00:00","dateModified":"2024-12-06T14:13:46+00:00","description":"Hyundai pr\u00e9sente le Palisade 2026 - Benoit Charette - Annuel automobile - CanadaMotorJobs.com.","breadcrumb":{"@id":"https:\/\/news.canadamotorjobs.com\/fr\/hyundai-presente-le-palisade-2026\/#breadcrumb"},"inLanguage":"fr-CA","potentialAction":[{"@type":"ReadAction","target":["https:\/\/news.canadamotorjobs.com\/fr\/hyundai-presente-le-palisade-2026\/"]}]},{"@type":"ImageObject","inLanguage":"fr-CA","@id":"https:\/\/news.canadamotorjobs.com\/fr\/hyundai-presente-le-palisade-2026\/#primaryimage","url":"https:\/\/news.canadamotorjobs.com\/wp-content\/uploads\/2024\/12\/2026-hyundai-palisade-korea-spec_100951658.jpg","contentUrl":"https:\/\/news.canadamotorjobs.com\/wp-content\/uploads\/2024\/12\/2026-hyundai-palisade-korea-spec_100951658.jpg","width":1024,"height":576},{"@type":"BreadcrumbList","@id":"https:\/\/news.canadamotorjobs.com\/fr\/hyundai-presente-le-palisade-2026\/#breadcrumb","itemListElement":[{"@type":"ListItem","position":1,"name":"Home","item":"https:\/\/news.canadamotorjobs.com\/fr\/blog\/"},{"@type":"ListItem","position":2,"name":"Hyundai pr\u00e9sente le Palisade 2026"}]},{"@type":"WebSite","@id":"https:\/\/news.canadamotorjobs.com\/#website","url":"https:\/\/news.canadamotorjobs.com\/","name":"CanadaMotorJobs.com","description":"Automotive Jobs","publisher":{"@id":"https:\/\/news.canadamotorjobs.com\/#organization"},"potentialAction":[{"@type":"SearchAction","target":{"@type":"EntryPoint","urlTemplate":"https:\/\/news.canadamotorjobs.com\/?s={search_term_string}"},"query-input":"required name=search_term_string"}],"inLanguage":"fr-CA"},{"@type":"Organization","@id":"https:\/\/news.canadamotorjobs.com\/#organization","name":"Canada Motor Jobs","url":"https:\/\/news.canadamotorjobs.com\/","logo":{"@type":"ImageObject","inLanguage":"fr-CA","@id":"https:\/\/news.canadamotorjobs.com\/#\/schema\/logo\/image\/","url":"https:\/\/news.canadamotorjobs.com\/wp-content\/uploads\/2022\/10\/logo-canada-motor-jobs-1.png","contentUrl":"https:\/\/news.canadamotorjobs.com\/wp-content\/uploads\/2022\/10\/logo-canada-motor-jobs-1.png","width":800,"height":400,"caption":"Canada Motor Jobs"},"image":{"@id":"https:\/\/news.canadamotorjobs.com\/#\/schema\/logo\/image\/"},"sameAs":["https:\/\/www.facebook.com\/canadamotorjobs\/","https:\/\/x.com\/canadamotorjobs","https:\/\/www.instagram.com\/canadamotorjobs\/","https:\/\/www.linkedin.com\/company\/canadamotorjobs"]},{"@type":"Person","@id":"https:\/\/news.canadamotorjobs.com\/#\/schema\/person\/51793d1f87d44011d7bcc2ed99269a90","name":"Benoit Charette","image":{"@type":"ImageObject","inLanguage":"fr-CA","@id":"https:\/\/news.canadamotorjobs.com\/#\/schema\/person\/image\/","url":"https:\/\/secure.gravatar.com\/avatar\/45f3d2eebcccd909668d7ce7ea7267b6?s=96&d=mm&r=g","contentUrl":"https:\/\/secure.gravatar.com\/avatar\/45f3d2eebcccd909668d7ce7ea7267b6?s=96&d=mm&r=g","caption":"Benoit Charette"},"description":"Benoit Charette \/ Propri\u00e9taire et r\u00e9dacteur en chef Benoit Charette pratique le journalisme automobile depuis bient\u00f4t 30 ans. Il a fait ses classes au c\u00f4t\u00e9 de Daniel H\u00e9raud et au Carnet de route de 1992 \u00e0 2001. Il est fondateur, copropri\u00e9taire et r\u00e9dacteur en chef de L\u2019Annuel de l\u2019automobile, qu\u2019il publie depuis 2001. Il a anim\u00e9 les \u00e9missions RPM et RPM+ sur V et les L\u00e9gendes de la route sur Historia. \u00c0 la radio depuis 1986, il reprend l\u2019antenne cette ann\u00e9e sur les ondes de Cogeco et participe pour la deuxi\u00e8me ann\u00e9e \u00e0 l\u2019\u00e9mission Passion Auto sur RDS en plus de mettre en ligne le site Web officiel de L\u2019Annuel de l\u2019automobile sur annuelauto.ca.","sameAs":["https:\/\/annuelauto.ca\/"],"url":"https:\/\/news.canadamotorjobs.com\/fr\/author\/benoit-charette\/"}]}},"_links":{"self":[{"href":"https:\/\/news.canadamotorjobs.com\/fr\/wp-json\/wp\/v2\/posts\/183526"}],"collection":[{"href":"https:\/\/news.canadamotorjobs.com\/fr\/wp-json\/wp\/v2\/posts"}],"about":[{"href":"https:\/\/news.canadamotorjobs.com\/fr\/wp-json\/wp\/v2\/types\/post"}],"author":[{"embeddable":true,"href":"https:\/\/news.canadamotorjobs.com\/fr\/wp-json\/wp\/v2\/users\/8"}],"replies":[{"embeddable":true,"href":"https:\/\/news.canadamotorjobs.com\/fr\/wp-json\/wp\/v2\/comments?post=183526"}],"version-history":[{"count":2,"href":"https:\/\/news.canadamotorjobs.com\/fr\/wp-json\/wp\/v2\/posts\/183526\/revisions"}],"predecessor-version":[{"id":183530,"href":"https:\/\/news.canadamotorjobs.com\/fr\/wp-json\/wp\/v2\/posts\/183526\/revisions\/183530"}],"wp:featuredmedia":[{"embeddable":true,"href":"https:\/\/news.canadamotorjobs.com\/fr\/wp-json\/wp\/v2\/media\/183528"}],"wp:attachment":[{"href":"https:\/\/news.canadamotorjobs.com\/fr\/wp-json\/wp\/v2\/media?parent=183526"}],"wp:term":[{"taxonomy":"category","embeddable":true,"href":"https:\/\/news.canadamotorjobs.com\/fr\/wp-json\/wp\/v2\/categories?post=183526"},{"taxonomy":"post_tag","embeddable":true,"href":"https:\/\/news.canadamotorjobs.com\/fr\/wp-json\/wp\/v2\/tags?post=183526"}],"curies":[{"name":"wp","href":"https:\/\/api.w.org\/{rel}","templated":true}]}}