{"id":183447,"date":"2024-12-06T02:24:27","date_gmt":"2024-12-06T07:24:27","guid":{"rendered":"https:\/\/news.canadamotorjobs.com\/?p=183447"},"modified":"2024-12-06T02:29:55","modified_gmt":"2024-12-06T07:29:55","slug":"mercedes-benz-livre-la-premiere-papemobile-electrique-au-vatican","status":"publish","type":"post","link":"https:\/\/news.canadamotorjobs.com\/fr\/mercedes-benz-livre-la-premiere-papemobile-electrique-au-vatican\/","title":{"rendered":"Mercedes-Benz livre la premi\u00e8re papemobile \u00e9lectrique au Vatican"},"content":{"rendered":"<\/p>\n<p>Hier, Ola K\u00e4llenius, le chef de la direction du groupe Mercedes-Benz, a remis personnellement au Vatican la toute premi\u00e8re papemobile enti\u00e8rement \u00e9lectrique.<\/p>\n<p>Ce v\u00e9hicule unique, bas\u00e9 sur le VUS \u00e9lectrique de Classe G, a \u00e9t\u00e9 con\u00e7u et construit \u00e0 la main par une \u00e9quipe consacr\u00e9e au cours de l\u2019ann\u00e9e pass\u00e9e. Arborant une \u00e9l\u00e9gante peinture blanche nacr\u00e9e, il a \u00e9t\u00e9 modifi\u00e9 pour s\u2019adapter aux d\u00e9placements lents habituels du pape lors de ses apparitions publiques.<\/p>\n<blockquote><p><\/p>\n<p>\u00ab C\u2019est un honneur particulier pour notre entreprise, et je tiens \u00e0 remercier Sa Saintet\u00e9 pour sa confiance. Avec cette papemobile, nous envoyons \u00e9galement un message clair en faveur de l\u2019\u00e9lectromobilit\u00e9 et de la d\u00e9carbonisation. Mercedes-Benz ne se contente pas de produire des v\u00e9hicules uniques, mais travaille aussi \u00e0 l\u2019obtention d\u2019un parc neutre en carbone d\u2019ici 2039. \u00bb<\/p>\n<p>\u2013 Ola K\u00e4llenius, chef de la direction de Mercedes-Benz, lors de la remise du v\u00e9hicule au Vatican<\/p>\n<p>\n<\/p><\/blockquote>\n<p>Ce v\u00e9hicule offrira au pape Fran\u00e7ois une solution de transport sans \u00e9missions juste \u00e0 temps pour le Jubil\u00e9 de 2025, une ann\u00e9e sainte qui attire des millions de p\u00e8lerins \u00e0 Rome.<\/p>\n<p><\/p>\n<figure><img decoding=\"async\" src=\"https:\/\/news.canadamotorjobs.com\/wp-content\/uploads\/2024\/12\/24c0386_006-5.jpg\" alt=\"Le nouveau Papemobile \u00e9lectrique, de profil\" \/><figcaption>Le nouveau Papemobile \u00e9lectrique, de profil | Auto123.com<\/figcaption><\/figure>\n<figure><img decoding=\"async\" src=\"https:\/\/news.canadamotorjobs.com\/wp-content\/uploads\/2024\/12\/24c0386_011-1.jpg\" alt=\"Le nouveau Papemobile \u00e9lectrique, de haut\" \/><figcaption>Le nouveau Papemobile \u00e9lectrique, de haut | Auto123.com<\/figcaption><\/figure>\n<p><strong>Un design unique pour des besoins sp\u00e9cifiques<\/strong><\/p>\n<p>Le moteur \u00e9lectrique de cette papemobile, issu du G580 d\u00e9voil\u00e9 au printemps dernier, a \u00e9t\u00e9 sp\u00e9cialement ajust\u00e9 pour permettre des d\u00e9placements \u00e0 faible vitesse en toute fluidit\u00e9.<\/p>\n<p><\/p>\n<figure><img decoding=\"async\" src=\"https:\/\/news.canadamotorjobs.com\/wp-content\/uploads\/2024\/12\/24c0386_013-1.jpg\" alt=\"Le nouveau Papemobile \u00e9lectrique, int\u00e9rieur\" \/><figcaption>Le nouveau Papemobile \u00e9lectrique, int\u00e9rieur | Auto123.com<\/figcaption><\/figure>\n<p>\u00c0 l\u2019int\u00e9rieur, le banc arri\u00e8re a \u00e9t\u00e9 remplac\u00e9 par un si\u00e8ge pivotant et r\u00e9glable en hauteur, positionn\u00e9 au centre. Deux si\u00e8ges individuels situ\u00e9s \u00e0 l\u2019arri\u00e8re permettent d\u2019accueillir d\u2019autres passagers.<\/p>\n<p>Pour garantir la s\u00e9curit\u00e9 du pape, le toit amovible et sur\u00e9lev\u00e9 offre une protection contre les intemp\u00e9ries.<\/p>\n<p><\/p>\n<figure><img decoding=\"async\" src=\"https:\/\/news.canadamotorjobs.com\/wp-content\/uploads\/2024\/12\/1930_Nurburg_460_Pullman_Saloon-1.jpeg\" alt=\"La N\u00fcrburg 460 Pullman Saloon 1930 de Mercedes-Benz\" \/><figcaption>La N\u00fcrburg 460 Pullman Saloon 1930 de Mercedes-Benz | Auto123.com<\/figcaption><\/figure>\n<p><strong>Une tradition de presque un si\u00e8cle<\/strong><\/p>\n<p>Depuis 1930, Mercedes fournit des v\u00e9hicules au Vatican, \u00e0 commencer par une N\u00fcrburg 460 Pullman Saloon destin\u00e9e au pape Pie XI. Le terme \u00ab papemobile \u00bb est apparu dans les ann\u00e9es 1980, lorsque le mod\u00e8le de Classe G est devenu la base des v\u00e9hicules pontificaux sous le r\u00e8gne de Jean-Paul II.<\/p>\n<p><\/p>\n<figure><img decoding=\"async\" src=\"https:\/\/news.canadamotorjobs.com\/wp-content\/uploads\/2024\/12\/24c0386_052-1.jpg\" alt=\"La pr\u00e9sentation du nouveau Papemobile au Pape Fran\u00e7ois\" \/><figcaption>La pr\u00e9sentation du nouveau Papemobile au Pape Fran\u00e7ois | Auto123.com<\/figcaption><\/figure>\n<figure><img decoding=\"async\" src=\"https:\/\/news.canadamotorjobs.com\/wp-content\/uploads\/2024\/12\/24c0386_053-1.jpg\" alt=\"Lors de la pr\u00e9sentation du nouveau Papemobile au Pape Fran\u00e7ois\" \/><figcaption>Lors de la pr\u00e9sentation du nouveau Papemobile au Pape Fran\u00e7ois | Auto123.com<\/figcaption><\/figure>\n<figure><img decoding=\"async\" src=\"https:\/\/news.canadamotorjobs.com\/wp-content\/uploads\/2024\/12\/24c0386_056-1.jpg\" alt=\"Lors de la pr\u00e9sentation du nouveau Papemobile au Pape Fran\u00e7ois\" \/><figcaption>Lors de la pr\u00e9sentation du nouveau Papemobile au Pape Fran\u00e7ois | Auto123.com<\/figcaption><\/figure>\n<p style=\"padding-top: 15px\">Contenu original de <a href=\"https:\/\/www.auto123.com\/fr\/actualites\/mercedes-benz-premier-papamobile-electrique\/72151\/\">auto123<\/a>.<\/p>\n<p>Le texte <a rel=\"nofollow\" href=\"https:\/\/annuelauto.ca\/mercedes-benz-livre-la-premiere-papemobile-electrique-au-vatican\/\">Mercedes-Benz livre la premi\u00e8re papemobile \u00e9lectrique au Vatican<\/a> provient de <a rel=\"nofollow\" href=\"https:\/\/annuelauto.ca\">L&#8217;annuel de l&#8217;automobile &#8211; Actualit\u00e9 automobile<\/a><\/p>\n<p><\/p>\n","protected":false},"excerpt":{"rendered":"<p>Hier, Ola K\u00e4llenius, le chef de la direction du groupe Mercedes-Benz, a remis personnellement au Vatican la toute premi\u00e8re papemobile enti\u00e8rement \u00e9lectrique. Ce v\u00e9hicule unique, bas\u00e9 sur le VUS \u00e9lectrique de Classe G, a \u00e9t\u00e9 con\u00e7u et construit \u00e0 la main par une \u00e9quipe consacr\u00e9e au cours de l\u2019ann\u00e9e pass\u00e9e. Arborant une \u00e9l\u00e9gante peinture blanche [&hellip;]<\/p>\n","protected":false},"author":8,"featured_media":183449,"comment_status":"close","ping_status":"closed","sticky":false,"template":"","format":"standard","meta":{"_monsterinsights_skip_tracking":false,"_monsterinsights_sitenote_active":false,"_monsterinsights_sitenote_note":"","_monsterinsights_sitenote_category":0,"footnotes":""},"categories":[101],"tags":[],"yoast_head":"<!-- This site is optimized with the Yoast SEO plugin v23.2 - https:\/\/yoast.com\/wordpress\/plugins\/seo\/ -->\n<title>Mercedes-Benz livre la premi\u00e8re papemobile \u00e9lectrique au Vatican - CanadaMotorJobs.com<\/title>\n<meta name=\"description\" content=\"Mercedes-Benz livre la premi\u00e8re papemobile \u00e9lectrique au Vatican - Benoit Charette - Annuel automobile - CanadaMotorJobs.com.\" \/>\n<meta name=\"robots\" content=\"index, follow, max-snippet:-1, max-image-preview:large, max-video-preview:-1\" \/>\n<meta property=\"og:locale\" content=\"fr_CA\" \/>\n<meta property=\"og:type\" content=\"article\" \/>\n<meta property=\"og:title\" content=\"Mercedes-Benz livre la premi\u00e8re papemobile \u00e9lectrique au Vatican - CanadaMotorJobs.com\" \/>\n<meta property=\"og:description\" content=\"Mercedes-Benz livre la premi\u00e8re papemobile \u00e9lectrique au Vatican - Benoit Charette - Annuel automobile - CanadaMotorJobs.com.\" \/>\n<meta property=\"og:url\" content=\"https:\/\/news.canadamotorjobs.com\/fr\/mercedes-benz-livre-la-premiere-papemobile-electrique-au-vatican\/\" \/>\n<meta property=\"og:site_name\" content=\"CanadaMotorJobs.com\" \/>\n<meta property=\"article:publisher\" content=\"https:\/\/www.facebook.com\/canadamotorjobs\/\" \/>\n<meta property=\"article:published_time\" content=\"2024-12-06T07:24:27+00:00\" \/>\n<meta property=\"article:modified_time\" content=\"2024-12-06T07:29:55+00:00\" \/>\n<meta property=\"og:image\" content=\"https:\/\/news.canadamotorjobs.com\/wp-content\/uploads\/2024\/12\/24c0386_006.jpg\" \/>\n\t<meta property=\"og:image:width\" content=\"1200\" \/>\n\t<meta property=\"og:image:height\" content=\"799\" \/>\n\t<meta property=\"og:image:type\" content=\"image\/jpeg\" \/>\n<meta name=\"author\" content=\"Benoit Charette\" \/>\n<meta name=\"twitter:card\" content=\"summary_large_image\" \/>\n<meta name=\"twitter:creator\" content=\"@canadamotorjobs\" \/>\n<meta name=\"twitter:site\" content=\"@canadamotorjobs\" \/>\n<meta name=\"twitter:label1\" content=\"\u00c9crit par\" \/>\n\t<meta name=\"twitter:data1\" content=\"Benoit Charette\" \/>\n\t<meta name=\"twitter:label2\" content=\"Estimation du temps de lecture\" \/>\n\t<meta name=\"twitter:data2\" content=\"2 minutes\" \/>\n<!-- \/ Yoast SEO plugin. -->","yoast_head_json":{"title":"Mercedes-Benz livre la premi\u00e8re papemobile \u00e9lectrique au Vatican - CanadaMotorJobs.com","description":"Mercedes-Benz livre la premi\u00e8re papemobile \u00e9lectrique au Vatican - Benoit Charette - Annuel automobile - CanadaMotorJobs.com.","robots":{"index":"index","follow":"follow","max-snippet":"max-snippet:-1","max-image-preview":"max-image-preview:large","max-video-preview":"max-video-preview:-1"},"og_locale":"fr_CA","og_type":"article","og_title":"Mercedes-Benz livre la premi\u00e8re papemobile \u00e9lectrique au Vatican - CanadaMotorJobs.com","og_description":"Mercedes-Benz livre la premi\u00e8re papemobile \u00e9lectrique au Vatican - Benoit Charette - Annuel automobile - CanadaMotorJobs.com.","og_url":"https:\/\/news.canadamotorjobs.com\/fr\/mercedes-benz-livre-la-premiere-papemobile-electrique-au-vatican\/","og_site_name":"CanadaMotorJobs.com","article_publisher":"https:\/\/www.facebook.com\/canadamotorjobs\/","article_published_time":"2024-12-06T07:24:27+00:00","article_modified_time":"2024-12-06T07:29:55+00:00","og_image":[{"width":1200,"height":799,"url":"https:\/\/news.canadamotorjobs.com\/wp-content\/uploads\/2024\/12\/24c0386_006.jpg","type":"image\/jpeg"}],"author":"Benoit Charette","twitter_card":"summary_large_image","twitter_creator":"@canadamotorjobs","twitter_site":"@canadamotorjobs","twitter_misc":{"\u00c9crit par":"Benoit Charette","Estimation du temps de lecture":"2 minutes"},"schema":{"@context":"https:\/\/schema.org","@graph":[{"@type":"Article","@id":"https:\/\/news.canadamotorjobs.com\/fr\/mercedes-benz-livre-la-premiere-papemobile-electrique-au-vatican\/#article","isPartOf":{"@id":"https:\/\/news.canadamotorjobs.com\/fr\/mercedes-benz-livre-la-premiere-papemobile-electrique-au-vatican\/"},"author":{"name":"Benoit Charette","@id":"https:\/\/news.canadamotorjobs.com\/#\/schema\/person\/51793d1f87d44011d7bcc2ed99269a90"},"headline":"Mercedes-Benz livre la premi\u00e8re papemobile \u00e9lectrique au Vatican","datePublished":"2024-12-06T07:24:27+00:00","dateModified":"2024-12-06T07:29:55+00:00","mainEntityOfPage":{"@id":"https:\/\/news.canadamotorjobs.com\/fr\/mercedes-benz-livre-la-premiere-papemobile-electrique-au-vatican\/"},"wordCount":456,"publisher":{"@id":"https:\/\/news.canadamotorjobs.com\/#organization"},"image":{"@id":"https:\/\/news.canadamotorjobs.com\/fr\/mercedes-benz-livre-la-premiere-papemobile-electrique-au-vatican\/#primaryimage"},"thumbnailUrl":"https:\/\/news.canadamotorjobs.com\/wp-content\/uploads\/2024\/12\/24c0386_006.jpg","articleSection":["Annuel automobile"],"inLanguage":"fr-CA"},{"@type":"WebPage","@id":"https:\/\/news.canadamotorjobs.com\/fr\/mercedes-benz-livre-la-premiere-papemobile-electrique-au-vatican\/","url":"https:\/\/news.canadamotorjobs.com\/fr\/mercedes-benz-livre-la-premiere-papemobile-electrique-au-vatican\/","name":"Mercedes-Benz livre la premi\u00e8re papemobile \u00e9lectrique au Vatican - CanadaMotorJobs.com","isPartOf":{"@id":"https:\/\/news.canadamotorjobs.com\/#website"},"primaryImageOfPage":{"@id":"https:\/\/news.canadamotorjobs.com\/fr\/mercedes-benz-livre-la-premiere-papemobile-electrique-au-vatican\/#primaryimage"},"image":{"@id":"https:\/\/news.canadamotorjobs.com\/fr\/mercedes-benz-livre-la-premiere-papemobile-electrique-au-vatican\/#primaryimage"},"thumbnailUrl":"https:\/\/news.canadamotorjobs.com\/wp-content\/uploads\/2024\/12\/24c0386_006.jpg","datePublished":"2024-12-06T07:24:27+00:00","dateModified":"2024-12-06T07:29:55+00:00","description":"Mercedes-Benz livre la premi\u00e8re papemobile \u00e9lectrique au Vatican - Benoit Charette - Annuel automobile - CanadaMotorJobs.com.","breadcrumb":{"@id":"https:\/\/news.canadamotorjobs.com\/fr\/mercedes-benz-livre-la-premiere-papemobile-electrique-au-vatican\/#breadcrumb"},"inLanguage":"fr-CA","potentialAction":[{"@type":"ReadAction","target":["https:\/\/news.canadamotorjobs.com\/fr\/mercedes-benz-livre-la-premiere-papemobile-electrique-au-vatican\/"]}]},{"@type":"ImageObject","inLanguage":"fr-CA","@id":"https:\/\/news.canadamotorjobs.com\/fr\/mercedes-benz-livre-la-premiere-papemobile-electrique-au-vatican\/#primaryimage","url":"https:\/\/news.canadamotorjobs.com\/wp-content\/uploads\/2024\/12\/24c0386_006.jpg","contentUrl":"https:\/\/news.canadamotorjobs.com\/wp-content\/uploads\/2024\/12\/24c0386_006.jpg","width":1200,"height":799},{"@type":"BreadcrumbList","@id":"https:\/\/news.canadamotorjobs.com\/fr\/mercedes-benz-livre-la-premiere-papemobile-electrique-au-vatican\/#breadcrumb","itemListElement":[{"@type":"ListItem","position":1,"name":"Home","item":"https:\/\/news.canadamotorjobs.com\/fr\/blog\/"},{"@type":"ListItem","position":2,"name":"Mercedes-Benz livre la premi\u00e8re papemobile \u00e9lectrique au Vatican"}]},{"@type":"WebSite","@id":"https:\/\/news.canadamotorjobs.com\/#website","url":"https:\/\/news.canadamotorjobs.com\/","name":"CanadaMotorJobs.com","description":"Automotive Jobs","publisher":{"@id":"https:\/\/news.canadamotorjobs.com\/#organization"},"potentialAction":[{"@type":"SearchAction","target":{"@type":"EntryPoint","urlTemplate":"https:\/\/news.canadamotorjobs.com\/?s={search_term_string}"},"query-input":"required name=search_term_string"}],"inLanguage":"fr-CA"},{"@type":"Organization","@id":"https:\/\/news.canadamotorjobs.com\/#organization","name":"Canada Motor Jobs","url":"https:\/\/news.canadamotorjobs.com\/","logo":{"@type":"ImageObject","inLanguage":"fr-CA","@id":"https:\/\/news.canadamotorjobs.com\/#\/schema\/logo\/image\/","url":"https:\/\/news.canadamotorjobs.com\/wp-content\/uploads\/2022\/10\/logo-canada-motor-jobs-1.png","contentUrl":"https:\/\/news.canadamotorjobs.com\/wp-content\/uploads\/2022\/10\/logo-canada-motor-jobs-1.png","width":800,"height":400,"caption":"Canada Motor Jobs"},"image":{"@id":"https:\/\/news.canadamotorjobs.com\/#\/schema\/logo\/image\/"},"sameAs":["https:\/\/www.facebook.com\/canadamotorjobs\/","https:\/\/x.com\/canadamotorjobs","https:\/\/www.instagram.com\/canadamotorjobs\/","https:\/\/www.linkedin.com\/company\/canadamotorjobs"]},{"@type":"Person","@id":"https:\/\/news.canadamotorjobs.com\/#\/schema\/person\/51793d1f87d44011d7bcc2ed99269a90","name":"Benoit Charette","image":{"@type":"ImageObject","inLanguage":"fr-CA","@id":"https:\/\/news.canadamotorjobs.com\/#\/schema\/person\/image\/","url":"https:\/\/secure.gravatar.com\/avatar\/45f3d2eebcccd909668d7ce7ea7267b6?s=96&d=mm&r=g","contentUrl":"https:\/\/secure.gravatar.com\/avatar\/45f3d2eebcccd909668d7ce7ea7267b6?s=96&d=mm&r=g","caption":"Benoit Charette"},"description":"Benoit Charette \/ Propri\u00e9taire et r\u00e9dacteur en chef Benoit Charette pratique le journalisme automobile depuis bient\u00f4t 30 ans. Il a fait ses classes au c\u00f4t\u00e9 de Daniel H\u00e9raud et au Carnet de route de 1992 \u00e0 2001. Il est fondateur, copropri\u00e9taire et r\u00e9dacteur en chef de L\u2019Annuel de l\u2019automobile, qu\u2019il publie depuis 2001. Il a anim\u00e9 les \u00e9missions RPM et RPM+ sur V et les L\u00e9gendes de la route sur Historia. \u00c0 la radio depuis 1986, il reprend l\u2019antenne cette ann\u00e9e sur les ondes de Cogeco et participe pour la deuxi\u00e8me ann\u00e9e \u00e0 l\u2019\u00e9mission Passion Auto sur RDS en plus de mettre en ligne le site Web officiel de L\u2019Annuel de l\u2019automobile sur annuelauto.ca.","sameAs":["https:\/\/annuelauto.ca\/"],"url":"https:\/\/news.canadamotorjobs.com\/fr\/author\/benoit-charette\/"}]}},"_links":{"self":[{"href":"https:\/\/news.canadamotorjobs.com\/fr\/wp-json\/wp\/v2\/posts\/183447"}],"collection":[{"href":"https:\/\/news.canadamotorjobs.com\/fr\/wp-json\/wp\/v2\/posts"}],"about":[{"href":"https:\/\/news.canadamotorjobs.com\/fr\/wp-json\/wp\/v2\/types\/post"}],"author":[{"embeddable":true,"href":"https:\/\/news.canadamotorjobs.com\/fr\/wp-json\/wp\/v2\/users\/8"}],"replies":[{"embeddable":true,"href":"https:\/\/news.canadamotorjobs.com\/fr\/wp-json\/wp\/v2\/comments?post=183447"}],"version-history":[{"count":3,"href":"https:\/\/news.canadamotorjobs.com\/fr\/wp-json\/wp\/v2\/posts\/183447\/revisions"}],"predecessor-version":[{"id":183498,"href":"https:\/\/news.canadamotorjobs.com\/fr\/wp-json\/wp\/v2\/posts\/183447\/revisions\/183498"}],"wp:featuredmedia":[{"embeddable":true,"href":"https:\/\/news.canadamotorjobs.com\/fr\/wp-json\/wp\/v2\/media\/183449"}],"wp:attachment":[{"href":"https:\/\/news.canadamotorjobs.com\/fr\/wp-json\/wp\/v2\/media?parent=183447"}],"wp:term":[{"taxonomy":"category","embeddable":true,"href":"https:\/\/news.canadamotorjobs.com\/fr\/wp-json\/wp\/v2\/categories?post=183447"},{"taxonomy":"post_tag","embeddable":true,"href":"https:\/\/news.canadamotorjobs.com\/fr\/wp-json\/wp\/v2\/tags?post=183447"}],"curies":[{"name":"wp","href":"https:\/\/api.w.org\/{rel}","templated":true}]}}