{"id":183371,"date":"2024-12-05T14:24:24","date_gmt":"2024-12-05T19:24:24","guid":{"rendered":"https:\/\/news.canadamotorjobs.com\/?p=183371"},"modified":"2024-12-05T14:30:35","modified_gmt":"2024-12-05T19:30:35","slug":"tesla-cybertruck-des-employes-renvoyes-chez-eux","status":"publish","type":"post","link":"https:\/\/news.canadamotorjobs.com\/fr\/tesla-cybertruck-des-employes-renvoyes-chez-eux\/","title":{"rendered":"Tesla Cybertruck : des employ\u00e9s renvoy\u00e9s chez eux"},"content":{"rendered":"<\/p>\n<p>Le Tesla Cybertruck, pr\u00e9sent\u00e9 comme une r\u00e9volution \u00e9lectrique, rencontre un premier d\u00e9fi important apr\u00e8s avoir profit\u00e9 d\u2019un lancement m\u00e9diatis\u00e9. Alors que les commandes semblaient initialement prometteuses, des signaux r\u00e9cents laissent entrevoir un d\u00e9clin de la demande.<\/p>\n<p><strong>Une pause forc\u00e9e pour les employ\u00e9s de l\u2019usine d\u2019Austin<\/strong><\/p>\n<p>Selon un communiqu\u00e9 r\u00e9v\u00e9l\u00e9 et partag\u00e9 par Business Insider, les employ\u00e9s de la cha\u00eene de production du Cybertruck \u00e0 l\u2019usine Tesla d\u2019Austin, au Texas, ont \u00e9t\u00e9 inform\u00e9s qu\u2019ils pouvaient rester chez eux pendant trois jours, du 3 au 5 d\u00e9cembre. Bien qu\u2019ils soient r\u00e9mun\u00e9r\u00e9s pour ces jours d\u2019absence, cette d\u00e9cision alimente les sp\u00e9culations sur une baisse de la demande.<\/p>\n<p>Certains employ\u00e9s, cependant, continueront \u00e0 travailler selon des ajustements pr\u00e9cis, mais Tesla n\u2019a pas fourni de commentaires officiels pour clarifier la situation.<\/p>\n<p><\/p>\n<figure><img decoding=\"async\" src=\"https:\/\/news.canadamotorjobs.com\/wp-content\/uploads\/2024\/12\/PXL_20240630_212854323-5.jpg\" alt=\"Le Tesla Cybertruck\" \/><figcaption>Le Tesla Cybertruck | Auto123.com<\/figcaption><\/figure>\n<p><strong>Une production irr\u00e9guli\u00e8re depuis plusieurs mois<\/strong><\/p>\n<p>Depuis la fin du mois d\u2019octobre, plusieurs employ\u00e9s affect\u00e9s \u00e0 la ligne de production du Cybertruck ont signal\u00e9 avoir r\u00e9alis\u00e9 des t\u00e2ches connexes, allant de la formation suppl\u00e9mentaire au nettoyage, au lieu de l\u2019assemblage de v\u00e9hicules. Cette variabilit\u00e9 dans les horaires s\u2019ajoute \u00e0 une r\u00e9duction des heures de travail not\u00e9e d\u00e8s avril, lorsque les quarts des travailleurs ont \u00e9t\u00e9 raccourcis.<\/p>\n<p>Un employ\u00e9 a m\u00eame d\u00e9clar\u00e9 ceci :<\/p>\n<p>\u00ab Quand j\u2019ai commenc\u00e9 chez Tesla, il \u00e9tait facile d\u2019avoir des heures suppl\u00e9mentaires. Maintenant, je m\u2019estime chanceux si j\u2019atteins 40 heures. \u00bb<\/p>\n<p><strong>Des ventes solides suivies d&#8217;un essoufflement rapide ?<\/strong><\/p>\n<p>Malgr\u00e9 un d\u00e9but prometteur, o\u00f9 le Cybertruck a d\u00e9pass\u00e9 ses concurrents tels que le Rivian R1T et le Ford F-150 Lightning, la demande semble s\u2019essouffler. En neuf mois cette ann\u00e9e, Tesla aurait vendu et immatricul\u00e9 moins de 30 000 Cybertruck aux \u00c9tats-Unis, selon les donn\u00e9es des groupes Cox Automotive et Kelley Blue Book. Le tout se lit comme suit :<\/p>\n<ul><\/p>\n<li>\u2022\u00a0\u00a0\u00a0 1er trimestre de 2024 : 5789 unit\u00e9s vendues<\/li>\n<p><\/p>\n<li>\u2022\u00a0\u00a0\u00a0 2e trimestre de 2024 : 5769 unit\u00e9s vendues<\/li>\n<p><\/p>\n<li>\u2022\u00a0\u00a0\u00a0 3e trimestre de 2024 : 16 692 unit\u00e9s vendues<\/li>\n<p>\n<\/ul>\n<p>Si ces chiffres montrent une augmentation au fil des trimestres, le rythme de la production actuel pourrait d\u00e9passer la demande, poussant Tesla \u00e0 ralentir le tout pour \u00e9viter une accumulation de stocks dans ses centres de livraison.<\/p>\n<p><strong>Une strat\u00e9gie \u00e0 ajuster ?<\/strong><\/p>\n<p>Le passage aux mod\u00e8les qui n\u2019appartiennent pas \u00e0 la \u00ab Foundation Series \u00bb, plus abordables, avec une r\u00e9duction d\u2019environ 27 000 CAD, semble avoir temporairement soutenu les ventes. Cependant, Tesla aurait d\u00e9j\u00e0 contact\u00e9 des clients ayant r\u00e9serv\u00e9 leurs v\u00e9hicules en 2023, sugg\u00e9rant que l\u2019arri\u00e9r\u00e9 tant vant\u00e9 pourrait ne pas \u00eatre aussi important qu\u2019annonc\u00e9.<\/p>\n<p><strong>Quel avenir pour le Cybertruck ?<\/strong><\/p>\n<p>Alors que le quatri\u00e8me trimestre de 2024 s\u2019annonce d\u00e9terminant, il reste \u00e0 voir si Tesla pourra maintenir son \u00e9lan ou devra s\u2019adapter davantage. Une chose est certaine : le Cybertruck continue de polariser les opinions, tant sur la route que dans l\u2019industrie automobile.<\/p>\n<p><\/p>\n<figure><img decoding=\"async\" src=\"https:\/\/news.canadamotorjobs.com\/wp-content\/uploads\/2024\/12\/Cybertruck_78-1.jpg\" alt=\"Le Tesla Cybertruck, trois quarts arri\u00e8re\" \/><figcaption>Le Tesla Cybertruck, trois quarts arri\u00e8re | Auto123.com<\/figcaption><\/figure>\n<p style=\"padding-top: 15px\">Contenu original de <a href=\"https:\/\/www.auto123.com\/fr\/actualites\/tesla-cybertruck-baisse-demande\/72147\/\">auto123<\/a>.<\/p>\n<p>Le texte <a rel=\"nofollow\" href=\"https:\/\/annuelauto.ca\/tesla-cybertruck-des-employes-renvoyes-chez-eux\/\">Tesla Cybertruck : des employ\u00e9s renvoy\u00e9s chez eux<\/a> provient de <a rel=\"nofollow\" href=\"https:\/\/annuelauto.ca\">L&#8217;annuel de l&#8217;automobile &#8211; Actualit\u00e9 automobile<\/a><\/p>\n<p><\/p>\n","protected":false},"excerpt":{"rendered":"<p>Le Tesla Cybertruck, pr\u00e9sent\u00e9 comme une r\u00e9volution \u00e9lectrique, rencontre un premier d\u00e9fi important apr\u00e8s avoir profit\u00e9 d\u2019un lancement m\u00e9diatis\u00e9. Alors que les commandes semblaient initialement prometteuses, des signaux r\u00e9cents laissent entrevoir un d\u00e9clin de la demande. Une pause forc\u00e9e pour les employ\u00e9s de l\u2019usine d\u2019Austin Selon un communiqu\u00e9 r\u00e9v\u00e9l\u00e9 et partag\u00e9 par Business Insider, les [&hellip;]<\/p>\n","protected":false},"author":8,"featured_media":183373,"comment_status":"close","ping_status":"closed","sticky":false,"template":"","format":"standard","meta":{"_monsterinsights_skip_tracking":false,"_monsterinsights_sitenote_active":false,"_monsterinsights_sitenote_note":"","_monsterinsights_sitenote_category":0,"footnotes":""},"categories":[101],"tags":[],"yoast_head":"<!-- This site is optimized with the Yoast SEO plugin v23.2 - https:\/\/yoast.com\/wordpress\/plugins\/seo\/ -->\n<title>Tesla Cybertruck : des employ\u00e9s renvoy\u00e9s chez eux - CanadaMotorJobs.com<\/title>\n<meta name=\"description\" content=\"Tesla Cybertruck : des employ\u00e9s renvoy\u00e9s chez eux - Benoit Charette - Annuel automobile - CanadaMotorJobs.com.\" \/>\n<meta name=\"robots\" content=\"index, follow, max-snippet:-1, max-image-preview:large, max-video-preview:-1\" \/>\n<meta property=\"og:locale\" content=\"fr_CA\" \/>\n<meta property=\"og:type\" content=\"article\" \/>\n<meta property=\"og:title\" content=\"Tesla Cybertruck : des employ\u00e9s renvoy\u00e9s chez eux - CanadaMotorJobs.com\" \/>\n<meta property=\"og:description\" content=\"Tesla Cybertruck : des employ\u00e9s renvoy\u00e9s chez eux - Benoit Charette - Annuel automobile - CanadaMotorJobs.com.\" \/>\n<meta property=\"og:url\" content=\"https:\/\/news.canadamotorjobs.com\/fr\/tesla-cybertruck-des-employes-renvoyes-chez-eux\/\" \/>\n<meta property=\"og:site_name\" content=\"CanadaMotorJobs.com\" \/>\n<meta property=\"article:publisher\" content=\"https:\/\/www.facebook.com\/canadamotorjobs\/\" \/>\n<meta property=\"article:published_time\" content=\"2024-12-05T19:24:24+00:00\" \/>\n<meta property=\"article:modified_time\" content=\"2024-12-05T19:30:35+00:00\" \/>\n<meta property=\"og:image\" content=\"https:\/\/news.canadamotorjobs.com\/wp-content\/uploads\/2024\/12\/PXL_20240630_212854323.jpg\" \/>\n\t<meta property=\"og:image:width\" content=\"1200\" \/>\n\t<meta property=\"og:image:height\" content=\"800\" \/>\n\t<meta property=\"og:image:type\" content=\"image\/jpeg\" \/>\n<meta name=\"author\" content=\"Benoit Charette\" \/>\n<meta name=\"twitter:card\" content=\"summary_large_image\" \/>\n<meta name=\"twitter:creator\" content=\"@canadamotorjobs\" \/>\n<meta name=\"twitter:site\" content=\"@canadamotorjobs\" \/>\n<meta name=\"twitter:label1\" content=\"\u00c9crit par\" \/>\n\t<meta name=\"twitter:data1\" content=\"Benoit Charette\" \/>\n\t<meta name=\"twitter:label2\" content=\"Estimation du temps de lecture\" \/>\n\t<meta name=\"twitter:data2\" content=\"3 minutes\" \/>\n<!-- \/ Yoast SEO plugin. -->","yoast_head_json":{"title":"Tesla Cybertruck : des employ\u00e9s renvoy\u00e9s chez eux - CanadaMotorJobs.com","description":"Tesla Cybertruck : des employ\u00e9s renvoy\u00e9s chez eux - Benoit Charette - Annuel automobile - CanadaMotorJobs.com.","robots":{"index":"index","follow":"follow","max-snippet":"max-snippet:-1","max-image-preview":"max-image-preview:large","max-video-preview":"max-video-preview:-1"},"og_locale":"fr_CA","og_type":"article","og_title":"Tesla Cybertruck : des employ\u00e9s renvoy\u00e9s chez eux - CanadaMotorJobs.com","og_description":"Tesla Cybertruck : des employ\u00e9s renvoy\u00e9s chez eux - Benoit Charette - Annuel automobile - CanadaMotorJobs.com.","og_url":"https:\/\/news.canadamotorjobs.com\/fr\/tesla-cybertruck-des-employes-renvoyes-chez-eux\/","og_site_name":"CanadaMotorJobs.com","article_publisher":"https:\/\/www.facebook.com\/canadamotorjobs\/","article_published_time":"2024-12-05T19:24:24+00:00","article_modified_time":"2024-12-05T19:30:35+00:00","og_image":[{"width":1200,"height":800,"url":"https:\/\/news.canadamotorjobs.com\/wp-content\/uploads\/2024\/12\/PXL_20240630_212854323.jpg","type":"image\/jpeg"}],"author":"Benoit Charette","twitter_card":"summary_large_image","twitter_creator":"@canadamotorjobs","twitter_site":"@canadamotorjobs","twitter_misc":{"\u00c9crit par":"Benoit Charette","Estimation du temps de lecture":"3 minutes"},"schema":{"@context":"https:\/\/schema.org","@graph":[{"@type":"Article","@id":"https:\/\/news.canadamotorjobs.com\/fr\/tesla-cybertruck-des-employes-renvoyes-chez-eux\/#article","isPartOf":{"@id":"https:\/\/news.canadamotorjobs.com\/fr\/tesla-cybertruck-des-employes-renvoyes-chez-eux\/"},"author":{"name":"Benoit Charette","@id":"https:\/\/news.canadamotorjobs.com\/#\/schema\/person\/51793d1f87d44011d7bcc2ed99269a90"},"headline":"Tesla Cybertruck : des employ\u00e9s renvoy\u00e9s chez eux","datePublished":"2024-12-05T19:24:24+00:00","dateModified":"2024-12-05T19:30:35+00:00","mainEntityOfPage":{"@id":"https:\/\/news.canadamotorjobs.com\/fr\/tesla-cybertruck-des-employes-renvoyes-chez-eux\/"},"wordCount":549,"publisher":{"@id":"https:\/\/news.canadamotorjobs.com\/#organization"},"image":{"@id":"https:\/\/news.canadamotorjobs.com\/fr\/tesla-cybertruck-des-employes-renvoyes-chez-eux\/#primaryimage"},"thumbnailUrl":"https:\/\/news.canadamotorjobs.com\/wp-content\/uploads\/2024\/12\/PXL_20240630_212854323.jpg","articleSection":["Annuel automobile"],"inLanguage":"fr-CA"},{"@type":"WebPage","@id":"https:\/\/news.canadamotorjobs.com\/fr\/tesla-cybertruck-des-employes-renvoyes-chez-eux\/","url":"https:\/\/news.canadamotorjobs.com\/fr\/tesla-cybertruck-des-employes-renvoyes-chez-eux\/","name":"Tesla Cybertruck : des employ\u00e9s renvoy\u00e9s chez eux - CanadaMotorJobs.com","isPartOf":{"@id":"https:\/\/news.canadamotorjobs.com\/#website"},"primaryImageOfPage":{"@id":"https:\/\/news.canadamotorjobs.com\/fr\/tesla-cybertruck-des-employes-renvoyes-chez-eux\/#primaryimage"},"image":{"@id":"https:\/\/news.canadamotorjobs.com\/fr\/tesla-cybertruck-des-employes-renvoyes-chez-eux\/#primaryimage"},"thumbnailUrl":"https:\/\/news.canadamotorjobs.com\/wp-content\/uploads\/2024\/12\/PXL_20240630_212854323.jpg","datePublished":"2024-12-05T19:24:24+00:00","dateModified":"2024-12-05T19:30:35+00:00","description":"Tesla Cybertruck : des employ\u00e9s renvoy\u00e9s chez eux - Benoit Charette - Annuel automobile - CanadaMotorJobs.com.","breadcrumb":{"@id":"https:\/\/news.canadamotorjobs.com\/fr\/tesla-cybertruck-des-employes-renvoyes-chez-eux\/#breadcrumb"},"inLanguage":"fr-CA","potentialAction":[{"@type":"ReadAction","target":["https:\/\/news.canadamotorjobs.com\/fr\/tesla-cybertruck-des-employes-renvoyes-chez-eux\/"]}]},{"@type":"ImageObject","inLanguage":"fr-CA","@id":"https:\/\/news.canadamotorjobs.com\/fr\/tesla-cybertruck-des-employes-renvoyes-chez-eux\/#primaryimage","url":"https:\/\/news.canadamotorjobs.com\/wp-content\/uploads\/2024\/12\/PXL_20240630_212854323.jpg","contentUrl":"https:\/\/news.canadamotorjobs.com\/wp-content\/uploads\/2024\/12\/PXL_20240630_212854323.jpg","width":1200,"height":800},{"@type":"BreadcrumbList","@id":"https:\/\/news.canadamotorjobs.com\/fr\/tesla-cybertruck-des-employes-renvoyes-chez-eux\/#breadcrumb","itemListElement":[{"@type":"ListItem","position":1,"name":"Home","item":"https:\/\/news.canadamotorjobs.com\/fr\/blog\/"},{"@type":"ListItem","position":2,"name":"Tesla Cybertruck : des employ\u00e9s renvoy\u00e9s chez eux"}]},{"@type":"WebSite","@id":"https:\/\/news.canadamotorjobs.com\/#website","url":"https:\/\/news.canadamotorjobs.com\/","name":"CanadaMotorJobs.com","description":"Automotive Jobs","publisher":{"@id":"https:\/\/news.canadamotorjobs.com\/#organization"},"potentialAction":[{"@type":"SearchAction","target":{"@type":"EntryPoint","urlTemplate":"https:\/\/news.canadamotorjobs.com\/?s={search_term_string}"},"query-input":"required name=search_term_string"}],"inLanguage":"fr-CA"},{"@type":"Organization","@id":"https:\/\/news.canadamotorjobs.com\/#organization","name":"Canada Motor Jobs","url":"https:\/\/news.canadamotorjobs.com\/","logo":{"@type":"ImageObject","inLanguage":"fr-CA","@id":"https:\/\/news.canadamotorjobs.com\/#\/schema\/logo\/image\/","url":"https:\/\/news.canadamotorjobs.com\/wp-content\/uploads\/2022\/10\/logo-canada-motor-jobs-1.png","contentUrl":"https:\/\/news.canadamotorjobs.com\/wp-content\/uploads\/2022\/10\/logo-canada-motor-jobs-1.png","width":800,"height":400,"caption":"Canada Motor Jobs"},"image":{"@id":"https:\/\/news.canadamotorjobs.com\/#\/schema\/logo\/image\/"},"sameAs":["https:\/\/www.facebook.com\/canadamotorjobs\/","https:\/\/x.com\/canadamotorjobs","https:\/\/www.instagram.com\/canadamotorjobs\/","https:\/\/www.linkedin.com\/company\/canadamotorjobs"]},{"@type":"Person","@id":"https:\/\/news.canadamotorjobs.com\/#\/schema\/person\/51793d1f87d44011d7bcc2ed99269a90","name":"Benoit Charette","image":{"@type":"ImageObject","inLanguage":"fr-CA","@id":"https:\/\/news.canadamotorjobs.com\/#\/schema\/person\/image\/","url":"https:\/\/secure.gravatar.com\/avatar\/45f3d2eebcccd909668d7ce7ea7267b6?s=96&d=mm&r=g","contentUrl":"https:\/\/secure.gravatar.com\/avatar\/45f3d2eebcccd909668d7ce7ea7267b6?s=96&d=mm&r=g","caption":"Benoit Charette"},"description":"Benoit Charette \/ Propri\u00e9taire et r\u00e9dacteur en chef Benoit Charette pratique le journalisme automobile depuis bient\u00f4t 30 ans. Il a fait ses classes au c\u00f4t\u00e9 de Daniel H\u00e9raud et au Carnet de route de 1992 \u00e0 2001. Il est fondateur, copropri\u00e9taire et r\u00e9dacteur en chef de L\u2019Annuel de l\u2019automobile, qu\u2019il publie depuis 2001. Il a anim\u00e9 les \u00e9missions RPM et RPM+ sur V et les L\u00e9gendes de la route sur Historia. \u00c0 la radio depuis 1986, il reprend l\u2019antenne cette ann\u00e9e sur les ondes de Cogeco et participe pour la deuxi\u00e8me ann\u00e9e \u00e0 l\u2019\u00e9mission Passion Auto sur RDS en plus de mettre en ligne le site Web officiel de L\u2019Annuel de l\u2019automobile sur annuelauto.ca.","sameAs":["https:\/\/annuelauto.ca\/"],"url":"https:\/\/news.canadamotorjobs.com\/fr\/author\/benoit-charette\/"}]}},"_links":{"self":[{"href":"https:\/\/news.canadamotorjobs.com\/fr\/wp-json\/wp\/v2\/posts\/183371"}],"collection":[{"href":"https:\/\/news.canadamotorjobs.com\/fr\/wp-json\/wp\/v2\/posts"}],"about":[{"href":"https:\/\/news.canadamotorjobs.com\/fr\/wp-json\/wp\/v2\/types\/post"}],"author":[{"embeddable":true,"href":"https:\/\/news.canadamotorjobs.com\/fr\/wp-json\/wp\/v2\/users\/8"}],"replies":[{"embeddable":true,"href":"https:\/\/news.canadamotorjobs.com\/fr\/wp-json\/wp\/v2\/comments?post=183371"}],"version-history":[{"count":3,"href":"https:\/\/news.canadamotorjobs.com\/fr\/wp-json\/wp\/v2\/posts\/183371\/revisions"}],"predecessor-version":[{"id":183402,"href":"https:\/\/news.canadamotorjobs.com\/fr\/wp-json\/wp\/v2\/posts\/183371\/revisions\/183402"}],"wp:featuredmedia":[{"embeddable":true,"href":"https:\/\/news.canadamotorjobs.com\/fr\/wp-json\/wp\/v2\/media\/183373"}],"wp:attachment":[{"href":"https:\/\/news.canadamotorjobs.com\/fr\/wp-json\/wp\/v2\/media?parent=183371"}],"wp:term":[{"taxonomy":"category","embeddable":true,"href":"https:\/\/news.canadamotorjobs.com\/fr\/wp-json\/wp\/v2\/categories?post=183371"},{"taxonomy":"post_tag","embeddable":true,"href":"https:\/\/news.canadamotorjobs.com\/fr\/wp-json\/wp\/v2\/tags?post=183371"}],"curies":[{"name":"wp","href":"https:\/\/api.w.org\/{rel}","templated":true}]}}