{"id":183339,"date":"2024-12-05T14:24:25","date_gmt":"2024-12-05T19:24:25","guid":{"rendered":"https:\/\/news.canadamotorjobs.com\/?p=183339"},"modified":"2024-12-05T14:30:21","modified_gmt":"2024-12-05T19:30:21","slug":"recours-collectif-aux-etats-unis-contre-les-peintures-de-honda","status":"publish","type":"post","link":"https:\/\/news.canadamotorjobs.com\/fr\/recours-collectif-aux-etats-unis-contre-les-peintures-de-honda\/","title":{"rendered":"Recours collectif aux \u00c9tats-Unis contre les peintures de Honda"},"content":{"rendered":"<\/p>\n<p>Si l\u2019on vous mentionne que Honda a vu, au fil des deux derni\u00e8res d\u00e9cennies, plusieurs de ses mod\u00e8les \u00eatre aux prises avec des probl\u00e8mes de peinture, la chose ne risque pas de vous surprendre. Nous avons tous d\u00e9j\u00e0 aper\u00e7u un v\u00e9hicule de la marque avec une peinture d\u00e9grad\u00e9e, \u00e9caill\u00e9e, absente en certains endroits, et ce, apr\u00e8s quelques ann\u00e9es d\u2019usure seulement.<\/p>\n<p>Plusieurs Civic des ann\u00e9es 2000 et du d\u00e9but de la d\u00e9cennie 2010 pr\u00e9sentent ce genre de probl\u00e8me. On aurait pu croire que les choses avaient \u00e9t\u00e9 r\u00e9gl\u00e9es, mais on semble encore loin de la coupe, comme le d\u00e9montre une action collective qui vient d\u2019\u00eatre lanc\u00e9e aux \u00c9tats-Unis contre le constructeur.<\/p>\n<p>\u00c7a a beau se passer chez nos voisins du sud, nos mod\u00e8les sont les m\u00eames. Il sera donc int\u00e9ressant de suivre les choses de l\u2019autre c\u00f4t\u00e9 de la fronti\u00e8re. Les propri\u00e9taires de mod\u00e8les voudront \u00eatre au courant du dossier.<\/p>\n<p><\/p>\n<figure><img decoding=\"async\" src=\"https:\/\/news.canadamotorjobs.com\/wp-content\/uploads\/2024\/12\/honda-paint-chipping-2016-cr-v-reddit-5.jpg\" alt=\"Un Honda CR-V 2016\" \/><figcaption>Un Honda CR-V 2016 | Auto123.com<\/figcaption><\/figure>\n<p><strong>L\u2019action collective<\/strong><\/p>\n<p>Le recours, intent\u00e9 contre la division am\u00e9ricaine de Honda, all\u00e8gue que des peintures d\u00e9fectueuses ont \u00e9t\u00e9 utilis\u00e9es avec des v\u00e9hicules Honda et Acura de l\u2019ann\u00e9e mod\u00e8le 2013, mais aussi de mill\u00e9simes plus r\u00e9cents.<\/p>\n<p>La d\u00e9marche a \u00e9t\u00e9 d\u00e9pos\u00e9e aupr\u00e8s du tribunal de district des \u00c9tats-Unis pour le district central de Californie. La plainte all\u00e8gue que certaines peintures blanches sont si mauvaises que la surface finit in\u00e9vitablement par s\u2019\u00e9cailler et se d\u00e9laminer, et qu\u2019il se forme des bulles \u00e0 la surface.<\/p>\n<p>Les quatre nuances de blanc qui ont \u00e9t\u00e9 identifi\u00e9es comme probl\u00e9matiques sont les suivantes :<\/p>\n<ul><\/p>\n<li>&#8211; White Diamond Pearl. (Blanc diamant nacr\u00e9) (code de peinture NH-603P) : Acura MDX, Honda Odyssey<\/li>\n<p><\/p>\n<li>&#8211; Taffeta White (Blanc taffetas) (NH-578) : Honda Odyssey, Honda Pilot<\/li>\n<p><\/p>\n<li>&#8211; White Orchid Pearl (NH-788P) : Honda Fit, Honda HR-V<\/li>\n<p><\/p>\n<li>&#8211; Bellanova White (NH-788P) : Honda Fit, Honda HR-V<\/li>\n<p>\n<\/ul>\n<p>Les plaignants se r\u00e9servent le droit d\u2019ajouter d\u2019autres v\u00e9hicules \u00e0 la plainte s\u2019ils pr\u00e9sentent le m\u00eame d\u00e9faut de peinture et il rappelle que Honda a \u00e9mis \u00e0 de nombreuses reprises des avis d\u2019entretien ou d\u2019extensions de garantie concernant les peintures blanches mentionn\u00e9es dans la plainte.<\/p>\n<p>\u00a0<\/p>\n<p><\/p>\n<figure><img decoding=\"async\" src=\"https:\/\/news.canadamotorjobs.com\/wp-content\/uploads\/2024\/12\/reddit-2019-honda-fit-paint-peeling-1.jpg\" alt=\"Une Honda Fit 2019\" \/><figcaption>Une Honda Fit 2019 | Auto123.com<\/figcaption><\/figure>\n<p>The Drive rappelle aussi que Honda avait d\u00fb composer avec un recours collectif similaire chez nous, au Canada. Il a \u00e9t\u00e9 r\u00e9gl\u00e9 en 2022 pour un montant de plus de 27 millions.<\/p>\n<p>Il est mentionn\u00e9 dans le recours que les v\u00e9hicules pr\u00e9sentant les d\u00e9fectuosit\u00e9s de peinture viennent de partout aux \u00c9tats-Unis, ce qui signifie que le probl\u00e8me n\u2019est pas reli\u00e9 \u00e0 un climat particulier (sec, humide, etc.).<\/p>\n<p>Selon le dossier, les v\u00e9hicules ont \u00e9t\u00e9 fabriqu\u00e9s dans l\u2019usine Honda de Lincoln, en Alabama, et la peinture a \u00e9t\u00e9 appliqu\u00e9e au moyen d\u2019un syst\u00e8me robotis\u00e9.<\/p>\n<p>Le site The Drive mentionne en conclusion que les plaignants ont demand\u00e9 un proc\u00e8s devant un jury et cherchent \u00e0 obtenir une s\u00e9rie de r\u00e9parations, incluant, sans s\u2019y limiter, une indemnisation pour les travaux de peinture, le remboursement des honoraires d\u2019avocat et \u00ab la restitution, des dommages-int\u00e9r\u00eats compensatoires et des co\u00fbts pour la perte \u00e9conomique et les frais encourus \u00bb.<\/p>\n<p>Honda n\u2019a pas encore comment\u00e9 l\u2019action collective.<\/p>\n<p><\/p>\n<p style=\"padding-top: 15px\">Contenu original de <a href=\"https:\/\/www.auto123.com\/fr\/actualites\/peinture-honda-recours-collectif-usa\/72146\/\">auto123<\/a>.<\/p>\n<p>Le texte <a rel=\"nofollow\" href=\"https:\/\/annuelauto.ca\/recours-collectif-aux-etats-unis-contre-les-peintures-de-honda\/\">Recours collectif aux \u00c9tats-Unis contre les peintures de Honda<\/a> provient de <a rel=\"nofollow\" href=\"https:\/\/annuelauto.ca\">L&#8217;annuel de l&#8217;automobile &#8211; Actualit\u00e9 automobile<\/a><\/p>\n<p><\/p>\n","protected":false},"excerpt":{"rendered":"<p>Si l\u2019on vous mentionne que Honda a vu, au fil des deux derni\u00e8res d\u00e9cennies, plusieurs de ses mod\u00e8les \u00eatre aux prises avec des probl\u00e8mes de peinture, la chose ne risque pas de vous surprendre. Nous avons tous d\u00e9j\u00e0 aper\u00e7u un v\u00e9hicule de la marque avec une peinture d\u00e9grad\u00e9e, \u00e9caill\u00e9e, absente en certains endroits, et ce, [&hellip;]<\/p>\n","protected":false},"author":8,"featured_media":183341,"comment_status":"close","ping_status":"closed","sticky":false,"template":"","format":"standard","meta":{"_monsterinsights_skip_tracking":false,"_monsterinsights_sitenote_active":false,"_monsterinsights_sitenote_note":"","_monsterinsights_sitenote_category":0,"footnotes":""},"categories":[101],"tags":[],"yoast_head":"<!-- This site is optimized with the Yoast SEO plugin v23.2 - https:\/\/yoast.com\/wordpress\/plugins\/seo\/ -->\n<title>Recours collectif aux \u00c9tats-Unis contre les peintures de Honda - CanadaMotorJobs.com<\/title>\n<meta name=\"description\" content=\"Recours collectif aux \u00c9tats-Unis contre les peintures de Honda - Benoit Charette - Annuel automobile - CanadaMotorJobs.com.\" \/>\n<meta name=\"robots\" content=\"index, follow, max-snippet:-1, max-image-preview:large, max-video-preview:-1\" \/>\n<meta property=\"og:locale\" content=\"fr_CA\" \/>\n<meta property=\"og:type\" content=\"article\" \/>\n<meta property=\"og:title\" content=\"Recours collectif aux \u00c9tats-Unis contre les peintures de Honda - CanadaMotorJobs.com\" \/>\n<meta property=\"og:description\" content=\"Recours collectif aux \u00c9tats-Unis contre les peintures de Honda - Benoit Charette - Annuel automobile - CanadaMotorJobs.com.\" \/>\n<meta property=\"og:url\" content=\"https:\/\/news.canadamotorjobs.com\/fr\/recours-collectif-aux-etats-unis-contre-les-peintures-de-honda\/\" \/>\n<meta property=\"og:site_name\" content=\"CanadaMotorJobs.com\" \/>\n<meta property=\"article:publisher\" content=\"https:\/\/www.facebook.com\/canadamotorjobs\/\" \/>\n<meta property=\"article:published_time\" content=\"2024-12-05T19:24:25+00:00\" \/>\n<meta property=\"article:modified_time\" content=\"2024-12-05T19:30:21+00:00\" \/>\n<meta property=\"og:image\" content=\"https:\/\/news.canadamotorjobs.com\/wp-content\/uploads\/2024\/12\/honda-paint-chipping-2016-cr-v-reddit.jpg\" \/>\n\t<meta property=\"og:image:width\" content=\"1200\" \/>\n\t<meta property=\"og:image:height\" content=\"800\" \/>\n\t<meta property=\"og:image:type\" content=\"image\/jpeg\" \/>\n<meta name=\"author\" content=\"Benoit Charette\" \/>\n<meta name=\"twitter:card\" content=\"summary_large_image\" \/>\n<meta name=\"twitter:creator\" content=\"@canadamotorjobs\" \/>\n<meta name=\"twitter:site\" content=\"@canadamotorjobs\" \/>\n<meta name=\"twitter:label1\" content=\"\u00c9crit par\" \/>\n\t<meta name=\"twitter:data1\" content=\"Benoit Charette\" \/>\n\t<meta name=\"twitter:label2\" content=\"Estimation du temps de lecture\" \/>\n\t<meta name=\"twitter:data2\" content=\"3 minutes\" \/>\n<!-- \/ Yoast SEO plugin. -->","yoast_head_json":{"title":"Recours collectif aux \u00c9tats-Unis contre les peintures de Honda - CanadaMotorJobs.com","description":"Recours collectif aux \u00c9tats-Unis contre les peintures de Honda - Benoit Charette - Annuel automobile - CanadaMotorJobs.com.","robots":{"index":"index","follow":"follow","max-snippet":"max-snippet:-1","max-image-preview":"max-image-preview:large","max-video-preview":"max-video-preview:-1"},"og_locale":"fr_CA","og_type":"article","og_title":"Recours collectif aux \u00c9tats-Unis contre les peintures de Honda - CanadaMotorJobs.com","og_description":"Recours collectif aux \u00c9tats-Unis contre les peintures de Honda - Benoit Charette - Annuel automobile - CanadaMotorJobs.com.","og_url":"https:\/\/news.canadamotorjobs.com\/fr\/recours-collectif-aux-etats-unis-contre-les-peintures-de-honda\/","og_site_name":"CanadaMotorJobs.com","article_publisher":"https:\/\/www.facebook.com\/canadamotorjobs\/","article_published_time":"2024-12-05T19:24:25+00:00","article_modified_time":"2024-12-05T19:30:21+00:00","og_image":[{"width":1200,"height":800,"url":"https:\/\/news.canadamotorjobs.com\/wp-content\/uploads\/2024\/12\/honda-paint-chipping-2016-cr-v-reddit.jpg","type":"image\/jpeg"}],"author":"Benoit Charette","twitter_card":"summary_large_image","twitter_creator":"@canadamotorjobs","twitter_site":"@canadamotorjobs","twitter_misc":{"\u00c9crit par":"Benoit Charette","Estimation du temps de lecture":"3 minutes"},"schema":{"@context":"https:\/\/schema.org","@graph":[{"@type":"Article","@id":"https:\/\/news.canadamotorjobs.com\/fr\/recours-collectif-aux-etats-unis-contre-les-peintures-de-honda\/#article","isPartOf":{"@id":"https:\/\/news.canadamotorjobs.com\/fr\/recours-collectif-aux-etats-unis-contre-les-peintures-de-honda\/"},"author":{"name":"Benoit Charette","@id":"https:\/\/news.canadamotorjobs.com\/#\/schema\/person\/51793d1f87d44011d7bcc2ed99269a90"},"headline":"Recours collectif aux \u00c9tats-Unis contre les peintures de Honda","datePublished":"2024-12-05T19:24:25+00:00","dateModified":"2024-12-05T19:30:21+00:00","mainEntityOfPage":{"@id":"https:\/\/news.canadamotorjobs.com\/fr\/recours-collectif-aux-etats-unis-contre-les-peintures-de-honda\/"},"wordCount":615,"publisher":{"@id":"https:\/\/news.canadamotorjobs.com\/#organization"},"image":{"@id":"https:\/\/news.canadamotorjobs.com\/fr\/recours-collectif-aux-etats-unis-contre-les-peintures-de-honda\/#primaryimage"},"thumbnailUrl":"https:\/\/news.canadamotorjobs.com\/wp-content\/uploads\/2024\/12\/honda-paint-chipping-2016-cr-v-reddit.jpg","articleSection":["Annuel automobile"],"inLanguage":"fr-CA"},{"@type":"WebPage","@id":"https:\/\/news.canadamotorjobs.com\/fr\/recours-collectif-aux-etats-unis-contre-les-peintures-de-honda\/","url":"https:\/\/news.canadamotorjobs.com\/fr\/recours-collectif-aux-etats-unis-contre-les-peintures-de-honda\/","name":"Recours collectif aux \u00c9tats-Unis contre les peintures de Honda - CanadaMotorJobs.com","isPartOf":{"@id":"https:\/\/news.canadamotorjobs.com\/#website"},"primaryImageOfPage":{"@id":"https:\/\/news.canadamotorjobs.com\/fr\/recours-collectif-aux-etats-unis-contre-les-peintures-de-honda\/#primaryimage"},"image":{"@id":"https:\/\/news.canadamotorjobs.com\/fr\/recours-collectif-aux-etats-unis-contre-les-peintures-de-honda\/#primaryimage"},"thumbnailUrl":"https:\/\/news.canadamotorjobs.com\/wp-content\/uploads\/2024\/12\/honda-paint-chipping-2016-cr-v-reddit.jpg","datePublished":"2024-12-05T19:24:25+00:00","dateModified":"2024-12-05T19:30:21+00:00","description":"Recours collectif aux \u00c9tats-Unis contre les peintures de Honda - Benoit Charette - Annuel automobile - CanadaMotorJobs.com.","breadcrumb":{"@id":"https:\/\/news.canadamotorjobs.com\/fr\/recours-collectif-aux-etats-unis-contre-les-peintures-de-honda\/#breadcrumb"},"inLanguage":"fr-CA","potentialAction":[{"@type":"ReadAction","target":["https:\/\/news.canadamotorjobs.com\/fr\/recours-collectif-aux-etats-unis-contre-les-peintures-de-honda\/"]}]},{"@type":"ImageObject","inLanguage":"fr-CA","@id":"https:\/\/news.canadamotorjobs.com\/fr\/recours-collectif-aux-etats-unis-contre-les-peintures-de-honda\/#primaryimage","url":"https:\/\/news.canadamotorjobs.com\/wp-content\/uploads\/2024\/12\/honda-paint-chipping-2016-cr-v-reddit.jpg","contentUrl":"https:\/\/news.canadamotorjobs.com\/wp-content\/uploads\/2024\/12\/honda-paint-chipping-2016-cr-v-reddit.jpg","width":1200,"height":800},{"@type":"BreadcrumbList","@id":"https:\/\/news.canadamotorjobs.com\/fr\/recours-collectif-aux-etats-unis-contre-les-peintures-de-honda\/#breadcrumb","itemListElement":[{"@type":"ListItem","position":1,"name":"Home","item":"https:\/\/news.canadamotorjobs.com\/fr\/blog\/"},{"@type":"ListItem","position":2,"name":"Recours collectif aux \u00c9tats-Unis contre les peintures de Honda"}]},{"@type":"WebSite","@id":"https:\/\/news.canadamotorjobs.com\/#website","url":"https:\/\/news.canadamotorjobs.com\/","name":"CanadaMotorJobs.com","description":"Automotive Jobs","publisher":{"@id":"https:\/\/news.canadamotorjobs.com\/#organization"},"potentialAction":[{"@type":"SearchAction","target":{"@type":"EntryPoint","urlTemplate":"https:\/\/news.canadamotorjobs.com\/?s={search_term_string}"},"query-input":"required name=search_term_string"}],"inLanguage":"fr-CA"},{"@type":"Organization","@id":"https:\/\/news.canadamotorjobs.com\/#organization","name":"Canada Motor Jobs","url":"https:\/\/news.canadamotorjobs.com\/","logo":{"@type":"ImageObject","inLanguage":"fr-CA","@id":"https:\/\/news.canadamotorjobs.com\/#\/schema\/logo\/image\/","url":"https:\/\/news.canadamotorjobs.com\/wp-content\/uploads\/2022\/10\/logo-canada-motor-jobs-1.png","contentUrl":"https:\/\/news.canadamotorjobs.com\/wp-content\/uploads\/2022\/10\/logo-canada-motor-jobs-1.png","width":800,"height":400,"caption":"Canada Motor Jobs"},"image":{"@id":"https:\/\/news.canadamotorjobs.com\/#\/schema\/logo\/image\/"},"sameAs":["https:\/\/www.facebook.com\/canadamotorjobs\/","https:\/\/x.com\/canadamotorjobs","https:\/\/www.instagram.com\/canadamotorjobs\/","https:\/\/www.linkedin.com\/company\/canadamotorjobs"]},{"@type":"Person","@id":"https:\/\/news.canadamotorjobs.com\/#\/schema\/person\/51793d1f87d44011d7bcc2ed99269a90","name":"Benoit Charette","image":{"@type":"ImageObject","inLanguage":"fr-CA","@id":"https:\/\/news.canadamotorjobs.com\/#\/schema\/person\/image\/","url":"https:\/\/secure.gravatar.com\/avatar\/45f3d2eebcccd909668d7ce7ea7267b6?s=96&d=mm&r=g","contentUrl":"https:\/\/secure.gravatar.com\/avatar\/45f3d2eebcccd909668d7ce7ea7267b6?s=96&d=mm&r=g","caption":"Benoit Charette"},"description":"Benoit Charette \/ Propri\u00e9taire et r\u00e9dacteur en chef Benoit Charette pratique le journalisme automobile depuis bient\u00f4t 30 ans. Il a fait ses classes au c\u00f4t\u00e9 de Daniel H\u00e9raud et au Carnet de route de 1992 \u00e0 2001. Il est fondateur, copropri\u00e9taire et r\u00e9dacteur en chef de L\u2019Annuel de l\u2019automobile, qu\u2019il publie depuis 2001. Il a anim\u00e9 les \u00e9missions RPM et RPM+ sur V et les L\u00e9gendes de la route sur Historia. \u00c0 la radio depuis 1986, il reprend l\u2019antenne cette ann\u00e9e sur les ondes de Cogeco et participe pour la deuxi\u00e8me ann\u00e9e \u00e0 l\u2019\u00e9mission Passion Auto sur RDS en plus de mettre en ligne le site Web officiel de L\u2019Annuel de l\u2019automobile sur annuelauto.ca.","sameAs":["https:\/\/annuelauto.ca\/"],"url":"https:\/\/news.canadamotorjobs.com\/fr\/author\/benoit-charette\/"}]}},"_links":{"self":[{"href":"https:\/\/news.canadamotorjobs.com\/fr\/wp-json\/wp\/v2\/posts\/183339"}],"collection":[{"href":"https:\/\/news.canadamotorjobs.com\/fr\/wp-json\/wp\/v2\/posts"}],"about":[{"href":"https:\/\/news.canadamotorjobs.com\/fr\/wp-json\/wp\/v2\/types\/post"}],"author":[{"embeddable":true,"href":"https:\/\/news.canadamotorjobs.com\/fr\/wp-json\/wp\/v2\/users\/8"}],"replies":[{"embeddable":true,"href":"https:\/\/news.canadamotorjobs.com\/fr\/wp-json\/wp\/v2\/comments?post=183339"}],"version-history":[{"count":3,"href":"https:\/\/news.canadamotorjobs.com\/fr\/wp-json\/wp\/v2\/posts\/183339\/revisions"}],"predecessor-version":[{"id":183370,"href":"https:\/\/news.canadamotorjobs.com\/fr\/wp-json\/wp\/v2\/posts\/183339\/revisions\/183370"}],"wp:featuredmedia":[{"embeddable":true,"href":"https:\/\/news.canadamotorjobs.com\/fr\/wp-json\/wp\/v2\/media\/183341"}],"wp:attachment":[{"href":"https:\/\/news.canadamotorjobs.com\/fr\/wp-json\/wp\/v2\/media?parent=183339"}],"wp:term":[{"taxonomy":"category","embeddable":true,"href":"https:\/\/news.canadamotorjobs.com\/fr\/wp-json\/wp\/v2\/categories?post=183339"},{"taxonomy":"post_tag","embeddable":true,"href":"https:\/\/news.canadamotorjobs.com\/fr\/wp-json\/wp\/v2\/tags?post=183339"}],"curies":[{"name":"wp","href":"https:\/\/api.w.org\/{rel}","templated":true}]}}