{"id":183275,"date":"2024-12-05T14:24:25","date_gmt":"2024-12-05T19:24:25","guid":{"rendered":"https:\/\/news.canadamotorjobs.com\/?p=183275"},"modified":"2024-12-05T14:29:51","modified_gmt":"2024-12-05T19:29:51","slug":"gm-se-departit-dune-de-ses-quatre-usines-de-batteries","status":"publish","type":"post","link":"https:\/\/news.canadamotorjobs.com\/fr\/gm-se-departit-dune-de-ses-quatre-usines-de-batteries\/","title":{"rendered":"GM se d\u00e9partit d\u2019une de ses quatre usines de batteries"},"content":{"rendered":"<\/p>\n<p>Lorsque la croissance des ventes de v\u00e9hicules \u00e9lectriques \u00e9tait \u00e0 son plus fort, et qu\u2019on anticipait que la courbe allait durer, plusieurs constructeurs, dont General Motors (GM) ont planifi\u00e9 en cons\u00e9quence. Avec le ralentissement de cette croissance anticip\u00e9e, certains revoient leurs plans \u00e0 la baisse.<\/p>\n<p>C\u2019est le cas chez GM o\u00f9 la compagnie estime qu\u2019elle n\u2019aura pas besoin des quatre usines de batteries qu\u2019elle croyait n\u00e9cessaires pour r\u00e9pondre \u00e0 la demande. Cons\u00e9quemment, elle a d\u00e9cid\u00e9 de vendre sa participation dans l\u2019une d\u2019entre elles, pr\u00e9cis\u00e9ment \u00e0 son partenaire de coentreprise, LG Energy Solution.<\/p>\n<p>Au d\u00e9but de 2024, GM avait une seule usine Ultium op\u00e9rationnelle, ouverte en septembre 2022. Cela explique pourquoi l\u2019arriv\u00e9e des mod\u00e8les \u00e9lectriques de la marque se faisait pratiquement au compte-gouttes. Une deuxi\u00e8me est entr\u00e9e en activit\u00e9 en mars dernier, et une troisi\u00e8me \u00e9tait pr\u00e9vue pour le faire bient\u00f4t. C\u2019est elle qui est \u00ab sacrifi\u00e9e \u00bb par la compagnie.<\/p>\n<p>L\u2019usine Ultium Cells, pr\u00e9sentement en construction pr\u00e8s de Lansing, au Michigan, sera donc d\u00e9tenue \u00e0 100 % par LG et fournira un constructeur autre que GM. Le g\u00e9ant am\u00e9ricain et LG avaient commenc\u00e9 \u00e0 construire l\u2019endroit en 2022 et pr\u00e9voyaient de l\u2019ouvrir dans les mois \u00e0 venir.<\/p>\n<p>GM a d\u00e9clar\u00e9 qu\u2019elle s\u2019attendait \u00e0 r\u00e9cup\u00e9rer enti\u00e8rement son investissement dans l\u2019usine \u00ab presque achev\u00e9e \u00bb, soit 2,6 milliards. Le plan est situ\u00e9 pr\u00e8s de l\u2019usine d\u2019assemblage Delta Township qui fabrique le Chevrolet Traverse et le Buick Enclave.<\/p>\n<p><\/p>\n<figure><img decoding=\"async\" src=\"https:\/\/news.canadamotorjobs.com\/wp-content\/uploads\/2024\/12\/2024-Silverado-EV-RST-041-5.jpg\" alt=\"Le Chevrolet Silverado EV\" \/><figcaption>Le Chevrolet Silverado EV | Auto123.com<\/figcaption><\/figure>\n<p>L\u2019investissement de GM s\u2019\u00e9l\u00e8ve jusqu\u2019\u00e0 pr\u00e9sent \u00e0 environ un milliard, a d\u00e9clar\u00e9 \u00e0 Automotive News (qui rapporte la nouvelle) une personne au fait du dossier.<\/p>\n<p>\u00ab La rentabilit\u00e9 de nos v\u00e9hicules \u00e9lectriques s\u2019am\u00e9liore rapidement, en partie gr\u00e2ce \u00e0 notre d\u00e9cision strat\u00e9gique de fabriquer des cellules de batterie aux \u00c9tats-Unis avec LG Energy Solution. Il faudra des ann\u00e9es avant que certains de nos concurrents n\u2019approchent ce niveau de performance \u00bb, a d\u00e9clar\u00e9 Paul Jacobson, le directeur financier de GM, via un communiqu\u00e9 partag\u00e9 le 2 d\u00e9cembre.<\/p>\n<p>Il a ajout\u00e9 ceci. \u00ab Nous pensons que nous disposons des cellules et des capacit\u00e9s de production ad\u00e9quates pour nous d\u00e9velopper avec le march\u00e9 des v\u00e9hicules \u00e9lectriques de mani\u00e8re efficace en fait de capital. Une fois achev\u00e9e, cette transaction aidera \u00e9galement LG Energy Solution \u00e0 r\u00e9pondre \u00e0 la demande en tirant parti d\u2019une capacit\u00e9 qui est presque pr\u00eate \u00e0 \u00eatre mise en service, et elle rendra GM encore plus efficace \u00bb.<\/p>\n<p>Une solution gagnant-gagnant, comme le dit l\u2019expression. C\u2019est du moins le cas consid\u00e9rant la situation actuelle.<\/p>\n<p>Il est \u00e0 noter que cette d\u00e9cision n\u2019affecte pas la participation de GM dans Ultium Cells ni son partenariat avec LG pour l\u2019exploitation d\u2019usines de batteries \u00e0 Warren, en Ohio, ainsi qu\u2019\u00e0 Spring Hill, au Tennessee. GM pr\u00e9voit \u00e9galement d\u2019ouvrir une usine de batteries \u00e0 New Carlisle, en Inde, avec Samsung SDI. C\u2019est elle qui \u00e9tait la quatri\u00e8me, et qui deviendra la troisi\u00e8me finalement.<\/p>\n<p>GM et LG ont \u00e9galement d\u00e9clar\u00e9 avoir \u00e9tendu leur partenariat au cod\u00e9veloppement de cellules de batteries prismatiques. Ces derni\u00e8res sont con\u00e7ues pour \u00eatre plus l\u00e9g\u00e8res et moins co\u00fbteuses que les cellules fabriqu\u00e9es en Ohio et au Tennessee.<\/p>\n<p><\/p>\n<figure><img decoding=\"async\" src=\"https:\/\/news.canadamotorjobs.com\/wp-content\/uploads\/2024\/12\/2024-cadillac-lyriq_3-1.jpg\" alt=\"Le Cadillac Lyriq\" \/><figcaption>Le Cadillac Lyriq | Auto123.com<\/figcaption><\/figure>\n<p style=\"padding-top: 15px\">Contenu original de <a href=\"https:\/\/www.auto123.com\/fr\/actualites\/gm-lg-usine-batteries-michigan\/72144\/\">auto123<\/a>.<\/p>\n<p>Le texte <a rel=\"nofollow\" href=\"https:\/\/annuelauto.ca\/gm-se-departit-dune-de-ses-quatre-usines-de-batteries\/\">GM se d\u00e9partit d\u2019une de ses quatre usines de batteries<\/a> provient de <a rel=\"nofollow\" href=\"https:\/\/annuelauto.ca\">L&#8217;annuel de l&#8217;automobile &#8211; Actualit\u00e9 automobile<\/a><\/p>\n<p><\/p>\n","protected":false},"excerpt":{"rendered":"<p>Lorsque la croissance des ventes de v\u00e9hicules \u00e9lectriques \u00e9tait \u00e0 son plus fort, et qu\u2019on anticipait que la courbe allait durer, plusieurs constructeurs, dont General Motors (GM) ont planifi\u00e9 en cons\u00e9quence. Avec le ralentissement de cette croissance anticip\u00e9e, certains revoient leurs plans \u00e0 la baisse. C\u2019est le cas chez GM o\u00f9 la compagnie estime qu\u2019elle [&hellip;]<\/p>\n","protected":false},"author":8,"featured_media":183277,"comment_status":"close","ping_status":"closed","sticky":false,"template":"","format":"standard","meta":{"_monsterinsights_skip_tracking":false,"_monsterinsights_sitenote_active":false,"_monsterinsights_sitenote_note":"","_monsterinsights_sitenote_category":0,"footnotes":""},"categories":[101],"tags":[],"yoast_head":"<!-- This site is optimized with the Yoast SEO plugin v23.2 - https:\/\/yoast.com\/wordpress\/plugins\/seo\/ -->\n<title>GM se d\u00e9partit d\u2019une de ses quatre usines de batteries - CanadaMotorJobs.com<\/title>\n<meta name=\"description\" content=\"GM se d\u00e9partit d\u2019une de ses quatre usines de batteries - Benoit Charette - Annuel automobile - CanadaMotorJobs.com.\" \/>\n<meta name=\"robots\" content=\"index, follow, max-snippet:-1, max-image-preview:large, max-video-preview:-1\" \/>\n<meta property=\"og:locale\" content=\"fr_CA\" \/>\n<meta property=\"og:type\" content=\"article\" \/>\n<meta property=\"og:title\" content=\"GM se d\u00e9partit d\u2019une de ses quatre usines de batteries - CanadaMotorJobs.com\" \/>\n<meta property=\"og:description\" content=\"GM se d\u00e9partit d\u2019une de ses quatre usines de batteries - Benoit Charette - Annuel automobile - CanadaMotorJobs.com.\" \/>\n<meta property=\"og:url\" content=\"https:\/\/news.canadamotorjobs.com\/fr\/gm-se-departit-dune-de-ses-quatre-usines-de-batteries\/\" \/>\n<meta property=\"og:site_name\" content=\"CanadaMotorJobs.com\" \/>\n<meta property=\"article:publisher\" content=\"https:\/\/www.facebook.com\/canadamotorjobs\/\" \/>\n<meta property=\"article:published_time\" content=\"2024-12-05T19:24:25+00:00\" \/>\n<meta property=\"article:modified_time\" content=\"2024-12-05T19:29:51+00:00\" \/>\n<meta property=\"og:image\" content=\"https:\/\/news.canadamotorjobs.com\/wp-content\/uploads\/2024\/12\/2024-Silverado-EV-RST-041.jpg\" \/>\n\t<meta property=\"og:image:width\" content=\"1200\" \/>\n\t<meta property=\"og:image:height\" content=\"800\" \/>\n\t<meta property=\"og:image:type\" content=\"image\/jpeg\" \/>\n<meta name=\"author\" content=\"Benoit Charette\" \/>\n<meta name=\"twitter:card\" content=\"summary_large_image\" \/>\n<meta name=\"twitter:creator\" content=\"@canadamotorjobs\" \/>\n<meta name=\"twitter:site\" content=\"@canadamotorjobs\" \/>\n<meta name=\"twitter:label1\" content=\"\u00c9crit par\" \/>\n\t<meta name=\"twitter:data1\" content=\"Benoit Charette\" \/>\n\t<meta name=\"twitter:label2\" content=\"Estimation du temps de lecture\" \/>\n\t<meta name=\"twitter:data2\" content=\"3 minutes\" \/>\n<!-- \/ Yoast SEO plugin. -->","yoast_head_json":{"title":"GM se d\u00e9partit d\u2019une de ses quatre usines de batteries - CanadaMotorJobs.com","description":"GM se d\u00e9partit d\u2019une de ses quatre usines de batteries - Benoit Charette - Annuel automobile - CanadaMotorJobs.com.","robots":{"index":"index","follow":"follow","max-snippet":"max-snippet:-1","max-image-preview":"max-image-preview:large","max-video-preview":"max-video-preview:-1"},"og_locale":"fr_CA","og_type":"article","og_title":"GM se d\u00e9partit d\u2019une de ses quatre usines de batteries - CanadaMotorJobs.com","og_description":"GM se d\u00e9partit d\u2019une de ses quatre usines de batteries - Benoit Charette - Annuel automobile - CanadaMotorJobs.com.","og_url":"https:\/\/news.canadamotorjobs.com\/fr\/gm-se-departit-dune-de-ses-quatre-usines-de-batteries\/","og_site_name":"CanadaMotorJobs.com","article_publisher":"https:\/\/www.facebook.com\/canadamotorjobs\/","article_published_time":"2024-12-05T19:24:25+00:00","article_modified_time":"2024-12-05T19:29:51+00:00","og_image":[{"width":1200,"height":800,"url":"https:\/\/news.canadamotorjobs.com\/wp-content\/uploads\/2024\/12\/2024-Silverado-EV-RST-041.jpg","type":"image\/jpeg"}],"author":"Benoit Charette","twitter_card":"summary_large_image","twitter_creator":"@canadamotorjobs","twitter_site":"@canadamotorjobs","twitter_misc":{"\u00c9crit par":"Benoit Charette","Estimation du temps de lecture":"3 minutes"},"schema":{"@context":"https:\/\/schema.org","@graph":[{"@type":"Article","@id":"https:\/\/news.canadamotorjobs.com\/fr\/gm-se-departit-dune-de-ses-quatre-usines-de-batteries\/#article","isPartOf":{"@id":"https:\/\/news.canadamotorjobs.com\/fr\/gm-se-departit-dune-de-ses-quatre-usines-de-batteries\/"},"author":{"name":"Benoit Charette","@id":"https:\/\/news.canadamotorjobs.com\/#\/schema\/person\/51793d1f87d44011d7bcc2ed99269a90"},"headline":"GM se d\u00e9partit d\u2019une de ses quatre usines de batteries","datePublished":"2024-12-05T19:24:25+00:00","dateModified":"2024-12-05T19:29:51+00:00","mainEntityOfPage":{"@id":"https:\/\/news.canadamotorjobs.com\/fr\/gm-se-departit-dune-de-ses-quatre-usines-de-batteries\/"},"wordCount":619,"publisher":{"@id":"https:\/\/news.canadamotorjobs.com\/#organization"},"image":{"@id":"https:\/\/news.canadamotorjobs.com\/fr\/gm-se-departit-dune-de-ses-quatre-usines-de-batteries\/#primaryimage"},"thumbnailUrl":"https:\/\/news.canadamotorjobs.com\/wp-content\/uploads\/2024\/12\/2024-Silverado-EV-RST-041.jpg","articleSection":["Annuel automobile"],"inLanguage":"fr-CA"},{"@type":"WebPage","@id":"https:\/\/news.canadamotorjobs.com\/fr\/gm-se-departit-dune-de-ses-quatre-usines-de-batteries\/","url":"https:\/\/news.canadamotorjobs.com\/fr\/gm-se-departit-dune-de-ses-quatre-usines-de-batteries\/","name":"GM se d\u00e9partit d\u2019une de ses quatre usines de batteries - CanadaMotorJobs.com","isPartOf":{"@id":"https:\/\/news.canadamotorjobs.com\/#website"},"primaryImageOfPage":{"@id":"https:\/\/news.canadamotorjobs.com\/fr\/gm-se-departit-dune-de-ses-quatre-usines-de-batteries\/#primaryimage"},"image":{"@id":"https:\/\/news.canadamotorjobs.com\/fr\/gm-se-departit-dune-de-ses-quatre-usines-de-batteries\/#primaryimage"},"thumbnailUrl":"https:\/\/news.canadamotorjobs.com\/wp-content\/uploads\/2024\/12\/2024-Silverado-EV-RST-041.jpg","datePublished":"2024-12-05T19:24:25+00:00","dateModified":"2024-12-05T19:29:51+00:00","description":"GM se d\u00e9partit d\u2019une de ses quatre usines de batteries - Benoit Charette - Annuel automobile - CanadaMotorJobs.com.","breadcrumb":{"@id":"https:\/\/news.canadamotorjobs.com\/fr\/gm-se-departit-dune-de-ses-quatre-usines-de-batteries\/#breadcrumb"},"inLanguage":"fr-CA","potentialAction":[{"@type":"ReadAction","target":["https:\/\/news.canadamotorjobs.com\/fr\/gm-se-departit-dune-de-ses-quatre-usines-de-batteries\/"]}]},{"@type":"ImageObject","inLanguage":"fr-CA","@id":"https:\/\/news.canadamotorjobs.com\/fr\/gm-se-departit-dune-de-ses-quatre-usines-de-batteries\/#primaryimage","url":"https:\/\/news.canadamotorjobs.com\/wp-content\/uploads\/2024\/12\/2024-Silverado-EV-RST-041.jpg","contentUrl":"https:\/\/news.canadamotorjobs.com\/wp-content\/uploads\/2024\/12\/2024-Silverado-EV-RST-041.jpg","width":1200,"height":800},{"@type":"BreadcrumbList","@id":"https:\/\/news.canadamotorjobs.com\/fr\/gm-se-departit-dune-de-ses-quatre-usines-de-batteries\/#breadcrumb","itemListElement":[{"@type":"ListItem","position":1,"name":"Home","item":"https:\/\/news.canadamotorjobs.com\/fr\/blog\/"},{"@type":"ListItem","position":2,"name":"GM se d\u00e9partit d\u2019une de ses quatre usines de batteries"}]},{"@type":"WebSite","@id":"https:\/\/news.canadamotorjobs.com\/#website","url":"https:\/\/news.canadamotorjobs.com\/","name":"CanadaMotorJobs.com","description":"Automotive Jobs","publisher":{"@id":"https:\/\/news.canadamotorjobs.com\/#organization"},"potentialAction":[{"@type":"SearchAction","target":{"@type":"EntryPoint","urlTemplate":"https:\/\/news.canadamotorjobs.com\/?s={search_term_string}"},"query-input":"required name=search_term_string"}],"inLanguage":"fr-CA"},{"@type":"Organization","@id":"https:\/\/news.canadamotorjobs.com\/#organization","name":"Canada Motor Jobs","url":"https:\/\/news.canadamotorjobs.com\/","logo":{"@type":"ImageObject","inLanguage":"fr-CA","@id":"https:\/\/news.canadamotorjobs.com\/#\/schema\/logo\/image\/","url":"https:\/\/news.canadamotorjobs.com\/wp-content\/uploads\/2022\/10\/logo-canada-motor-jobs-1.png","contentUrl":"https:\/\/news.canadamotorjobs.com\/wp-content\/uploads\/2022\/10\/logo-canada-motor-jobs-1.png","width":800,"height":400,"caption":"Canada Motor Jobs"},"image":{"@id":"https:\/\/news.canadamotorjobs.com\/#\/schema\/logo\/image\/"},"sameAs":["https:\/\/www.facebook.com\/canadamotorjobs\/","https:\/\/x.com\/canadamotorjobs","https:\/\/www.instagram.com\/canadamotorjobs\/","https:\/\/www.linkedin.com\/company\/canadamotorjobs"]},{"@type":"Person","@id":"https:\/\/news.canadamotorjobs.com\/#\/schema\/person\/51793d1f87d44011d7bcc2ed99269a90","name":"Benoit Charette","image":{"@type":"ImageObject","inLanguage":"fr-CA","@id":"https:\/\/news.canadamotorjobs.com\/#\/schema\/person\/image\/","url":"https:\/\/secure.gravatar.com\/avatar\/45f3d2eebcccd909668d7ce7ea7267b6?s=96&d=mm&r=g","contentUrl":"https:\/\/secure.gravatar.com\/avatar\/45f3d2eebcccd909668d7ce7ea7267b6?s=96&d=mm&r=g","caption":"Benoit Charette"},"description":"Benoit Charette \/ Propri\u00e9taire et r\u00e9dacteur en chef Benoit Charette pratique le journalisme automobile depuis bient\u00f4t 30 ans. Il a fait ses classes au c\u00f4t\u00e9 de Daniel H\u00e9raud et au Carnet de route de 1992 \u00e0 2001. Il est fondateur, copropri\u00e9taire et r\u00e9dacteur en chef de L\u2019Annuel de l\u2019automobile, qu\u2019il publie depuis 2001. Il a anim\u00e9 les \u00e9missions RPM et RPM+ sur V et les L\u00e9gendes de la route sur Historia. \u00c0 la radio depuis 1986, il reprend l\u2019antenne cette ann\u00e9e sur les ondes de Cogeco et participe pour la deuxi\u00e8me ann\u00e9e \u00e0 l\u2019\u00e9mission Passion Auto sur RDS en plus de mettre en ligne le site Web officiel de L\u2019Annuel de l\u2019automobile sur annuelauto.ca.","sameAs":["https:\/\/annuelauto.ca\/"],"url":"https:\/\/news.canadamotorjobs.com\/fr\/author\/benoit-charette\/"}]}},"_links":{"self":[{"href":"https:\/\/news.canadamotorjobs.com\/fr\/wp-json\/wp\/v2\/posts\/183275"}],"collection":[{"href":"https:\/\/news.canadamotorjobs.com\/fr\/wp-json\/wp\/v2\/posts"}],"about":[{"href":"https:\/\/news.canadamotorjobs.com\/fr\/wp-json\/wp\/v2\/types\/post"}],"author":[{"embeddable":true,"href":"https:\/\/news.canadamotorjobs.com\/fr\/wp-json\/wp\/v2\/users\/8"}],"replies":[{"embeddable":true,"href":"https:\/\/news.canadamotorjobs.com\/fr\/wp-json\/wp\/v2\/comments?post=183275"}],"version-history":[{"count":3,"href":"https:\/\/news.canadamotorjobs.com\/fr\/wp-json\/wp\/v2\/posts\/183275\/revisions"}],"predecessor-version":[{"id":183306,"href":"https:\/\/news.canadamotorjobs.com\/fr\/wp-json\/wp\/v2\/posts\/183275\/revisions\/183306"}],"wp:featuredmedia":[{"embeddable":true,"href":"https:\/\/news.canadamotorjobs.com\/fr\/wp-json\/wp\/v2\/media\/183277"}],"wp:attachment":[{"href":"https:\/\/news.canadamotorjobs.com\/fr\/wp-json\/wp\/v2\/media?parent=183275"}],"wp:term":[{"taxonomy":"category","embeddable":true,"href":"https:\/\/news.canadamotorjobs.com\/fr\/wp-json\/wp\/v2\/categories?post=183275"},{"taxonomy":"post_tag","embeddable":true,"href":"https:\/\/news.canadamotorjobs.com\/fr\/wp-json\/wp\/v2\/tags?post=183275"}],"curies":[{"name":"wp","href":"https:\/\/api.w.org\/{rel}","templated":true}]}}